{"id":68023,"date":"2022-02-08T19:38:55","date_gmt":"2022-02-08T19:38:55","guid":{"rendered":"http:\/\/www.noticiasradioreflejos.com.ar\/2021\/?p=68023"},"modified":"2022-02-08T19:47:39","modified_gmt":"2022-02-08T19:47:39","slug":"una-gran-fiesta-el-9-patio-cervecero-en-el-ano-del-centenario-de-la-soc-germanica-de-tornquist","status":"publish","type":"post","link":"https:\/\/www.noticiasradioreflejos.com.ar\/2021\/una-gran-fiesta-el-9-patio-cervecero-en-el-ano-del-centenario-de-la-soc-germanica-de-tornquist\/","title":{"rendered":"Una gran fiesta en la comarca: El 9\u00b0 Patio Cervecero en el a\u00f1o del Centenario de la Soc. Germ\u00e1nica de Tornquist"},"content":{"rendered":"<p>Este <strong>s\u00e1bado 12 de febrero<\/strong> tendr\u00e1 lugar el evento anual que convoca a cientos de turistas, vecinos e integrantes de la colectividad de todo el pa\u00eds.\u00a0 En esta nota realizada durante el Programa \u00abUn Mate y un caf\u00e9\u00bb, la Presidenta de la <strong>Sociedad Germ\u00e1nica de Tornquist<\/strong> describe como se inici\u00f3 y todas las expectativas que hay en el<strong> 9\u00b0 patio Cervecero de Tornquist<\/strong>, festividad que organiza la instituci\u00f3n centenaria de la comarca.<!--more--><\/p>\n<p><a title=\"WhatsApp Image 2022-02-03 at 19.45.16\" href=\"https:\/\/www.flickr.com\/photos\/182279889@N02\/51870286881\/in\/dateposted-public\/\" data-flickr-embed=\"true\"><img loading=\"lazy\" decoding=\"async\" src=\"https:\/\/live.staticflickr.com\/65535\/51870286881_b709ccb667_z.jpg\" alt=\"WhatsApp Image 2022-02-03 at 19.45.16\" width=\"640\" height=\"452\" \/><\/a><script async src=\"\/\/embedr.flickr.com\/assets\/client-code.js\" charset=\"utf-8\"><\/script><\/p>\n<p>\u00abEstoy muy orgullosa y honrada de poder ayudar a la sociedad germ\u00e1nica\u00bb expres\u00f3 Mercedes al comenzar la nota. Nos cont\u00f3 un poco c\u00f3mo fue el nacimiento del Patio Cervecero. \u00abFui una de las primeras en esa iniciativa y dio mucho resultado. A trav\u00e9s de los a\u00f1os tuvimos cada vez m\u00e1s suerte\u00bb.<\/p>\n<p><a title=\"Patio cervecero (1)\" href=\"https:\/\/www.flickr.com\/photos\/182279889@N02\/51870386568\/in\/dateposted-public\/\" data-flickr-embed=\"true\"><img loading=\"lazy\" decoding=\"async\" src=\"https:\/\/live.staticflickr.com\/65535\/51870386568_31990cca53_z.jpg\" alt=\"Patio cervecero (1)\" width=\"640\" height=\"360\" \/><\/a><script async src=\"\/\/embedr.flickr.com\/assets\/client-code.js\" charset=\"utf-8\"><\/script><\/p>\n<p>\u00abEste a\u00f1o es el centenario de la sociedad y eso significa un compromiso y una responsabilidad muy grande para poner en valor el edificio. Por eso estamos trabajando a 4 manos hace ya varios a\u00f1os para que el sal\u00f3n y todas las instalaciones est\u00e9n en \u00f3ptimas condiciones, respetando siempre la arquitectura original\u00bb hizo referencia Mercedes al trabajo que se est\u00e1 realizando en la sociedad germ\u00e1nica antes de cumplir los 100 a\u00f1os.<\/p>\n<p>Mercedes sostiene que todos los que pasaron por la germ\u00e1nica han respetado el esp\u00edritu de la sociedad y han cuidado de sus instalaciones con mucho esmero.<\/p>\n<p><a title=\"Soc. Germ\u00e1nica (1)\" href=\"https:\/\/www.flickr.com\/photos\/182279889@N02\/51870936850\/in\/dateposted-public\/\" data-flickr-embed=\"true\"><img loading=\"lazy\" decoding=\"async\" src=\"https:\/\/live.staticflickr.com\/65535\/51870936850_36888cdcbc_z.jpg\" alt=\"Soc. Germ\u00e1nica (1)\" width=\"640\" height=\"427\" \/><\/a><script async src=\"\/\/embedr.flickr.com\/assets\/client-code.js\" charset=\"utf-8\"><\/script><\/p>\n<p>La comarca tiene su fiesta de la Cerveza y es este s\u00e1bado 12 de Febrero 2022, desde las 19.hs con variedad de comidas t\u00edpicas y cervezas artesanales. Ameniza el <strong>GRUPO ASTRAL<\/strong> y tendremos la presencia del Ballet <strong>Alles Froh de Cnel. Suarez<\/strong> y el<strong> Speecher de la Cerveza<\/strong>,\u00a0 en la Sociedad Germ\u00e1nica de Tornquist Avenida Belgrano esquina Irigoyen<\/p>\n<p>El pr\u00f3ximo s\u00e1bado se realizar\u00e1 la festividad al aire libre. \u00abEn este caso va a venir un ballet de Cnel.. Su\u00e1rez con esos bailes t\u00edpicos que tanto gustan y con toda la buena onda, el colorido, la m\u00fasica y las ganas de moverse que ellos nos brindan\u00bb informa Mercedes. Adem\u00e1s, agreg\u00f3 que vendr\u00e1 gente de Bah\u00eda Blanca y de Buenos Aires para disfrutar de la fiesta.<\/p>\n<p>&nbsp;<\/p>\n<p>Nota completa a continuaci\u00f3n:<br \/>\n<iframe loading=\"lazy\" src=\"https:\/\/w.soundcloud.com\/player\/?url=https%3A\/\/api.soundcloud.com\/tracks\/1212140473&amp;color=%23ff5500&amp;auto_play=false&amp;hide_related=false&amp;show_comments=true&amp;show_user=true&amp;show_reposts=false&amp;show_teaser=true\" width=\"100%\" height=\"166\" frameborder=\"no\" scrolling=\"no\"><\/iframe><\/p>\n<div style=\"font-size: 10px; color: #cccccc; line-break: anywhere; word-break: normal; overflow: hidden; white-space: nowrap; text-overflow: ellipsis; font-family: Interstate,Lucida Grande,Lucida Sans Unicode,Lucida Sans,Garuda,Verdana,Tahoma,sans-serif; font-weight: 100;\"><a style=\"color: #cccccc; text-decoration: none;\" title=\"fmreflejos 103.7\" href=\"https:\/\/soundcloud.com\/fmreflejos-103-7\" target=\"_blank\" rel=\"noopener\">fmreflejos 103.7<\/a> \u00b7 <a style=\"color: #cccccc; text-decoration: none;\" title=\"MERCEDES M\u00dcLLER de STUHLDREHER\" href=\"https:\/\/soundcloud.com\/fmreflejos-103-7\/mercedes-studler\" target=\"_blank\" rel=\"noopener\">MERCEDES M\u00dcLLER de STUHLDREHER<\/a><\/div>\n<p><a title=\"Germ\u00e1nica\" href=\"https:\/\/www.flickr.com\/photos\/182279889@N02\/51870937780\/in\/dateposted-public\/\" data-flickr-embed=\"true\"><img loading=\"lazy\" decoding=\"async\" src=\"https:\/\/live.staticflickr.com\/65535\/51870937780_26c0b1f519_z.jpg\" alt=\"Germ\u00e1nica\" width=\"640\" height=\"480\" \/><\/a><script async src=\"\/\/embedr.flickr.com\/assets\/client-code.js\" charset=\"utf-8\"><\/script><\/p>\n<p><a title=\"Patio cervecero (2)\" href=\"https:\/\/www.flickr.com\/photos\/182279889@N02\/51870621909\/in\/dateposted-public\/\" data-flickr-embed=\"true\"><img loading=\"lazy\" decoding=\"async\" src=\"https:\/\/live.staticflickr.com\/65535\/51870621909_8d306658b4_z.jpg\" alt=\"Patio cervecero (2)\" width=\"640\" height=\"439\" \/><\/a><script async src=\"\/\/embedr.flickr.com\/assets\/client-code.js\" charset=\"utf-8\"><\/script><\/p>\n<p>&nbsp;<\/p>\n<p><strong>Fotos de Marcelo Alga\u00f1araz<\/strong><\/p>\n","protected":false},"excerpt":{"rendered":"<p>Este s\u00e1bado 12 de febrero tendr\u00e1 lugar el evento anual que convoca a cientos de turistas, vecinos e integrantes de la colectividad de todo el pa\u00eds.\u00a0 En esta nota realizada durante el Programa \u00abUn Mate y un caf\u00e9\u00bb, la Presidenta de la Sociedad Germ\u00e1nica de Tornquist describe como se inici\u00f3 y todas las expectativas que [&hellip;]<\/p>\n","protected":false},"author":3,"featured_media":0,"comment_status":"closed","ping_status":"closed","sticky":false,"template":"","format":"standard","meta":{"footnotes":""},"categories":[35,26,33],"tags":[48],"class_list":["post-68023","post","type-post","status-publish","format-standard","hentry","category-cultura","category-sociedad","category-turismo","tag-destacada"],"yoast_head":"<!-- This site is optimized with the Yoast SEO plugin v25.9 - https:\/\/yoast.com\/wordpress\/plugins\/seo\/ -->\n<title>Una gran fiesta en la comarca: El 9\u00b0 Patio Cervecero en el a\u00f1o del Centenario de la Soc. Germ\u00e1nica de Tornquist - Noticias Radio Reflejos<\/title>\n<meta name=\"robots\" content=\"index, follow, max-snippet:-1, max-image-preview:large, max-video-preview:-1\" \/>\n<link rel=\"canonical\" href=\"https:\/\/www.noticiasradioreflejos.com.ar\/2021\/una-gran-fiesta-el-9-patio-cervecero-en-el-ano-del-centenario-de-la-soc-germanica-de-tornquist\/\" \/>\n<meta property=\"og:locale\" content=\"es_ES\" \/>\n<meta property=\"og:type\" content=\"article\" \/>\n<meta property=\"og:title\" content=\"Una gran fiesta en la comarca: El 9\u00b0 Patio Cervecero en el a\u00f1o del Centenario de la Soc. Germ\u00e1nica de Tornquist - Noticias Radio Reflejos\" \/>\n<meta property=\"og:description\" content=\"Este s\u00e1bado 12 de febrero tendr\u00e1 lugar el evento anual que convoca a cientos de turistas, vecinos e integrantes de la colectividad de todo el pa\u00eds.\u00a0 En esta nota realizada durante el Programa \u00abUn Mate y un caf\u00e9\u00bb, la Presidenta de la Sociedad Germ\u00e1nica de Tornquist describe como se inici\u00f3 y todas las expectativas que [&hellip;]\" \/>\n<meta property=\"og:url\" content=\"https:\/\/www.noticiasradioreflejos.com.ar\/2021\/una-gran-fiesta-el-9-patio-cervecero-en-el-ano-del-centenario-de-la-soc-germanica-de-tornquist\/\" \/>\n<meta property=\"og:site_name\" content=\"Noticias Radio Reflejos\" \/>\n<meta property=\"article:published_time\" content=\"2022-02-08T19:38:55+00:00\" \/>\n<meta property=\"article:modified_time\" content=\"2022-02-08T19:47:39+00:00\" \/>\n<meta property=\"og:image\" content=\"https:\/\/live.staticflickr.com\/65535\/51870286881_b709ccb667_z.jpg\" \/>\n<meta name=\"author\" content=\"Arnaldo Botto\" \/>\n<meta name=\"twitter:card\" content=\"summary_large_image\" \/>\n<script type=\"application\/ld+json\" class=\"yoast-schema-graph\">{\"@context\":\"https:\/\/schema.org\",\"@graph\":[{\"@type\":\"WebPage\",\"@id\":\"https:\/\/www.noticiasradioreflejos.com.ar\/2021\/una-gran-fiesta-el-9-patio-cervecero-en-el-ano-del-centenario-de-la-soc-germanica-de-tornquist\/\",\"url\":\"https:\/\/www.noticiasradioreflejos.com.ar\/2021\/una-gran-fiesta-el-9-patio-cervecero-en-el-ano-del-centenario-de-la-soc-germanica-de-tornquist\/\",\"name\":\"Una gran fiesta en la comarca: El 9\u00b0 Patio Cervecero en el a\u00f1o del Centenario de la Soc. Germ\u00e1nica de Tornquist - Noticias Radio Reflejos\",\"isPartOf\":{\"@id\":\"https:\/\/www.noticiasradioreflejos.com.ar\/2021\/#website\"},\"primaryImageOfPage\":{\"@id\":\"https:\/\/www.noticiasradioreflejos.com.ar\/2021\/una-gran-fiesta-el-9-patio-cervecero-en-el-ano-del-centenario-de-la-soc-germanica-de-tornquist\/#primaryimage\"},\"image\":{\"@id\":\"https:\/\/www.noticiasradioreflejos.com.ar\/2021\/una-gran-fiesta-el-9-patio-cervecero-en-el-ano-del-centenario-de-la-soc-germanica-de-tornquist\/#primaryimage\"},\"thumbnailUrl\":\"https:\/\/live.staticflickr.com\/65535\/51870286881_b709ccb667_z.jpg\",\"datePublished\":\"2022-02-08T19:38:55+00:00\",\"dateModified\":\"2022-02-08T19:47:39+00:00\",\"author\":{\"@id\":\"https:\/\/www.noticiasradioreflejos.com.ar\/2021\/#\/schema\/person\/ad82545263dcc5ec0996818884fd5fb1\"},\"breadcrumb\":{\"@id\":\"https:\/\/www.noticiasradioreflejos.com.ar\/2021\/una-gran-fiesta-el-9-patio-cervecero-en-el-ano-del-centenario-de-la-soc-germanica-de-tornquist\/#breadcrumb\"},\"inLanguage\":\"es\",\"potentialAction\":[{\"@type\":\"ReadAction\",\"target\":[\"https:\/\/www.noticiasradioreflejos.com.ar\/2021\/una-gran-fiesta-el-9-patio-cervecero-en-el-ano-del-centenario-de-la-soc-germanica-de-tornquist\/\"]}]},{\"@type\":\"ImageObject\",\"inLanguage\":\"es\",\"@id\":\"https:\/\/www.noticiasradioreflejos.com.ar\/2021\/una-gran-fiesta-el-9-patio-cervecero-en-el-ano-del-centenario-de-la-soc-germanica-de-tornquist\/#primaryimage\",\"url\":\"https:\/\/live.staticflickr.com\/65535\/51870286881_b709ccb667_z.jpg\",\"contentUrl\":\"https:\/\/live.staticflickr.com\/65535\/51870286881_b709ccb667_z.jpg\"},{\"@type\":\"BreadcrumbList\",\"@id\":\"https:\/\/www.noticiasradioreflejos.com.ar\/2021\/una-gran-fiesta-el-9-patio-cervecero-en-el-ano-del-centenario-de-la-soc-germanica-de-tornquist\/#breadcrumb\",\"itemListElement\":[{\"@type\":\"ListItem\",\"position\":1,\"name\":\"Portada\",\"item\":\"https:\/\/www.noticiasradioreflejos.com.ar\/2021\/\"},{\"@type\":\"ListItem\",\"position\":2,\"name\":\"Una gran fiesta en la comarca: El 9\u00b0 Patio Cervecero en el a\u00f1o del Centenario de la Soc. Germ\u00e1nica de Tornquist\"}]},{\"@type\":\"WebSite\",\"@id\":\"https:\/\/www.noticiasradioreflejos.com.ar\/2021\/#website\",\"url\":\"https:\/\/www.noticiasradioreflejos.com.ar\/2021\/\",\"name\":\"Noticias Radio Reflejos\",\"description\":\"Las noticias de mi comarca\",\"potentialAction\":[{\"@type\":\"SearchAction\",\"target\":{\"@type\":\"EntryPoint\",\"urlTemplate\":\"https:\/\/www.noticiasradioreflejos.com.ar\/2021\/?s={search_term_string}\"},\"query-input\":{\"@type\":\"PropertyValueSpecification\",\"valueRequired\":true,\"valueName\":\"search_term_string\"}}],\"inLanguage\":\"es\"},{\"@type\":\"Person\",\"@id\":\"https:\/\/www.noticiasradioreflejos.com.ar\/2021\/#\/schema\/person\/ad82545263dcc5ec0996818884fd5fb1\",\"name\":\"Arnaldo Botto\",\"image\":{\"@type\":\"ImageObject\",\"inLanguage\":\"es\",\"@id\":\"https:\/\/www.noticiasradioreflejos.com.ar\/2021\/#\/schema\/person\/image\/\",\"url\":\"https:\/\/secure.gravatar.com\/avatar\/55cb5e37c1efa326397366e6974cb338056df65cb50e7d64d1cf314e87504837?s=96&d=mm&r=g\",\"contentUrl\":\"https:\/\/secure.gravatar.com\/avatar\/55cb5e37c1efa326397366e6974cb338056df65cb50e7d64d1cf314e87504837?s=96&d=mm&r=g\",\"caption\":\"Arnaldo Botto\"},\"url\":\"https:\/\/www.noticiasradioreflejos.com.ar\/2021\/author\/arnaldo\/\"}]}<\/script>\n<!-- \/ Yoast SEO plugin. -->","yoast_head_json":{"title":"Una gran fiesta en la comarca: El 9\u00b0 Patio Cervecero en el a\u00f1o del Centenario de la Soc. Germ\u00e1nica de Tornquist - Noticias Radio Reflejos","robots":{"index":"index","follow":"follow","max-snippet":"max-snippet:-1","max-image-preview":"max-image-preview:large","max-video-preview":"max-video-preview:-1"},"canonical":"https:\/\/www.noticiasradioreflejos.com.ar\/2021\/una-gran-fiesta-el-9-patio-cervecero-en-el-ano-del-centenario-de-la-soc-germanica-de-tornquist\/","og_locale":"es_ES","og_type":"article","og_title":"Una gran fiesta en la comarca: El 9\u00b0 Patio Cervecero en el a\u00f1o del Centenario de la Soc. Germ\u00e1nica de Tornquist - Noticias Radio Reflejos","og_description":"Este s\u00e1bado 12 de febrero tendr\u00e1 lugar el evento anual que convoca a cientos de turistas, vecinos e integrantes de la colectividad de todo el pa\u00eds.\u00a0 En esta nota realizada durante el Programa \u00abUn Mate y un caf\u00e9\u00bb, la Presidenta de la Sociedad Germ\u00e1nica de Tornquist describe como se inici\u00f3 y todas las expectativas que [&hellip;]","og_url":"https:\/\/www.noticiasradioreflejos.com.ar\/2021\/una-gran-fiesta-el-9-patio-cervecero-en-el-ano-del-centenario-de-la-soc-germanica-de-tornquist\/","og_site_name":"Noticias Radio Reflejos","article_published_time":"2022-02-08T19:38:55+00:00","article_modified_time":"2022-02-08T19:47:39+00:00","og_image":[{"url":"https:\/\/live.staticflickr.com\/65535\/51870286881_b709ccb667_z.jpg","type":"","width":"","height":""}],"author":"Arnaldo Botto","twitter_card":"summary_large_image","schema":{"@context":"https:\/\/schema.org","@graph":[{"@type":"WebPage","@id":"https:\/\/www.noticiasradioreflejos.com.ar\/2021\/una-gran-fiesta-el-9-patio-cervecero-en-el-ano-del-centenario-de-la-soc-germanica-de-tornquist\/","url":"https:\/\/www.noticiasradioreflejos.com.ar\/2021\/una-gran-fiesta-el-9-patio-cervecero-en-el-ano-del-centenario-de-la-soc-germanica-de-tornquist\/","name":"Una gran fiesta en la comarca: El 9\u00b0 Patio Cervecero en el a\u00f1o del Centenario de la Soc. Germ\u00e1nica de Tornquist - Noticias Radio Reflejos","isPartOf":{"@id":"https:\/\/www.noticiasradioreflejos.com.ar\/2021\/#website"},"primaryImageOfPage":{"@id":"https:\/\/www.noticiasradioreflejos.com.ar\/2021\/una-gran-fiesta-el-9-patio-cervecero-en-el-ano-del-centenario-de-la-soc-germanica-de-tornquist\/#primaryimage"},"image":{"@id":"https:\/\/www.noticiasradioreflejos.com.ar\/2021\/una-gran-fiesta-el-9-patio-cervecero-en-el-ano-del-centenario-de-la-soc-germanica-de-tornquist\/#primaryimage"},"thumbnailUrl":"https:\/\/live.staticflickr.com\/65535\/51870286881_b709ccb667_z.jpg","datePublished":"2022-02-08T19:38:55+00:00","dateModified":"2022-02-08T19:47:39+00:00","author":{"@id":"https:\/\/www.noticiasradioreflejos.com.ar\/2021\/#\/schema\/person\/ad82545263dcc5ec0996818884fd5fb1"},"breadcrumb":{"@id":"https:\/\/www.noticiasradioreflejos.com.ar\/2021\/una-gran-fiesta-el-9-patio-cervecero-en-el-ano-del-centenario-de-la-soc-germanica-de-tornquist\/#breadcrumb"},"inLanguage":"es","potentialAction":[{"@type":"ReadAction","target":["https:\/\/www.noticiasradioreflejos.com.ar\/2021\/una-gran-fiesta-el-9-patio-cervecero-en-el-ano-del-centenario-de-la-soc-germanica-de-tornquist\/"]}]},{"@type":"ImageObject","inLanguage":"es","@id":"https:\/\/www.noticiasradioreflejos.com.ar\/2021\/una-gran-fiesta-el-9-patio-cervecero-en-el-ano-del-centenario-de-la-soc-germanica-de-tornquist\/#primaryimage","url":"https:\/\/live.staticflickr.com\/65535\/51870286881_b709ccb667_z.jpg","contentUrl":"https:\/\/live.staticflickr.com\/65535\/51870286881_b709ccb667_z.jpg"},{"@type":"BreadcrumbList","@id":"https:\/\/www.noticiasradioreflejos.com.ar\/2021\/una-gran-fiesta-el-9-patio-cervecero-en-el-ano-del-centenario-de-la-soc-germanica-de-tornquist\/#breadcrumb","itemListElement":[{"@type":"ListItem","position":1,"name":"Portada","item":"https:\/\/www.noticiasradioreflejos.com.ar\/2021\/"},{"@type":"ListItem","position":2,"name":"Una gran fiesta en la comarca: El 9\u00b0 Patio Cervecero en el a\u00f1o del Centenario de la Soc. Germ\u00e1nica de Tornquist"}]},{"@type":"WebSite","@id":"https:\/\/www.noticiasradioreflejos.com.ar\/2021\/#website","url":"https:\/\/www.noticiasradioreflejos.com.ar\/2021\/","name":"Noticias Radio Reflejos","description":"Las noticias de mi comarca","potentialAction":[{"@type":"SearchAction","target":{"@type":"EntryPoint","urlTemplate":"https:\/\/www.noticiasradioreflejos.com.ar\/2021\/?s={search_term_string}"},"query-input":{"@type":"PropertyValueSpecification","valueRequired":true,"valueName":"search_term_string"}}],"inLanguage":"es"},{"@type":"Person","@id":"https:\/\/www.noticiasradioreflejos.com.ar\/2021\/#\/schema\/person\/ad82545263dcc5ec0996818884fd5fb1","name":"Arnaldo Botto","image":{"@type":"ImageObject","inLanguage":"es","@id":"https:\/\/www.noticiasradioreflejos.com.ar\/2021\/#\/schema\/person\/image\/","url":"https:\/\/secure.gravatar.com\/avatar\/55cb5e37c1efa326397366e6974cb338056df65cb50e7d64d1cf314e87504837?s=96&d=mm&r=g","contentUrl":"https:\/\/secure.gravatar.com\/avatar\/55cb5e37c1efa326397366e6974cb338056df65cb50e7d64d1cf314e87504837?s=96&d=mm&r=g","caption":"Arnaldo Botto"},"url":"https:\/\/www.noticiasradioreflejos.com.ar\/2021\/author\/arnaldo\/"}]}},"_links":{"self":[{"href":"https:\/\/www.noticiasradioreflejos.com.ar\/2021\/wp-json\/wp\/v2\/posts\/68023","targetHints":{"allow":["GET"]}}],"collection":[{"href":"https:\/\/www.noticiasradioreflejos.com.ar\/2021\/wp-json\/wp\/v2\/posts"}],"about":[{"href":"https:\/\/www.noticiasradioreflejos.com.ar\/2021\/wp-json\/wp\/v2\/types\/post"}],"author":[{"embeddable":true,"href":"https:\/\/www.noticiasradioreflejos.com.ar\/2021\/wp-json\/wp\/v2\/users\/3"}],"replies":[{"embeddable":true,"href":"https:\/\/www.noticiasradioreflejos.com.ar\/2021\/wp-json\/wp\/v2\/comments?post=68023"}],"version-history":[{"count":5,"href":"https:\/\/www.noticiasradioreflejos.com.ar\/2021\/wp-json\/wp\/v2\/posts\/68023\/revisions"}],"predecessor-version":[{"id":68034,"href":"https:\/\/www.noticiasradioreflejos.com.ar\/2021\/wp-json\/wp\/v2\/posts\/68023\/revisions\/68034"}],"wp:attachment":[{"href":"https:\/\/www.noticiasradioreflejos.com.ar\/2021\/wp-json\/wp\/v2\/media?parent=68023"}],"wp:term":[{"taxonomy":"category","embeddable":true,"href":"https:\/\/www.noticiasradioreflejos.com.ar\/2021\/wp-json\/wp\/v2\/categories?post=68023"},{"taxonomy":"post_tag","embeddable":true,"href":"https:\/\/www.noticiasradioreflejos.com.ar\/2021\/wp-json\/wp\/v2\/tags?post=68023"}],"curies":[{"name":"wp","href":"https:\/\/api.w.org\/{rel}","templated":true}]}}