{"id":68020,"date":"2022-02-08T15:31:56","date_gmt":"2022-02-08T15:31:56","guid":{"rendered":"http:\/\/www.noticiasradioreflejos.com.ar\/2021\/?p=68020"},"modified":"2022-02-08T15:31:56","modified_gmt":"2022-02-08T15:31:56","slug":"marina-castillo-llega-a-tornquist-para-presentar-su-unipersonal-feita-y-brindar-un-seminario","status":"publish","type":"post","link":"https:\/\/www.noticiasradioreflejos.com.ar\/2021\/marina-castillo-llega-a-tornquist-para-presentar-su-unipersonal-feita-y-brindar-un-seminario\/","title":{"rendered":"Marina Castillo llega a Tornquist para presentar su unipersonal \u2018Feita\u2019 y brindar un seminario"},"content":{"rendered":"<p>La semana pr\u00f3xima llegar\u00e1 a Tornquist la reconocida actriz Marina Castillo, para presentar un show y brindar un seminario.<!--more--><\/p>\n<p>El viernes 18 en el Teatro Municipal \u2018Rodolfo Funke\u2019, la artista que form\u00f3 parte del programa Peligro Sin Codificar entre 2013 y 2019 y de la novela \u2018Educando a Nina\u2019 (2016), entre otros \u00e9xitos televisivos, se presentar\u00e1 con su unipersonal \u2018Feita\u2019, una aventura en la que despliega sus dotes actorales interpretando a regios personajes.<\/p>\n<p>La obra comenzar\u00e1 a las 20.30 hs y la entrada ser\u00e1 libre y gratuita, por orden de llegada hasta llenar la sala.<\/p>\n<p>En tanto, el s\u00e1bado 19 junto a Florencia Llamas, la tambi\u00e9n ex actriz de la tira de Telefe \u2018Fany La Fan\u2019 brindar\u00e1 el Seminario Intensivo \u2018Laboratorio de comicidad\u2019, destinado a aquellas personas que tengan el deseo de explorar y conocer a fondo el lenguaje de la comicidad.<\/p>\n<p>La actividad ser\u00e1 sin costo, comenzar\u00e1 a las 10 y tendr\u00e1 una duraci\u00f3n de 5 horas, con dos intervalos. Las inscripciones se realizan de lunes a viernes de 9 a 13 en el teatro, o comunic\u00e1ndose al (0291) 4940800.<\/p>\n","protected":false},"excerpt":{"rendered":"<p>La semana pr\u00f3xima llegar\u00e1 a Tornquist la reconocida actriz Marina Castillo, para presentar un show y brindar un seminario.<\/p>\n","protected":false},"author":3,"featured_media":0,"comment_status":"closed","ping_status":"closed","sticky":false,"template":"","format":"standard","meta":{"footnotes":""},"categories":[35,28],"tags":[],"class_list":["post-68020","post","type-post","status-publish","format-standard","hentry","category-cultura","category-municipales"],"yoast_head":"<!-- This site is optimized with the Yoast SEO plugin v25.9 - https:\/\/yoast.com\/wordpress\/plugins\/seo\/ -->\n<title>Marina Castillo llega a Tornquist para presentar su unipersonal \u2018Feita\u2019 y brindar un seminario - Noticias Radio Reflejos<\/title>\n<meta name=\"robots\" content=\"index, follow, max-snippet:-1, max-image-preview:large, max-video-preview:-1\" \/>\n<link rel=\"canonical\" href=\"https:\/\/www.noticiasradioreflejos.com.ar\/2021\/marina-castillo-llega-a-tornquist-para-presentar-su-unipersonal-feita-y-brindar-un-seminario\/\" \/>\n<meta property=\"og:locale\" content=\"es_ES\" \/>\n<meta property=\"og:type\" content=\"article\" \/>\n<meta property=\"og:title\" content=\"Marina Castillo llega a Tornquist para presentar su unipersonal \u2018Feita\u2019 y brindar un seminario - Noticias Radio Reflejos\" \/>\n<meta property=\"og:description\" content=\"La semana pr\u00f3xima llegar\u00e1 a Tornquist la reconocida actriz Marina Castillo, para presentar un show y brindar un seminario.\" \/>\n<meta property=\"og:url\" content=\"https:\/\/www.noticiasradioreflejos.com.ar\/2021\/marina-castillo-llega-a-tornquist-para-presentar-su-unipersonal-feita-y-brindar-un-seminario\/\" \/>\n<meta property=\"og:site_name\" content=\"Noticias Radio Reflejos\" \/>\n<meta property=\"article:published_time\" content=\"2022-02-08T15:31:56+00:00\" \/>\n<meta property=\"og:image\" content=\"https:\/\/www.noticiasradioreflejos.com.ar\/2021\/wp-content\/uploads\/2021\/07\/logosol300x200.png\" \/>\n\t<meta property=\"og:image:width\" content=\"300\" \/>\n\t<meta property=\"og:image:height\" content=\"200\" \/>\n\t<meta property=\"og:image:type\" content=\"image\/png\" \/>\n<meta name=\"author\" content=\"Arnaldo Botto\" \/>\n<meta name=\"twitter:card\" content=\"summary_large_image\" \/>\n<script type=\"application\/ld+json\" class=\"yoast-schema-graph\">{\"@context\":\"https:\/\/schema.org\",\"@graph\":[{\"@type\":\"WebPage\",\"@id\":\"https:\/\/www.noticiasradioreflejos.com.ar\/2021\/marina-castillo-llega-a-tornquist-para-presentar-su-unipersonal-feita-y-brindar-un-seminario\/\",\"url\":\"https:\/\/www.noticiasradioreflejos.com.ar\/2021\/marina-castillo-llega-a-tornquist-para-presentar-su-unipersonal-feita-y-brindar-un-seminario\/\",\"name\":\"Marina Castillo llega a Tornquist para presentar su unipersonal \u2018Feita\u2019 y brindar un seminario - Noticias Radio Reflejos\",\"isPartOf\":{\"@id\":\"https:\/\/www.noticiasradioreflejos.com.ar\/2021\/#website\"},\"datePublished\":\"2022-02-08T15:31:56+00:00\",\"author\":{\"@id\":\"https:\/\/www.noticiasradioreflejos.com.ar\/2021\/#\/schema\/person\/ad82545263dcc5ec0996818884fd5fb1\"},\"breadcrumb\":{\"@id\":\"https:\/\/www.noticiasradioreflejos.com.ar\/2021\/marina-castillo-llega-a-tornquist-para-presentar-su-unipersonal-feita-y-brindar-un-seminario\/#breadcrumb\"},\"inLanguage\":\"es\",\"potentialAction\":[{\"@type\":\"ReadAction\",\"target\":[\"https:\/\/www.noticiasradioreflejos.com.ar\/2021\/marina-castillo-llega-a-tornquist-para-presentar-su-unipersonal-feita-y-brindar-un-seminario\/\"]}]},{\"@type\":\"BreadcrumbList\",\"@id\":\"https:\/\/www.noticiasradioreflejos.com.ar\/2021\/marina-castillo-llega-a-tornquist-para-presentar-su-unipersonal-feita-y-brindar-un-seminario\/#breadcrumb\",\"itemListElement\":[{\"@type\":\"ListItem\",\"position\":1,\"name\":\"Portada\",\"item\":\"https:\/\/www.noticiasradioreflejos.com.ar\/2021\/\"},{\"@type\":\"ListItem\",\"position\":2,\"name\":\"Marina Castillo llega a Tornquist para presentar su unipersonal \u2018Feita\u2019 y brindar un seminario\"}]},{\"@type\":\"WebSite\",\"@id\":\"https:\/\/www.noticiasradioreflejos.com.ar\/2021\/#website\",\"url\":\"https:\/\/www.noticiasradioreflejos.com.ar\/2021\/\",\"name\":\"Noticias Radio Reflejos\",\"description\":\"Las noticias de mi comarca\",\"potentialAction\":[{\"@type\":\"SearchAction\",\"target\":{\"@type\":\"EntryPoint\",\"urlTemplate\":\"https:\/\/www.noticiasradioreflejos.com.ar\/2021\/?s={search_term_string}\"},\"query-input\":{\"@type\":\"PropertyValueSpecification\",\"valueRequired\":true,\"valueName\":\"search_term_string\"}}],\"inLanguage\":\"es\"},{\"@type\":\"Person\",\"@id\":\"https:\/\/www.noticiasradioreflejos.com.ar\/2021\/#\/schema\/person\/ad82545263dcc5ec0996818884fd5fb1\",\"name\":\"Arnaldo Botto\",\"image\":{\"@type\":\"ImageObject\",\"inLanguage\":\"es\",\"@id\":\"https:\/\/www.noticiasradioreflejos.com.ar\/2021\/#\/schema\/person\/image\/\",\"url\":\"https:\/\/secure.gravatar.com\/avatar\/55cb5e37c1efa326397366e6974cb338056df65cb50e7d64d1cf314e87504837?s=96&d=mm&r=g\",\"contentUrl\":\"https:\/\/secure.gravatar.com\/avatar\/55cb5e37c1efa326397366e6974cb338056df65cb50e7d64d1cf314e87504837?s=96&d=mm&r=g\",\"caption\":\"Arnaldo Botto\"},\"url\":\"https:\/\/www.noticiasradioreflejos.com.ar\/2021\/author\/arnaldo\/\"}]}<\/script>\n<!-- \/ Yoast SEO plugin. -->","yoast_head_json":{"title":"Marina Castillo llega a Tornquist para presentar su unipersonal \u2018Feita\u2019 y brindar un seminario - Noticias Radio Reflejos","robots":{"index":"index","follow":"follow","max-snippet":"max-snippet:-1","max-image-preview":"max-image-preview:large","max-video-preview":"max-video-preview:-1"},"canonical":"https:\/\/www.noticiasradioreflejos.com.ar\/2021\/marina-castillo-llega-a-tornquist-para-presentar-su-unipersonal-feita-y-brindar-un-seminario\/","og_locale":"es_ES","og_type":"article","og_title":"Marina Castillo llega a Tornquist para presentar su unipersonal \u2018Feita\u2019 y brindar un seminario - Noticias Radio Reflejos","og_description":"La semana pr\u00f3xima llegar\u00e1 a Tornquist la reconocida actriz Marina Castillo, para presentar un show y brindar un seminario.","og_url":"https:\/\/www.noticiasradioreflejos.com.ar\/2021\/marina-castillo-llega-a-tornquist-para-presentar-su-unipersonal-feita-y-brindar-un-seminario\/","og_site_name":"Noticias Radio Reflejos","article_published_time":"2022-02-08T15:31:56+00:00","og_image":[{"width":300,"height":200,"url":"https:\/\/www.noticiasradioreflejos.com.ar\/2021\/wp-content\/uploads\/2021\/07\/logosol300x200.png","type":"image\/png"}],"author":"Arnaldo Botto","twitter_card":"summary_large_image","schema":{"@context":"https:\/\/schema.org","@graph":[{"@type":"WebPage","@id":"https:\/\/www.noticiasradioreflejos.com.ar\/2021\/marina-castillo-llega-a-tornquist-para-presentar-su-unipersonal-feita-y-brindar-un-seminario\/","url":"https:\/\/www.noticiasradioreflejos.com.ar\/2021\/marina-castillo-llega-a-tornquist-para-presentar-su-unipersonal-feita-y-brindar-un-seminario\/","name":"Marina Castillo llega a Tornquist para presentar su unipersonal \u2018Feita\u2019 y brindar un seminario - Noticias Radio Reflejos","isPartOf":{"@id":"https:\/\/www.noticiasradioreflejos.com.ar\/2021\/#website"},"datePublished":"2022-02-08T15:31:56+00:00","author":{"@id":"https:\/\/www.noticiasradioreflejos.com.ar\/2021\/#\/schema\/person\/ad82545263dcc5ec0996818884fd5fb1"},"breadcrumb":{"@id":"https:\/\/www.noticiasradioreflejos.com.ar\/2021\/marina-castillo-llega-a-tornquist-para-presentar-su-unipersonal-feita-y-brindar-un-seminario\/#breadcrumb"},"inLanguage":"es","potentialAction":[{"@type":"ReadAction","target":["https:\/\/www.noticiasradioreflejos.com.ar\/2021\/marina-castillo-llega-a-tornquist-para-presentar-su-unipersonal-feita-y-brindar-un-seminario\/"]}]},{"@type":"BreadcrumbList","@id":"https:\/\/www.noticiasradioreflejos.com.ar\/2021\/marina-castillo-llega-a-tornquist-para-presentar-su-unipersonal-feita-y-brindar-un-seminario\/#breadcrumb","itemListElement":[{"@type":"ListItem","position":1,"name":"Portada","item":"https:\/\/www.noticiasradioreflejos.com.ar\/2021\/"},{"@type":"ListItem","position":2,"name":"Marina Castillo llega a Tornquist para presentar su unipersonal \u2018Feita\u2019 y brindar un seminario"}]},{"@type":"WebSite","@id":"https:\/\/www.noticiasradioreflejos.com.ar\/2021\/#website","url":"https:\/\/www.noticiasradioreflejos.com.ar\/2021\/","name":"Noticias Radio Reflejos","description":"Las noticias de mi comarca","potentialAction":[{"@type":"SearchAction","target":{"@type":"EntryPoint","urlTemplate":"https:\/\/www.noticiasradioreflejos.com.ar\/2021\/?s={search_term_string}"},"query-input":{"@type":"PropertyValueSpecification","valueRequired":true,"valueName":"search_term_string"}}],"inLanguage":"es"},{"@type":"Person","@id":"https:\/\/www.noticiasradioreflejos.com.ar\/2021\/#\/schema\/person\/ad82545263dcc5ec0996818884fd5fb1","name":"Arnaldo Botto","image":{"@type":"ImageObject","inLanguage":"es","@id":"https:\/\/www.noticiasradioreflejos.com.ar\/2021\/#\/schema\/person\/image\/","url":"https:\/\/secure.gravatar.com\/avatar\/55cb5e37c1efa326397366e6974cb338056df65cb50e7d64d1cf314e87504837?s=96&d=mm&r=g","contentUrl":"https:\/\/secure.gravatar.com\/avatar\/55cb5e37c1efa326397366e6974cb338056df65cb50e7d64d1cf314e87504837?s=96&d=mm&r=g","caption":"Arnaldo Botto"},"url":"https:\/\/www.noticiasradioreflejos.com.ar\/2021\/author\/arnaldo\/"}]}},"_links":{"self":[{"href":"https:\/\/www.noticiasradioreflejos.com.ar\/2021\/wp-json\/wp\/v2\/posts\/68020","targetHints":{"allow":["GET"]}}],"collection":[{"href":"https:\/\/www.noticiasradioreflejos.com.ar\/2021\/wp-json\/wp\/v2\/posts"}],"about":[{"href":"https:\/\/www.noticiasradioreflejos.com.ar\/2021\/wp-json\/wp\/v2\/types\/post"}],"author":[{"embeddable":true,"href":"https:\/\/www.noticiasradioreflejos.com.ar\/2021\/wp-json\/wp\/v2\/users\/3"}],"replies":[{"embeddable":true,"href":"https:\/\/www.noticiasradioreflejos.com.ar\/2021\/wp-json\/wp\/v2\/comments?post=68020"}],"version-history":[{"count":1,"href":"https:\/\/www.noticiasradioreflejos.com.ar\/2021\/wp-json\/wp\/v2\/posts\/68020\/revisions"}],"predecessor-version":[{"id":68022,"href":"https:\/\/www.noticiasradioreflejos.com.ar\/2021\/wp-json\/wp\/v2\/posts\/68020\/revisions\/68022"}],"wp:attachment":[{"href":"https:\/\/www.noticiasradioreflejos.com.ar\/2021\/wp-json\/wp\/v2\/media?parent=68020"}],"wp:term":[{"taxonomy":"category","embeddable":true,"href":"https:\/\/www.noticiasradioreflejos.com.ar\/2021\/wp-json\/wp\/v2\/categories?post=68020"},{"taxonomy":"post_tag","embeddable":true,"href":"https:\/\/www.noticiasradioreflejos.com.ar\/2021\/wp-json\/wp\/v2\/tags?post=68020"}],"curies":[{"name":"wp","href":"https:\/\/api.w.org\/{rel}","templated":true}]}}