{"id":68014,"date":"2022-02-08T10:41:57","date_gmt":"2022-02-08T10:41:57","guid":{"rendered":"http:\/\/www.noticiasradioreflejos.com.ar\/2021\/?p=68014"},"modified":"2022-02-08T10:41:57","modified_gmt":"2022-02-08T10:41:57","slug":"celebraron-el-avistaje-de-dos-pichones-de-aguila-coronada-un-ave-en-peligro-de-extincion","status":"publish","type":"post","link":"https:\/\/www.noticiasradioreflejos.com.ar\/2021\/celebraron-el-avistaje-de-dos-pichones-de-aguila-coronada-un-ave-en-peligro-de-extincion\/","title":{"rendered":"Celebraron el avistaje de dos pichones de \u00e1guila coronada, un ave en peligro de extinci\u00f3n"},"content":{"rendered":"<p>El primer avistaje fue en un nido localizado en la Reserva de Biosfera \u00d1acu\u00f1an y el segundo fue detectado por trabajadores de una empresa distribuidora de electricidad en el departamento de La Paz. La especie se encuentra con una poblaci\u00f3n global que se estima en menos de mil ejemplares adultos.<!--more--><img decoding=\"async\" src=\"https:\/\/www.telam.com.ar\/thumbs\/bluesteel\/advf\/imagenes\/2022\/02\/6201b860c0892_900.jpg\" alt=\"Los avistajes fueron en los departamentos de Santa Rosa y La Paz\" width=\"100%\" height=\"100%\" \/><\/p>\n<div class=\"media-icons\"><\/div>\n<p>Los avistajes fueron en los departamentos de Santa Rosa y La Paz.<\/p>\n<p>La Secretar\u00eda de Ambiente y Ordenamiento Territorial de\u00a0<strong>Mendoza\u00a0<\/strong>inform\u00f3 este lunes acerca del avistaje de\u00a0<strong>dos pichones de \u00e1guila coronada<\/strong>\u00a0(Buteogallus coronatus), una especie en peligro de extinci\u00f3n, en los departamentos de Santa Rosa y La Paz, en el este de la provincia.<\/p>\n<p>Seg\u00fan se detall\u00f3 en un comunicado, personal de Guardaparques de la Red de \u00c1reas Naturales Protegidas de Mendoza dio aviso del avistaje de un pich\u00f3n en un nido localizado en la\u00a0<strong>Reserva de Biosfera \u00d1acu\u00f1an<\/strong>, del departamento mendocino de Santa Rosa.<\/p>\n<p>\u00abPodemos dar esta excelente noticia ambiental que seguramente no es un hecho fortuito sino que es el resultado de un trabajo colaborativo mantenido en el tiempo. El cuerpo de Guardaparques de \u00d1acu\u00f1\u00e1n viene desarrollando sistem\u00e1ticamente, junto a grupos de investigaci\u00f3n y conservaci\u00f3n y personal de Fauna Silvestre, un exhaustivo monitoreo de la poblaci\u00f3n de la especie en la regi\u00f3n y de la reserva\u00bb, manifest\u00f3 el director de Recursos Naturales, Sebasti\u00e1n Melchor.<\/p>\n<p>Las actividades de monitoreo comprenden el relevamiento de los territorios detectados, el comportamiento reproductivo, los h\u00e1bitos de alimentaci\u00f3n y el seguimiento de los sitios de nidificaci\u00f3n.<\/p>\n<p>Es as\u00ed como, durante el seguimiento habitual de estos sitios, fue registrado el primer pich\u00f3n de la temporada, se inform\u00f3.<\/p>\n<p>El Departamento de Fauna Silvestre dio aviso al Centro para el Estudio y Conservaci\u00f3n de las Aves Rapaces en Argentina (Cecara), dependiente de la Universidad Nacional de La Pampa que, en compa\u00f1\u00eda de personal de guardaparques, la ONG SOS Acci\u00f3n Salvaje y Fauna Silvestre realizaron el anillado y la toma de muestras del pich\u00f3n, se detall\u00f3 en un comunicado.<\/p>\n<p>En tanto, el segundo avistaje, en el marco de estas acciones de conservaci\u00f3n con la especie, fue detectado por trabajadores de la Empresa Distribuidora de Electricidad del Este SA de San Mart\u00edn (Subdelegaci\u00f3n del Departamento de La Paz), que d\u00edas atr\u00e1s estaban realizando tareas de mantenimiento, y observaron una estructura que reconocieron como un nido de \u00e1guila coronada en la copa de un algarrobo, identificando tambi\u00e9n a la pareja y su pich\u00f3n.<\/p>\n<p>Ante este hallazgo, dieron aviso inmediato a la Subdelegaci\u00f3n de Recursos Naturales del Departamento de La Paz; personal del \u00e1rea se contact\u00f3 con los propietarios del campo d\u00f3nde se localiza el nido y, con las autorizaciones correspondientes, se organiz\u00f3 al equipo de trabajo conformado por el Cecara, SOS Acci\u00f3n Salvaje, guardaparques, operarios de Edeste SA, Aves Argentinas y Fauna Silvestre.<\/p>\n<p>Los trabajos en el nido y con el pich\u00f3n fueron liderados por el equipo del Cecara y se le coloc\u00f3 el anillo identificatorio, se tomaron muestras y se instal\u00f3 una c\u00e1mara trampa.<\/p>\n<p>Con esta t\u00e9cnica, a trav\u00e9s de fotos, se podr\u00e1n conocer los h\u00e1bitos de alimentaci\u00f3n y el momento de emancipaci\u00f3n del nido, entre otra informaci\u00f3n de inter\u00e9s de la especie.<\/p>\n<p>Seg\u00fan indicaron desde la cartera ambiental mendocina, e<strong>l \u00e1guila coronada se encuentra en peligro de extinci\u00f3n en toda su \u00e1rea de distribuci\u00f3n, con una poblaci\u00f3n global que se estima en menos de mil ejemplares adultos y tendencias poblacionales decrecientes<\/strong>.<\/p>\n","protected":false},"excerpt":{"rendered":"<p>El primer avistaje fue en un nido localizado en la Reserva de Biosfera \u00d1acu\u00f1an y el segundo fue detectado por trabajadores de una empresa distribuidora de electricidad en el departamento de La Paz. La especie se encuentra con una poblaci\u00f3n global que se estima en menos de mil ejemplares adultos.<\/p>\n","protected":false},"author":3,"featured_media":0,"comment_status":"closed","ping_status":"closed","sticky":false,"template":"","format":"standard","meta":{"footnotes":""},"categories":[46,26],"tags":[],"class_list":["post-68014","post","type-post","status-publish","format-standard","hentry","category-ciencia-y-tecnologia","category-sociedad"],"yoast_head":"<!-- This site is optimized with the Yoast SEO plugin v25.9 - https:\/\/yoast.com\/wordpress\/plugins\/seo\/ -->\n<title>Celebraron el avistaje de dos pichones de \u00e1guila coronada, un ave en peligro de extinci\u00f3n - Noticias Radio Reflejos<\/title>\n<meta name=\"robots\" content=\"index, follow, max-snippet:-1, max-image-preview:large, max-video-preview:-1\" \/>\n<link rel=\"canonical\" href=\"https:\/\/www.noticiasradioreflejos.com.ar\/2021\/celebraron-el-avistaje-de-dos-pichones-de-aguila-coronada-un-ave-en-peligro-de-extincion\/\" \/>\n<meta property=\"og:locale\" content=\"es_ES\" \/>\n<meta property=\"og:type\" content=\"article\" \/>\n<meta property=\"og:title\" content=\"Celebraron el avistaje de dos pichones de \u00e1guila coronada, un ave en peligro de extinci\u00f3n - Noticias Radio Reflejos\" \/>\n<meta property=\"og:description\" content=\"El primer avistaje fue en un nido localizado en la Reserva de Biosfera \u00d1acu\u00f1an y el segundo fue detectado por trabajadores de una empresa distribuidora de electricidad en el departamento de La Paz. La especie se encuentra con una poblaci\u00f3n global que se estima en menos de mil ejemplares adultos.\" \/>\n<meta property=\"og:url\" content=\"https:\/\/www.noticiasradioreflejos.com.ar\/2021\/celebraron-el-avistaje-de-dos-pichones-de-aguila-coronada-un-ave-en-peligro-de-extincion\/\" \/>\n<meta property=\"og:site_name\" content=\"Noticias Radio Reflejos\" \/>\n<meta property=\"article:published_time\" content=\"2022-02-08T10:41:57+00:00\" \/>\n<meta property=\"og:image\" content=\"https:\/\/www.telam.com.ar\/thumbs\/bluesteel\/advf\/imagenes\/2022\/02\/6201b860c0892_900.jpg\" \/>\n<meta name=\"author\" content=\"Arnaldo Botto\" \/>\n<meta name=\"twitter:card\" content=\"summary_large_image\" \/>\n<script type=\"application\/ld+json\" class=\"yoast-schema-graph\">{\"@context\":\"https:\/\/schema.org\",\"@graph\":[{\"@type\":\"WebPage\",\"@id\":\"https:\/\/www.noticiasradioreflejos.com.ar\/2021\/celebraron-el-avistaje-de-dos-pichones-de-aguila-coronada-un-ave-en-peligro-de-extincion\/\",\"url\":\"https:\/\/www.noticiasradioreflejos.com.ar\/2021\/celebraron-el-avistaje-de-dos-pichones-de-aguila-coronada-un-ave-en-peligro-de-extincion\/\",\"name\":\"Celebraron el avistaje de dos pichones de \u00e1guila coronada, un ave en peligro de extinci\u00f3n - Noticias Radio Reflejos\",\"isPartOf\":{\"@id\":\"https:\/\/www.noticiasradioreflejos.com.ar\/2021\/#website\"},\"primaryImageOfPage\":{\"@id\":\"https:\/\/www.noticiasradioreflejos.com.ar\/2021\/celebraron-el-avistaje-de-dos-pichones-de-aguila-coronada-un-ave-en-peligro-de-extincion\/#primaryimage\"},\"image\":{\"@id\":\"https:\/\/www.noticiasradioreflejos.com.ar\/2021\/celebraron-el-avistaje-de-dos-pichones-de-aguila-coronada-un-ave-en-peligro-de-extincion\/#primaryimage\"},\"thumbnailUrl\":\"https:\/\/www.telam.com.ar\/thumbs\/bluesteel\/advf\/imagenes\/2022\/02\/6201b860c0892_900.jpg\",\"datePublished\":\"2022-02-08T10:41:57+00:00\",\"author\":{\"@id\":\"https:\/\/www.noticiasradioreflejos.com.ar\/2021\/#\/schema\/person\/ad82545263dcc5ec0996818884fd5fb1\"},\"breadcrumb\":{\"@id\":\"https:\/\/www.noticiasradioreflejos.com.ar\/2021\/celebraron-el-avistaje-de-dos-pichones-de-aguila-coronada-un-ave-en-peligro-de-extincion\/#breadcrumb\"},\"inLanguage\":\"es\",\"potentialAction\":[{\"@type\":\"ReadAction\",\"target\":[\"https:\/\/www.noticiasradioreflejos.com.ar\/2021\/celebraron-el-avistaje-de-dos-pichones-de-aguila-coronada-un-ave-en-peligro-de-extincion\/\"]}]},{\"@type\":\"ImageObject\",\"inLanguage\":\"es\",\"@id\":\"https:\/\/www.noticiasradioreflejos.com.ar\/2021\/celebraron-el-avistaje-de-dos-pichones-de-aguila-coronada-un-ave-en-peligro-de-extincion\/#primaryimage\",\"url\":\"https:\/\/www.telam.com.ar\/thumbs\/bluesteel\/advf\/imagenes\/2022\/02\/6201b860c0892_900.jpg\",\"contentUrl\":\"https:\/\/www.telam.com.ar\/thumbs\/bluesteel\/advf\/imagenes\/2022\/02\/6201b860c0892_900.jpg\"},{\"@type\":\"BreadcrumbList\",\"@id\":\"https:\/\/www.noticiasradioreflejos.com.ar\/2021\/celebraron-el-avistaje-de-dos-pichones-de-aguila-coronada-un-ave-en-peligro-de-extincion\/#breadcrumb\",\"itemListElement\":[{\"@type\":\"ListItem\",\"position\":1,\"name\":\"Portada\",\"item\":\"https:\/\/www.noticiasradioreflejos.com.ar\/2021\/\"},{\"@type\":\"ListItem\",\"position\":2,\"name\":\"Celebraron el avistaje de dos pichones de \u00e1guila coronada, un ave en peligro de extinci\u00f3n\"}]},{\"@type\":\"WebSite\",\"@id\":\"https:\/\/www.noticiasradioreflejos.com.ar\/2021\/#website\",\"url\":\"https:\/\/www.noticiasradioreflejos.com.ar\/2021\/\",\"name\":\"Noticias Radio Reflejos\",\"description\":\"Las noticias de mi comarca\",\"potentialAction\":[{\"@type\":\"SearchAction\",\"target\":{\"@type\":\"EntryPoint\",\"urlTemplate\":\"https:\/\/www.noticiasradioreflejos.com.ar\/2021\/?s={search_term_string}\"},\"query-input\":{\"@type\":\"PropertyValueSpecification\",\"valueRequired\":true,\"valueName\":\"search_term_string\"}}],\"inLanguage\":\"es\"},{\"@type\":\"Person\",\"@id\":\"https:\/\/www.noticiasradioreflejos.com.ar\/2021\/#\/schema\/person\/ad82545263dcc5ec0996818884fd5fb1\",\"name\":\"Arnaldo Botto\",\"image\":{\"@type\":\"ImageObject\",\"inLanguage\":\"es\",\"@id\":\"https:\/\/www.noticiasradioreflejos.com.ar\/2021\/#\/schema\/person\/image\/\",\"url\":\"https:\/\/secure.gravatar.com\/avatar\/55cb5e37c1efa326397366e6974cb338056df65cb50e7d64d1cf314e87504837?s=96&d=mm&r=g\",\"contentUrl\":\"https:\/\/secure.gravatar.com\/avatar\/55cb5e37c1efa326397366e6974cb338056df65cb50e7d64d1cf314e87504837?s=96&d=mm&r=g\",\"caption\":\"Arnaldo Botto\"},\"url\":\"https:\/\/www.noticiasradioreflejos.com.ar\/2021\/author\/arnaldo\/\"}]}<\/script>\n<!-- \/ Yoast SEO plugin. -->","yoast_head_json":{"title":"Celebraron el avistaje de dos pichones de \u00e1guila coronada, un ave en peligro de extinci\u00f3n - Noticias Radio Reflejos","robots":{"index":"index","follow":"follow","max-snippet":"max-snippet:-1","max-image-preview":"max-image-preview:large","max-video-preview":"max-video-preview:-1"},"canonical":"https:\/\/www.noticiasradioreflejos.com.ar\/2021\/celebraron-el-avistaje-de-dos-pichones-de-aguila-coronada-un-ave-en-peligro-de-extincion\/","og_locale":"es_ES","og_type":"article","og_title":"Celebraron el avistaje de dos pichones de \u00e1guila coronada, un ave en peligro de extinci\u00f3n - Noticias Radio Reflejos","og_description":"El primer avistaje fue en un nido localizado en la Reserva de Biosfera \u00d1acu\u00f1an y el segundo fue detectado por trabajadores de una empresa distribuidora de electricidad en el departamento de La Paz. La especie se encuentra con una poblaci\u00f3n global que se estima en menos de mil ejemplares adultos.","og_url":"https:\/\/www.noticiasradioreflejos.com.ar\/2021\/celebraron-el-avistaje-de-dos-pichones-de-aguila-coronada-un-ave-en-peligro-de-extincion\/","og_site_name":"Noticias Radio Reflejos","article_published_time":"2022-02-08T10:41:57+00:00","og_image":[{"url":"https:\/\/www.telam.com.ar\/thumbs\/bluesteel\/advf\/imagenes\/2022\/02\/6201b860c0892_900.jpg","type":"","width":"","height":""}],"author":"Arnaldo Botto","twitter_card":"summary_large_image","schema":{"@context":"https:\/\/schema.org","@graph":[{"@type":"WebPage","@id":"https:\/\/www.noticiasradioreflejos.com.ar\/2021\/celebraron-el-avistaje-de-dos-pichones-de-aguila-coronada-un-ave-en-peligro-de-extincion\/","url":"https:\/\/www.noticiasradioreflejos.com.ar\/2021\/celebraron-el-avistaje-de-dos-pichones-de-aguila-coronada-un-ave-en-peligro-de-extincion\/","name":"Celebraron el avistaje de dos pichones de \u00e1guila coronada, un ave en peligro de extinci\u00f3n - Noticias Radio Reflejos","isPartOf":{"@id":"https:\/\/www.noticiasradioreflejos.com.ar\/2021\/#website"},"primaryImageOfPage":{"@id":"https:\/\/www.noticiasradioreflejos.com.ar\/2021\/celebraron-el-avistaje-de-dos-pichones-de-aguila-coronada-un-ave-en-peligro-de-extincion\/#primaryimage"},"image":{"@id":"https:\/\/www.noticiasradioreflejos.com.ar\/2021\/celebraron-el-avistaje-de-dos-pichones-de-aguila-coronada-un-ave-en-peligro-de-extincion\/#primaryimage"},"thumbnailUrl":"https:\/\/www.telam.com.ar\/thumbs\/bluesteel\/advf\/imagenes\/2022\/02\/6201b860c0892_900.jpg","datePublished":"2022-02-08T10:41:57+00:00","author":{"@id":"https:\/\/www.noticiasradioreflejos.com.ar\/2021\/#\/schema\/person\/ad82545263dcc5ec0996818884fd5fb1"},"breadcrumb":{"@id":"https:\/\/www.noticiasradioreflejos.com.ar\/2021\/celebraron-el-avistaje-de-dos-pichones-de-aguila-coronada-un-ave-en-peligro-de-extincion\/#breadcrumb"},"inLanguage":"es","potentialAction":[{"@type":"ReadAction","target":["https:\/\/www.noticiasradioreflejos.com.ar\/2021\/celebraron-el-avistaje-de-dos-pichones-de-aguila-coronada-un-ave-en-peligro-de-extincion\/"]}]},{"@type":"ImageObject","inLanguage":"es","@id":"https:\/\/www.noticiasradioreflejos.com.ar\/2021\/celebraron-el-avistaje-de-dos-pichones-de-aguila-coronada-un-ave-en-peligro-de-extincion\/#primaryimage","url":"https:\/\/www.telam.com.ar\/thumbs\/bluesteel\/advf\/imagenes\/2022\/02\/6201b860c0892_900.jpg","contentUrl":"https:\/\/www.telam.com.ar\/thumbs\/bluesteel\/advf\/imagenes\/2022\/02\/6201b860c0892_900.jpg"},{"@type":"BreadcrumbList","@id":"https:\/\/www.noticiasradioreflejos.com.ar\/2021\/celebraron-el-avistaje-de-dos-pichones-de-aguila-coronada-un-ave-en-peligro-de-extincion\/#breadcrumb","itemListElement":[{"@type":"ListItem","position":1,"name":"Portada","item":"https:\/\/www.noticiasradioreflejos.com.ar\/2021\/"},{"@type":"ListItem","position":2,"name":"Celebraron el avistaje de dos pichones de \u00e1guila coronada, un ave en peligro de extinci\u00f3n"}]},{"@type":"WebSite","@id":"https:\/\/www.noticiasradioreflejos.com.ar\/2021\/#website","url":"https:\/\/www.noticiasradioreflejos.com.ar\/2021\/","name":"Noticias Radio Reflejos","description":"Las noticias de mi comarca","potentialAction":[{"@type":"SearchAction","target":{"@type":"EntryPoint","urlTemplate":"https:\/\/www.noticiasradioreflejos.com.ar\/2021\/?s={search_term_string}"},"query-input":{"@type":"PropertyValueSpecification","valueRequired":true,"valueName":"search_term_string"}}],"inLanguage":"es"},{"@type":"Person","@id":"https:\/\/www.noticiasradioreflejos.com.ar\/2021\/#\/schema\/person\/ad82545263dcc5ec0996818884fd5fb1","name":"Arnaldo Botto","image":{"@type":"ImageObject","inLanguage":"es","@id":"https:\/\/www.noticiasradioreflejos.com.ar\/2021\/#\/schema\/person\/image\/","url":"https:\/\/secure.gravatar.com\/avatar\/55cb5e37c1efa326397366e6974cb338056df65cb50e7d64d1cf314e87504837?s=96&d=mm&r=g","contentUrl":"https:\/\/secure.gravatar.com\/avatar\/55cb5e37c1efa326397366e6974cb338056df65cb50e7d64d1cf314e87504837?s=96&d=mm&r=g","caption":"Arnaldo Botto"},"url":"https:\/\/www.noticiasradioreflejos.com.ar\/2021\/author\/arnaldo\/"}]}},"_links":{"self":[{"href":"https:\/\/www.noticiasradioreflejos.com.ar\/2021\/wp-json\/wp\/v2\/posts\/68014","targetHints":{"allow":["GET"]}}],"collection":[{"href":"https:\/\/www.noticiasradioreflejos.com.ar\/2021\/wp-json\/wp\/v2\/posts"}],"about":[{"href":"https:\/\/www.noticiasradioreflejos.com.ar\/2021\/wp-json\/wp\/v2\/types\/post"}],"author":[{"embeddable":true,"href":"https:\/\/www.noticiasradioreflejos.com.ar\/2021\/wp-json\/wp\/v2\/users\/3"}],"replies":[{"embeddable":true,"href":"https:\/\/www.noticiasradioreflejos.com.ar\/2021\/wp-json\/wp\/v2\/comments?post=68014"}],"version-history":[{"count":1,"href":"https:\/\/www.noticiasradioreflejos.com.ar\/2021\/wp-json\/wp\/v2\/posts\/68014\/revisions"}],"predecessor-version":[{"id":68016,"href":"https:\/\/www.noticiasradioreflejos.com.ar\/2021\/wp-json\/wp\/v2\/posts\/68014\/revisions\/68016"}],"wp:attachment":[{"href":"https:\/\/www.noticiasradioreflejos.com.ar\/2021\/wp-json\/wp\/v2\/media?parent=68014"}],"wp:term":[{"taxonomy":"category","embeddable":true,"href":"https:\/\/www.noticiasradioreflejos.com.ar\/2021\/wp-json\/wp\/v2\/categories?post=68014"},{"taxonomy":"post_tag","embeddable":true,"href":"https:\/\/www.noticiasradioreflejos.com.ar\/2021\/wp-json\/wp\/v2\/tags?post=68014"}],"curies":[{"name":"wp","href":"https:\/\/api.w.org\/{rel}","templated":true}]}}