{"id":68005,"date":"2022-02-07T20:11:44","date_gmt":"2022-02-07T20:11:44","guid":{"rendered":"http:\/\/www.noticiasradioreflejos.com.ar\/2021\/?p=68005"},"modified":"2022-02-07T20:11:44","modified_gmt":"2022-02-07T20:11:44","slug":"ypf-ya-construye-un-nuevo-parque-solar-en-san-juan-con-una-inversion-de-us-93-millones","status":"publish","type":"post","link":"https:\/\/www.noticiasradioreflejos.com.ar\/2021\/ypf-ya-construye-un-nuevo-parque-solar-en-san-juan-con-una-inversion-de-us-93-millones\/","title":{"rendered":"YPF ya construye un nuevo parque solar en San Juan, con una inversi\u00f3n de US$ 93 millones"},"content":{"rendered":"<p>&gt;En una primera etapa tendr\u00e1 una potencia de 100 megavatios (MW) pero luego llegar\u00e1 a los 300 y podr\u00e1 abastecer a 140.000 hogares, ampliando la capacidad de generaci\u00f3n renovable actual de la provincia en un 25%.<br \/>\n<!--more--><\/p>\n<div class=\"col-md-12 speak\">\n<div class=\"paragraph\">\n<figure class=\"mb-3\"><img decoding=\"async\" src=\"https:\/\/www.telam.com.ar\/thumbs\/bluesteel\/advf\/imagenes\/2022\/02\/620160d8124d1_900.jpg\" alt=\"Manzur y Uac durante el acto de inicio de obra Foto Presidencia \" width=\"100%\" height=\"100%\" \/><\/p>\n<div class=\"media-icons\"><\/div><figcaption>Manzur y U\u00f1ac durante el acto de inicio de obra. Foto Presidencia.<\/figcaption><\/figure>\n<p>La hidrocarbur\u00edfera nacional YPF, a trav\u00e9s de su subsidiaria YPF Luz, comenz\u00f3 este lunes la construcci\u00f3n del parque solar El Zonda, ubicado en la provincia de San Juan, el cua<strong>l abastecer\u00e1, una vez finalizado, el equivalente a 140.000 hogares,<\/strong>\u00a0con una inversi\u00f3n de US$ 93 millones.<\/p>\n<p><strong>\u201cEl Estado tiene que generar las condiciones, los medios y la infraestructura para que la inversi\u00f3n privada llegue en su plenitud; y nadie va a venir a invertir si no hay energ\u00eda\u201d<\/strong>, afirm\u00f3 el jefe de Gabinete, Juan Manzur, en un acto desarrollado esta ma\u00f1ana en la Planta Solar Ullum I del parque solar, operado por la distribuidora Genneia.<\/p>\n<p>El parque solar, el primero construido por YPF Luz, tendr\u00e1, en una primera etapa,\u00a0<strong>una potencia de 100 megavatios (MW), y ampliar\u00e1 la capacidad de generaci\u00f3n renovable actual en un 25% en San Juan.<\/strong><\/p>\n<p><iframe loading=\"lazy\" title=\"YouTube video player\" src=\"https:\/\/www.youtube.com\/embed\/jQSS5aDMPho\" width=\"853\" height=\"480\" frameborder=\"0\" allowfullscreen=\"allowfullscreen\"><\/iframe><\/p>\n<p>A trav\u00e9s de dos etapas posteriores (de 100 MW cada una),\u00a0<strong>se prev\u00e9 la ampliaci\u00f3n de la planta a una potencia de 300 MW que permitir\u00eda abastecer a 140.000 hogares.<\/strong><\/p>\n<p>\u201cLa energ\u00eda tiene que ser acorde al desarrollo de los nuevos tiempos, una energ\u00eda limpia y renovable\u201d, agreg\u00f3 Manzur, qui\u00e9n afirm\u00f3 que el Estado \u201ctiene que generar las condiciones, los medios y la infraestructura para que la inversi\u00f3n privada llegue en su plenitud\u00bb.<\/p>\n<p>El funcionario afirm\u00f3 que\u00a0<strong>\u00ablas brechas se van a cerrar a trav\u00e9s de la inversi\u00f3n, que es lo que hoy se est\u00e1 haciendo aqu\u00ed\u00bb.<\/strong><\/p>\n<p>Por su parte,\u00a0<strong>U\u00f1ac<\/strong>\u00a0sostuvo que \u201choy San Juan se ve reconocida con una inversi\u00f3n millonaria que hace una empresa emblem\u00e1tica para la Argentina como YPF\u201d.<\/p>\n<p>El mandatario provincial explic\u00f3 que San Juan es la provincia \u201ccon mayor cantidad de parques solares instalados y mayor capacidad instalada\u201d, y afirm\u00f3 que la inversi\u00f3n de YPF Luz \u201ces importante al ser mayor a la de todos los parques actualmente en la provincia\u201d.<\/p>\n<blockquote class=\"twitter-tweet\" data-width=\"500\" data-dnt=\"true\">\n<p lang=\"es\" dir=\"ltr\">Desde la provincia de San Juan, junto al gobernador <a href=\"https:\/\/twitter.com\/sergiounac?ref_src=twsrc%5Etfw\">@sergiounac<\/a> y el presidente de <a href=\"https:\/\/twitter.com\/YPFoficial?ref_src=twsrc%5Etfw\">@YPFoficial<\/a>, Pablo Gonz\u00e1lez, dimos inicio a la obra del Parque Solar Zonda, primer proyecto de YPF Luz, con una inversi\u00f3n de m\u00e1s de 90 millones de d\u00f3lares para la producci\u00f3n de energ\u00eda renovable. <a href=\"https:\/\/t.co\/rBSSjUFYZc\">pic.twitter.com\/rBSSjUFYZc<\/a><\/p>\n<p>&mdash; Juan Manzur (@JuanManzurOK) <a href=\"https:\/\/twitter.com\/JuanManzurOK\/status\/1490710760481333248?ref_src=twsrc%5Etfw\">February 7, 2022<\/a><\/p><\/blockquote>\n<p><script async src=\"https:\/\/platform.twitter.com\/widgets.js\" charset=\"utf-8\"><\/script><\/p>\n<p>En tanto,\u00a0<strong>el presidente de YPF, Pablo Gonz\u00e1lez,\u00a0<\/strong>indic\u00f3 que la compa\u00f1\u00eda se encuentra en una etapa de<strong>\u00a0\u201ctransici\u00f3n energ\u00e9tica\u201d y que la energ\u00eda tradicional, como el petr\u00f3leo y el gas, ser\u00e1 clave para su financiamiento.<\/strong><\/p>\n<p>\u201cCuando se piensa en el desarrollo de un pa\u00eds, no solo se tiene que pensar en producir energ\u00eda convencional y no convencional basada en petr\u00f3leo y gas, sino tambi\u00e9n en acompa\u00f1ar la transici\u00f3n energ\u00e9tica a trav\u00e9s de proyectos sustentables y con resultados rentables que vayan empujando la mejora que tuvo YPF en el \u00faltimo resultado\u201d, manifest\u00f3 Gonz\u00e1lez.<\/p>\n<p>A\u00f1adi\u00f3 que la empresa<strong>\u00a0pudo \u201chaber decidido realizar esta inversi\u00f3n en equipos de energ\u00eda no convencional en Vaca Muerta\u201d.<\/strong><\/p>\n<p>\u201cPero decidimos que ten\u00edamos que venir a San Juan y acompa\u00f1ar este paradigma de ir transformando a YPF en una empresa que vaya generando energ\u00eda renovable\u201d, remarc\u00f3 el ejecutivo, quien destac\u00f3 que la empresa invertir\u00e1 este a\u00f1o US$ 3.700 millones, la cifra m\u00e1s grande en los \u00faltimos siete.<\/p>\n<p>El parque solar generar\u00e1 un ahorro de emisiones equivalente a 360.000 toneladas de di\u00f3xido de carbono al a\u00f1o, respecto de una central termoel\u00e9ctrica equivalente.<\/p>\n<p>Una vez finalizadas las obras, YPF Luz vender\u00e1 la energ\u00eda fotovoltaica generada a grandes usuarios y clientes industriales en el Mercado a T\u00e9rmino de Energ\u00edas Renovables (Mater), venta que ya est\u00e1 comprometida en un 40%.<\/p>\n<p><strong>YPF Luz posee actualmente 400 MW de energ\u00eda e\u00f3lica en funcionamiento, de un total de 2.500 MW,<\/strong>\u00a0y el proyecto sanjuanino ser\u00e1 el primero de energ\u00eda solar de la subsidiaria el\u00e9ctrica.<\/p>\n<p>Por su parte,\u00a0<strong>el presidente de YPF Luz, Mart\u00edn Mandarano<\/strong>, destac\u00f3 que el proyecto, el m\u00e1s grande de su tipo en el pa\u00eds, \u201cabastecer\u00e1 de energ\u00eda a muchas industrias, permiti\u00e9ndole ser competitivas y desarrollando la matriz productiva de la Argentina con electricidad cada d\u00eda m\u00e1s econ\u00f3mica y competitiva\u201d.<\/p>\n<figure class=\"mb-3\"><img decoding=\"async\" src=\"https:\/\/www.telam.com.ar\/thumbs\/bluesteel\/advf\/imagenes\/2022\/02\/620160d8203a9_900.jpg\" alt=\"Los funcionarios nacionales y provinciales y los representantes de YPF Foto Presidencia \" width=\"100%\" height=\"100%\" \/><\/p>\n<div class=\"media-icons\"><\/div><figcaption>Los funcionarios nacionales y provinciales y los representantes de YPF. Foto Presidencia.<\/figcaption><\/figure>\n<p><strong>\u201cHoy estamos lanzando nuestro primer proyecto solar en la provincia de San Juan donde la radiaci\u00f3n es una de los puntos m\u00e1s importantes y fuertes del mundo, compitiendo con el Desierto de Atacama\u201d<\/strong>, asegur\u00f3 Mandarano.<\/p>\n<p>Indic\u00f3 que la capacidad de radiaci\u00f3n permitir\u00e1 un proyecto de \u201cmuy alta eficiencia\u201d, que al utilizar paneles solares bifaciales \u00abpermitir\u00e1 tomar no solo el sol directo, sino tambi\u00e9n la luz que rebota del piso\u00bb.<\/p>\n<p>\u201cCon San Juan, ya son seis las provincias en las cuales realizamos actividades, lo cual nos permite ratificar que tenemos una visi\u00f3n federal\u201d, subray\u00f3 el ejecutivo.<\/p>\n<p>La planta ocupar\u00e1 una superficie de 300 hect\u00e1reas ubicadas en la localidad de Bella Vista, departamento de Iglesia; y su construcci\u00f3n demandar\u00e1 una duraci\u00f3n aproximada de 14 meses.<\/p>\n<p>La obra crear\u00e1 m\u00e1s de 90 puestos de trabajo adem\u00e1s de un incremento en la actividad econ\u00f3mica local a trav\u00e9s de la demanda de servicios indirectos y proveedores locales.<\/p>\n<p>El proyecto, que demandar\u00e1 a la compa\u00f1\u00eda una inversi\u00f3n de U$S 93 millones, posee como novedad que US$ 63,9 millones del total ser\u00e1 financiado a trav\u00e9s de un bono verde, siendo la primera vez que YPF adopta dicho m\u00e9todo de financiamiento.<\/p>\n<p>Adem\u00e1s del proyecto de YPF Luz, la empresa Genneia tiene proyectado en San Juan, construir una planta de 80 MW en el centro sur de la provincia sobre la Ruta Nacional 54 en la misma zona de sus parques solares Ullum I, II y III, que emplear\u00e1 a m\u00e1s de 400 personas.<\/p>\n<\/div>\n<\/div>\n","protected":false},"excerpt":{"rendered":"<p>&gt;En una primera etapa tendr\u00e1 una potencia de 100 megavatios (MW) pero luego llegar\u00e1 a los 300 y podr\u00e1 abastecer a 140.000 hogares, ampliando la capacidad de generaci\u00f3n renovable actual de la provincia en un 25%.<\/p>\n","protected":false},"author":3,"featured_media":0,"comment_status":"closed","ping_status":"closed","sticky":false,"template":"","format":"standard","meta":{"footnotes":""},"categories":[1],"tags":[],"class_list":["post-68005","post","type-post","status-publish","format-standard","hentry","category-sin-categoria"],"yoast_head":"<!-- This site is optimized with the Yoast SEO plugin v25.9 - https:\/\/yoast.com\/wordpress\/plugins\/seo\/ -->\n<title>YPF ya construye un nuevo parque solar en San Juan, con una inversi\u00f3n de US$ 93 millones - Noticias Radio Reflejos<\/title>\n<meta name=\"robots\" content=\"index, follow, max-snippet:-1, max-image-preview:large, max-video-preview:-1\" \/>\n<link rel=\"canonical\" href=\"https:\/\/www.noticiasradioreflejos.com.ar\/2021\/ypf-ya-construye-un-nuevo-parque-solar-en-san-juan-con-una-inversion-de-us-93-millones\/\" \/>\n<meta property=\"og:locale\" content=\"es_ES\" \/>\n<meta property=\"og:type\" content=\"article\" \/>\n<meta property=\"og:title\" content=\"YPF ya construye un nuevo parque solar en San Juan, con una inversi\u00f3n de US$ 93 millones - Noticias Radio Reflejos\" \/>\n<meta property=\"og:description\" content=\"&gt;En una primera etapa tendr\u00e1 una potencia de 100 megavatios (MW) pero luego llegar\u00e1 a los 300 y podr\u00e1 abastecer a 140.000 hogares, ampliando la capacidad de generaci\u00f3n renovable actual de la provincia en un 25%.\" \/>\n<meta property=\"og:url\" content=\"https:\/\/www.noticiasradioreflejos.com.ar\/2021\/ypf-ya-construye-un-nuevo-parque-solar-en-san-juan-con-una-inversion-de-us-93-millones\/\" \/>\n<meta property=\"og:site_name\" content=\"Noticias Radio Reflejos\" \/>\n<meta property=\"article:published_time\" content=\"2022-02-07T20:11:44+00:00\" \/>\n<meta property=\"og:image\" content=\"https:\/\/www.telam.com.ar\/thumbs\/bluesteel\/advf\/imagenes\/2022\/02\/620160d8124d1_900.jpg\" \/>\n<meta name=\"author\" content=\"Arnaldo Botto\" \/>\n<meta name=\"twitter:card\" content=\"summary_large_image\" \/>\n<script type=\"application\/ld+json\" class=\"yoast-schema-graph\">{\"@context\":\"https:\/\/schema.org\",\"@graph\":[{\"@type\":\"WebPage\",\"@id\":\"https:\/\/www.noticiasradioreflejos.com.ar\/2021\/ypf-ya-construye-un-nuevo-parque-solar-en-san-juan-con-una-inversion-de-us-93-millones\/\",\"url\":\"https:\/\/www.noticiasradioreflejos.com.ar\/2021\/ypf-ya-construye-un-nuevo-parque-solar-en-san-juan-con-una-inversion-de-us-93-millones\/\",\"name\":\"YPF ya construye un nuevo parque solar en San Juan, con una inversi\u00f3n de US$ 93 millones - Noticias Radio Reflejos\",\"isPartOf\":{\"@id\":\"https:\/\/www.noticiasradioreflejos.com.ar\/2021\/#website\"},\"primaryImageOfPage\":{\"@id\":\"https:\/\/www.noticiasradioreflejos.com.ar\/2021\/ypf-ya-construye-un-nuevo-parque-solar-en-san-juan-con-una-inversion-de-us-93-millones\/#primaryimage\"},\"image\":{\"@id\":\"https:\/\/www.noticiasradioreflejos.com.ar\/2021\/ypf-ya-construye-un-nuevo-parque-solar-en-san-juan-con-una-inversion-de-us-93-millones\/#primaryimage\"},\"thumbnailUrl\":\"https:\/\/www.telam.com.ar\/thumbs\/bluesteel\/advf\/imagenes\/2022\/02\/620160d8124d1_900.jpg\",\"datePublished\":\"2022-02-07T20:11:44+00:00\",\"author\":{\"@id\":\"https:\/\/www.noticiasradioreflejos.com.ar\/2021\/#\/schema\/person\/ad82545263dcc5ec0996818884fd5fb1\"},\"breadcrumb\":{\"@id\":\"https:\/\/www.noticiasradioreflejos.com.ar\/2021\/ypf-ya-construye-un-nuevo-parque-solar-en-san-juan-con-una-inversion-de-us-93-millones\/#breadcrumb\"},\"inLanguage\":\"es\",\"potentialAction\":[{\"@type\":\"ReadAction\",\"target\":[\"https:\/\/www.noticiasradioreflejos.com.ar\/2021\/ypf-ya-construye-un-nuevo-parque-solar-en-san-juan-con-una-inversion-de-us-93-millones\/\"]}]},{\"@type\":\"ImageObject\",\"inLanguage\":\"es\",\"@id\":\"https:\/\/www.noticiasradioreflejos.com.ar\/2021\/ypf-ya-construye-un-nuevo-parque-solar-en-san-juan-con-una-inversion-de-us-93-millones\/#primaryimage\",\"url\":\"https:\/\/www.telam.com.ar\/thumbs\/bluesteel\/advf\/imagenes\/2022\/02\/620160d8124d1_900.jpg\",\"contentUrl\":\"https:\/\/www.telam.com.ar\/thumbs\/bluesteel\/advf\/imagenes\/2022\/02\/620160d8124d1_900.jpg\"},{\"@type\":\"BreadcrumbList\",\"@id\":\"https:\/\/www.noticiasradioreflejos.com.ar\/2021\/ypf-ya-construye-un-nuevo-parque-solar-en-san-juan-con-una-inversion-de-us-93-millones\/#breadcrumb\",\"itemListElement\":[{\"@type\":\"ListItem\",\"position\":1,\"name\":\"Portada\",\"item\":\"https:\/\/www.noticiasradioreflejos.com.ar\/2021\/\"},{\"@type\":\"ListItem\",\"position\":2,\"name\":\"YPF ya construye un nuevo parque solar en San Juan, con una inversi\u00f3n de US$ 93 millones\"}]},{\"@type\":\"WebSite\",\"@id\":\"https:\/\/www.noticiasradioreflejos.com.ar\/2021\/#website\",\"url\":\"https:\/\/www.noticiasradioreflejos.com.ar\/2021\/\",\"name\":\"Noticias Radio Reflejos\",\"description\":\"Las noticias de mi comarca\",\"potentialAction\":[{\"@type\":\"SearchAction\",\"target\":{\"@type\":\"EntryPoint\",\"urlTemplate\":\"https:\/\/www.noticiasradioreflejos.com.ar\/2021\/?s={search_term_string}\"},\"query-input\":{\"@type\":\"PropertyValueSpecification\",\"valueRequired\":true,\"valueName\":\"search_term_string\"}}],\"inLanguage\":\"es\"},{\"@type\":\"Person\",\"@id\":\"https:\/\/www.noticiasradioreflejos.com.ar\/2021\/#\/schema\/person\/ad82545263dcc5ec0996818884fd5fb1\",\"name\":\"Arnaldo Botto\",\"image\":{\"@type\":\"ImageObject\",\"inLanguage\":\"es\",\"@id\":\"https:\/\/www.noticiasradioreflejos.com.ar\/2021\/#\/schema\/person\/image\/\",\"url\":\"https:\/\/secure.gravatar.com\/avatar\/55cb5e37c1efa326397366e6974cb338056df65cb50e7d64d1cf314e87504837?s=96&d=mm&r=g\",\"contentUrl\":\"https:\/\/secure.gravatar.com\/avatar\/55cb5e37c1efa326397366e6974cb338056df65cb50e7d64d1cf314e87504837?s=96&d=mm&r=g\",\"caption\":\"Arnaldo Botto\"},\"url\":\"https:\/\/www.noticiasradioreflejos.com.ar\/2021\/author\/arnaldo\/\"}]}<\/script>\n<!-- \/ Yoast SEO plugin. -->","yoast_head_json":{"title":"YPF ya construye un nuevo parque solar en San Juan, con una inversi\u00f3n de US$ 93 millones - Noticias Radio Reflejos","robots":{"index":"index","follow":"follow","max-snippet":"max-snippet:-1","max-image-preview":"max-image-preview:large","max-video-preview":"max-video-preview:-1"},"canonical":"https:\/\/www.noticiasradioreflejos.com.ar\/2021\/ypf-ya-construye-un-nuevo-parque-solar-en-san-juan-con-una-inversion-de-us-93-millones\/","og_locale":"es_ES","og_type":"article","og_title":"YPF ya construye un nuevo parque solar en San Juan, con una inversi\u00f3n de US$ 93 millones - Noticias Radio Reflejos","og_description":"&gt;En una primera etapa tendr\u00e1 una potencia de 100 megavatios (MW) pero luego llegar\u00e1 a los 300 y podr\u00e1 abastecer a 140.000 hogares, ampliando la capacidad de generaci\u00f3n renovable actual de la provincia en un 25%.","og_url":"https:\/\/www.noticiasradioreflejos.com.ar\/2021\/ypf-ya-construye-un-nuevo-parque-solar-en-san-juan-con-una-inversion-de-us-93-millones\/","og_site_name":"Noticias Radio Reflejos","article_published_time":"2022-02-07T20:11:44+00:00","og_image":[{"url":"https:\/\/www.telam.com.ar\/thumbs\/bluesteel\/advf\/imagenes\/2022\/02\/620160d8124d1_900.jpg","type":"","width":"","height":""}],"author":"Arnaldo Botto","twitter_card":"summary_large_image","schema":{"@context":"https:\/\/schema.org","@graph":[{"@type":"WebPage","@id":"https:\/\/www.noticiasradioreflejos.com.ar\/2021\/ypf-ya-construye-un-nuevo-parque-solar-en-san-juan-con-una-inversion-de-us-93-millones\/","url":"https:\/\/www.noticiasradioreflejos.com.ar\/2021\/ypf-ya-construye-un-nuevo-parque-solar-en-san-juan-con-una-inversion-de-us-93-millones\/","name":"YPF ya construye un nuevo parque solar en San Juan, con una inversi\u00f3n de US$ 93 millones - Noticias Radio Reflejos","isPartOf":{"@id":"https:\/\/www.noticiasradioreflejos.com.ar\/2021\/#website"},"primaryImageOfPage":{"@id":"https:\/\/www.noticiasradioreflejos.com.ar\/2021\/ypf-ya-construye-un-nuevo-parque-solar-en-san-juan-con-una-inversion-de-us-93-millones\/#primaryimage"},"image":{"@id":"https:\/\/www.noticiasradioreflejos.com.ar\/2021\/ypf-ya-construye-un-nuevo-parque-solar-en-san-juan-con-una-inversion-de-us-93-millones\/#primaryimage"},"thumbnailUrl":"https:\/\/www.telam.com.ar\/thumbs\/bluesteel\/advf\/imagenes\/2022\/02\/620160d8124d1_900.jpg","datePublished":"2022-02-07T20:11:44+00:00","author":{"@id":"https:\/\/www.noticiasradioreflejos.com.ar\/2021\/#\/schema\/person\/ad82545263dcc5ec0996818884fd5fb1"},"breadcrumb":{"@id":"https:\/\/www.noticiasradioreflejos.com.ar\/2021\/ypf-ya-construye-un-nuevo-parque-solar-en-san-juan-con-una-inversion-de-us-93-millones\/#breadcrumb"},"inLanguage":"es","potentialAction":[{"@type":"ReadAction","target":["https:\/\/www.noticiasradioreflejos.com.ar\/2021\/ypf-ya-construye-un-nuevo-parque-solar-en-san-juan-con-una-inversion-de-us-93-millones\/"]}]},{"@type":"ImageObject","inLanguage":"es","@id":"https:\/\/www.noticiasradioreflejos.com.ar\/2021\/ypf-ya-construye-un-nuevo-parque-solar-en-san-juan-con-una-inversion-de-us-93-millones\/#primaryimage","url":"https:\/\/www.telam.com.ar\/thumbs\/bluesteel\/advf\/imagenes\/2022\/02\/620160d8124d1_900.jpg","contentUrl":"https:\/\/www.telam.com.ar\/thumbs\/bluesteel\/advf\/imagenes\/2022\/02\/620160d8124d1_900.jpg"},{"@type":"BreadcrumbList","@id":"https:\/\/www.noticiasradioreflejos.com.ar\/2021\/ypf-ya-construye-un-nuevo-parque-solar-en-san-juan-con-una-inversion-de-us-93-millones\/#breadcrumb","itemListElement":[{"@type":"ListItem","position":1,"name":"Portada","item":"https:\/\/www.noticiasradioreflejos.com.ar\/2021\/"},{"@type":"ListItem","position":2,"name":"YPF ya construye un nuevo parque solar en San Juan, con una inversi\u00f3n de US$ 93 millones"}]},{"@type":"WebSite","@id":"https:\/\/www.noticiasradioreflejos.com.ar\/2021\/#website","url":"https:\/\/www.noticiasradioreflejos.com.ar\/2021\/","name":"Noticias Radio Reflejos","description":"Las noticias de mi comarca","potentialAction":[{"@type":"SearchAction","target":{"@type":"EntryPoint","urlTemplate":"https:\/\/www.noticiasradioreflejos.com.ar\/2021\/?s={search_term_string}"},"query-input":{"@type":"PropertyValueSpecification","valueRequired":true,"valueName":"search_term_string"}}],"inLanguage":"es"},{"@type":"Person","@id":"https:\/\/www.noticiasradioreflejos.com.ar\/2021\/#\/schema\/person\/ad82545263dcc5ec0996818884fd5fb1","name":"Arnaldo Botto","image":{"@type":"ImageObject","inLanguage":"es","@id":"https:\/\/www.noticiasradioreflejos.com.ar\/2021\/#\/schema\/person\/image\/","url":"https:\/\/secure.gravatar.com\/avatar\/55cb5e37c1efa326397366e6974cb338056df65cb50e7d64d1cf314e87504837?s=96&d=mm&r=g","contentUrl":"https:\/\/secure.gravatar.com\/avatar\/55cb5e37c1efa326397366e6974cb338056df65cb50e7d64d1cf314e87504837?s=96&d=mm&r=g","caption":"Arnaldo Botto"},"url":"https:\/\/www.noticiasradioreflejos.com.ar\/2021\/author\/arnaldo\/"}]}},"_links":{"self":[{"href":"https:\/\/www.noticiasradioreflejos.com.ar\/2021\/wp-json\/wp\/v2\/posts\/68005","targetHints":{"allow":["GET"]}}],"collection":[{"href":"https:\/\/www.noticiasradioreflejos.com.ar\/2021\/wp-json\/wp\/v2\/posts"}],"about":[{"href":"https:\/\/www.noticiasradioreflejos.com.ar\/2021\/wp-json\/wp\/v2\/types\/post"}],"author":[{"embeddable":true,"href":"https:\/\/www.noticiasradioreflejos.com.ar\/2021\/wp-json\/wp\/v2\/users\/3"}],"replies":[{"embeddable":true,"href":"https:\/\/www.noticiasradioreflejos.com.ar\/2021\/wp-json\/wp\/v2\/comments?post=68005"}],"version-history":[{"count":1,"href":"https:\/\/www.noticiasradioreflejos.com.ar\/2021\/wp-json\/wp\/v2\/posts\/68005\/revisions"}],"predecessor-version":[{"id":68007,"href":"https:\/\/www.noticiasradioreflejos.com.ar\/2021\/wp-json\/wp\/v2\/posts\/68005\/revisions\/68007"}],"wp:attachment":[{"href":"https:\/\/www.noticiasradioreflejos.com.ar\/2021\/wp-json\/wp\/v2\/media?parent=68005"}],"wp:term":[{"taxonomy":"category","embeddable":true,"href":"https:\/\/www.noticiasradioreflejos.com.ar\/2021\/wp-json\/wp\/v2\/categories?post=68005"},{"taxonomy":"post_tag","embeddable":true,"href":"https:\/\/www.noticiasradioreflejos.com.ar\/2021\/wp-json\/wp\/v2\/tags?post=68005"}],"curies":[{"name":"wp","href":"https:\/\/api.w.org\/{rel}","templated":true}]}}