{"id":68002,"date":"2022-02-07T20:08:07","date_gmt":"2022-02-07T20:08:07","guid":{"rendered":"http:\/\/www.noticiasradioreflejos.com.ar\/2021\/?p=68002"},"modified":"2022-02-07T20:08:07","modified_gmt":"2022-02-07T20:08:07","slug":"denunciaron-en-bariloche-el-secuestro-de-los-integrantes-de-marcha-por-la-soberania","status":"publish","type":"post","link":"https:\/\/www.noticiasradioreflejos.com.ar\/2021\/denunciaron-en-bariloche-el-secuestro-de-los-integrantes-de-marcha-por-la-soberania\/","title":{"rendered":"Denunciaron en Bariloche el \u00absecuestro\u00bb de los integrantes de Marcha por la Soberan\u00eda"},"content":{"rendered":"<p>El cineasta y docente Mariano \u201cGrifo\u201d Adorno, a cargo del equipo de comunicaci\u00f3n la Fundaci\u00f3n Interactiva para Promover la Cultura del Agua, cont\u00f3 a T\u00e9lam que se present\u00f3 un habeas corpus para que \u00abla justicia arbitre los recursos para garantizar la integridad f\u00edsica\u00bb de quienes participan de la caravana<br \/>\n<!--more--><\/p>\n<figure class=\"mb-3\"><img decoding=\"async\" src=\"https:\/\/www.telam.com.ar\/thumbs\/bluesteel\/advf\/imagenes\/2022\/02\/620159ad74b50_900.jpg\" alt=\"Los manifestantes reclamaron en Bariloche que la justicia acte rpidamente Foto gentileza Sebastin Miquel\" width=\"100%\" height=\"100%\" \/><\/p>\n<div class=\"media-icons\"><\/div><figcaption>Los manifestantes reclamaron en Bariloche que la justicia act\u00fae r\u00e1pidamente. (Foto: gentileza Sebasti\u00e1n Miquel)<\/figcaption><\/figure>\n<p>Una nutrida movilizaci\u00f3n a los tribunales de Bariloche reclam\u00f3 que la justicia act\u00fae r\u00e1pidamente ante la denuncia de que\u00a0<strong>los integrantes de la \u00abMarcha por la Soberan\u00eda de Lago Escondido\u00bb fueron \u201csecuestrados virtualmente\u201d<\/strong>\u00a0por personas que responden al empresario brit\u00e1nico\u00a0<strong>Joe Lewis\u00a0<\/strong>y que desde el domingo por la tarde no tienen comunicaci\u00f3n con ellos.<\/p>\n<p><strong>\u201cPresentamos un habeas corpus, nuestra intenci\u00f3n es que la justicia arbitre los recursos para garantizar la integridad f\u00edsica de nuestros compa\u00f1eros\u201d<\/strong>, cont\u00f3 el cineasta y docente Mariano \u201cGrifo\u201d Adorno, a cargo del equipo de comunicaci\u00f3n la Fundaci\u00f3n Interactiva para Promover la Cultura del Agua, en conversaci\u00f3n telef\u00f3nica con T\u00e9lam.<\/p>\n<figure class=\"mb-3\"><img decoding=\"async\" src=\"https:\/\/www.telam.com.ar\/thumbs\/bluesteel\/advf\/imagenes\/2022\/02\/620159ad59b1e_900.jpg\" alt=\"Las organizaciones sindicales participaron de la movilizacin Foto gentileza Sebastin Miquel\" width=\"100%\" height=\"100%\" \/><\/p>\n<div class=\"media-icons\"><\/div><figcaption>Las organizaciones sindicales participaron de la movilizaci\u00f3n. (Foto: gentileza Sebasti\u00e1n Miquel)<\/figcaption><\/figure>\n<p>El primer juez que recibi\u00f3 la denuncia, Mariano Castro, se declar\u00f3 incompetente. Finalmente,\u00a0<strong>la denuncia fue recibida por el juez de Garant\u00edas Juan Pablo Laurence, quien recibi\u00f3 a Julio C\u00e9sar Urien, titular de la Fundaci\u00f3n, y se comprometi\u00f3 a resolver en la tarde de este lunes<\/strong>\u00a0si hace lugar o no al habeas corpus.<\/p>\n<figure class=\"mb-3\"><img decoding=\"async\" src=\"https:\/\/www.telam.com.ar\/thumbs\/bluesteel\/advf\/imagenes\/2022\/02\/620159ad46c6d_900.jpg\" alt=\"Denuncian que jinetes armados que responden a Joe Lewis agredieron a los integrantes de la Marcha por la Soberana Foto gentileza Sebastin Miquel\" width=\"100%\" height=\"100%\" \/><\/p>\n<div class=\"media-icons\"><\/div><figcaption>Denuncian que jinetes armados que responden a Joe Lewis agredieron a los integrantes de la Marcha por la Soberan\u00eda. (Foto: gentileza Sebasti\u00e1n Miquel)<\/figcaption><\/figure>\n<p>\u201cAhora vinimos a Bariloche, presentamos un habeas corpus y nos manifestamos para que la justicia act\u00fae. Los compa\u00f1eros est\u00e1n retenidos,\u00a0<strong>es un secuestro virtual en la monta\u00f1a<\/strong>. Nos preocupa su integridad. Adem\u00e1s, nos preocupan las bajas temperaturas y el hecho de que la mayor\u00eda de los integrantes de la caravana no son monta\u00f1istas expertos \u201d, denunci\u00f3 Adorno. De la movilizaci\u00f3n participaron organizaciones sindicales como la CTA y ATE.<\/p>\n<figure class=\"mb-3\"><img decoding=\"async\" src=\"https:\/\/www.telam.com.ar\/thumbs\/bluesteel\/advf\/imagenes\/2022\/02\/620159e23515c_900.jpg\" alt=\"Julio Csar Urien fue recibido por el juez de garantas Foto gentileza Sebastin Miquel\" width=\"100%\" height=\"100%\" \/><\/p>\n<div class=\"media-icons\"><\/div><figcaption>Julio C\u00e9sar Urien fue recibido por el juez de garant\u00edas. (Foto: gentileza Sebasti\u00e1n Miquel)<\/figcaption><\/figure>\n<p>\u201cA las siete de la tarde del domingo fue la \u00faltima vez que pudimos comunicarnos con el grupo en donde est\u00e1n el m\u00e9dico sanitarista Jorge Rachid y 21 personas m\u00e1s. Estaban acompa\u00f1ados por dos polic\u00edas de monta\u00f1a, quienes a las cinco de la tarde recibieron la orden de retirarse. Estos polic\u00edas fueron testigos de la agresi\u00f3n que a las 3 y media de la tarde realizaron los jinetes armados que responden a Joe Lewis y a otros terratenientes. Son sus lacayos\u201d, describi\u00f3 Adorno, quien remarc\u00f3 que \u201ces importante destacar que no queremos sacarle nada a nadie, quienes infringen la ley y no respetan la Constituci\u00f3n nacional y provincial\u201d<\/p>\n","protected":false},"excerpt":{"rendered":"<p>El cineasta y docente Mariano \u201cGrifo\u201d Adorno, a cargo del equipo de comunicaci\u00f3n la Fundaci\u00f3n Interactiva para Promover la Cultura del Agua, cont\u00f3 a T\u00e9lam que se present\u00f3 un habeas corpus para que \u00abla justicia arbitre los recursos para garantizar la integridad f\u00edsica\u00bb de quienes participan de la caravana<\/p>\n","protected":false},"author":3,"featured_media":0,"comment_status":"closed","ping_status":"closed","sticky":false,"template":"","format":"standard","meta":{"footnotes":""},"categories":[24,26],"tags":[],"class_list":["post-68002","post","type-post","status-publish","format-standard","hentry","category-politica","category-sociedad"],"yoast_head":"<!-- This site is optimized with the Yoast SEO plugin v25.9 - https:\/\/yoast.com\/wordpress\/plugins\/seo\/ -->\n<title>Denunciaron en Bariloche el &quot;secuestro&quot; de los integrantes de Marcha por la Soberan\u00eda - Noticias Radio Reflejos<\/title>\n<meta name=\"robots\" content=\"index, follow, max-snippet:-1, max-image-preview:large, max-video-preview:-1\" \/>\n<link rel=\"canonical\" href=\"https:\/\/www.noticiasradioreflejos.com.ar\/2021\/denunciaron-en-bariloche-el-secuestro-de-los-integrantes-de-marcha-por-la-soberania\/\" \/>\n<meta property=\"og:locale\" content=\"es_ES\" \/>\n<meta property=\"og:type\" content=\"article\" \/>\n<meta property=\"og:title\" content=\"Denunciaron en Bariloche el &quot;secuestro&quot; de los integrantes de Marcha por la Soberan\u00eda - Noticias Radio Reflejos\" \/>\n<meta property=\"og:description\" content=\"El cineasta y docente Mariano \u201cGrifo\u201d Adorno, a cargo del equipo de comunicaci\u00f3n la Fundaci\u00f3n Interactiva para Promover la Cultura del Agua, cont\u00f3 a T\u00e9lam que se present\u00f3 un habeas corpus para que \u00abla justicia arbitre los recursos para garantizar la integridad f\u00edsica\u00bb de quienes participan de la caravana\" \/>\n<meta property=\"og:url\" content=\"https:\/\/www.noticiasradioreflejos.com.ar\/2021\/denunciaron-en-bariloche-el-secuestro-de-los-integrantes-de-marcha-por-la-soberania\/\" \/>\n<meta property=\"og:site_name\" content=\"Noticias Radio Reflejos\" \/>\n<meta property=\"article:published_time\" content=\"2022-02-07T20:08:07+00:00\" \/>\n<meta property=\"og:image\" content=\"https:\/\/www.telam.com.ar\/thumbs\/bluesteel\/advf\/imagenes\/2022\/02\/620159ad74b50_900.jpg\" \/>\n<meta name=\"author\" content=\"Arnaldo Botto\" \/>\n<meta name=\"twitter:card\" content=\"summary_large_image\" \/>\n<script type=\"application\/ld+json\" class=\"yoast-schema-graph\">{\"@context\":\"https:\/\/schema.org\",\"@graph\":[{\"@type\":\"WebPage\",\"@id\":\"https:\/\/www.noticiasradioreflejos.com.ar\/2021\/denunciaron-en-bariloche-el-secuestro-de-los-integrantes-de-marcha-por-la-soberania\/\",\"url\":\"https:\/\/www.noticiasradioreflejos.com.ar\/2021\/denunciaron-en-bariloche-el-secuestro-de-los-integrantes-de-marcha-por-la-soberania\/\",\"name\":\"Denunciaron en Bariloche el \\\"secuestro\\\" de los integrantes de Marcha por la Soberan\u00eda - Noticias Radio Reflejos\",\"isPartOf\":{\"@id\":\"https:\/\/www.noticiasradioreflejos.com.ar\/2021\/#website\"},\"primaryImageOfPage\":{\"@id\":\"https:\/\/www.noticiasradioreflejos.com.ar\/2021\/denunciaron-en-bariloche-el-secuestro-de-los-integrantes-de-marcha-por-la-soberania\/#primaryimage\"},\"image\":{\"@id\":\"https:\/\/www.noticiasradioreflejos.com.ar\/2021\/denunciaron-en-bariloche-el-secuestro-de-los-integrantes-de-marcha-por-la-soberania\/#primaryimage\"},\"thumbnailUrl\":\"https:\/\/www.telam.com.ar\/thumbs\/bluesteel\/advf\/imagenes\/2022\/02\/620159ad74b50_900.jpg\",\"datePublished\":\"2022-02-07T20:08:07+00:00\",\"author\":{\"@id\":\"https:\/\/www.noticiasradioreflejos.com.ar\/2021\/#\/schema\/person\/ad82545263dcc5ec0996818884fd5fb1\"},\"breadcrumb\":{\"@id\":\"https:\/\/www.noticiasradioreflejos.com.ar\/2021\/denunciaron-en-bariloche-el-secuestro-de-los-integrantes-de-marcha-por-la-soberania\/#breadcrumb\"},\"inLanguage\":\"es\",\"potentialAction\":[{\"@type\":\"ReadAction\",\"target\":[\"https:\/\/www.noticiasradioreflejos.com.ar\/2021\/denunciaron-en-bariloche-el-secuestro-de-los-integrantes-de-marcha-por-la-soberania\/\"]}]},{\"@type\":\"ImageObject\",\"inLanguage\":\"es\",\"@id\":\"https:\/\/www.noticiasradioreflejos.com.ar\/2021\/denunciaron-en-bariloche-el-secuestro-de-los-integrantes-de-marcha-por-la-soberania\/#primaryimage\",\"url\":\"https:\/\/www.telam.com.ar\/thumbs\/bluesteel\/advf\/imagenes\/2022\/02\/620159ad74b50_900.jpg\",\"contentUrl\":\"https:\/\/www.telam.com.ar\/thumbs\/bluesteel\/advf\/imagenes\/2022\/02\/620159ad74b50_900.jpg\"},{\"@type\":\"BreadcrumbList\",\"@id\":\"https:\/\/www.noticiasradioreflejos.com.ar\/2021\/denunciaron-en-bariloche-el-secuestro-de-los-integrantes-de-marcha-por-la-soberania\/#breadcrumb\",\"itemListElement\":[{\"@type\":\"ListItem\",\"position\":1,\"name\":\"Portada\",\"item\":\"https:\/\/www.noticiasradioreflejos.com.ar\/2021\/\"},{\"@type\":\"ListItem\",\"position\":2,\"name\":\"Denunciaron en Bariloche el \u00absecuestro\u00bb de los integrantes de Marcha por la Soberan\u00eda\"}]},{\"@type\":\"WebSite\",\"@id\":\"https:\/\/www.noticiasradioreflejos.com.ar\/2021\/#website\",\"url\":\"https:\/\/www.noticiasradioreflejos.com.ar\/2021\/\",\"name\":\"Noticias Radio Reflejos\",\"description\":\"Las noticias de mi comarca\",\"potentialAction\":[{\"@type\":\"SearchAction\",\"target\":{\"@type\":\"EntryPoint\",\"urlTemplate\":\"https:\/\/www.noticiasradioreflejos.com.ar\/2021\/?s={search_term_string}\"},\"query-input\":{\"@type\":\"PropertyValueSpecification\",\"valueRequired\":true,\"valueName\":\"search_term_string\"}}],\"inLanguage\":\"es\"},{\"@type\":\"Person\",\"@id\":\"https:\/\/www.noticiasradioreflejos.com.ar\/2021\/#\/schema\/person\/ad82545263dcc5ec0996818884fd5fb1\",\"name\":\"Arnaldo Botto\",\"image\":{\"@type\":\"ImageObject\",\"inLanguage\":\"es\",\"@id\":\"https:\/\/www.noticiasradioreflejos.com.ar\/2021\/#\/schema\/person\/image\/\",\"url\":\"https:\/\/secure.gravatar.com\/avatar\/55cb5e37c1efa326397366e6974cb338056df65cb50e7d64d1cf314e87504837?s=96&d=mm&r=g\",\"contentUrl\":\"https:\/\/secure.gravatar.com\/avatar\/55cb5e37c1efa326397366e6974cb338056df65cb50e7d64d1cf314e87504837?s=96&d=mm&r=g\",\"caption\":\"Arnaldo Botto\"},\"url\":\"https:\/\/www.noticiasradioreflejos.com.ar\/2021\/author\/arnaldo\/\"}]}<\/script>\n<!-- \/ Yoast SEO plugin. -->","yoast_head_json":{"title":"Denunciaron en Bariloche el \"secuestro\" de los integrantes de Marcha por la Soberan\u00eda - Noticias Radio Reflejos","robots":{"index":"index","follow":"follow","max-snippet":"max-snippet:-1","max-image-preview":"max-image-preview:large","max-video-preview":"max-video-preview:-1"},"canonical":"https:\/\/www.noticiasradioreflejos.com.ar\/2021\/denunciaron-en-bariloche-el-secuestro-de-los-integrantes-de-marcha-por-la-soberania\/","og_locale":"es_ES","og_type":"article","og_title":"Denunciaron en Bariloche el \"secuestro\" de los integrantes de Marcha por la Soberan\u00eda - Noticias Radio Reflejos","og_description":"El cineasta y docente Mariano \u201cGrifo\u201d Adorno, a cargo del equipo de comunicaci\u00f3n la Fundaci\u00f3n Interactiva para Promover la Cultura del Agua, cont\u00f3 a T\u00e9lam que se present\u00f3 un habeas corpus para que \u00abla justicia arbitre los recursos para garantizar la integridad f\u00edsica\u00bb de quienes participan de la caravana","og_url":"https:\/\/www.noticiasradioreflejos.com.ar\/2021\/denunciaron-en-bariloche-el-secuestro-de-los-integrantes-de-marcha-por-la-soberania\/","og_site_name":"Noticias Radio Reflejos","article_published_time":"2022-02-07T20:08:07+00:00","og_image":[{"url":"https:\/\/www.telam.com.ar\/thumbs\/bluesteel\/advf\/imagenes\/2022\/02\/620159ad74b50_900.jpg","type":"","width":"","height":""}],"author":"Arnaldo Botto","twitter_card":"summary_large_image","schema":{"@context":"https:\/\/schema.org","@graph":[{"@type":"WebPage","@id":"https:\/\/www.noticiasradioreflejos.com.ar\/2021\/denunciaron-en-bariloche-el-secuestro-de-los-integrantes-de-marcha-por-la-soberania\/","url":"https:\/\/www.noticiasradioreflejos.com.ar\/2021\/denunciaron-en-bariloche-el-secuestro-de-los-integrantes-de-marcha-por-la-soberania\/","name":"Denunciaron en Bariloche el \"secuestro\" de los integrantes de Marcha por la Soberan\u00eda - Noticias Radio Reflejos","isPartOf":{"@id":"https:\/\/www.noticiasradioreflejos.com.ar\/2021\/#website"},"primaryImageOfPage":{"@id":"https:\/\/www.noticiasradioreflejos.com.ar\/2021\/denunciaron-en-bariloche-el-secuestro-de-los-integrantes-de-marcha-por-la-soberania\/#primaryimage"},"image":{"@id":"https:\/\/www.noticiasradioreflejos.com.ar\/2021\/denunciaron-en-bariloche-el-secuestro-de-los-integrantes-de-marcha-por-la-soberania\/#primaryimage"},"thumbnailUrl":"https:\/\/www.telam.com.ar\/thumbs\/bluesteel\/advf\/imagenes\/2022\/02\/620159ad74b50_900.jpg","datePublished":"2022-02-07T20:08:07+00:00","author":{"@id":"https:\/\/www.noticiasradioreflejos.com.ar\/2021\/#\/schema\/person\/ad82545263dcc5ec0996818884fd5fb1"},"breadcrumb":{"@id":"https:\/\/www.noticiasradioreflejos.com.ar\/2021\/denunciaron-en-bariloche-el-secuestro-de-los-integrantes-de-marcha-por-la-soberania\/#breadcrumb"},"inLanguage":"es","potentialAction":[{"@type":"ReadAction","target":["https:\/\/www.noticiasradioreflejos.com.ar\/2021\/denunciaron-en-bariloche-el-secuestro-de-los-integrantes-de-marcha-por-la-soberania\/"]}]},{"@type":"ImageObject","inLanguage":"es","@id":"https:\/\/www.noticiasradioreflejos.com.ar\/2021\/denunciaron-en-bariloche-el-secuestro-de-los-integrantes-de-marcha-por-la-soberania\/#primaryimage","url":"https:\/\/www.telam.com.ar\/thumbs\/bluesteel\/advf\/imagenes\/2022\/02\/620159ad74b50_900.jpg","contentUrl":"https:\/\/www.telam.com.ar\/thumbs\/bluesteel\/advf\/imagenes\/2022\/02\/620159ad74b50_900.jpg"},{"@type":"BreadcrumbList","@id":"https:\/\/www.noticiasradioreflejos.com.ar\/2021\/denunciaron-en-bariloche-el-secuestro-de-los-integrantes-de-marcha-por-la-soberania\/#breadcrumb","itemListElement":[{"@type":"ListItem","position":1,"name":"Portada","item":"https:\/\/www.noticiasradioreflejos.com.ar\/2021\/"},{"@type":"ListItem","position":2,"name":"Denunciaron en Bariloche el \u00absecuestro\u00bb de los integrantes de Marcha por la Soberan\u00eda"}]},{"@type":"WebSite","@id":"https:\/\/www.noticiasradioreflejos.com.ar\/2021\/#website","url":"https:\/\/www.noticiasradioreflejos.com.ar\/2021\/","name":"Noticias Radio Reflejos","description":"Las noticias de mi comarca","potentialAction":[{"@type":"SearchAction","target":{"@type":"EntryPoint","urlTemplate":"https:\/\/www.noticiasradioreflejos.com.ar\/2021\/?s={search_term_string}"},"query-input":{"@type":"PropertyValueSpecification","valueRequired":true,"valueName":"search_term_string"}}],"inLanguage":"es"},{"@type":"Person","@id":"https:\/\/www.noticiasradioreflejos.com.ar\/2021\/#\/schema\/person\/ad82545263dcc5ec0996818884fd5fb1","name":"Arnaldo Botto","image":{"@type":"ImageObject","inLanguage":"es","@id":"https:\/\/www.noticiasradioreflejos.com.ar\/2021\/#\/schema\/person\/image\/","url":"https:\/\/secure.gravatar.com\/avatar\/55cb5e37c1efa326397366e6974cb338056df65cb50e7d64d1cf314e87504837?s=96&d=mm&r=g","contentUrl":"https:\/\/secure.gravatar.com\/avatar\/55cb5e37c1efa326397366e6974cb338056df65cb50e7d64d1cf314e87504837?s=96&d=mm&r=g","caption":"Arnaldo Botto"},"url":"https:\/\/www.noticiasradioreflejos.com.ar\/2021\/author\/arnaldo\/"}]}},"_links":{"self":[{"href":"https:\/\/www.noticiasradioreflejos.com.ar\/2021\/wp-json\/wp\/v2\/posts\/68002","targetHints":{"allow":["GET"]}}],"collection":[{"href":"https:\/\/www.noticiasradioreflejos.com.ar\/2021\/wp-json\/wp\/v2\/posts"}],"about":[{"href":"https:\/\/www.noticiasradioreflejos.com.ar\/2021\/wp-json\/wp\/v2\/types\/post"}],"author":[{"embeddable":true,"href":"https:\/\/www.noticiasradioreflejos.com.ar\/2021\/wp-json\/wp\/v2\/users\/3"}],"replies":[{"embeddable":true,"href":"https:\/\/www.noticiasradioreflejos.com.ar\/2021\/wp-json\/wp\/v2\/comments?post=68002"}],"version-history":[{"count":1,"href":"https:\/\/www.noticiasradioreflejos.com.ar\/2021\/wp-json\/wp\/v2\/posts\/68002\/revisions"}],"predecessor-version":[{"id":68004,"href":"https:\/\/www.noticiasradioreflejos.com.ar\/2021\/wp-json\/wp\/v2\/posts\/68002\/revisions\/68004"}],"wp:attachment":[{"href":"https:\/\/www.noticiasradioreflejos.com.ar\/2021\/wp-json\/wp\/v2\/media?parent=68002"}],"wp:term":[{"taxonomy":"category","embeddable":true,"href":"https:\/\/www.noticiasradioreflejos.com.ar\/2021\/wp-json\/wp\/v2\/categories?post=68002"},{"taxonomy":"post_tag","embeddable":true,"href":"https:\/\/www.noticiasradioreflejos.com.ar\/2021\/wp-json\/wp\/v2\/tags?post=68002"}],"curies":[{"name":"wp","href":"https:\/\/api.w.org\/{rel}","templated":true}]}}