{"id":67995,"date":"2022-02-07T20:04:02","date_gmt":"2022-02-07T20:04:02","guid":{"rendered":"http:\/\/www.noticiasradioreflejos.com.ar\/2021\/?p=67995"},"modified":"2022-02-08T10:20:53","modified_gmt":"2022-02-08T10:20:53","slug":"de-tornquist-a-italia-yo-ya-venia-buscando-esto-hace-mucho-tuve-una-oportunidad-para-irme-a-mexico-pero-no-pude-viajar-por-la-pandemia","status":"publish","type":"post","link":"https:\/\/www.noticiasradioreflejos.com.ar\/2021\/de-tornquist-a-italia-yo-ya-venia-buscando-esto-hace-mucho-tuve-una-oportunidad-para-irme-a-mexico-pero-no-pude-viajar-por-la-pandemia\/","title":{"rendered":"De Tornquist a Italia: \u00abVen\u00eda buscando esto hace mucho, tuve una oportunidad para irme a M\u00e9xico pero no pude viajar por la pandemia\u00bb."},"content":{"rendered":"<p>El\u00a0 jugador de f\u00fatbol iniciado en las inferiores de<strong> Automoto de Tornquist<\/strong>, en los primeros d\u00edas de abril viajara a Italia para incorporarse en el <strong>Abano Calcio<\/strong>, equipo que milita en la divisi\u00f3n D del f\u00fatbol italiano.<!--more--><\/p>\n<p><a title=\"WhatsApp Image 2022-02-07 at 11.59.22\" href=\"https:\/\/www.flickr.com\/photos\/182279889@N02\/51867840011\/in\/dateposted-public\/\" data-flickr-embed=\"true\"><img loading=\"lazy\" decoding=\"async\" src=\"https:\/\/live.staticflickr.com\/65535\/51867840011_a79686acfa_z.jpg\" alt=\"WhatsApp Image 2022-02-07 at 11.59.22\" width=\"640\" height=\"342\" \/><\/a><script async src=\"\/\/embedr.flickr.com\/assets\/client-code.js\" charset=\"utf-8\"><\/script><\/p>\n<p>Joaqu\u00edn empez\u00f3 a jugar al f\u00fatbol a los 3 a\u00f1os en la escuelita del<strong> Automoto Club Deportivo de Tornquist<\/strong>. \u00abHice inferiores en Automoto, a los 16 debut\u00e9 en primera y al a\u00f1o me fui a Bah\u00eda Blanca a jugar a Liniers. El primer a\u00f1o, jugu\u00e9 en 4ta y salimos campeones, y el segundo a\u00f1o jugu\u00e9 en 4ta y en reserva\u00bb desarroll\u00f3 su carrera futbol\u00edstica.<\/p>\n<p>El joven torquistense de 20 a\u00f1os y de 1,88 mts de altura se desempe\u00f1a en el \u00e1rea como zaguero central. Su incorporaci\u00f3n al f\u00fatbol italiano se iba a producir este mi\u00e9rcoles al momento de su llegada al pa\u00eds europeo; sin embargo, un retraso administrativo en la AFA hizo que su pase no llegara a tiempo al club su pase, por lo que tuvo que reprogramar su viaje.<\/p>\n<p><a title=\"WhatsApp Image 2022-02-07 at 11.59.22 (2)\" href=\"https:\/\/www.flickr.com\/photos\/182279889@N02\/51868156184\/in\/dateposted-public\/\" data-flickr-embed=\"true\"><img loading=\"lazy\" decoding=\"async\" src=\"https:\/\/live.staticflickr.com\/65535\/51868156184_43623f6975_z.jpg\" alt=\"WhatsApp Image 2022-02-07 at 11.59.22 (2)\" width=\"640\" height=\"420\" \/><\/a><script async src=\"\/\/embedr.flickr.com\/assets\/client-code.js\" charset=\"utf-8\"><\/script><\/p>\n<p>\u00abYo ya ven\u00eda buscando esto hace mucho, tuve una oportunidad para irme a M\u00e9xico pero no pude viajar por la pandemia. Segu\u00ed mandando videos, me contact\u00e9 con una persona de all\u00e1 de Italia y \u00e9l empez\u00f3 a mover, mand\u00f3 video a los clubes y se me di\u00f3\u00bb mencion\u00f3 Joaqu\u00edn c\u00f3mo es que se le dio la oportunidad de poder ir a jugar en el <strong>Abano Calcio<\/strong>.<\/p>\n<p>El <strong>club donde jugar\u00e1 Bay\u00f3n<\/strong> se encuentra en la ciudad de<strong> V\u00e9neto<\/strong>,\u00a0 es una regi\u00f3n del noreste de Italia que se extiende desde los montes Dolomitas hasta el mar Adri\u00e1tico. Venecia, su capital regional, es famosa por sus canales, la arquitectura g\u00f3tica y las celebraciones en carnavales. V\u00e9neto fue parte de la poderosa Rep\u00fablica de Venecia por m\u00e1s de 1,000 a\u00f1os, entre los siglos VII y XVIII. Cerca del lago alpino de Garda, la medieval Verona es conocida como el escenario de \u00abRomeo y Julieta\u00bb de Shakespeare.<\/p>\n<p>\u00abLa verdad estoy bastante nervioso. Tengo una mezcla de sentimientos, a veces estoy contento a veces triste\u00bb menciona Joaqu\u00edn sobre c\u00f3mo se siente en este momento bisagra de su vida, aunque coment\u00f3 que obtuvo el apoyo inmediato de parte de su familia.<\/p>\n<p>Nota completa a continuaci\u00f3n:<br \/>\n<iframe loading=\"lazy\" src=\"https:\/\/w.soundcloud.com\/player\/?url=https%3A\/\/api.soundcloud.com\/tracks\/1211510185&amp;color=%23ff5500&amp;auto_play=false&amp;hide_related=false&amp;show_comments=true&amp;show_user=true&amp;show_reposts=false&amp;show_teaser=true\" width=\"100%\" height=\"166\" frameborder=\"no\" scrolling=\"no\"><\/iframe><\/p>\n<div style=\"font-size: 10px; color: #cccccc; line-break: anywhere; word-break: normal; overflow: hidden; white-space: nowrap; text-overflow: ellipsis; font-family: Interstate,Lucida Grande,Lucida Sans Unicode,Lucida Sans,Garuda,Verdana,Tahoma,sans-serif; font-weight: 100;\"><a style=\"color: #cccccc; text-decoration: none;\" title=\"fmreflejos 103.7\" href=\"https:\/\/soundcloud.com\/fmreflejos-103-7\" target=\"_blank\" rel=\"noopener\">fmreflejos 103.7<\/a> \u00b7 <a style=\"color: #cccccc; text-decoration: none;\" title=\"Joaquin Bay\u00f2n\" href=\"https:\/\/soundcloud.com\/fmreflejos-103-7\/joaquin-bayon\" target=\"_blank\" rel=\"noopener\">Joaquin Bay\u00f2n<\/a><\/div>\n<p><a title=\"WhatsApp Image 2022-02-07 at 11.59.23\" href=\"https:\/\/www.flickr.com\/photos\/182279889@N02\/51866873642\/in\/dateposted-public\/\" data-flickr-embed=\"true\"><img loading=\"lazy\" decoding=\"async\" src=\"https:\/\/live.staticflickr.com\/65535\/51866873642_f7c3517c0a_z.jpg\" alt=\"WhatsApp Image 2022-02-07 at 11.59.23\" width=\"640\" height=\"640\" \/><\/a><script async src=\"\/\/embedr.flickr.com\/assets\/client-code.js\" charset=\"utf-8\"><\/script><\/p>\n","protected":false},"excerpt":{"rendered":"<p>El\u00a0 jugador de f\u00fatbol iniciado en las inferiores de Automoto de Tornquist, en los primeros d\u00edas de abril viajara a Italia para incorporarse en el Abano Calcio, equipo que milita en la divisi\u00f3n D del f\u00fatbol italiano.<\/p>\n","protected":false},"author":3,"featured_media":67999,"comment_status":"closed","ping_status":"closed","sticky":false,"template":"","format":"standard","meta":{"footnotes":""},"categories":[27],"tags":[48],"class_list":["post-67995","post","type-post","status-publish","format-standard","has-post-thumbnail","hentry","category-deportes","tag-destacada"],"yoast_head":"<!-- This site is optimized with the Yoast SEO plugin v25.9 - https:\/\/yoast.com\/wordpress\/plugins\/seo\/ -->\n<title>De Tornquist a Italia: &quot;Ven\u00eda buscando esto hace mucho, tuve una oportunidad para irme a M\u00e9xico pero no pude viajar por la pandemia&quot;. - Noticias Radio Reflejos<\/title>\n<meta name=\"robots\" content=\"index, follow, max-snippet:-1, max-image-preview:large, max-video-preview:-1\" \/>\n<link rel=\"canonical\" href=\"https:\/\/www.noticiasradioreflejos.com.ar\/2021\/de-tornquist-a-italia-yo-ya-venia-buscando-esto-hace-mucho-tuve-una-oportunidad-para-irme-a-mexico-pero-no-pude-viajar-por-la-pandemia\/\" \/>\n<meta property=\"og:locale\" content=\"es_ES\" \/>\n<meta property=\"og:type\" content=\"article\" \/>\n<meta property=\"og:title\" content=\"De Tornquist a Italia: &quot;Ven\u00eda buscando esto hace mucho, tuve una oportunidad para irme a M\u00e9xico pero no pude viajar por la pandemia&quot;. - Noticias Radio Reflejos\" \/>\n<meta property=\"og:description\" content=\"El\u00a0 jugador de f\u00fatbol iniciado en las inferiores de Automoto de Tornquist, en los primeros d\u00edas de abril viajara a Italia para incorporarse en el Abano Calcio, equipo que milita en la divisi\u00f3n D del f\u00fatbol italiano.\" \/>\n<meta property=\"og:url\" content=\"https:\/\/www.noticiasradioreflejos.com.ar\/2021\/de-tornquist-a-italia-yo-ya-venia-buscando-esto-hace-mucho-tuve-una-oportunidad-para-irme-a-mexico-pero-no-pude-viajar-por-la-pandemia\/\" \/>\n<meta property=\"og:site_name\" content=\"Noticias Radio Reflejos\" \/>\n<meta property=\"article:published_time\" content=\"2022-02-07T20:04:02+00:00\" \/>\n<meta property=\"article:modified_time\" content=\"2022-02-08T10:20:53+00:00\" \/>\n<meta property=\"og:image\" content=\"https:\/\/www.noticiasradioreflejos.com.ar\/2021\/wp-content\/uploads\/2022\/02\/Bayon.jpg\" \/>\n\t<meta property=\"og:image:width\" content=\"881\" \/>\n\t<meta property=\"og:image:height\" content=\"500\" \/>\n\t<meta property=\"og:image:type\" content=\"image\/jpeg\" \/>\n<meta name=\"author\" content=\"Arnaldo Botto\" \/>\n<meta name=\"twitter:card\" content=\"summary_large_image\" \/>\n<script type=\"application\/ld+json\" class=\"yoast-schema-graph\">{\"@context\":\"https:\/\/schema.org\",\"@graph\":[{\"@type\":\"WebPage\",\"@id\":\"https:\/\/www.noticiasradioreflejos.com.ar\/2021\/de-tornquist-a-italia-yo-ya-venia-buscando-esto-hace-mucho-tuve-una-oportunidad-para-irme-a-mexico-pero-no-pude-viajar-por-la-pandemia\/\",\"url\":\"https:\/\/www.noticiasradioreflejos.com.ar\/2021\/de-tornquist-a-italia-yo-ya-venia-buscando-esto-hace-mucho-tuve-una-oportunidad-para-irme-a-mexico-pero-no-pude-viajar-por-la-pandemia\/\",\"name\":\"De Tornquist a Italia: \\\"Ven\u00eda buscando esto hace mucho, tuve una oportunidad para irme a M\u00e9xico pero no pude viajar por la pandemia\\\". - Noticias Radio Reflejos\",\"isPartOf\":{\"@id\":\"https:\/\/www.noticiasradioreflejos.com.ar\/2021\/#website\"},\"primaryImageOfPage\":{\"@id\":\"https:\/\/www.noticiasradioreflejos.com.ar\/2021\/de-tornquist-a-italia-yo-ya-venia-buscando-esto-hace-mucho-tuve-una-oportunidad-para-irme-a-mexico-pero-no-pude-viajar-por-la-pandemia\/#primaryimage\"},\"image\":{\"@id\":\"https:\/\/www.noticiasradioreflejos.com.ar\/2021\/de-tornquist-a-italia-yo-ya-venia-buscando-esto-hace-mucho-tuve-una-oportunidad-para-irme-a-mexico-pero-no-pude-viajar-por-la-pandemia\/#primaryimage\"},\"thumbnailUrl\":\"https:\/\/www.noticiasradioreflejos.com.ar\/2021\/wp-content\/uploads\/2022\/02\/Bayon.jpg\",\"datePublished\":\"2022-02-07T20:04:02+00:00\",\"dateModified\":\"2022-02-08T10:20:53+00:00\",\"author\":{\"@id\":\"https:\/\/www.noticiasradioreflejos.com.ar\/2021\/#\/schema\/person\/ad82545263dcc5ec0996818884fd5fb1\"},\"breadcrumb\":{\"@id\":\"https:\/\/www.noticiasradioreflejos.com.ar\/2021\/de-tornquist-a-italia-yo-ya-venia-buscando-esto-hace-mucho-tuve-una-oportunidad-para-irme-a-mexico-pero-no-pude-viajar-por-la-pandemia\/#breadcrumb\"},\"inLanguage\":\"es\",\"potentialAction\":[{\"@type\":\"ReadAction\",\"target\":[\"https:\/\/www.noticiasradioreflejos.com.ar\/2021\/de-tornquist-a-italia-yo-ya-venia-buscando-esto-hace-mucho-tuve-una-oportunidad-para-irme-a-mexico-pero-no-pude-viajar-por-la-pandemia\/\"]}]},{\"@type\":\"ImageObject\",\"inLanguage\":\"es\",\"@id\":\"https:\/\/www.noticiasradioreflejos.com.ar\/2021\/de-tornquist-a-italia-yo-ya-venia-buscando-esto-hace-mucho-tuve-una-oportunidad-para-irme-a-mexico-pero-no-pude-viajar-por-la-pandemia\/#primaryimage\",\"url\":\"https:\/\/www.noticiasradioreflejos.com.ar\/2021\/wp-content\/uploads\/2022\/02\/Bayon.jpg\",\"contentUrl\":\"https:\/\/www.noticiasradioreflejos.com.ar\/2021\/wp-content\/uploads\/2022\/02\/Bayon.jpg\",\"width\":881,\"height\":500},{\"@type\":\"BreadcrumbList\",\"@id\":\"https:\/\/www.noticiasradioreflejos.com.ar\/2021\/de-tornquist-a-italia-yo-ya-venia-buscando-esto-hace-mucho-tuve-una-oportunidad-para-irme-a-mexico-pero-no-pude-viajar-por-la-pandemia\/#breadcrumb\",\"itemListElement\":[{\"@type\":\"ListItem\",\"position\":1,\"name\":\"Portada\",\"item\":\"https:\/\/www.noticiasradioreflejos.com.ar\/2021\/\"},{\"@type\":\"ListItem\",\"position\":2,\"name\":\"De Tornquist a Italia: \u00abVen\u00eda buscando esto hace mucho, tuve una oportunidad para irme a M\u00e9xico pero no pude viajar por la pandemia\u00bb.\"}]},{\"@type\":\"WebSite\",\"@id\":\"https:\/\/www.noticiasradioreflejos.com.ar\/2021\/#website\",\"url\":\"https:\/\/www.noticiasradioreflejos.com.ar\/2021\/\",\"name\":\"Noticias Radio Reflejos\",\"description\":\"Las noticias de mi comarca\",\"potentialAction\":[{\"@type\":\"SearchAction\",\"target\":{\"@type\":\"EntryPoint\",\"urlTemplate\":\"https:\/\/www.noticiasradioreflejos.com.ar\/2021\/?s={search_term_string}\"},\"query-input\":{\"@type\":\"PropertyValueSpecification\",\"valueRequired\":true,\"valueName\":\"search_term_string\"}}],\"inLanguage\":\"es\"},{\"@type\":\"Person\",\"@id\":\"https:\/\/www.noticiasradioreflejos.com.ar\/2021\/#\/schema\/person\/ad82545263dcc5ec0996818884fd5fb1\",\"name\":\"Arnaldo Botto\",\"image\":{\"@type\":\"ImageObject\",\"inLanguage\":\"es\",\"@id\":\"https:\/\/www.noticiasradioreflejos.com.ar\/2021\/#\/schema\/person\/image\/\",\"url\":\"https:\/\/secure.gravatar.com\/avatar\/55cb5e37c1efa326397366e6974cb338056df65cb50e7d64d1cf314e87504837?s=96&d=mm&r=g\",\"contentUrl\":\"https:\/\/secure.gravatar.com\/avatar\/55cb5e37c1efa326397366e6974cb338056df65cb50e7d64d1cf314e87504837?s=96&d=mm&r=g\",\"caption\":\"Arnaldo Botto\"},\"url\":\"https:\/\/www.noticiasradioreflejos.com.ar\/2021\/author\/arnaldo\/\"}]}<\/script>\n<!-- \/ Yoast SEO plugin. -->","yoast_head_json":{"title":"De Tornquist a Italia: \"Ven\u00eda buscando esto hace mucho, tuve una oportunidad para irme a M\u00e9xico pero no pude viajar por la pandemia\". - Noticias Radio Reflejos","robots":{"index":"index","follow":"follow","max-snippet":"max-snippet:-1","max-image-preview":"max-image-preview:large","max-video-preview":"max-video-preview:-1"},"canonical":"https:\/\/www.noticiasradioreflejos.com.ar\/2021\/de-tornquist-a-italia-yo-ya-venia-buscando-esto-hace-mucho-tuve-una-oportunidad-para-irme-a-mexico-pero-no-pude-viajar-por-la-pandemia\/","og_locale":"es_ES","og_type":"article","og_title":"De Tornquist a Italia: \"Ven\u00eda buscando esto hace mucho, tuve una oportunidad para irme a M\u00e9xico pero no pude viajar por la pandemia\". - Noticias Radio Reflejos","og_description":"El\u00a0 jugador de f\u00fatbol iniciado en las inferiores de Automoto de Tornquist, en los primeros d\u00edas de abril viajara a Italia para incorporarse en el Abano Calcio, equipo que milita en la divisi\u00f3n D del f\u00fatbol italiano.","og_url":"https:\/\/www.noticiasradioreflejos.com.ar\/2021\/de-tornquist-a-italia-yo-ya-venia-buscando-esto-hace-mucho-tuve-una-oportunidad-para-irme-a-mexico-pero-no-pude-viajar-por-la-pandemia\/","og_site_name":"Noticias Radio Reflejos","article_published_time":"2022-02-07T20:04:02+00:00","article_modified_time":"2022-02-08T10:20:53+00:00","og_image":[{"width":881,"height":500,"url":"https:\/\/www.noticiasradioreflejos.com.ar\/2021\/wp-content\/uploads\/2022\/02\/Bayon.jpg","type":"image\/jpeg"}],"author":"Arnaldo Botto","twitter_card":"summary_large_image","schema":{"@context":"https:\/\/schema.org","@graph":[{"@type":"WebPage","@id":"https:\/\/www.noticiasradioreflejos.com.ar\/2021\/de-tornquist-a-italia-yo-ya-venia-buscando-esto-hace-mucho-tuve-una-oportunidad-para-irme-a-mexico-pero-no-pude-viajar-por-la-pandemia\/","url":"https:\/\/www.noticiasradioreflejos.com.ar\/2021\/de-tornquist-a-italia-yo-ya-venia-buscando-esto-hace-mucho-tuve-una-oportunidad-para-irme-a-mexico-pero-no-pude-viajar-por-la-pandemia\/","name":"De Tornquist a Italia: \"Ven\u00eda buscando esto hace mucho, tuve una oportunidad para irme a M\u00e9xico pero no pude viajar por la pandemia\". - Noticias Radio Reflejos","isPartOf":{"@id":"https:\/\/www.noticiasradioreflejos.com.ar\/2021\/#website"},"primaryImageOfPage":{"@id":"https:\/\/www.noticiasradioreflejos.com.ar\/2021\/de-tornquist-a-italia-yo-ya-venia-buscando-esto-hace-mucho-tuve-una-oportunidad-para-irme-a-mexico-pero-no-pude-viajar-por-la-pandemia\/#primaryimage"},"image":{"@id":"https:\/\/www.noticiasradioreflejos.com.ar\/2021\/de-tornquist-a-italia-yo-ya-venia-buscando-esto-hace-mucho-tuve-una-oportunidad-para-irme-a-mexico-pero-no-pude-viajar-por-la-pandemia\/#primaryimage"},"thumbnailUrl":"https:\/\/www.noticiasradioreflejos.com.ar\/2021\/wp-content\/uploads\/2022\/02\/Bayon.jpg","datePublished":"2022-02-07T20:04:02+00:00","dateModified":"2022-02-08T10:20:53+00:00","author":{"@id":"https:\/\/www.noticiasradioreflejos.com.ar\/2021\/#\/schema\/person\/ad82545263dcc5ec0996818884fd5fb1"},"breadcrumb":{"@id":"https:\/\/www.noticiasradioreflejos.com.ar\/2021\/de-tornquist-a-italia-yo-ya-venia-buscando-esto-hace-mucho-tuve-una-oportunidad-para-irme-a-mexico-pero-no-pude-viajar-por-la-pandemia\/#breadcrumb"},"inLanguage":"es","potentialAction":[{"@type":"ReadAction","target":["https:\/\/www.noticiasradioreflejos.com.ar\/2021\/de-tornquist-a-italia-yo-ya-venia-buscando-esto-hace-mucho-tuve-una-oportunidad-para-irme-a-mexico-pero-no-pude-viajar-por-la-pandemia\/"]}]},{"@type":"ImageObject","inLanguage":"es","@id":"https:\/\/www.noticiasradioreflejos.com.ar\/2021\/de-tornquist-a-italia-yo-ya-venia-buscando-esto-hace-mucho-tuve-una-oportunidad-para-irme-a-mexico-pero-no-pude-viajar-por-la-pandemia\/#primaryimage","url":"https:\/\/www.noticiasradioreflejos.com.ar\/2021\/wp-content\/uploads\/2022\/02\/Bayon.jpg","contentUrl":"https:\/\/www.noticiasradioreflejos.com.ar\/2021\/wp-content\/uploads\/2022\/02\/Bayon.jpg","width":881,"height":500},{"@type":"BreadcrumbList","@id":"https:\/\/www.noticiasradioreflejos.com.ar\/2021\/de-tornquist-a-italia-yo-ya-venia-buscando-esto-hace-mucho-tuve-una-oportunidad-para-irme-a-mexico-pero-no-pude-viajar-por-la-pandemia\/#breadcrumb","itemListElement":[{"@type":"ListItem","position":1,"name":"Portada","item":"https:\/\/www.noticiasradioreflejos.com.ar\/2021\/"},{"@type":"ListItem","position":2,"name":"De Tornquist a Italia: \u00abVen\u00eda buscando esto hace mucho, tuve una oportunidad para irme a M\u00e9xico pero no pude viajar por la pandemia\u00bb."}]},{"@type":"WebSite","@id":"https:\/\/www.noticiasradioreflejos.com.ar\/2021\/#website","url":"https:\/\/www.noticiasradioreflejos.com.ar\/2021\/","name":"Noticias Radio Reflejos","description":"Las noticias de mi comarca","potentialAction":[{"@type":"SearchAction","target":{"@type":"EntryPoint","urlTemplate":"https:\/\/www.noticiasradioreflejos.com.ar\/2021\/?s={search_term_string}"},"query-input":{"@type":"PropertyValueSpecification","valueRequired":true,"valueName":"search_term_string"}}],"inLanguage":"es"},{"@type":"Person","@id":"https:\/\/www.noticiasradioreflejos.com.ar\/2021\/#\/schema\/person\/ad82545263dcc5ec0996818884fd5fb1","name":"Arnaldo Botto","image":{"@type":"ImageObject","inLanguage":"es","@id":"https:\/\/www.noticiasradioreflejos.com.ar\/2021\/#\/schema\/person\/image\/","url":"https:\/\/secure.gravatar.com\/avatar\/55cb5e37c1efa326397366e6974cb338056df65cb50e7d64d1cf314e87504837?s=96&d=mm&r=g","contentUrl":"https:\/\/secure.gravatar.com\/avatar\/55cb5e37c1efa326397366e6974cb338056df65cb50e7d64d1cf314e87504837?s=96&d=mm&r=g","caption":"Arnaldo Botto"},"url":"https:\/\/www.noticiasradioreflejos.com.ar\/2021\/author\/arnaldo\/"}]}},"_links":{"self":[{"href":"https:\/\/www.noticiasradioreflejos.com.ar\/2021\/wp-json\/wp\/v2\/posts\/67995","targetHints":{"allow":["GET"]}}],"collection":[{"href":"https:\/\/www.noticiasradioreflejos.com.ar\/2021\/wp-json\/wp\/v2\/posts"}],"about":[{"href":"https:\/\/www.noticiasradioreflejos.com.ar\/2021\/wp-json\/wp\/v2\/types\/post"}],"author":[{"embeddable":true,"href":"https:\/\/www.noticiasradioreflejos.com.ar\/2021\/wp-json\/wp\/v2\/users\/3"}],"replies":[{"embeddable":true,"href":"https:\/\/www.noticiasradioreflejos.com.ar\/2021\/wp-json\/wp\/v2\/comments?post=67995"}],"version-history":[{"count":6,"href":"https:\/\/www.noticiasradioreflejos.com.ar\/2021\/wp-json\/wp\/v2\/posts\/67995\/revisions"}],"predecessor-version":[{"id":68010,"href":"https:\/\/www.noticiasradioreflejos.com.ar\/2021\/wp-json\/wp\/v2\/posts\/67995\/revisions\/68010"}],"wp:featuredmedia":[{"embeddable":true,"href":"https:\/\/www.noticiasradioreflejos.com.ar\/2021\/wp-json\/wp\/v2\/media\/67999"}],"wp:attachment":[{"href":"https:\/\/www.noticiasradioreflejos.com.ar\/2021\/wp-json\/wp\/v2\/media?parent=67995"}],"wp:term":[{"taxonomy":"category","embeddable":true,"href":"https:\/\/www.noticiasradioreflejos.com.ar\/2021\/wp-json\/wp\/v2\/categories?post=67995"},{"taxonomy":"post_tag","embeddable":true,"href":"https:\/\/www.noticiasradioreflejos.com.ar\/2021\/wp-json\/wp\/v2\/tags?post=67995"}],"curies":[{"name":"wp","href":"https:\/\/api.w.org\/{rel}","templated":true}]}}