{"id":67993,"date":"2022-02-07T19:50:53","date_gmt":"2022-02-07T19:50:53","guid":{"rendered":"http:\/\/www.noticiasradioreflejos.com.ar\/2021\/?p=67993"},"modified":"2022-02-07T19:50:53","modified_gmt":"2022-02-07T19:50:53","slug":"queremos-usar-las-piletas-queremos-pagar-por-las-piletas-hay-mucha-gente-con-ganas-de-rehabilitarse","status":"publish","type":"post","link":"https:\/\/www.noticiasradioreflejos.com.ar\/2021\/queremos-usar-las-piletas-queremos-pagar-por-las-piletas-hay-mucha-gente-con-ganas-de-rehabilitarse\/","title":{"rendered":"\u00abQueremos usar las piletas, queremos pagar por las piletas, hay mucha gente con ganas de rehabilitarse\u00bb"},"content":{"rendered":"<p><strong>\u00abQue vuelva la pile a Sierra\u00bb<\/strong> es una organizaci\u00f3n social que tiene como objetivo, como su nombre lo dice, hacer que la pileta climatizada vuelva a funcionar en la localidad de Sierra de la Ventana. Walter Andrada, integrante de este colectivo, nos cuenta cu\u00e1les son las acciones que han tomado desde la agrupaci\u00f3n para luchar por el retorno de su funcionamiento durante la temporada.<!--more--><\/p>\n<p>\u00abLo primero que hacemos es juntar firmas en la comarca\u00bb explic\u00f3 Walter c\u00f3mo inici\u00f3 el trabajo de la agrupaci\u00f3n en relaci\u00f3n al funcionamiento de las piletas. Walter comenta que, en un per\u00edodo de 8 d\u00edas, se juntaron unas 400 firmas para la vuelta de las piletas. Estas firmas fueron presentadas al Secretario de Gobierno, Ezequiel Gabella, obteniendo la negativa.<\/p>\n<p>El pr\u00f3ximo paso fue, luego del cambio de la comisi\u00f3n directiva de bomberos, presentar notas al departamento Ejecutivo, pidiendo una reuni\u00f3n con el intendente. Tambi\u00e9n enviaron notas a los concejales y al Defensor del Pueblo, Jos\u00e9 Corbatta. Walter menciona que a\u00fan no han recibido respuesta de las notas mencionadas salvo por los concejales, quienes se reunieron con la agrupaci\u00f3n.<\/p>\n<p>Las piletas de Sierra de la Ventana dejaron de funcionar en el a\u00f1o 2019. Luego, pas\u00f3 la pandemia, situaci\u00f3n que obstaculiz\u00f3 la apertura del predio y dejando, por lo tanto, grandes desgastes y da\u00f1os de los aparatos de las piletas que no fueron mantenidos durante dos a\u00f1os.<\/p>\n<p>Desde la agrupaci\u00f3n, se tiene la iniciativa de formar una cooperativa de trabajo. \u00abNosotros no pedimos que la pileta sea gratis ni que sea barata. Que se pague un precio justo para cualquier socio. Lo primero que les propusimos a los concejales fue que se abra una concesi\u00f3n y se resuelva la situaci\u00f3n con un privado. Si eso no se puede hacer, proponemos una cooperativa de trabajo que incluya a guardavidas, instructores, profesores de educaci\u00f3n f\u00edsica, gente que pueda mantener las piletas, gente que pueda atender la cantina y 1 o 2 administrativos\u00bb.<\/p>\n<p>\u00abEste viernes vamos a presentar por mesa de entradas un proyecto de declaraci\u00f3n de inter\u00e9s municipal de la iniciativa, porque entendemos que, con eso, nosotros como vecinos vamos a poder ayudar a conseguir estos insumos y pedir donaciones no para nosotros, sino para que las calderas \/ equipos, sean donados al municipio\u00bb explic\u00f3 una de las ideas en las que la agrupaci\u00f3n est\u00e1 trabajando.<\/p>\n<p>\u00abQueremos usar las piletas, queremos pagar por las piletas, hay mucha gente con ganas de rehabilitarse\u00bb expres\u00f3 finalmente.<\/p>\n<p>Nota completa a continuaci\u00f3n:<br \/>\n<iframe loading=\"lazy\" src=\"https:\/\/w.soundcloud.com\/player\/?url=https%3A\/\/api.soundcloud.com\/tracks\/1211384359&amp;color=%23ff5500&amp;auto_play=false&amp;hide_related=false&amp;show_comments=true&amp;show_user=true&amp;show_reposts=false&amp;show_teaser=true\" width=\"100%\" height=\"166\" frameborder=\"no\" scrolling=\"no\"><\/iframe><\/p>\n<div style=\"font-size: 10px; color: #cccccc; line-break: anywhere; word-break: normal; overflow: hidden; white-space: nowrap; text-overflow: ellipsis; font-family: Interstate,Lucida Grande,Lucida Sans Unicode,Lucida Sans,Garuda,Verdana,Tahoma,sans-serif; font-weight: 100;\"><a style=\"color: #cccccc; text-decoration: none;\" title=\"fmreflejos 103.7\" href=\"https:\/\/soundcloud.com\/fmreflejos-103-7\" target=\"_blank\" rel=\"noopener\">fmreflejos 103.7<\/a> \u00b7 <a style=\"color: #cccccc; text-decoration: none;\" title=\"Walter Andrada\" href=\"https:\/\/soundcloud.com\/fmreflejos-103-7\/walter-andrada\" target=\"_blank\" rel=\"noopener\">Walter Andrada<\/a><\/div>\n","protected":false},"excerpt":{"rendered":"<p>\u00abQue vuelva la pile a Sierra\u00bb es una organizaci\u00f3n social que tiene como objetivo, como su nombre lo dice, hacer que la pileta climatizada vuelva a funcionar en la localidad de Sierra de la Ventana. Walter Andrada, integrante de este colectivo, nos cuenta cu\u00e1les son las acciones que han tomado desde la agrupaci\u00f3n para luchar [&hellip;]<\/p>\n","protected":false},"author":3,"featured_media":0,"comment_status":"closed","ping_status":"closed","sticky":false,"template":"","format":"standard","meta":{"footnotes":""},"categories":[26],"tags":[48],"class_list":["post-67993","post","type-post","status-publish","format-standard","hentry","category-sociedad","tag-destacada"],"yoast_head":"<!-- This site is optimized with the Yoast SEO plugin v25.9 - https:\/\/yoast.com\/wordpress\/plugins\/seo\/ -->\n<title>&quot;Queremos usar las piletas, queremos pagar por las piletas, hay mucha gente con ganas de rehabilitarse&quot; - Noticias Radio Reflejos<\/title>\n<meta name=\"robots\" content=\"index, follow, max-snippet:-1, max-image-preview:large, max-video-preview:-1\" \/>\n<link rel=\"canonical\" href=\"https:\/\/www.noticiasradioreflejos.com.ar\/2021\/queremos-usar-las-piletas-queremos-pagar-por-las-piletas-hay-mucha-gente-con-ganas-de-rehabilitarse\/\" \/>\n<meta property=\"og:locale\" content=\"es_ES\" \/>\n<meta property=\"og:type\" content=\"article\" \/>\n<meta property=\"og:title\" content=\"&quot;Queremos usar las piletas, queremos pagar por las piletas, hay mucha gente con ganas de rehabilitarse&quot; - Noticias Radio Reflejos\" \/>\n<meta property=\"og:description\" content=\"\u00abQue vuelva la pile a Sierra\u00bb es una organizaci\u00f3n social que tiene como objetivo, como su nombre lo dice, hacer que la pileta climatizada vuelva a funcionar en la localidad de Sierra de la Ventana. Walter Andrada, integrante de este colectivo, nos cuenta cu\u00e1les son las acciones que han tomado desde la agrupaci\u00f3n para luchar [&hellip;]\" \/>\n<meta property=\"og:url\" content=\"https:\/\/www.noticiasradioreflejos.com.ar\/2021\/queremos-usar-las-piletas-queremos-pagar-por-las-piletas-hay-mucha-gente-con-ganas-de-rehabilitarse\/\" \/>\n<meta property=\"og:site_name\" content=\"Noticias Radio Reflejos\" \/>\n<meta property=\"article:published_time\" content=\"2022-02-07T19:50:53+00:00\" \/>\n<meta property=\"og:image\" content=\"https:\/\/www.noticiasradioreflejos.com.ar\/2021\/wp-content\/uploads\/2021\/07\/logosol300x200.png\" \/>\n\t<meta property=\"og:image:width\" content=\"300\" \/>\n\t<meta property=\"og:image:height\" content=\"200\" \/>\n\t<meta property=\"og:image:type\" content=\"image\/png\" \/>\n<meta name=\"author\" content=\"Arnaldo Botto\" \/>\n<meta name=\"twitter:card\" content=\"summary_large_image\" \/>\n<script type=\"application\/ld+json\" class=\"yoast-schema-graph\">{\"@context\":\"https:\/\/schema.org\",\"@graph\":[{\"@type\":\"WebPage\",\"@id\":\"https:\/\/www.noticiasradioreflejos.com.ar\/2021\/queremos-usar-las-piletas-queremos-pagar-por-las-piletas-hay-mucha-gente-con-ganas-de-rehabilitarse\/\",\"url\":\"https:\/\/www.noticiasradioreflejos.com.ar\/2021\/queremos-usar-las-piletas-queremos-pagar-por-las-piletas-hay-mucha-gente-con-ganas-de-rehabilitarse\/\",\"name\":\"\\\"Queremos usar las piletas, queremos pagar por las piletas, hay mucha gente con ganas de rehabilitarse\\\" - Noticias Radio Reflejos\",\"isPartOf\":{\"@id\":\"https:\/\/www.noticiasradioreflejos.com.ar\/2021\/#website\"},\"datePublished\":\"2022-02-07T19:50:53+00:00\",\"author\":{\"@id\":\"https:\/\/www.noticiasradioreflejos.com.ar\/2021\/#\/schema\/person\/ad82545263dcc5ec0996818884fd5fb1\"},\"breadcrumb\":{\"@id\":\"https:\/\/www.noticiasradioreflejos.com.ar\/2021\/queremos-usar-las-piletas-queremos-pagar-por-las-piletas-hay-mucha-gente-con-ganas-de-rehabilitarse\/#breadcrumb\"},\"inLanguage\":\"es\",\"potentialAction\":[{\"@type\":\"ReadAction\",\"target\":[\"https:\/\/www.noticiasradioreflejos.com.ar\/2021\/queremos-usar-las-piletas-queremos-pagar-por-las-piletas-hay-mucha-gente-con-ganas-de-rehabilitarse\/\"]}]},{\"@type\":\"BreadcrumbList\",\"@id\":\"https:\/\/www.noticiasradioreflejos.com.ar\/2021\/queremos-usar-las-piletas-queremos-pagar-por-las-piletas-hay-mucha-gente-con-ganas-de-rehabilitarse\/#breadcrumb\",\"itemListElement\":[{\"@type\":\"ListItem\",\"position\":1,\"name\":\"Portada\",\"item\":\"https:\/\/www.noticiasradioreflejos.com.ar\/2021\/\"},{\"@type\":\"ListItem\",\"position\":2,\"name\":\"\u00abQueremos usar las piletas, queremos pagar por las piletas, hay mucha gente con ganas de rehabilitarse\u00bb\"}]},{\"@type\":\"WebSite\",\"@id\":\"https:\/\/www.noticiasradioreflejos.com.ar\/2021\/#website\",\"url\":\"https:\/\/www.noticiasradioreflejos.com.ar\/2021\/\",\"name\":\"Noticias Radio Reflejos\",\"description\":\"Las noticias de mi comarca\",\"potentialAction\":[{\"@type\":\"SearchAction\",\"target\":{\"@type\":\"EntryPoint\",\"urlTemplate\":\"https:\/\/www.noticiasradioreflejos.com.ar\/2021\/?s={search_term_string}\"},\"query-input\":{\"@type\":\"PropertyValueSpecification\",\"valueRequired\":true,\"valueName\":\"search_term_string\"}}],\"inLanguage\":\"es\"},{\"@type\":\"Person\",\"@id\":\"https:\/\/www.noticiasradioreflejos.com.ar\/2021\/#\/schema\/person\/ad82545263dcc5ec0996818884fd5fb1\",\"name\":\"Arnaldo Botto\",\"image\":{\"@type\":\"ImageObject\",\"inLanguage\":\"es\",\"@id\":\"https:\/\/www.noticiasradioreflejos.com.ar\/2021\/#\/schema\/person\/image\/\",\"url\":\"https:\/\/secure.gravatar.com\/avatar\/55cb5e37c1efa326397366e6974cb338056df65cb50e7d64d1cf314e87504837?s=96&d=mm&r=g\",\"contentUrl\":\"https:\/\/secure.gravatar.com\/avatar\/55cb5e37c1efa326397366e6974cb338056df65cb50e7d64d1cf314e87504837?s=96&d=mm&r=g\",\"caption\":\"Arnaldo Botto\"},\"url\":\"https:\/\/www.noticiasradioreflejos.com.ar\/2021\/author\/arnaldo\/\"}]}<\/script>\n<!-- \/ Yoast SEO plugin. -->","yoast_head_json":{"title":"\"Queremos usar las piletas, queremos pagar por las piletas, hay mucha gente con ganas de rehabilitarse\" - Noticias Radio Reflejos","robots":{"index":"index","follow":"follow","max-snippet":"max-snippet:-1","max-image-preview":"max-image-preview:large","max-video-preview":"max-video-preview:-1"},"canonical":"https:\/\/www.noticiasradioreflejos.com.ar\/2021\/queremos-usar-las-piletas-queremos-pagar-por-las-piletas-hay-mucha-gente-con-ganas-de-rehabilitarse\/","og_locale":"es_ES","og_type":"article","og_title":"\"Queremos usar las piletas, queremos pagar por las piletas, hay mucha gente con ganas de rehabilitarse\" - Noticias Radio Reflejos","og_description":"\u00abQue vuelva la pile a Sierra\u00bb es una organizaci\u00f3n social que tiene como objetivo, como su nombre lo dice, hacer que la pileta climatizada vuelva a funcionar en la localidad de Sierra de la Ventana. Walter Andrada, integrante de este colectivo, nos cuenta cu\u00e1les son las acciones que han tomado desde la agrupaci\u00f3n para luchar [&hellip;]","og_url":"https:\/\/www.noticiasradioreflejos.com.ar\/2021\/queremos-usar-las-piletas-queremos-pagar-por-las-piletas-hay-mucha-gente-con-ganas-de-rehabilitarse\/","og_site_name":"Noticias Radio Reflejos","article_published_time":"2022-02-07T19:50:53+00:00","og_image":[{"width":300,"height":200,"url":"https:\/\/www.noticiasradioreflejos.com.ar\/2021\/wp-content\/uploads\/2021\/07\/logosol300x200.png","type":"image\/png"}],"author":"Arnaldo Botto","twitter_card":"summary_large_image","schema":{"@context":"https:\/\/schema.org","@graph":[{"@type":"WebPage","@id":"https:\/\/www.noticiasradioreflejos.com.ar\/2021\/queremos-usar-las-piletas-queremos-pagar-por-las-piletas-hay-mucha-gente-con-ganas-de-rehabilitarse\/","url":"https:\/\/www.noticiasradioreflejos.com.ar\/2021\/queremos-usar-las-piletas-queremos-pagar-por-las-piletas-hay-mucha-gente-con-ganas-de-rehabilitarse\/","name":"\"Queremos usar las piletas, queremos pagar por las piletas, hay mucha gente con ganas de rehabilitarse\" - Noticias Radio Reflejos","isPartOf":{"@id":"https:\/\/www.noticiasradioreflejos.com.ar\/2021\/#website"},"datePublished":"2022-02-07T19:50:53+00:00","author":{"@id":"https:\/\/www.noticiasradioreflejos.com.ar\/2021\/#\/schema\/person\/ad82545263dcc5ec0996818884fd5fb1"},"breadcrumb":{"@id":"https:\/\/www.noticiasradioreflejos.com.ar\/2021\/queremos-usar-las-piletas-queremos-pagar-por-las-piletas-hay-mucha-gente-con-ganas-de-rehabilitarse\/#breadcrumb"},"inLanguage":"es","potentialAction":[{"@type":"ReadAction","target":["https:\/\/www.noticiasradioreflejos.com.ar\/2021\/queremos-usar-las-piletas-queremos-pagar-por-las-piletas-hay-mucha-gente-con-ganas-de-rehabilitarse\/"]}]},{"@type":"BreadcrumbList","@id":"https:\/\/www.noticiasradioreflejos.com.ar\/2021\/queremos-usar-las-piletas-queremos-pagar-por-las-piletas-hay-mucha-gente-con-ganas-de-rehabilitarse\/#breadcrumb","itemListElement":[{"@type":"ListItem","position":1,"name":"Portada","item":"https:\/\/www.noticiasradioreflejos.com.ar\/2021\/"},{"@type":"ListItem","position":2,"name":"\u00abQueremos usar las piletas, queremos pagar por las piletas, hay mucha gente con ganas de rehabilitarse\u00bb"}]},{"@type":"WebSite","@id":"https:\/\/www.noticiasradioreflejos.com.ar\/2021\/#website","url":"https:\/\/www.noticiasradioreflejos.com.ar\/2021\/","name":"Noticias Radio Reflejos","description":"Las noticias de mi comarca","potentialAction":[{"@type":"SearchAction","target":{"@type":"EntryPoint","urlTemplate":"https:\/\/www.noticiasradioreflejos.com.ar\/2021\/?s={search_term_string}"},"query-input":{"@type":"PropertyValueSpecification","valueRequired":true,"valueName":"search_term_string"}}],"inLanguage":"es"},{"@type":"Person","@id":"https:\/\/www.noticiasradioreflejos.com.ar\/2021\/#\/schema\/person\/ad82545263dcc5ec0996818884fd5fb1","name":"Arnaldo Botto","image":{"@type":"ImageObject","inLanguage":"es","@id":"https:\/\/www.noticiasradioreflejos.com.ar\/2021\/#\/schema\/person\/image\/","url":"https:\/\/secure.gravatar.com\/avatar\/55cb5e37c1efa326397366e6974cb338056df65cb50e7d64d1cf314e87504837?s=96&d=mm&r=g","contentUrl":"https:\/\/secure.gravatar.com\/avatar\/55cb5e37c1efa326397366e6974cb338056df65cb50e7d64d1cf314e87504837?s=96&d=mm&r=g","caption":"Arnaldo Botto"},"url":"https:\/\/www.noticiasradioreflejos.com.ar\/2021\/author\/arnaldo\/"}]}},"_links":{"self":[{"href":"https:\/\/www.noticiasradioreflejos.com.ar\/2021\/wp-json\/wp\/v2\/posts\/67993","targetHints":{"allow":["GET"]}}],"collection":[{"href":"https:\/\/www.noticiasradioreflejos.com.ar\/2021\/wp-json\/wp\/v2\/posts"}],"about":[{"href":"https:\/\/www.noticiasradioreflejos.com.ar\/2021\/wp-json\/wp\/v2\/types\/post"}],"author":[{"embeddable":true,"href":"https:\/\/www.noticiasradioreflejos.com.ar\/2021\/wp-json\/wp\/v2\/users\/3"}],"replies":[{"embeddable":true,"href":"https:\/\/www.noticiasradioreflejos.com.ar\/2021\/wp-json\/wp\/v2\/comments?post=67993"}],"version-history":[{"count":2,"href":"https:\/\/www.noticiasradioreflejos.com.ar\/2021\/wp-json\/wp\/v2\/posts\/67993\/revisions"}],"predecessor-version":[{"id":67998,"href":"https:\/\/www.noticiasradioreflejos.com.ar\/2021\/wp-json\/wp\/v2\/posts\/67993\/revisions\/67998"}],"wp:attachment":[{"href":"https:\/\/www.noticiasradioreflejos.com.ar\/2021\/wp-json\/wp\/v2\/media?parent=67993"}],"wp:term":[{"taxonomy":"category","embeddable":true,"href":"https:\/\/www.noticiasradioreflejos.com.ar\/2021\/wp-json\/wp\/v2\/categories?post=67993"},{"taxonomy":"post_tag","embeddable":true,"href":"https:\/\/www.noticiasradioreflejos.com.ar\/2021\/wp-json\/wp\/v2\/tags?post=67993"}],"curies":[{"name":"wp","href":"https:\/\/api.w.org\/{rel}","templated":true}]}}