{"id":67975,"date":"2022-02-07T13:22:21","date_gmt":"2022-02-07T13:22:21","guid":{"rendered":"http:\/\/www.noticiasradioreflejos.com.ar\/2021\/?p=67975"},"modified":"2022-02-07T17:45:25","modified_gmt":"2022-02-07T17:45:25","slug":"este-martes-en-la-macedonio-presentacion-del-libro-trencadis-de-mujeres","status":"publish","type":"post","link":"https:\/\/www.noticiasradioreflejos.com.ar\/2021\/este-martes-en-la-macedonio-presentacion-del-libro-trencadis-de-mujeres\/","title":{"rendered":"Este martes en la Macedonio, presentaci\u00f3n del libro \u00abTrencadis de mujeres\u00bb"},"content":{"rendered":"<div><\/div>\n<div><u>Martes 8 de febrero, 18.30 hs. :\u00a0<\/u>Presentaci\u00f3n del libro<strong> \u00abTrencadis de mujeres\u00bb<\/strong> a cargo de <strong>Virginia Haurie<\/strong>.<\/div>\n<p><!--more--><\/p>\n<h4>Trencad\u00eds de mujeres<\/h4>\n<h4>\nAutoras: Virginia Haurie, Paula Ron y Camila Uribe<\/h4>\n<p>Trencad\u00eds de mujeres atraviesa los temas que preocupan a las mujeres entre 35 y 48 a\u00f1os: maternidad, sexualidad, pareja, realizaci\u00f3n profesional, abuso, cuerpo, familia. Las diferentes tem\u00e1ticas se abordan desde la propia experiencia de forma cautivante e intimista y muestran el camino que ha recorrido el g\u00e9nero femenino desde inicios de los a\u00f1os 90.<br \/>\nA las autoras \u2013de tres generaciones distintas\u2013 las une la literatura: Virginia Haurie tiene varios libros publicados, entre ellos Mujeres solas, Editorial Planeta, 1992, sobre la problem\u00e1tica de las mujeres de 30 a 45 a\u00f1os. Paula Ron es autora de La vida es bella, un retrato de la relaci\u00f3n entre madres e hijas y de las vicisitudes de una familia itinerante; y Camila Uribe, una poeta, autora de A veces en tarde silenciosas. Las historias de las tres se entrelazan con las vidas de 14 mujeres que tienen en com\u00fan persistir en el logro de sus proyectos y una vida que trascurre en distintas ciudades del mundo.<br \/>\nTrencad\u00eds de Mujeres se gesta durante el viaje de siete d\u00edas a una comarca de antiguas sierras al sur de la provincia de Bue-nos Aires. Al estilo de un road movie se muestra el proceso de escritura del libro en el que se entremezclan conversaciones, mon\u00f3logos interiores, experiencias, adem\u00e1s de datos y aportes de profesionales afines a la tem\u00e1tica. El final del viaje ocurre cuando se declara la pandemia y, ante la incertidumbre que genera, las autoras se preguntan, como muchos a lo largo del planeta, si continuar o no con el proyecto.<br \/>\nTrencad\u00eds de mujeres pretende hacer un aporte para comprender un mundo que cambia demasiado r\u00e1pido.<\/p>\n<div><\/div>\n<div>Temas que debaten hoy las mujeres. Una conversaci\u00f3n de Gaby Garc\u00eda, Adriana Ferrari y la autora sobre este libro. Lectura de fragmentos de la obra.<\/div>\n<div>Entrada libre y gratuita.<\/div>\n<div><img loading=\"lazy\" decoding=\"async\" class=\"aligncenter size-full wp-image-67976\" src=\"http:\/\/www.noticiasradioreflejos.com.ar\/2021\/wp-content\/uploads\/2022\/02\/271844718_1077994482995545_1265456628004061940_n.jpg\" alt=\"\" width=\"1080\" height=\"1079\" \/><\/div>\n","protected":false},"excerpt":{"rendered":"<p>Martes 8 de febrero, 18.30 hs. :\u00a0Presentaci\u00f3n del libro \u00abTrencadis de mujeres\u00bb a cargo de Virginia Haurie.<\/p>\n","protected":false},"author":3,"featured_media":37978,"comment_status":"closed","ping_status":"closed","sticky":false,"template":"","format":"standard","meta":{"footnotes":""},"categories":[35],"tags":[],"class_list":["post-67975","post","type-post","status-publish","format-standard","has-post-thumbnail","hentry","category-cultura"],"yoast_head":"<!-- This site is optimized with the Yoast SEO plugin v25.9 - https:\/\/yoast.com\/wordpress\/plugins\/seo\/ -->\n<title>Este martes en la Macedonio, presentaci\u00f3n del libro &quot;Trencadis de mujeres&quot; - Noticias Radio Reflejos<\/title>\n<meta name=\"robots\" content=\"index, follow, max-snippet:-1, max-image-preview:large, max-video-preview:-1\" \/>\n<link rel=\"canonical\" href=\"https:\/\/www.noticiasradioreflejos.com.ar\/2021\/este-martes-en-la-macedonio-presentacion-del-libro-trencadis-de-mujeres\/\" \/>\n<meta property=\"og:locale\" content=\"es_ES\" \/>\n<meta property=\"og:type\" content=\"article\" \/>\n<meta property=\"og:title\" content=\"Este martes en la Macedonio, presentaci\u00f3n del libro &quot;Trencadis de mujeres&quot; - Noticias Radio Reflejos\" \/>\n<meta property=\"og:description\" content=\"Martes 8 de febrero, 18.30 hs. :\u00a0Presentaci\u00f3n del libro \u00abTrencadis de mujeres\u00bb a cargo de Virginia Haurie.\" \/>\n<meta property=\"og:url\" content=\"https:\/\/www.noticiasradioreflejos.com.ar\/2021\/este-martes-en-la-macedonio-presentacion-del-libro-trencadis-de-mujeres\/\" \/>\n<meta property=\"og:site_name\" content=\"Noticias Radio Reflejos\" \/>\n<meta property=\"article:published_time\" content=\"2022-02-07T13:22:21+00:00\" \/>\n<meta property=\"article:modified_time\" content=\"2022-02-07T17:45:25+00:00\" \/>\n<meta property=\"og:image\" content=\"https:\/\/www.noticiasradioreflejos.com.ar\/2021\/wp-content\/uploads\/2020\/01\/Biblioteca-macedonio.jpg\" \/>\n\t<meta property=\"og:image:width\" content=\"960\" \/>\n\t<meta property=\"og:image:height\" content=\"661\" \/>\n\t<meta property=\"og:image:type\" content=\"image\/jpeg\" \/>\n<meta name=\"author\" content=\"Arnaldo Botto\" \/>\n<meta name=\"twitter:card\" content=\"summary_large_image\" \/>\n<script type=\"application\/ld+json\" class=\"yoast-schema-graph\">{\"@context\":\"https:\/\/schema.org\",\"@graph\":[{\"@type\":\"WebPage\",\"@id\":\"https:\/\/www.noticiasradioreflejos.com.ar\/2021\/este-martes-en-la-macedonio-presentacion-del-libro-trencadis-de-mujeres\/\",\"url\":\"https:\/\/www.noticiasradioreflejos.com.ar\/2021\/este-martes-en-la-macedonio-presentacion-del-libro-trencadis-de-mujeres\/\",\"name\":\"Este martes en la Macedonio, presentaci\u00f3n del libro \\\"Trencadis de mujeres\\\" - Noticias Radio Reflejos\",\"isPartOf\":{\"@id\":\"https:\/\/www.noticiasradioreflejos.com.ar\/2021\/#website\"},\"primaryImageOfPage\":{\"@id\":\"https:\/\/www.noticiasradioreflejos.com.ar\/2021\/este-martes-en-la-macedonio-presentacion-del-libro-trencadis-de-mujeres\/#primaryimage\"},\"image\":{\"@id\":\"https:\/\/www.noticiasradioreflejos.com.ar\/2021\/este-martes-en-la-macedonio-presentacion-del-libro-trencadis-de-mujeres\/#primaryimage\"},\"thumbnailUrl\":\"https:\/\/www.noticiasradioreflejos.com.ar\/2021\/wp-content\/uploads\/2020\/01\/Biblioteca-macedonio.jpg\",\"datePublished\":\"2022-02-07T13:22:21+00:00\",\"dateModified\":\"2022-02-07T17:45:25+00:00\",\"author\":{\"@id\":\"https:\/\/www.noticiasradioreflejos.com.ar\/2021\/#\/schema\/person\/ad82545263dcc5ec0996818884fd5fb1\"},\"breadcrumb\":{\"@id\":\"https:\/\/www.noticiasradioreflejos.com.ar\/2021\/este-martes-en-la-macedonio-presentacion-del-libro-trencadis-de-mujeres\/#breadcrumb\"},\"inLanguage\":\"es\",\"potentialAction\":[{\"@type\":\"ReadAction\",\"target\":[\"https:\/\/www.noticiasradioreflejos.com.ar\/2021\/este-martes-en-la-macedonio-presentacion-del-libro-trencadis-de-mujeres\/\"]}]},{\"@type\":\"ImageObject\",\"inLanguage\":\"es\",\"@id\":\"https:\/\/www.noticiasradioreflejos.com.ar\/2021\/este-martes-en-la-macedonio-presentacion-del-libro-trencadis-de-mujeres\/#primaryimage\",\"url\":\"https:\/\/www.noticiasradioreflejos.com.ar\/2021\/wp-content\/uploads\/2020\/01\/Biblioteca-macedonio.jpg\",\"contentUrl\":\"https:\/\/www.noticiasradioreflejos.com.ar\/2021\/wp-content\/uploads\/2020\/01\/Biblioteca-macedonio.jpg\",\"width\":960,\"height\":661},{\"@type\":\"BreadcrumbList\",\"@id\":\"https:\/\/www.noticiasradioreflejos.com.ar\/2021\/este-martes-en-la-macedonio-presentacion-del-libro-trencadis-de-mujeres\/#breadcrumb\",\"itemListElement\":[{\"@type\":\"ListItem\",\"position\":1,\"name\":\"Portada\",\"item\":\"https:\/\/www.noticiasradioreflejos.com.ar\/2021\/\"},{\"@type\":\"ListItem\",\"position\":2,\"name\":\"Este martes en la Macedonio, presentaci\u00f3n del libro \u00abTrencadis de mujeres\u00bb\"}]},{\"@type\":\"WebSite\",\"@id\":\"https:\/\/www.noticiasradioreflejos.com.ar\/2021\/#website\",\"url\":\"https:\/\/www.noticiasradioreflejos.com.ar\/2021\/\",\"name\":\"Noticias Radio Reflejos\",\"description\":\"Las noticias de mi comarca\",\"potentialAction\":[{\"@type\":\"SearchAction\",\"target\":{\"@type\":\"EntryPoint\",\"urlTemplate\":\"https:\/\/www.noticiasradioreflejos.com.ar\/2021\/?s={search_term_string}\"},\"query-input\":{\"@type\":\"PropertyValueSpecification\",\"valueRequired\":true,\"valueName\":\"search_term_string\"}}],\"inLanguage\":\"es\"},{\"@type\":\"Person\",\"@id\":\"https:\/\/www.noticiasradioreflejos.com.ar\/2021\/#\/schema\/person\/ad82545263dcc5ec0996818884fd5fb1\",\"name\":\"Arnaldo Botto\",\"image\":{\"@type\":\"ImageObject\",\"inLanguage\":\"es\",\"@id\":\"https:\/\/www.noticiasradioreflejos.com.ar\/2021\/#\/schema\/person\/image\/\",\"url\":\"https:\/\/secure.gravatar.com\/avatar\/55cb5e37c1efa326397366e6974cb338056df65cb50e7d64d1cf314e87504837?s=96&d=mm&r=g\",\"contentUrl\":\"https:\/\/secure.gravatar.com\/avatar\/55cb5e37c1efa326397366e6974cb338056df65cb50e7d64d1cf314e87504837?s=96&d=mm&r=g\",\"caption\":\"Arnaldo Botto\"},\"url\":\"https:\/\/www.noticiasradioreflejos.com.ar\/2021\/author\/arnaldo\/\"}]}<\/script>\n<!-- \/ Yoast SEO plugin. -->","yoast_head_json":{"title":"Este martes en la Macedonio, presentaci\u00f3n del libro \"Trencadis de mujeres\" - Noticias Radio Reflejos","robots":{"index":"index","follow":"follow","max-snippet":"max-snippet:-1","max-image-preview":"max-image-preview:large","max-video-preview":"max-video-preview:-1"},"canonical":"https:\/\/www.noticiasradioreflejos.com.ar\/2021\/este-martes-en-la-macedonio-presentacion-del-libro-trencadis-de-mujeres\/","og_locale":"es_ES","og_type":"article","og_title":"Este martes en la Macedonio, presentaci\u00f3n del libro \"Trencadis de mujeres\" - Noticias Radio Reflejos","og_description":"Martes 8 de febrero, 18.30 hs. :\u00a0Presentaci\u00f3n del libro \u00abTrencadis de mujeres\u00bb a cargo de Virginia Haurie.","og_url":"https:\/\/www.noticiasradioreflejos.com.ar\/2021\/este-martes-en-la-macedonio-presentacion-del-libro-trencadis-de-mujeres\/","og_site_name":"Noticias Radio Reflejos","article_published_time":"2022-02-07T13:22:21+00:00","article_modified_time":"2022-02-07T17:45:25+00:00","og_image":[{"width":960,"height":661,"url":"https:\/\/www.noticiasradioreflejos.com.ar\/2021\/wp-content\/uploads\/2020\/01\/Biblioteca-macedonio.jpg","type":"image\/jpeg"}],"author":"Arnaldo Botto","twitter_card":"summary_large_image","schema":{"@context":"https:\/\/schema.org","@graph":[{"@type":"WebPage","@id":"https:\/\/www.noticiasradioreflejos.com.ar\/2021\/este-martes-en-la-macedonio-presentacion-del-libro-trencadis-de-mujeres\/","url":"https:\/\/www.noticiasradioreflejos.com.ar\/2021\/este-martes-en-la-macedonio-presentacion-del-libro-trencadis-de-mujeres\/","name":"Este martes en la Macedonio, presentaci\u00f3n del libro \"Trencadis de mujeres\" - Noticias Radio Reflejos","isPartOf":{"@id":"https:\/\/www.noticiasradioreflejos.com.ar\/2021\/#website"},"primaryImageOfPage":{"@id":"https:\/\/www.noticiasradioreflejos.com.ar\/2021\/este-martes-en-la-macedonio-presentacion-del-libro-trencadis-de-mujeres\/#primaryimage"},"image":{"@id":"https:\/\/www.noticiasradioreflejos.com.ar\/2021\/este-martes-en-la-macedonio-presentacion-del-libro-trencadis-de-mujeres\/#primaryimage"},"thumbnailUrl":"https:\/\/www.noticiasradioreflejos.com.ar\/2021\/wp-content\/uploads\/2020\/01\/Biblioteca-macedonio.jpg","datePublished":"2022-02-07T13:22:21+00:00","dateModified":"2022-02-07T17:45:25+00:00","author":{"@id":"https:\/\/www.noticiasradioreflejos.com.ar\/2021\/#\/schema\/person\/ad82545263dcc5ec0996818884fd5fb1"},"breadcrumb":{"@id":"https:\/\/www.noticiasradioreflejos.com.ar\/2021\/este-martes-en-la-macedonio-presentacion-del-libro-trencadis-de-mujeres\/#breadcrumb"},"inLanguage":"es","potentialAction":[{"@type":"ReadAction","target":["https:\/\/www.noticiasradioreflejos.com.ar\/2021\/este-martes-en-la-macedonio-presentacion-del-libro-trencadis-de-mujeres\/"]}]},{"@type":"ImageObject","inLanguage":"es","@id":"https:\/\/www.noticiasradioreflejos.com.ar\/2021\/este-martes-en-la-macedonio-presentacion-del-libro-trencadis-de-mujeres\/#primaryimage","url":"https:\/\/www.noticiasradioreflejos.com.ar\/2021\/wp-content\/uploads\/2020\/01\/Biblioteca-macedonio.jpg","contentUrl":"https:\/\/www.noticiasradioreflejos.com.ar\/2021\/wp-content\/uploads\/2020\/01\/Biblioteca-macedonio.jpg","width":960,"height":661},{"@type":"BreadcrumbList","@id":"https:\/\/www.noticiasradioreflejos.com.ar\/2021\/este-martes-en-la-macedonio-presentacion-del-libro-trencadis-de-mujeres\/#breadcrumb","itemListElement":[{"@type":"ListItem","position":1,"name":"Portada","item":"https:\/\/www.noticiasradioreflejos.com.ar\/2021\/"},{"@type":"ListItem","position":2,"name":"Este martes en la Macedonio, presentaci\u00f3n del libro \u00abTrencadis de mujeres\u00bb"}]},{"@type":"WebSite","@id":"https:\/\/www.noticiasradioreflejos.com.ar\/2021\/#website","url":"https:\/\/www.noticiasradioreflejos.com.ar\/2021\/","name":"Noticias Radio Reflejos","description":"Las noticias de mi comarca","potentialAction":[{"@type":"SearchAction","target":{"@type":"EntryPoint","urlTemplate":"https:\/\/www.noticiasradioreflejos.com.ar\/2021\/?s={search_term_string}"},"query-input":{"@type":"PropertyValueSpecification","valueRequired":true,"valueName":"search_term_string"}}],"inLanguage":"es"},{"@type":"Person","@id":"https:\/\/www.noticiasradioreflejos.com.ar\/2021\/#\/schema\/person\/ad82545263dcc5ec0996818884fd5fb1","name":"Arnaldo Botto","image":{"@type":"ImageObject","inLanguage":"es","@id":"https:\/\/www.noticiasradioreflejos.com.ar\/2021\/#\/schema\/person\/image\/","url":"https:\/\/secure.gravatar.com\/avatar\/55cb5e37c1efa326397366e6974cb338056df65cb50e7d64d1cf314e87504837?s=96&d=mm&r=g","contentUrl":"https:\/\/secure.gravatar.com\/avatar\/55cb5e37c1efa326397366e6974cb338056df65cb50e7d64d1cf314e87504837?s=96&d=mm&r=g","caption":"Arnaldo Botto"},"url":"https:\/\/www.noticiasradioreflejos.com.ar\/2021\/author\/arnaldo\/"}]}},"_links":{"self":[{"href":"https:\/\/www.noticiasradioreflejos.com.ar\/2021\/wp-json\/wp\/v2\/posts\/67975","targetHints":{"allow":["GET"]}}],"collection":[{"href":"https:\/\/www.noticiasradioreflejos.com.ar\/2021\/wp-json\/wp\/v2\/posts"}],"about":[{"href":"https:\/\/www.noticiasradioreflejos.com.ar\/2021\/wp-json\/wp\/v2\/types\/post"}],"author":[{"embeddable":true,"href":"https:\/\/www.noticiasradioreflejos.com.ar\/2021\/wp-json\/wp\/v2\/users\/3"}],"replies":[{"embeddable":true,"href":"https:\/\/www.noticiasradioreflejos.com.ar\/2021\/wp-json\/wp\/v2\/comments?post=67975"}],"version-history":[{"count":3,"href":"https:\/\/www.noticiasradioreflejos.com.ar\/2021\/wp-json\/wp\/v2\/posts\/67975\/revisions"}],"predecessor-version":[{"id":67992,"href":"https:\/\/www.noticiasradioreflejos.com.ar\/2021\/wp-json\/wp\/v2\/posts\/67975\/revisions\/67992"}],"wp:featuredmedia":[{"embeddable":true,"href":"https:\/\/www.noticiasradioreflejos.com.ar\/2021\/wp-json\/wp\/v2\/media\/37978"}],"wp:attachment":[{"href":"https:\/\/www.noticiasradioreflejos.com.ar\/2021\/wp-json\/wp\/v2\/media?parent=67975"}],"wp:term":[{"taxonomy":"category","embeddable":true,"href":"https:\/\/www.noticiasradioreflejos.com.ar\/2021\/wp-json\/wp\/v2\/categories?post=67975"},{"taxonomy":"post_tag","embeddable":true,"href":"https:\/\/www.noticiasradioreflejos.com.ar\/2021\/wp-json\/wp\/v2\/tags?post=67975"}],"curies":[{"name":"wp","href":"https:\/\/api.w.org\/{rel}","templated":true}]}}