{"id":67972,"date":"2022-02-07T12:49:00","date_gmt":"2022-02-07T12:49:00","guid":{"rendered":"http:\/\/www.noticiasradioreflejos.com.ar\/2021\/?p=67972"},"modified":"2022-02-07T12:49:00","modified_gmt":"2022-02-07T12:49:00","slug":"agradecimientos-por-la-30o-fiesta-provincial-de-la-golondrina","status":"publish","type":"post","link":"https:\/\/www.noticiasradioreflejos.com.ar\/2021\/agradecimientos-por-la-30o-fiesta-provincial-de-la-golondrina\/","title":{"rendered":"Agradecimientos por la 30\u00ba Fiesta Provincial de la \u00a0Golondrina"},"content":{"rendered":"<p>La Asociaci\u00f3n de Fomento y Educaci\u00f3n Cultural y F\u00edsica de Villa Ventana agradece a cada uno de los que participaron, antes, durante y despu\u00e9s de la Fiesta, aportando para que todo fuera un \u00e9xito.<\/p>\n<p><!--more--> La lista de colaboradores es extensa y siempre se corre el riesgo de que un nombre quede en el camino. Si esto ocurre, sepan disculparnos por favor. MUCHAS GRACIAS A TODOS Y A CADA UNO EN PARTICULAR:<\/p>\n<p>-A la Municipalidad de Tornquist por el apoyo log\u00edstico y por el trabajo realizado para el evento, por funcionarios y empleados de distintas \u00e1reas (Cultura, Turismo, Cuerpo municipal de Inspectores, \u00a0Servicios urbanos, Cuadrilla de alumbrado p\u00fablico, Cuadrilla de alba\u00f1iles, Direcci\u00f3n de Personal de Obras y Servicios p\u00fablicos, Bromatolog\u00eda, Salud ).<\/p>\n<p>-Al Se\u00f1or Intendente por el Subsidio para afrontar el gasto del sonido y la iluminaci\u00f3n del escenario.<\/p>\n<p>-A la Delegada Lic. Florencia Testa y al personal del Corral\u00f3n Municipal de la Delegaci\u00f3n Villa Ventana por su colaboraci\u00f3n incondicional.<\/p>\n<p>-Al Personal Policial que nos acompa\u00f1\u00f3 y brind\u00f3 seguridad durante todo el evento.<\/p>\n<p>-Al Personal de la Agencia de Seguridad Vial por sus operativos en el marco del evento.<\/p>\n<p>-A la Cooperativa El\u00e9ctrica de Tornquist que nos brind\u00f3 un generador el\u00e9ctrico para poder solucionar cualquier contingencia en relaci\u00f3n con el tema energ\u00e9tico.<\/p>\n<p>-Al Cuerpo de Bomberos Voluntarios de Villa Ventana, por las clases brindadas de RCP, durante la Fiesta.<\/p>\n<p>-Al Personal de la Unidad Sanitaria que estuvo de guardia en la Plaza durante todo el evento.<\/p>\n<p>-A los que colaboraron con un aporte para el mapa publicitario y la pantalla.<\/p>\n<p>-Al CEPT por brindar sus instalaciones para alojar a sonidistas y artistas.<\/p>\n<p>-A los artistas que desfilaron por el escenario amenizando las dos jornadas, y al locutor y a los sonidistas que los acompa\u00f1aron.<\/p>\n<p>-A los medios de comunicaci\u00f3n que nos cedieron un espacio para publicitar la Fiesta.<\/p>\n<p>-A los artesanos y a todos los puestos de comidas y bebidas que nos brindaron sus \u00a0creaciones y un variado servicio de gastronom\u00eda.<\/p>\n<p>-A los pintores, dibujantes, retratistas y curadores que expusieron sus obras art\u00edsticas.<\/p>\n<p>-A los vecinos y comerciantes que colaboraron con premios para los \u201ctradicionales fideos\u201d y sorteos.<\/p>\n<p>-A Estancia \u201cLas Vertientes\u201d por la le\u00f1a y por la participaci\u00f3n con la Agrupaci\u00f3n Gaucha en la apertura de la fiesta.<\/p>\n<p>-A los asadores y a todos los colaboradores del puesto de la Carpa de Fomento.<\/p>\n<p>-A Sol V\u00e1zquez Llarull por su trabajo de comunicaci\u00f3n de la fiesta a trav\u00e9s de las redes y a Andrea Pagola por su acompa\u00f1amiento en el tema de los artesanos.<\/p>\n<p>-A todos los turistas de distintos puntos del pa\u00eds, a\u00a0 los vecinos de la localidad y la regi\u00f3n, y a las autoridades que estuvieron en la Plaza apoy\u00e1ndonos con su presencia.<\/p>\n<p>-A todos y cada uno de los que durante estos 30 a\u00f1os estuvieron al frente de esta Fiesta, sosteni\u00e9ndola a\u00f1o a a\u00f1o, con sus momentos de alegr\u00edas, sinsabores, cr\u00edticas y autocr\u00edticas.<\/p>\n<p>-La fiesta se ha hecho grande. Nos identifica como pueblo. Es una fiesta popular. Es una fiesta de todos que trasciende nuestra Comarca. Siempre el Municipio y la gente han apoyado la Fiesta. MUCHAS GRACIAS A TODOS.<\/p>\n<p>-Tambi\u00e9n hacemos un reconocimiento especial a todos los que trabajaron para incluirnos en el Programa Recreo, que nos permiti\u00f3 disfrutar de la actuaci\u00f3n del artista V\u00edctor Heredia. Un honor haberlo tenido en nuestra Plaza el d\u00eda 30 de enero de 2022.<\/p>\n<p>&nbsp;<\/p>\n<p>Comisi\u00f3n Directiva de la Asociaci\u00f3n de Fomento<\/p>\n<p>y Educaci\u00f3n Cultural y F\u00edsica de Villa Ventana.<\/p>\n<p>&nbsp;<\/p>\n<p>&nbsp;<\/p>\n","protected":false},"excerpt":{"rendered":"<p>La Asociaci\u00f3n de Fomento y Educaci\u00f3n Cultural y F\u00edsica de Villa Ventana agradece a cada uno de los que participaron, antes, durante y despu\u00e9s de la Fiesta, aportando para que todo fuera un \u00e9xito.<\/p>\n","protected":false},"author":3,"featured_media":67973,"comment_status":"closed","ping_status":"closed","sticky":false,"template":"","format":"standard","meta":{"footnotes":""},"categories":[26],"tags":[],"class_list":["post-67972","post","type-post","status-publish","format-standard","has-post-thumbnail","hentry","category-sociedad"],"yoast_head":"<!-- This site is optimized with the Yoast SEO plugin v25.9 - https:\/\/yoast.com\/wordpress\/plugins\/seo\/ -->\n<title>Agradecimientos por la 30\u00ba Fiesta Provincial de la \u00a0Golondrina - Noticias Radio Reflejos<\/title>\n<meta name=\"robots\" content=\"index, follow, max-snippet:-1, max-image-preview:large, max-video-preview:-1\" \/>\n<link rel=\"canonical\" href=\"https:\/\/www.noticiasradioreflejos.com.ar\/2021\/agradecimientos-por-la-30o-fiesta-provincial-de-la-golondrina\/\" \/>\n<meta property=\"og:locale\" content=\"es_ES\" \/>\n<meta property=\"og:type\" content=\"article\" \/>\n<meta property=\"og:title\" content=\"Agradecimientos por la 30\u00ba Fiesta Provincial de la \u00a0Golondrina - Noticias Radio Reflejos\" \/>\n<meta property=\"og:description\" content=\"La Asociaci\u00f3n de Fomento y Educaci\u00f3n Cultural y F\u00edsica de Villa Ventana agradece a cada uno de los que participaron, antes, durante y despu\u00e9s de la Fiesta, aportando para que todo fuera un \u00e9xito.\" \/>\n<meta property=\"og:url\" content=\"https:\/\/www.noticiasradioreflejos.com.ar\/2021\/agradecimientos-por-la-30o-fiesta-provincial-de-la-golondrina\/\" \/>\n<meta property=\"og:site_name\" content=\"Noticias Radio Reflejos\" \/>\n<meta property=\"article:published_time\" content=\"2022-02-07T12:49:00+00:00\" \/>\n<meta property=\"og:image\" content=\"https:\/\/www.noticiasradioreflejos.com.ar\/2021\/wp-content\/uploads\/2022\/02\/fiesta-de-la-golondrina-villa-ventana-1-bhi.jpg\" \/>\n\t<meta property=\"og:image:width\" content=\"800\" \/>\n\t<meta property=\"og:image:height\" content=\"453\" \/>\n\t<meta property=\"og:image:type\" content=\"image\/jpeg\" \/>\n<meta name=\"author\" content=\"Arnaldo Botto\" \/>\n<meta name=\"twitter:card\" content=\"summary_large_image\" \/>\n<script type=\"application\/ld+json\" class=\"yoast-schema-graph\">{\"@context\":\"https:\/\/schema.org\",\"@graph\":[{\"@type\":\"WebPage\",\"@id\":\"https:\/\/www.noticiasradioreflejos.com.ar\/2021\/agradecimientos-por-la-30o-fiesta-provincial-de-la-golondrina\/\",\"url\":\"https:\/\/www.noticiasradioreflejos.com.ar\/2021\/agradecimientos-por-la-30o-fiesta-provincial-de-la-golondrina\/\",\"name\":\"Agradecimientos por la 30\u00ba Fiesta Provincial de la \u00a0Golondrina - Noticias Radio Reflejos\",\"isPartOf\":{\"@id\":\"https:\/\/www.noticiasradioreflejos.com.ar\/2021\/#website\"},\"primaryImageOfPage\":{\"@id\":\"https:\/\/www.noticiasradioreflejos.com.ar\/2021\/agradecimientos-por-la-30o-fiesta-provincial-de-la-golondrina\/#primaryimage\"},\"image\":{\"@id\":\"https:\/\/www.noticiasradioreflejos.com.ar\/2021\/agradecimientos-por-la-30o-fiesta-provincial-de-la-golondrina\/#primaryimage\"},\"thumbnailUrl\":\"https:\/\/www.noticiasradioreflejos.com.ar\/2021\/wp-content\/uploads\/2022\/02\/fiesta-de-la-golondrina-villa-ventana-1-bhi.jpg\",\"datePublished\":\"2022-02-07T12:49:00+00:00\",\"author\":{\"@id\":\"https:\/\/www.noticiasradioreflejos.com.ar\/2021\/#\/schema\/person\/ad82545263dcc5ec0996818884fd5fb1\"},\"breadcrumb\":{\"@id\":\"https:\/\/www.noticiasradioreflejos.com.ar\/2021\/agradecimientos-por-la-30o-fiesta-provincial-de-la-golondrina\/#breadcrumb\"},\"inLanguage\":\"es\",\"potentialAction\":[{\"@type\":\"ReadAction\",\"target\":[\"https:\/\/www.noticiasradioreflejos.com.ar\/2021\/agradecimientos-por-la-30o-fiesta-provincial-de-la-golondrina\/\"]}]},{\"@type\":\"ImageObject\",\"inLanguage\":\"es\",\"@id\":\"https:\/\/www.noticiasradioreflejos.com.ar\/2021\/agradecimientos-por-la-30o-fiesta-provincial-de-la-golondrina\/#primaryimage\",\"url\":\"https:\/\/www.noticiasradioreflejos.com.ar\/2021\/wp-content\/uploads\/2022\/02\/fiesta-de-la-golondrina-villa-ventana-1-bhi.jpg\",\"contentUrl\":\"https:\/\/www.noticiasradioreflejos.com.ar\/2021\/wp-content\/uploads\/2022\/02\/fiesta-de-la-golondrina-villa-ventana-1-bhi.jpg\",\"width\":800,\"height\":453},{\"@type\":\"BreadcrumbList\",\"@id\":\"https:\/\/www.noticiasradioreflejos.com.ar\/2021\/agradecimientos-por-la-30o-fiesta-provincial-de-la-golondrina\/#breadcrumb\",\"itemListElement\":[{\"@type\":\"ListItem\",\"position\":1,\"name\":\"Portada\",\"item\":\"https:\/\/www.noticiasradioreflejos.com.ar\/2021\/\"},{\"@type\":\"ListItem\",\"position\":2,\"name\":\"Agradecimientos por la 30\u00ba Fiesta Provincial de la \u00a0Golondrina\"}]},{\"@type\":\"WebSite\",\"@id\":\"https:\/\/www.noticiasradioreflejos.com.ar\/2021\/#website\",\"url\":\"https:\/\/www.noticiasradioreflejos.com.ar\/2021\/\",\"name\":\"Noticias Radio Reflejos\",\"description\":\"Las noticias de mi comarca\",\"potentialAction\":[{\"@type\":\"SearchAction\",\"target\":{\"@type\":\"EntryPoint\",\"urlTemplate\":\"https:\/\/www.noticiasradioreflejos.com.ar\/2021\/?s={search_term_string}\"},\"query-input\":{\"@type\":\"PropertyValueSpecification\",\"valueRequired\":true,\"valueName\":\"search_term_string\"}}],\"inLanguage\":\"es\"},{\"@type\":\"Person\",\"@id\":\"https:\/\/www.noticiasradioreflejos.com.ar\/2021\/#\/schema\/person\/ad82545263dcc5ec0996818884fd5fb1\",\"name\":\"Arnaldo Botto\",\"image\":{\"@type\":\"ImageObject\",\"inLanguage\":\"es\",\"@id\":\"https:\/\/www.noticiasradioreflejos.com.ar\/2021\/#\/schema\/person\/image\/\",\"url\":\"https:\/\/secure.gravatar.com\/avatar\/55cb5e37c1efa326397366e6974cb338056df65cb50e7d64d1cf314e87504837?s=96&d=mm&r=g\",\"contentUrl\":\"https:\/\/secure.gravatar.com\/avatar\/55cb5e37c1efa326397366e6974cb338056df65cb50e7d64d1cf314e87504837?s=96&d=mm&r=g\",\"caption\":\"Arnaldo Botto\"},\"url\":\"https:\/\/www.noticiasradioreflejos.com.ar\/2021\/author\/arnaldo\/\"}]}<\/script>\n<!-- \/ Yoast SEO plugin. -->","yoast_head_json":{"title":"Agradecimientos por la 30\u00ba Fiesta Provincial de la \u00a0Golondrina - Noticias Radio Reflejos","robots":{"index":"index","follow":"follow","max-snippet":"max-snippet:-1","max-image-preview":"max-image-preview:large","max-video-preview":"max-video-preview:-1"},"canonical":"https:\/\/www.noticiasradioreflejos.com.ar\/2021\/agradecimientos-por-la-30o-fiesta-provincial-de-la-golondrina\/","og_locale":"es_ES","og_type":"article","og_title":"Agradecimientos por la 30\u00ba Fiesta Provincial de la \u00a0Golondrina - Noticias Radio Reflejos","og_description":"La Asociaci\u00f3n de Fomento y Educaci\u00f3n Cultural y F\u00edsica de Villa Ventana agradece a cada uno de los que participaron, antes, durante y despu\u00e9s de la Fiesta, aportando para que todo fuera un \u00e9xito.","og_url":"https:\/\/www.noticiasradioreflejos.com.ar\/2021\/agradecimientos-por-la-30o-fiesta-provincial-de-la-golondrina\/","og_site_name":"Noticias Radio Reflejos","article_published_time":"2022-02-07T12:49:00+00:00","og_image":[{"width":800,"height":453,"url":"https:\/\/www.noticiasradioreflejos.com.ar\/2021\/wp-content\/uploads\/2022\/02\/fiesta-de-la-golondrina-villa-ventana-1-bhi.jpg","type":"image\/jpeg"}],"author":"Arnaldo Botto","twitter_card":"summary_large_image","schema":{"@context":"https:\/\/schema.org","@graph":[{"@type":"WebPage","@id":"https:\/\/www.noticiasradioreflejos.com.ar\/2021\/agradecimientos-por-la-30o-fiesta-provincial-de-la-golondrina\/","url":"https:\/\/www.noticiasradioreflejos.com.ar\/2021\/agradecimientos-por-la-30o-fiesta-provincial-de-la-golondrina\/","name":"Agradecimientos por la 30\u00ba Fiesta Provincial de la \u00a0Golondrina - Noticias Radio Reflejos","isPartOf":{"@id":"https:\/\/www.noticiasradioreflejos.com.ar\/2021\/#website"},"primaryImageOfPage":{"@id":"https:\/\/www.noticiasradioreflejos.com.ar\/2021\/agradecimientos-por-la-30o-fiesta-provincial-de-la-golondrina\/#primaryimage"},"image":{"@id":"https:\/\/www.noticiasradioreflejos.com.ar\/2021\/agradecimientos-por-la-30o-fiesta-provincial-de-la-golondrina\/#primaryimage"},"thumbnailUrl":"https:\/\/www.noticiasradioreflejos.com.ar\/2021\/wp-content\/uploads\/2022\/02\/fiesta-de-la-golondrina-villa-ventana-1-bhi.jpg","datePublished":"2022-02-07T12:49:00+00:00","author":{"@id":"https:\/\/www.noticiasradioreflejos.com.ar\/2021\/#\/schema\/person\/ad82545263dcc5ec0996818884fd5fb1"},"breadcrumb":{"@id":"https:\/\/www.noticiasradioreflejos.com.ar\/2021\/agradecimientos-por-la-30o-fiesta-provincial-de-la-golondrina\/#breadcrumb"},"inLanguage":"es","potentialAction":[{"@type":"ReadAction","target":["https:\/\/www.noticiasradioreflejos.com.ar\/2021\/agradecimientos-por-la-30o-fiesta-provincial-de-la-golondrina\/"]}]},{"@type":"ImageObject","inLanguage":"es","@id":"https:\/\/www.noticiasradioreflejos.com.ar\/2021\/agradecimientos-por-la-30o-fiesta-provincial-de-la-golondrina\/#primaryimage","url":"https:\/\/www.noticiasradioreflejos.com.ar\/2021\/wp-content\/uploads\/2022\/02\/fiesta-de-la-golondrina-villa-ventana-1-bhi.jpg","contentUrl":"https:\/\/www.noticiasradioreflejos.com.ar\/2021\/wp-content\/uploads\/2022\/02\/fiesta-de-la-golondrina-villa-ventana-1-bhi.jpg","width":800,"height":453},{"@type":"BreadcrumbList","@id":"https:\/\/www.noticiasradioreflejos.com.ar\/2021\/agradecimientos-por-la-30o-fiesta-provincial-de-la-golondrina\/#breadcrumb","itemListElement":[{"@type":"ListItem","position":1,"name":"Portada","item":"https:\/\/www.noticiasradioreflejos.com.ar\/2021\/"},{"@type":"ListItem","position":2,"name":"Agradecimientos por la 30\u00ba Fiesta Provincial de la \u00a0Golondrina"}]},{"@type":"WebSite","@id":"https:\/\/www.noticiasradioreflejos.com.ar\/2021\/#website","url":"https:\/\/www.noticiasradioreflejos.com.ar\/2021\/","name":"Noticias Radio Reflejos","description":"Las noticias de mi comarca","potentialAction":[{"@type":"SearchAction","target":{"@type":"EntryPoint","urlTemplate":"https:\/\/www.noticiasradioreflejos.com.ar\/2021\/?s={search_term_string}"},"query-input":{"@type":"PropertyValueSpecification","valueRequired":true,"valueName":"search_term_string"}}],"inLanguage":"es"},{"@type":"Person","@id":"https:\/\/www.noticiasradioreflejos.com.ar\/2021\/#\/schema\/person\/ad82545263dcc5ec0996818884fd5fb1","name":"Arnaldo Botto","image":{"@type":"ImageObject","inLanguage":"es","@id":"https:\/\/www.noticiasradioreflejos.com.ar\/2021\/#\/schema\/person\/image\/","url":"https:\/\/secure.gravatar.com\/avatar\/55cb5e37c1efa326397366e6974cb338056df65cb50e7d64d1cf314e87504837?s=96&d=mm&r=g","contentUrl":"https:\/\/secure.gravatar.com\/avatar\/55cb5e37c1efa326397366e6974cb338056df65cb50e7d64d1cf314e87504837?s=96&d=mm&r=g","caption":"Arnaldo Botto"},"url":"https:\/\/www.noticiasradioreflejos.com.ar\/2021\/author\/arnaldo\/"}]}},"_links":{"self":[{"href":"https:\/\/www.noticiasradioreflejos.com.ar\/2021\/wp-json\/wp\/v2\/posts\/67972","targetHints":{"allow":["GET"]}}],"collection":[{"href":"https:\/\/www.noticiasradioreflejos.com.ar\/2021\/wp-json\/wp\/v2\/posts"}],"about":[{"href":"https:\/\/www.noticiasradioreflejos.com.ar\/2021\/wp-json\/wp\/v2\/types\/post"}],"author":[{"embeddable":true,"href":"https:\/\/www.noticiasradioreflejos.com.ar\/2021\/wp-json\/wp\/v2\/users\/3"}],"replies":[{"embeddable":true,"href":"https:\/\/www.noticiasradioreflejos.com.ar\/2021\/wp-json\/wp\/v2\/comments?post=67972"}],"version-history":[{"count":1,"href":"https:\/\/www.noticiasradioreflejos.com.ar\/2021\/wp-json\/wp\/v2\/posts\/67972\/revisions"}],"predecessor-version":[{"id":67974,"href":"https:\/\/www.noticiasradioreflejos.com.ar\/2021\/wp-json\/wp\/v2\/posts\/67972\/revisions\/67974"}],"wp:featuredmedia":[{"embeddable":true,"href":"https:\/\/www.noticiasradioreflejos.com.ar\/2021\/wp-json\/wp\/v2\/media\/67973"}],"wp:attachment":[{"href":"https:\/\/www.noticiasradioreflejos.com.ar\/2021\/wp-json\/wp\/v2\/media?parent=67972"}],"wp:term":[{"taxonomy":"category","embeddable":true,"href":"https:\/\/www.noticiasradioreflejos.com.ar\/2021\/wp-json\/wp\/v2\/categories?post=67972"},{"taxonomy":"post_tag","embeddable":true,"href":"https:\/\/www.noticiasradioreflejos.com.ar\/2021\/wp-json\/wp\/v2\/tags?post=67972"}],"curies":[{"name":"wp","href":"https:\/\/api.w.org\/{rel}","templated":true}]}}