{"id":67966,"date":"2022-02-07T11:08:06","date_gmt":"2022-02-07T11:08:06","guid":{"rendered":"http:\/\/www.noticiasradioreflejos.com.ar\/2021\/?p=67966"},"modified":"2022-02-07T11:08:06","modified_gmt":"2022-02-07T11:08:06","slug":"denuncian-que-40-civiles-armados-quisieron-impedir-una-marcha-al-lago-escondido","status":"publish","type":"post","link":"https:\/\/www.noticiasradioreflejos.com.ar\/2021\/denuncian-que-40-civiles-armados-quisieron-impedir-una-marcha-al-lago-escondido\/","title":{"rendered":"Denuncian que 40 civiles armados quisieron impedir una marcha al Lago Escondido"},"content":{"rendered":"<p>La Secretar\u00eda de DD.HH. alert\u00f3 sobre personas armadas con el fin de desactivar una protesta hacia el lago en tierras del brit\u00e1nico Joe Lewis. \u00abEl prop\u00f3sito es denunciar que los ciudadanos argentinos no tienen acceso a ese lugar\u00bb, asegur\u00f3 a T\u00e9lam Julio C\u00e9sar Urien, l\u00edder de la Fundaci\u00f3n Interactiva para Promover la Cultura del Agua<br \/>\n<!--more--><\/p>\n<p>La\u00a0<strong>Secretar\u00eda de Derechos Humanos<\/strong> de la Naci\u00f3n advirti\u00f3 este domingo que recibi\u00f3 denuncias acerca de que unas\u00a0<strong>40 personas de civil que portan armas<\/strong>\u00a0de fuego amenazan e intentan impedir una marcha de protesta hacia\u00a0<strong>Lago Escondido<\/strong>, en tierras del brit\u00e1nico Joe Lewis, a pesar de que, afirm\u00f3, \u00abese es un camino autorizado por la Justicia para poder acceder\u00bb a ese lugar.<\/p>\n<p><strong>\u00abNos ingresaron denuncias de personas que se encuentran en este momento en el camino de monta\u00f1a rumbo al Lago Escondido, en tierras de Joe Lewis. M\u00e1s de 40 personas de civil llegaron al lugar con armas de fuego para amenazar y que no contin\u00faen la traves\u00eda\u00bb<\/strong>, dijo la Secretar\u00eda de DD.HH. en su cuenta de Twitter.<\/p>\n<p>El organismo a\u00f1adi\u00f3: \u00abCabe destacar que ese es un camino autorizado por la Justicia para poder acceder al lago. Ya\u00a0<strong>solicitamos a las autoridades de la provincia de R\u00edo Negro que garanticen la seguridad y libre circulaci\u00f3n de todos ellos<\/strong><\/p>\n<blockquote class=\"twitter-tweet\" data-width=\"500\" data-dnt=\"true\">\n<p lang=\"es\" dir=\"ltr\">Hace instantes nos ingresaron denuncias de personas que se encuentran en este momento en el camino de monta\u00f1a rumbo al Lago Escondido, en tierras de Joe Lewis. Mas de 40 personas de civil llegaron al lugar con armas de fuego para amenazar y que no contin\u00faen la traves\u00eda.<\/p>\n<p>&mdash; Secretar\u00eda DDHH (@SDHArgentina) <a href=\"https:\/\/twitter.com\/SDHArgentina\/status\/1490417552668839938?ref_src=twsrc%5Etfw\">February 6, 2022<\/a><\/p><\/blockquote>\n<p><script async src=\"https:\/\/platform.twitter.com\/widgets.js\" charset=\"utf-8\"><\/script><\/p>\n<p>En tanto, organismos de derechos humanos dijeron en un comunicado que \u00abrepudiamos la acci\u00f3n agresiva de un grupo armado bajo \u00f3rdenes de Joe Lewis que ha detenido a la comitiva en tr\u00e1nsito por Alta Monta\u00f1a para llegar a Lago Escondido\u00bb.<\/p>\n<p>\u00abAl llegar al Lago Soberan\u00eda esta comitiva fue interceptada violentamente con el fin de hacerlos retroceder. Reclamamos a las autoridades judiciales y del Gobierno de Rio Negro que se les permita su libre circulaci\u00f3n.\u00a0<strong>Lago Escondido es argentino, p\u00fablico y no privado<\/strong>, as\u00ed lo dice un fallo judicial obtenido por el INAI (Instituto Nacional de Asuntos Ind\u00edgenas) que no se est\u00e1 cumpliendo\u00bb.<\/p>\n<p>Los organismos denunciantes son Madres de Plaza de Mayo L\u00ednea Fundadora, Abuelas de Plaza de Mayo, Familiares de Desaparecidos y Detenidos por Razones Pol\u00edticas, Familiares y Compa\u00f1eros de los 12 de la Santa Cruz, Asamblea Permanente por los Derechos Humanos, Movimiento Ecum\u00e9nico por los Derechos Humanos, Fundaci\u00f3n Memoria Hist\u00f3rica y Social Argentina. Asamblea Permanente por los Derechos Humanos La Matanza, Comisi\u00f3n Memoria Verdad y Justicia Zona Norte y Liga Argentina por los Derechos Humanos<\/p>\n<p><strong>Julio C\u00e9sar Urien<\/strong>, l\u00edder de la Fundaci\u00f3n Interactiva para Promover la Cultura del Agua (Fipca), una de las entidades organizadoras de la movilizaci\u00f3n hacia Lago Escondido, hab\u00eda explicado a T\u00e9lam que\u00a0<strong>el prop\u00f3sito de la marcha es denunciar que los ciudadanos argentinos no tienen acceso a ese lugar.<\/strong><\/p>\n<p><strong>\u00abNosotros decimos que la marcha al Lago Escondido es una causa en defensa de la soberan\u00eda nacional, que hoy es un enclave brit\u00e1nico de Lewis y donde los ciudadanos argentinos no pueden ingresar\u00bb<\/strong>, afirm\u00f3.<\/p>\n<p>Bajo la consigna \u00aben defensa de la soberan\u00eda nacional\u00bb, dirigentes y militantes de diversas organizaciones sociales, sindicales y pol\u00edticas iniciaron la sexta Marcha al Lago Escondido, en R\u00edo Negro.<\/p>\n","protected":false},"excerpt":{"rendered":"<p>La Secretar\u00eda de DD.HH. alert\u00f3 sobre personas armadas con el fin de desactivar una protesta hacia el lago en tierras del brit\u00e1nico Joe Lewis. \u00abEl prop\u00f3sito es denunciar que los ciudadanos argentinos no tienen acceso a ese lugar\u00bb, asegur\u00f3 a T\u00e9lam Julio C\u00e9sar Urien, l\u00edder de la Fundaci\u00f3n Interactiva para Promover la Cultura del Agua<\/p>\n","protected":false},"author":3,"featured_media":0,"comment_status":"closed","ping_status":"closed","sticky":false,"template":"","format":"standard","meta":{"footnotes":""},"categories":[24],"tags":[],"class_list":["post-67966","post","type-post","status-publish","format-standard","hentry","category-politica"],"yoast_head":"<!-- This site is optimized with the Yoast SEO plugin v25.9 - https:\/\/yoast.com\/wordpress\/plugins\/seo\/ -->\n<title>Denuncian que 40 civiles armados quisieron impedir una marcha al Lago Escondido - Noticias Radio Reflejos<\/title>\n<meta name=\"robots\" content=\"index, follow, max-snippet:-1, max-image-preview:large, max-video-preview:-1\" \/>\n<link rel=\"canonical\" href=\"https:\/\/www.noticiasradioreflejos.com.ar\/2021\/denuncian-que-40-civiles-armados-quisieron-impedir-una-marcha-al-lago-escondido\/\" \/>\n<meta property=\"og:locale\" content=\"es_ES\" \/>\n<meta property=\"og:type\" content=\"article\" \/>\n<meta property=\"og:title\" content=\"Denuncian que 40 civiles armados quisieron impedir una marcha al Lago Escondido - Noticias Radio Reflejos\" \/>\n<meta property=\"og:description\" content=\"La Secretar\u00eda de DD.HH. alert\u00f3 sobre personas armadas con el fin de desactivar una protesta hacia el lago en tierras del brit\u00e1nico Joe Lewis. \u00abEl prop\u00f3sito es denunciar que los ciudadanos argentinos no tienen acceso a ese lugar\u00bb, asegur\u00f3 a T\u00e9lam Julio C\u00e9sar Urien, l\u00edder de la Fundaci\u00f3n Interactiva para Promover la Cultura del Agua\" \/>\n<meta property=\"og:url\" content=\"https:\/\/www.noticiasradioreflejos.com.ar\/2021\/denuncian-que-40-civiles-armados-quisieron-impedir-una-marcha-al-lago-escondido\/\" \/>\n<meta property=\"og:site_name\" content=\"Noticias Radio Reflejos\" \/>\n<meta property=\"article:published_time\" content=\"2022-02-07T11:08:06+00:00\" \/>\n<meta property=\"og:image\" content=\"https:\/\/www.noticiasradioreflejos.com.ar\/2021\/wp-content\/uploads\/2021\/07\/logosol300x200.png\" \/>\n\t<meta property=\"og:image:width\" content=\"300\" \/>\n\t<meta property=\"og:image:height\" content=\"200\" \/>\n\t<meta property=\"og:image:type\" content=\"image\/png\" \/>\n<meta name=\"author\" content=\"Arnaldo Botto\" \/>\n<meta name=\"twitter:card\" content=\"summary_large_image\" \/>\n<script type=\"application\/ld+json\" class=\"yoast-schema-graph\">{\"@context\":\"https:\/\/schema.org\",\"@graph\":[{\"@type\":\"WebPage\",\"@id\":\"https:\/\/www.noticiasradioreflejos.com.ar\/2021\/denuncian-que-40-civiles-armados-quisieron-impedir-una-marcha-al-lago-escondido\/\",\"url\":\"https:\/\/www.noticiasradioreflejos.com.ar\/2021\/denuncian-que-40-civiles-armados-quisieron-impedir-una-marcha-al-lago-escondido\/\",\"name\":\"Denuncian que 40 civiles armados quisieron impedir una marcha al Lago Escondido - Noticias Radio Reflejos\",\"isPartOf\":{\"@id\":\"https:\/\/www.noticiasradioreflejos.com.ar\/2021\/#website\"},\"datePublished\":\"2022-02-07T11:08:06+00:00\",\"author\":{\"@id\":\"https:\/\/www.noticiasradioreflejos.com.ar\/2021\/#\/schema\/person\/ad82545263dcc5ec0996818884fd5fb1\"},\"breadcrumb\":{\"@id\":\"https:\/\/www.noticiasradioreflejos.com.ar\/2021\/denuncian-que-40-civiles-armados-quisieron-impedir-una-marcha-al-lago-escondido\/#breadcrumb\"},\"inLanguage\":\"es\",\"potentialAction\":[{\"@type\":\"ReadAction\",\"target\":[\"https:\/\/www.noticiasradioreflejos.com.ar\/2021\/denuncian-que-40-civiles-armados-quisieron-impedir-una-marcha-al-lago-escondido\/\"]}]},{\"@type\":\"BreadcrumbList\",\"@id\":\"https:\/\/www.noticiasradioreflejos.com.ar\/2021\/denuncian-que-40-civiles-armados-quisieron-impedir-una-marcha-al-lago-escondido\/#breadcrumb\",\"itemListElement\":[{\"@type\":\"ListItem\",\"position\":1,\"name\":\"Portada\",\"item\":\"https:\/\/www.noticiasradioreflejos.com.ar\/2021\/\"},{\"@type\":\"ListItem\",\"position\":2,\"name\":\"Denuncian que 40 civiles armados quisieron impedir una marcha al Lago Escondido\"}]},{\"@type\":\"WebSite\",\"@id\":\"https:\/\/www.noticiasradioreflejos.com.ar\/2021\/#website\",\"url\":\"https:\/\/www.noticiasradioreflejos.com.ar\/2021\/\",\"name\":\"Noticias Radio Reflejos\",\"description\":\"Las noticias de mi comarca\",\"potentialAction\":[{\"@type\":\"SearchAction\",\"target\":{\"@type\":\"EntryPoint\",\"urlTemplate\":\"https:\/\/www.noticiasradioreflejos.com.ar\/2021\/?s={search_term_string}\"},\"query-input\":{\"@type\":\"PropertyValueSpecification\",\"valueRequired\":true,\"valueName\":\"search_term_string\"}}],\"inLanguage\":\"es\"},{\"@type\":\"Person\",\"@id\":\"https:\/\/www.noticiasradioreflejos.com.ar\/2021\/#\/schema\/person\/ad82545263dcc5ec0996818884fd5fb1\",\"name\":\"Arnaldo Botto\",\"image\":{\"@type\":\"ImageObject\",\"inLanguage\":\"es\",\"@id\":\"https:\/\/www.noticiasradioreflejos.com.ar\/2021\/#\/schema\/person\/image\/\",\"url\":\"https:\/\/secure.gravatar.com\/avatar\/55cb5e37c1efa326397366e6974cb338056df65cb50e7d64d1cf314e87504837?s=96&d=mm&r=g\",\"contentUrl\":\"https:\/\/secure.gravatar.com\/avatar\/55cb5e37c1efa326397366e6974cb338056df65cb50e7d64d1cf314e87504837?s=96&d=mm&r=g\",\"caption\":\"Arnaldo Botto\"},\"url\":\"https:\/\/www.noticiasradioreflejos.com.ar\/2021\/author\/arnaldo\/\"}]}<\/script>\n<!-- \/ Yoast SEO plugin. -->","yoast_head_json":{"title":"Denuncian que 40 civiles armados quisieron impedir una marcha al Lago Escondido - Noticias Radio Reflejos","robots":{"index":"index","follow":"follow","max-snippet":"max-snippet:-1","max-image-preview":"max-image-preview:large","max-video-preview":"max-video-preview:-1"},"canonical":"https:\/\/www.noticiasradioreflejos.com.ar\/2021\/denuncian-que-40-civiles-armados-quisieron-impedir-una-marcha-al-lago-escondido\/","og_locale":"es_ES","og_type":"article","og_title":"Denuncian que 40 civiles armados quisieron impedir una marcha al Lago Escondido - Noticias Radio Reflejos","og_description":"La Secretar\u00eda de DD.HH. alert\u00f3 sobre personas armadas con el fin de desactivar una protesta hacia el lago en tierras del brit\u00e1nico Joe Lewis. \u00abEl prop\u00f3sito es denunciar que los ciudadanos argentinos no tienen acceso a ese lugar\u00bb, asegur\u00f3 a T\u00e9lam Julio C\u00e9sar Urien, l\u00edder de la Fundaci\u00f3n Interactiva para Promover la Cultura del Agua","og_url":"https:\/\/www.noticiasradioreflejos.com.ar\/2021\/denuncian-que-40-civiles-armados-quisieron-impedir-una-marcha-al-lago-escondido\/","og_site_name":"Noticias Radio Reflejos","article_published_time":"2022-02-07T11:08:06+00:00","og_image":[{"width":300,"height":200,"url":"https:\/\/www.noticiasradioreflejos.com.ar\/2021\/wp-content\/uploads\/2021\/07\/logosol300x200.png","type":"image\/png"}],"author":"Arnaldo Botto","twitter_card":"summary_large_image","schema":{"@context":"https:\/\/schema.org","@graph":[{"@type":"WebPage","@id":"https:\/\/www.noticiasradioreflejos.com.ar\/2021\/denuncian-que-40-civiles-armados-quisieron-impedir-una-marcha-al-lago-escondido\/","url":"https:\/\/www.noticiasradioreflejos.com.ar\/2021\/denuncian-que-40-civiles-armados-quisieron-impedir-una-marcha-al-lago-escondido\/","name":"Denuncian que 40 civiles armados quisieron impedir una marcha al Lago Escondido - Noticias Radio Reflejos","isPartOf":{"@id":"https:\/\/www.noticiasradioreflejos.com.ar\/2021\/#website"},"datePublished":"2022-02-07T11:08:06+00:00","author":{"@id":"https:\/\/www.noticiasradioreflejos.com.ar\/2021\/#\/schema\/person\/ad82545263dcc5ec0996818884fd5fb1"},"breadcrumb":{"@id":"https:\/\/www.noticiasradioreflejos.com.ar\/2021\/denuncian-que-40-civiles-armados-quisieron-impedir-una-marcha-al-lago-escondido\/#breadcrumb"},"inLanguage":"es","potentialAction":[{"@type":"ReadAction","target":["https:\/\/www.noticiasradioreflejos.com.ar\/2021\/denuncian-que-40-civiles-armados-quisieron-impedir-una-marcha-al-lago-escondido\/"]}]},{"@type":"BreadcrumbList","@id":"https:\/\/www.noticiasradioreflejos.com.ar\/2021\/denuncian-que-40-civiles-armados-quisieron-impedir-una-marcha-al-lago-escondido\/#breadcrumb","itemListElement":[{"@type":"ListItem","position":1,"name":"Portada","item":"https:\/\/www.noticiasradioreflejos.com.ar\/2021\/"},{"@type":"ListItem","position":2,"name":"Denuncian que 40 civiles armados quisieron impedir una marcha al Lago Escondido"}]},{"@type":"WebSite","@id":"https:\/\/www.noticiasradioreflejos.com.ar\/2021\/#website","url":"https:\/\/www.noticiasradioreflejos.com.ar\/2021\/","name":"Noticias Radio Reflejos","description":"Las noticias de mi comarca","potentialAction":[{"@type":"SearchAction","target":{"@type":"EntryPoint","urlTemplate":"https:\/\/www.noticiasradioreflejos.com.ar\/2021\/?s={search_term_string}"},"query-input":{"@type":"PropertyValueSpecification","valueRequired":true,"valueName":"search_term_string"}}],"inLanguage":"es"},{"@type":"Person","@id":"https:\/\/www.noticiasradioreflejos.com.ar\/2021\/#\/schema\/person\/ad82545263dcc5ec0996818884fd5fb1","name":"Arnaldo Botto","image":{"@type":"ImageObject","inLanguage":"es","@id":"https:\/\/www.noticiasradioreflejos.com.ar\/2021\/#\/schema\/person\/image\/","url":"https:\/\/secure.gravatar.com\/avatar\/55cb5e37c1efa326397366e6974cb338056df65cb50e7d64d1cf314e87504837?s=96&d=mm&r=g","contentUrl":"https:\/\/secure.gravatar.com\/avatar\/55cb5e37c1efa326397366e6974cb338056df65cb50e7d64d1cf314e87504837?s=96&d=mm&r=g","caption":"Arnaldo Botto"},"url":"https:\/\/www.noticiasradioreflejos.com.ar\/2021\/author\/arnaldo\/"}]}},"_links":{"self":[{"href":"https:\/\/www.noticiasradioreflejos.com.ar\/2021\/wp-json\/wp\/v2\/posts\/67966","targetHints":{"allow":["GET"]}}],"collection":[{"href":"https:\/\/www.noticiasradioreflejos.com.ar\/2021\/wp-json\/wp\/v2\/posts"}],"about":[{"href":"https:\/\/www.noticiasradioreflejos.com.ar\/2021\/wp-json\/wp\/v2\/types\/post"}],"author":[{"embeddable":true,"href":"https:\/\/www.noticiasradioreflejos.com.ar\/2021\/wp-json\/wp\/v2\/users\/3"}],"replies":[{"embeddable":true,"href":"https:\/\/www.noticiasradioreflejos.com.ar\/2021\/wp-json\/wp\/v2\/comments?post=67966"}],"version-history":[{"count":1,"href":"https:\/\/www.noticiasradioreflejos.com.ar\/2021\/wp-json\/wp\/v2\/posts\/67966\/revisions"}],"predecessor-version":[{"id":67968,"href":"https:\/\/www.noticiasradioreflejos.com.ar\/2021\/wp-json\/wp\/v2\/posts\/67966\/revisions\/67968"}],"wp:attachment":[{"href":"https:\/\/www.noticiasradioreflejos.com.ar\/2021\/wp-json\/wp\/v2\/media?parent=67966"}],"wp:term":[{"taxonomy":"category","embeddable":true,"href":"https:\/\/www.noticiasradioreflejos.com.ar\/2021\/wp-json\/wp\/v2\/categories?post=67966"},{"taxonomy":"post_tag","embeddable":true,"href":"https:\/\/www.noticiasradioreflejos.com.ar\/2021\/wp-json\/wp\/v2\/tags?post=67966"}],"curies":[{"name":"wp","href":"https:\/\/api.w.org\/{rel}","templated":true}]}}