{"id":67963,"date":"2022-02-07T10:53:35","date_gmt":"2022-02-07T10:53:35","guid":{"rendered":"http:\/\/www.noticiasradioreflejos.com.ar\/2021\/?p=67963"},"modified":"2022-02-07T10:53:35","modified_gmt":"2022-02-07T10:53:35","slug":"futsal-argentina-le-gano-a-paraguay-y-se-consagro-campeon-de-america","status":"publish","type":"post","link":"https:\/\/www.noticiasradioreflejos.com.ar\/2021\/futsal-argentina-le-gano-a-paraguay-y-se-consagro-campeon-de-america\/","title":{"rendered":"Futsal: Argentina le gan\u00f3 a Paraguay y se consagr\u00f3 campe\u00f3n de Am\u00e9rica"},"content":{"rendered":"<p>En un encuentro muy disputado y que se defini\u00f3 por detalles, el seleccionado argentino venci\u00f3 al conjunto local por 1-0 con un tanto de Alan Brandi y levant\u00f3 la copa como visitante.<!--more--><\/p>\n<p>El seleccionado argentino de futsal se consagr\u00f3 este domingo campe\u00f3n de la Copa Am\u00e9rica ante el local Paraguay con el triunfo 1-0 con gol de Alan Brandi, en partido jugado en el SND Arena de la ciudad de Asunci\u00f3n.<\/p>\n<p>Alan Brandi, a los 18 minutos del primer tiempo, marc\u00f3 el \u00fanico gol de\u00a0<strong>un partido muy disputado, que se defini\u00f3 por detalles a favor de Argentina.<\/strong><\/p>\n<p>El inicio del partido fue entretenido. Argentina propon\u00eda, pero deb\u00eda cuidarse de la r\u00e1pida respuesta paraguaya.<\/p>\n<p>Leandro Cuzzolino, quien jug\u00f3 su \u00faltimo torneo con la Argentina junto con Pablo Taborda, tuvo la apertura con un remate de media distancia y Paraguay respondi\u00f3 de inmediato, pero el arquero Nicol\u00e1s Sarmiento tap\u00f3 en dos ocasiones.<\/p>\n<p>Cuando se terminaba la primera etapa, apareci\u00f3 el gol de Brandi, muy oportuno tras una serie de rebotes.<\/p>\n<figure class=\"mb-3\"><img decoding=\"async\" src=\"https:\/\/www.telam.com.ar\/thumbs\/bluesteel\/advf\/imagenes\/2022\/02\/6200355fcfb41_900.jpg\" alt=\"El gol de Brandi Captura TV\" width=\"100%\" height=\"100%\" \/><\/p>\n<div class=\"media-icons\"><\/div><figcaption>El gol de Brandi (Captura TV)-<\/figcaption><\/figure>\n<p>A los cinco del segundo tiempo, Maximiliano Rescia salv\u00f3 in extremis lo que era el empate de Paraguay. Hugo Mart\u00ednez defini\u00f3 sobre Nicol\u00e1s Sarmiento y apareci\u00f3 el cruce salvador de Rescia.<\/p>\n<p>El equipo de Mat\u00edas Lucuix aguant\u00f3 hasta el final. El seleccionado paraguayo, apoyado por su gente, busc\u00f3 el empate con intensidad y la defensa del \u00faltimo subcampe\u00f3n del mundo resisti\u00f3 ante cada intento.<\/p>\n<div class=\"jumbotron pt-4 mt-3\">\n<h3 class=\"module-title\">BRANDI: \u00abTENEMOS UNA FELICIDAD ENORME\u00bb<\/h3>\n<p>El p\u00edvot del seleccionado argentino de futsal Alan Brandi asegur\u00f3 que se sacaron \u00abun poco la espina\u00bb del subcampeonato del mundo con el triunfo ante Paraguay por 1-0 en la final de la Copa Am\u00e9rica que se disput\u00f3 en Asunci\u00f3n.<\/p>\n<p><strong>\u00abTenemos una felicidad enorme porque trabajamos much\u00edsimo. Conquistando esta Copa nos sacamos un poco la espina de la final del Mundial\u00bb<\/strong>, manifest\u00f3 Brandi, autor del gol de la victoria, seg\u00fan inform\u00f3 la cuenta oficial del seleccionado argentino.<\/p>\n<p>Argentina sum\u00f3 este domingo su tercer t\u00edtulo en la Copa Am\u00e9rica tras las conquistas de 2003 y 2015 y el a\u00f1o pasado estuvo muy cerca de lograr el bicampeonato en la Copa del Mundo, tras la derrota con Portugal en Lituania.<\/p>\n<p><strong>\u00abParaguay insisti\u00f3 mucho. Sab\u00edamos que ten\u00edamos que convertir en las oportunidades que tuvi\u00e9ramos y despu\u00e9s luchar como sabemos<\/strong>\u00ab, agreg\u00f3 Brandi, quien act\u00faa en el Ja\u00e9n Para\u00edso de Espa\u00f1a.<\/p>\n<\/div>\n<p>Argentina, campe\u00f3n del mundo en 2016, logr\u00f3 su tercer t\u00edtulo en la Copa Am\u00e9rica tras las conquistas de 2003 y 2015. El m\u00e1ximo ganador es Brasil con 10 y que en esta edici\u00f3n fue eliminado por el conjunto albiceleste en semifinales con el triunfo por penales (2-1), luego del empate 3-3.<\/p>\n<p>El flamante ganador de la Copa Am\u00e9rica se alist\u00f3 con: Nicol\u00e1s Sarmiento; \u00c1ngel Claudino, Sebasti\u00e1n Corso; Alan Brandi y Pablo Taborda.<\/p>\n<p>Paraguay, que sum\u00f3 su cuarto subcampeonato, lo hizo con: Giovanni Gonz\u00e1lez; Dami\u00e1n Mareco, Richard Rejala; Javier Salas y Hugo Mart\u00ednez.<\/p>\n<p>El plantel argentino recibi\u00f3 la Copa Am\u00e9rica de manos del paraguayo Alejandro Dom\u00ednguez, el presidente de la Conmebol.<\/p>\n","protected":false},"excerpt":{"rendered":"<p>En un encuentro muy disputado y que se defini\u00f3 por detalles, el seleccionado argentino venci\u00f3 al conjunto local por 1-0 con un tanto de Alan Brandi y levant\u00f3 la copa como visitante.<\/p>\n","protected":false},"author":3,"featured_media":0,"comment_status":"closed","ping_status":"closed","sticky":false,"template":"","format":"standard","meta":{"footnotes":""},"categories":[27],"tags":[],"class_list":["post-67963","post","type-post","status-publish","format-standard","hentry","category-deportes"],"yoast_head":"<!-- This site is optimized with the Yoast SEO plugin v25.9 - https:\/\/yoast.com\/wordpress\/plugins\/seo\/ -->\n<title>Futsal: Argentina le gan\u00f3 a Paraguay y se consagr\u00f3 campe\u00f3n de Am\u00e9rica - Noticias Radio Reflejos<\/title>\n<meta name=\"robots\" content=\"index, follow, max-snippet:-1, max-image-preview:large, max-video-preview:-1\" \/>\n<link rel=\"canonical\" href=\"https:\/\/www.noticiasradioreflejos.com.ar\/2021\/futsal-argentina-le-gano-a-paraguay-y-se-consagro-campeon-de-america\/\" \/>\n<meta property=\"og:locale\" content=\"es_ES\" \/>\n<meta property=\"og:type\" content=\"article\" \/>\n<meta property=\"og:title\" content=\"Futsal: Argentina le gan\u00f3 a Paraguay y se consagr\u00f3 campe\u00f3n de Am\u00e9rica - Noticias Radio Reflejos\" \/>\n<meta property=\"og:description\" content=\"En un encuentro muy disputado y que se defini\u00f3 por detalles, el seleccionado argentino venci\u00f3 al conjunto local por 1-0 con un tanto de Alan Brandi y levant\u00f3 la copa como visitante.\" \/>\n<meta property=\"og:url\" content=\"https:\/\/www.noticiasradioreflejos.com.ar\/2021\/futsal-argentina-le-gano-a-paraguay-y-se-consagro-campeon-de-america\/\" \/>\n<meta property=\"og:site_name\" content=\"Noticias Radio Reflejos\" \/>\n<meta property=\"article:published_time\" content=\"2022-02-07T10:53:35+00:00\" \/>\n<meta property=\"og:image\" content=\"https:\/\/www.telam.com.ar\/thumbs\/bluesteel\/advf\/imagenes\/2022\/02\/6200355fcfb41_900.jpg\" \/>\n<meta name=\"author\" content=\"Arnaldo Botto\" \/>\n<meta name=\"twitter:card\" content=\"summary_large_image\" \/>\n<script type=\"application\/ld+json\" class=\"yoast-schema-graph\">{\"@context\":\"https:\/\/schema.org\",\"@graph\":[{\"@type\":\"WebPage\",\"@id\":\"https:\/\/www.noticiasradioreflejos.com.ar\/2021\/futsal-argentina-le-gano-a-paraguay-y-se-consagro-campeon-de-america\/\",\"url\":\"https:\/\/www.noticiasradioreflejos.com.ar\/2021\/futsal-argentina-le-gano-a-paraguay-y-se-consagro-campeon-de-america\/\",\"name\":\"Futsal: Argentina le gan\u00f3 a Paraguay y se consagr\u00f3 campe\u00f3n de Am\u00e9rica - Noticias Radio Reflejos\",\"isPartOf\":{\"@id\":\"https:\/\/www.noticiasradioreflejos.com.ar\/2021\/#website\"},\"primaryImageOfPage\":{\"@id\":\"https:\/\/www.noticiasradioreflejos.com.ar\/2021\/futsal-argentina-le-gano-a-paraguay-y-se-consagro-campeon-de-america\/#primaryimage\"},\"image\":{\"@id\":\"https:\/\/www.noticiasradioreflejos.com.ar\/2021\/futsal-argentina-le-gano-a-paraguay-y-se-consagro-campeon-de-america\/#primaryimage\"},\"thumbnailUrl\":\"https:\/\/www.telam.com.ar\/thumbs\/bluesteel\/advf\/imagenes\/2022\/02\/6200355fcfb41_900.jpg\",\"datePublished\":\"2022-02-07T10:53:35+00:00\",\"author\":{\"@id\":\"https:\/\/www.noticiasradioreflejos.com.ar\/2021\/#\/schema\/person\/ad82545263dcc5ec0996818884fd5fb1\"},\"breadcrumb\":{\"@id\":\"https:\/\/www.noticiasradioreflejos.com.ar\/2021\/futsal-argentina-le-gano-a-paraguay-y-se-consagro-campeon-de-america\/#breadcrumb\"},\"inLanguage\":\"es\",\"potentialAction\":[{\"@type\":\"ReadAction\",\"target\":[\"https:\/\/www.noticiasradioreflejos.com.ar\/2021\/futsal-argentina-le-gano-a-paraguay-y-se-consagro-campeon-de-america\/\"]}]},{\"@type\":\"ImageObject\",\"inLanguage\":\"es\",\"@id\":\"https:\/\/www.noticiasradioreflejos.com.ar\/2021\/futsal-argentina-le-gano-a-paraguay-y-se-consagro-campeon-de-america\/#primaryimage\",\"url\":\"https:\/\/www.telam.com.ar\/thumbs\/bluesteel\/advf\/imagenes\/2022\/02\/6200355fcfb41_900.jpg\",\"contentUrl\":\"https:\/\/www.telam.com.ar\/thumbs\/bluesteel\/advf\/imagenes\/2022\/02\/6200355fcfb41_900.jpg\"},{\"@type\":\"BreadcrumbList\",\"@id\":\"https:\/\/www.noticiasradioreflejos.com.ar\/2021\/futsal-argentina-le-gano-a-paraguay-y-se-consagro-campeon-de-america\/#breadcrumb\",\"itemListElement\":[{\"@type\":\"ListItem\",\"position\":1,\"name\":\"Portada\",\"item\":\"https:\/\/www.noticiasradioreflejos.com.ar\/2021\/\"},{\"@type\":\"ListItem\",\"position\":2,\"name\":\"Futsal: Argentina le gan\u00f3 a Paraguay y se consagr\u00f3 campe\u00f3n de Am\u00e9rica\"}]},{\"@type\":\"WebSite\",\"@id\":\"https:\/\/www.noticiasradioreflejos.com.ar\/2021\/#website\",\"url\":\"https:\/\/www.noticiasradioreflejos.com.ar\/2021\/\",\"name\":\"Noticias Radio Reflejos\",\"description\":\"Las noticias de mi comarca\",\"potentialAction\":[{\"@type\":\"SearchAction\",\"target\":{\"@type\":\"EntryPoint\",\"urlTemplate\":\"https:\/\/www.noticiasradioreflejos.com.ar\/2021\/?s={search_term_string}\"},\"query-input\":{\"@type\":\"PropertyValueSpecification\",\"valueRequired\":true,\"valueName\":\"search_term_string\"}}],\"inLanguage\":\"es\"},{\"@type\":\"Person\",\"@id\":\"https:\/\/www.noticiasradioreflejos.com.ar\/2021\/#\/schema\/person\/ad82545263dcc5ec0996818884fd5fb1\",\"name\":\"Arnaldo Botto\",\"image\":{\"@type\":\"ImageObject\",\"inLanguage\":\"es\",\"@id\":\"https:\/\/www.noticiasradioreflejos.com.ar\/2021\/#\/schema\/person\/image\/\",\"url\":\"https:\/\/secure.gravatar.com\/avatar\/55cb5e37c1efa326397366e6974cb338056df65cb50e7d64d1cf314e87504837?s=96&d=mm&r=g\",\"contentUrl\":\"https:\/\/secure.gravatar.com\/avatar\/55cb5e37c1efa326397366e6974cb338056df65cb50e7d64d1cf314e87504837?s=96&d=mm&r=g\",\"caption\":\"Arnaldo Botto\"},\"url\":\"https:\/\/www.noticiasradioreflejos.com.ar\/2021\/author\/arnaldo\/\"}]}<\/script>\n<!-- \/ Yoast SEO plugin. -->","yoast_head_json":{"title":"Futsal: Argentina le gan\u00f3 a Paraguay y se consagr\u00f3 campe\u00f3n de Am\u00e9rica - Noticias Radio Reflejos","robots":{"index":"index","follow":"follow","max-snippet":"max-snippet:-1","max-image-preview":"max-image-preview:large","max-video-preview":"max-video-preview:-1"},"canonical":"https:\/\/www.noticiasradioreflejos.com.ar\/2021\/futsal-argentina-le-gano-a-paraguay-y-se-consagro-campeon-de-america\/","og_locale":"es_ES","og_type":"article","og_title":"Futsal: Argentina le gan\u00f3 a Paraguay y se consagr\u00f3 campe\u00f3n de Am\u00e9rica - Noticias Radio Reflejos","og_description":"En un encuentro muy disputado y que se defini\u00f3 por detalles, el seleccionado argentino venci\u00f3 al conjunto local por 1-0 con un tanto de Alan Brandi y levant\u00f3 la copa como visitante.","og_url":"https:\/\/www.noticiasradioreflejos.com.ar\/2021\/futsal-argentina-le-gano-a-paraguay-y-se-consagro-campeon-de-america\/","og_site_name":"Noticias Radio Reflejos","article_published_time":"2022-02-07T10:53:35+00:00","og_image":[{"url":"https:\/\/www.telam.com.ar\/thumbs\/bluesteel\/advf\/imagenes\/2022\/02\/6200355fcfb41_900.jpg","type":"","width":"","height":""}],"author":"Arnaldo Botto","twitter_card":"summary_large_image","schema":{"@context":"https:\/\/schema.org","@graph":[{"@type":"WebPage","@id":"https:\/\/www.noticiasradioreflejos.com.ar\/2021\/futsal-argentina-le-gano-a-paraguay-y-se-consagro-campeon-de-america\/","url":"https:\/\/www.noticiasradioreflejos.com.ar\/2021\/futsal-argentina-le-gano-a-paraguay-y-se-consagro-campeon-de-america\/","name":"Futsal: Argentina le gan\u00f3 a Paraguay y se consagr\u00f3 campe\u00f3n de Am\u00e9rica - Noticias Radio Reflejos","isPartOf":{"@id":"https:\/\/www.noticiasradioreflejos.com.ar\/2021\/#website"},"primaryImageOfPage":{"@id":"https:\/\/www.noticiasradioreflejos.com.ar\/2021\/futsal-argentina-le-gano-a-paraguay-y-se-consagro-campeon-de-america\/#primaryimage"},"image":{"@id":"https:\/\/www.noticiasradioreflejos.com.ar\/2021\/futsal-argentina-le-gano-a-paraguay-y-se-consagro-campeon-de-america\/#primaryimage"},"thumbnailUrl":"https:\/\/www.telam.com.ar\/thumbs\/bluesteel\/advf\/imagenes\/2022\/02\/6200355fcfb41_900.jpg","datePublished":"2022-02-07T10:53:35+00:00","author":{"@id":"https:\/\/www.noticiasradioreflejos.com.ar\/2021\/#\/schema\/person\/ad82545263dcc5ec0996818884fd5fb1"},"breadcrumb":{"@id":"https:\/\/www.noticiasradioreflejos.com.ar\/2021\/futsal-argentina-le-gano-a-paraguay-y-se-consagro-campeon-de-america\/#breadcrumb"},"inLanguage":"es","potentialAction":[{"@type":"ReadAction","target":["https:\/\/www.noticiasradioreflejos.com.ar\/2021\/futsal-argentina-le-gano-a-paraguay-y-se-consagro-campeon-de-america\/"]}]},{"@type":"ImageObject","inLanguage":"es","@id":"https:\/\/www.noticiasradioreflejos.com.ar\/2021\/futsal-argentina-le-gano-a-paraguay-y-se-consagro-campeon-de-america\/#primaryimage","url":"https:\/\/www.telam.com.ar\/thumbs\/bluesteel\/advf\/imagenes\/2022\/02\/6200355fcfb41_900.jpg","contentUrl":"https:\/\/www.telam.com.ar\/thumbs\/bluesteel\/advf\/imagenes\/2022\/02\/6200355fcfb41_900.jpg"},{"@type":"BreadcrumbList","@id":"https:\/\/www.noticiasradioreflejos.com.ar\/2021\/futsal-argentina-le-gano-a-paraguay-y-se-consagro-campeon-de-america\/#breadcrumb","itemListElement":[{"@type":"ListItem","position":1,"name":"Portada","item":"https:\/\/www.noticiasradioreflejos.com.ar\/2021\/"},{"@type":"ListItem","position":2,"name":"Futsal: Argentina le gan\u00f3 a Paraguay y se consagr\u00f3 campe\u00f3n de Am\u00e9rica"}]},{"@type":"WebSite","@id":"https:\/\/www.noticiasradioreflejos.com.ar\/2021\/#website","url":"https:\/\/www.noticiasradioreflejos.com.ar\/2021\/","name":"Noticias Radio Reflejos","description":"Las noticias de mi comarca","potentialAction":[{"@type":"SearchAction","target":{"@type":"EntryPoint","urlTemplate":"https:\/\/www.noticiasradioreflejos.com.ar\/2021\/?s={search_term_string}"},"query-input":{"@type":"PropertyValueSpecification","valueRequired":true,"valueName":"search_term_string"}}],"inLanguage":"es"},{"@type":"Person","@id":"https:\/\/www.noticiasradioreflejos.com.ar\/2021\/#\/schema\/person\/ad82545263dcc5ec0996818884fd5fb1","name":"Arnaldo Botto","image":{"@type":"ImageObject","inLanguage":"es","@id":"https:\/\/www.noticiasradioreflejos.com.ar\/2021\/#\/schema\/person\/image\/","url":"https:\/\/secure.gravatar.com\/avatar\/55cb5e37c1efa326397366e6974cb338056df65cb50e7d64d1cf314e87504837?s=96&d=mm&r=g","contentUrl":"https:\/\/secure.gravatar.com\/avatar\/55cb5e37c1efa326397366e6974cb338056df65cb50e7d64d1cf314e87504837?s=96&d=mm&r=g","caption":"Arnaldo Botto"},"url":"https:\/\/www.noticiasradioreflejos.com.ar\/2021\/author\/arnaldo\/"}]}},"_links":{"self":[{"href":"https:\/\/www.noticiasradioreflejos.com.ar\/2021\/wp-json\/wp\/v2\/posts\/67963","targetHints":{"allow":["GET"]}}],"collection":[{"href":"https:\/\/www.noticiasradioreflejos.com.ar\/2021\/wp-json\/wp\/v2\/posts"}],"about":[{"href":"https:\/\/www.noticiasradioreflejos.com.ar\/2021\/wp-json\/wp\/v2\/types\/post"}],"author":[{"embeddable":true,"href":"https:\/\/www.noticiasradioreflejos.com.ar\/2021\/wp-json\/wp\/v2\/users\/3"}],"replies":[{"embeddable":true,"href":"https:\/\/www.noticiasradioreflejos.com.ar\/2021\/wp-json\/wp\/v2\/comments?post=67963"}],"version-history":[{"count":1,"href":"https:\/\/www.noticiasradioreflejos.com.ar\/2021\/wp-json\/wp\/v2\/posts\/67963\/revisions"}],"predecessor-version":[{"id":67965,"href":"https:\/\/www.noticiasradioreflejos.com.ar\/2021\/wp-json\/wp\/v2\/posts\/67963\/revisions\/67965"}],"wp:attachment":[{"href":"https:\/\/www.noticiasradioreflejos.com.ar\/2021\/wp-json\/wp\/v2\/media?parent=67963"}],"wp:term":[{"taxonomy":"category","embeddable":true,"href":"https:\/\/www.noticiasradioreflejos.com.ar\/2021\/wp-json\/wp\/v2\/categories?post=67963"},{"taxonomy":"post_tag","embeddable":true,"href":"https:\/\/www.noticiasradioreflejos.com.ar\/2021\/wp-json\/wp\/v2\/tags?post=67963"}],"curies":[{"name":"wp","href":"https:\/\/api.w.org\/{rel}","templated":true}]}}