{"id":67952,"date":"2022-02-05T21:05:34","date_gmt":"2022-02-05T21:05:34","guid":{"rendered":"http:\/\/www.noticiasradioreflejos.com.ar\/2021\/?p=67952"},"modified":"2022-02-05T21:05:34","modified_gmt":"2022-02-05T21:05:34","slug":"las-colonias-del-pinguino-emperador-amenazadas-por-el-cambio-climatico","status":"publish","type":"post","link":"https:\/\/www.noticiasradioreflejos.com.ar\/2021\/las-colonias-del-pinguino-emperador-amenazadas-por-el-cambio-climatico\/","title":{"rendered":"Las colonias del ping\u00fcino emperador, amenazadas por el cambio clim\u00e1tico"},"content":{"rendered":"<p>Investigadores de todo el mundo advierten que la p\u00e9rdida de cobertura de hielo entre el paralelo 60 y el paralelo 70 de latitud sur podr\u00eda acabar con un gran n\u00famero de las colonias del ping\u00fcino de mayor tama\u00f1o de todos.<!--more--><\/p>\n<div>\n<div class=\"wrapper-editable-content\">\n<div>\n<div class=\"container-md\">\n<div class=\"row\">\n<div class=\"col-md-12 speak\">\n<div class=\"paragraph\">\n<figure class=\"mb-3\"><img decoding=\"async\" src=\"https:\/\/www.telam.com.ar\/thumbs\/bluesteel\/advf\/imagenes\/2022\/02\/61fe9e0e145b0_900.jpg\" alt=\"Foto Prensa Instituto Antrtico Argentino\" width=\"100%\" height=\"100%\" \/><\/figure>\n<\/div>\n<\/div>\n<\/div>\n<\/div>\n<\/div>\n<\/div>\n<\/div>\n<div class=\"media-icons\"><\/div>\n<p>Foto: Prensa Instituto Ant\u00e1rtico Argentino<\/p>\n<p>El aumento de temperaturas causado por el cambio clim\u00e1tico derrite el pack marino o mar congelado, superficie sobre la cual el ping\u00fcino emperador desarrolla las etapas m\u00e1s importantes de su ciclo vital, lo que podr\u00eda llevar a la virtual desaparici\u00f3n de esa especie que es considerada uno de los depredadores tope de ese continente.<\/p>\n<p><strong>Investigadores del Instituto Ant\u00e1rtico Argentino (IAA) monitorean todos los a\u00f1os las colonias de ping\u00fcinos en la Ant\u00e1rtida. Lo hacen a trav\u00e9s del conteo de la cantidad de adultos que forman las colonias reproductivas<\/strong>. Este par\u00e1metro poblacional es de importancia ya que muestra el tama\u00f1o de las colonias y c\u00f3mo var\u00eda a\u00f1o a a\u00f1o.<\/p>\n<p>Investigadores de todo el mundo advierten que la p\u00e9rdida de cobertura de hielo entre el paralelo 60 y el paralelo 70 de latitud sur podr\u00eda acabar con un gran n\u00famero de las colonias del ping\u00fcino de mayor tama\u00f1o de todos, el emperador, que cumple un rol clave en el equilibrio ant\u00e1rtico como predador tope.<\/p>\n<p><strong>Marcela Libertelli, licenciada en ciencias biol\u00f3gicas y jefa del Departamento de Biolog\u00eda de Predadores Tope del IAA, afirm\u00f3 en di\u00e1logo con T\u00e9lam que, \u00aben lo que respecta al estudio de aves en la Ant\u00e1rtida<\/strong>, adem\u00e1s de monitorear al ping\u00fcino emperador tambi\u00e9n estudiamos a los ping\u00fcinos del g\u00e9nero Pygoscelis, que son el Adelia, el Barbijo y el Pap\u00faa. Son m\u00e1s peque\u00f1os pero m\u00e1s numerosos, y tambi\u00e9n aves voladores como petreles gigantes, petreles de las tormentas o cormoranes entre otros\u00bb.<\/p>\n<figure class=\"mb-3\"><img decoding=\"async\" src=\"https:\/\/www.telam.com.ar\/thumbs\/bluesteel\/advf\/imagenes\/2022\/02\/61fe9e0e07340_900.jpg\" alt=\"Foto Prensa Instituto Antrtico Argentino\" width=\"100%\" height=\"100%\" \/><\/p>\n<div class=\"media-icons\"><\/div><figcaption>Foto: Prensa Instituto Ant\u00e1rtico Argentino<\/figcaption><\/figure>\n<p>\u00abNuestro trabajo se desarrolla en distintas bases ant\u00e1rticas argentinas. Hacemos relevamientos en la zona de Base Carlini, en Base Orcadas, en Base Brown, Base Esperanza, Base Marambio y Base Primavera; adem\u00e1s desde el a\u00f1o 2014 estamos realizando relevamientos a\u00e9reos de una colonia de ping\u00fcino emperador sobre la barrera de hielos Larsen C con un avi\u00f3n Twin Otter de la Fuerza A\u00e9rea Argentina\u00bb, detall\u00f3.<\/p>\n<p>Libertelli sostuvo que \u00ablos depredadores tope de la Ant\u00e1rtida, tanto aves como mam\u00edferos, nos dan una referencia del stock poblacional de los recursos vivos marinos ant\u00e1rticos, como conocer de su disponibilidad y la ubicaci\u00f3n de los stocks\u00bb.<\/p>\n<p>Y agreg\u00f3:\u00a0<strong>\u00abTener informaci\u00f3n de las principales poblaciones de presas como el krill y algunas especies de peces es muy importante para conocer el estado de las poblaciones clave que forman parte de la red tr\u00f3fica ant\u00e1rtica\u00bb.<\/strong><\/p>\n<p>\u00abEste verano, como se viene realizando hace a\u00f1os, se llevar adelante un nuevo censo poblacional de todas las especies de aves en la zona de base Orcadas, por primera vez se llevar\u00e1 adelante un relevamiento de los cormoranes que reproducen en cercan\u00edas a la Base Brown y en Carlini se espera avanzar con los estudios que anualmente se realizan sobre sobre petreles gigantes y petreles de las tormentas; estudios sobre las colonias de ping\u00fcino emperador se realizan entre el invierno y la primavera al sur de base Marambio, debido a que su ciclo reproductivo se desarrolla entre los meses de abril a diciembre\u00bb, resalt\u00f3.<\/p>\n<blockquote class=\"\"><p>\u00abEl ping\u00fcino emperador es el m\u00e1s grande de los ping\u00fcinos, y a diferencia del resto no hace nido, sino que lleva su huevo todo el tiempo entre sus patas\u00bb<cite class=\"author\">Marcela Libertelli<\/cite><\/p><\/blockquote>\n<p>La cient\u00edfica subray\u00f3 que \u00abhace a\u00f1os que investigamos estas poblaciones y hemos visto que el cambio clim\u00e1tico afecta las poblaciones de aves, algunas de las cu\u00e1les van disminuyendo, tambi\u00e9n se suma el impacto producido por una creciente actividad tur\u00edstica en el continente\u00bb.<\/p>\n<p>\u00abEl ping\u00fcino emperador es el m\u00e1s grande de los ping\u00fcinos, y a diferencia del resto no hace nido, sino que lleva su huevo todo el tiempo entre sus patas y pasa las etapas m\u00e1s importantes de su ciclo de vida sobre superficies de hielo que hoy se est\u00e1n perdiendo por el cambio clim\u00e1tico; si nada cambia es probable que en tres o cuatro d\u00e9cadas la mayor\u00eda de las colonias de esta especie entre el paralelo 60 y el 70 de latitud sur desaparezcan\u00bb, alert\u00f3.<\/p>\n<p>Libertelli asegur\u00f3 que \u00abtoda la comunidad internacional ant\u00e1rtica est\u00e1 atenta a esta situaci\u00f3n y se analiza declarar al ping\u00fcino emperador como especie especialmente protegida, lo que no solucionar\u00eda las consecuencias del cambio clim\u00e1tico pero al menos impedir\u00eda que las actividades tur\u00edsticas que hoy tienen como atractivo la visita a esas colonias de aves ya no puedan acercarse a ellas\u00bb.<\/p>\n<p>\u00abOtro desaf\u00edo que enfrentan los depredadores ant\u00e1rticos es el de la industria pesquera, hay pa\u00edses como Noruega, China, Rusia o Jap\u00f3n que habilitan la pesca en aguas ant\u00e1rticas a niveles que inciden en el equilibrio de los ecosistemas; dentro del \u00e1mbito del Tratado Ant\u00e1rtico se busca alg\u00fan consenso sobre el tema pero es complejo porque para avanzar hace falta unanimidad\u00bb, indic\u00f3.<\/p>\n<blockquote class=\"\"><p>Es muy importante el monitoreo de los ping\u00fcinos Adelia, Barbijo y Pap\u00faa porque son poblaciones muy abundantes que se consideran clave para estudiar el estado de las poblaciones de peces y de krill.<\/p><\/blockquote>\n<p>La bi\u00f3loga agreg\u00f3 que \u00abtambi\u00e9n es muy importante el monitoreo de los ping\u00fcinos Adelia, Barbijo y Pap\u00faa porque son poblaciones muy abundantes que se consideran clave para estudiar el estado de las poblaciones de peces y de krill; para eso es necesario ir a sus colonias a contar nidos, y durante la temporada registrar en cu\u00e1ntos nidos hay huevos, cu\u00e1ntos lograron empollar y cu\u00e1ntos sobrevivieron\u00bb.<\/p>\n<p><strong>\u00abEste es un trabajo en el que adem\u00e1s tratamos de pesar algunos pichones, tomar muestras de sangre para conocer mejor su fisiolog\u00eda y ver a qu\u00e9 pat\u00f3genos o enfermedades est\u00e1n expuestos, para ello se toman muestras de sangre y plumas entre otras; y todo lo tenemos que hacer con mucha delicadeza porque si un adulto se asusta y abandona el nido por nuestra presencia ese pich\u00f3n puede ser devorado por un depredador como el skua\u00bb, cont\u00f3.<\/strong><\/p>\n<p>La investigadora enfatiz\u00f3 que \u00abotra l\u00ednea de investigaci\u00f3n muy importante es la que se ocupa de los mam\u00edferos marinos, en la zona de base Carlini se hacen relevamientos sobre lobos marinos, elefantes marinos y alguna especie de foca que pueda aparecer como las focas de Weddell y focas cangrejeras, mientras que en base Orcadas se monitorean todas las especies de mam\u00edferos que puedan observarse y que son grandes consumidores de peces, krill, pulpos y calamares\u00bb.<\/p>\n<figure class=\"mb-3\"><img decoding=\"async\" src=\"https:\/\/www.telam.com.ar\/thumbs\/bluesteel\/advf\/imagenes\/2022\/02\/61fe9e0e2016b_900.jpg\" alt=\"Foto Prensa Instituto Antrtico Argentino\" width=\"100%\" height=\"100%\" \/><\/p>\n<div class=\"media-icons\"><\/div><figcaption>Foto: Prensa Instituto Ant\u00e1rtico Argentino<\/figcaption><\/figure>\n<p><strong>\u00abEl derretimiento de los hielos ant\u00e1rticos tambi\u00e9n afecta a los mam\u00edferos marinos, las focas cuando van a parir cavan un hoyo en el hielo para la cr\u00eda, pero si este hielo es muy delgado corren el riesgo de que el cachorro caiga al agua y se ahogue\u00bb, mencion\u00f3.<\/strong><\/p>\n<p>\u00abEn mi caso, participo de estos relevamientos desde 1996, y la Argentina es uno de los pa\u00edses que m\u00e1s trabaja en el monitoreo de estas especies y en c\u00f3mo las afecta el cambio clim\u00e1tico, al igual que otros pa\u00edses como Francia, Estados Unidos, Nueva Zelanda, Inglaterra, Australia y Espa\u00f1a entre otros\u00bb, complet\u00f3 Libertelli.<\/p>\n<div class=\"card col-md-10 offset-md-1 mb-4\">\n<h3 class=\"pt-2\">Relacionadas<\/h3>\n<div class=\"card-body\">\n<ul>\n<li>\n<h4>Investigan el impacto del cambio clim\u00e1tico y la sobrepesca en los peces de la Ant\u00e1rtida<\/h4>\n<\/li>\n<li>\n<h4>Argentina avanza en la instalaci\u00f3n de una estaci\u00f3n terrena en la Ant\u00e1rtida<\/h4>\n<\/li>\n<li>\n<h4>Argentina probar\u00e1 en la Ant\u00e1rtida un robot que investigar\u00e1 glaciares de modo aut\u00f3nomo<\/h4>\n<\/li>\n<\/ul>\n<\/div>\n<\/div>\n","protected":false},"excerpt":{"rendered":"<p>Investigadores de todo el mundo advierten que la p\u00e9rdida de cobertura de hielo entre el paralelo 60 y el paralelo 70 de latitud sur podr\u00eda acabar con un gran n\u00famero de las colonias del ping\u00fcino de mayor tama\u00f1o de todos.<\/p>\n","protected":false},"author":3,"featured_media":0,"comment_status":"closed","ping_status":"closed","sticky":false,"template":"","format":"standard","meta":{"footnotes":""},"categories":[46,34],"tags":[],"class_list":["post-67952","post","type-post","status-publish","format-standard","hentry","category-ciencia-y-tecnologia","category-educacion"],"yoast_head":"<!-- This site is optimized with the Yoast SEO plugin v25.9 - https:\/\/yoast.com\/wordpress\/plugins\/seo\/ -->\n<title>Las colonias del ping\u00fcino emperador, amenazadas por el cambio clim\u00e1tico - Noticias Radio Reflejos<\/title>\n<meta name=\"robots\" content=\"index, follow, max-snippet:-1, max-image-preview:large, max-video-preview:-1\" \/>\n<link rel=\"canonical\" href=\"https:\/\/www.noticiasradioreflejos.com.ar\/2021\/las-colonias-del-pinguino-emperador-amenazadas-por-el-cambio-climatico\/\" \/>\n<meta property=\"og:locale\" content=\"es_ES\" \/>\n<meta property=\"og:type\" content=\"article\" \/>\n<meta property=\"og:title\" content=\"Las colonias del ping\u00fcino emperador, amenazadas por el cambio clim\u00e1tico - Noticias Radio Reflejos\" \/>\n<meta property=\"og:description\" content=\"Investigadores de todo el mundo advierten que la p\u00e9rdida de cobertura de hielo entre el paralelo 60 y el paralelo 70 de latitud sur podr\u00eda acabar con un gran n\u00famero de las colonias del ping\u00fcino de mayor tama\u00f1o de todos.\" \/>\n<meta property=\"og:url\" content=\"https:\/\/www.noticiasradioreflejos.com.ar\/2021\/las-colonias-del-pinguino-emperador-amenazadas-por-el-cambio-climatico\/\" \/>\n<meta property=\"og:site_name\" content=\"Noticias Radio Reflejos\" \/>\n<meta property=\"article:published_time\" content=\"2022-02-05T21:05:34+00:00\" \/>\n<meta property=\"og:image\" content=\"https:\/\/www.telam.com.ar\/thumbs\/bluesteel\/advf\/imagenes\/2022\/02\/61fe9e0e145b0_900.jpg\" \/>\n<meta name=\"author\" content=\"Arnaldo Botto\" \/>\n<meta name=\"twitter:card\" content=\"summary_large_image\" \/>\n<script type=\"application\/ld+json\" class=\"yoast-schema-graph\">{\"@context\":\"https:\/\/schema.org\",\"@graph\":[{\"@type\":\"WebPage\",\"@id\":\"https:\/\/www.noticiasradioreflejos.com.ar\/2021\/las-colonias-del-pinguino-emperador-amenazadas-por-el-cambio-climatico\/\",\"url\":\"https:\/\/www.noticiasradioreflejos.com.ar\/2021\/las-colonias-del-pinguino-emperador-amenazadas-por-el-cambio-climatico\/\",\"name\":\"Las colonias del ping\u00fcino emperador, amenazadas por el cambio clim\u00e1tico - Noticias Radio Reflejos\",\"isPartOf\":{\"@id\":\"https:\/\/www.noticiasradioreflejos.com.ar\/2021\/#website\"},\"primaryImageOfPage\":{\"@id\":\"https:\/\/www.noticiasradioreflejos.com.ar\/2021\/las-colonias-del-pinguino-emperador-amenazadas-por-el-cambio-climatico\/#primaryimage\"},\"image\":{\"@id\":\"https:\/\/www.noticiasradioreflejos.com.ar\/2021\/las-colonias-del-pinguino-emperador-amenazadas-por-el-cambio-climatico\/#primaryimage\"},\"thumbnailUrl\":\"https:\/\/www.telam.com.ar\/thumbs\/bluesteel\/advf\/imagenes\/2022\/02\/61fe9e0e145b0_900.jpg\",\"datePublished\":\"2022-02-05T21:05:34+00:00\",\"author\":{\"@id\":\"https:\/\/www.noticiasradioreflejos.com.ar\/2021\/#\/schema\/person\/ad82545263dcc5ec0996818884fd5fb1\"},\"breadcrumb\":{\"@id\":\"https:\/\/www.noticiasradioreflejos.com.ar\/2021\/las-colonias-del-pinguino-emperador-amenazadas-por-el-cambio-climatico\/#breadcrumb\"},\"inLanguage\":\"es\",\"potentialAction\":[{\"@type\":\"ReadAction\",\"target\":[\"https:\/\/www.noticiasradioreflejos.com.ar\/2021\/las-colonias-del-pinguino-emperador-amenazadas-por-el-cambio-climatico\/\"]}]},{\"@type\":\"ImageObject\",\"inLanguage\":\"es\",\"@id\":\"https:\/\/www.noticiasradioreflejos.com.ar\/2021\/las-colonias-del-pinguino-emperador-amenazadas-por-el-cambio-climatico\/#primaryimage\",\"url\":\"https:\/\/www.telam.com.ar\/thumbs\/bluesteel\/advf\/imagenes\/2022\/02\/61fe9e0e145b0_900.jpg\",\"contentUrl\":\"https:\/\/www.telam.com.ar\/thumbs\/bluesteel\/advf\/imagenes\/2022\/02\/61fe9e0e145b0_900.jpg\"},{\"@type\":\"BreadcrumbList\",\"@id\":\"https:\/\/www.noticiasradioreflejos.com.ar\/2021\/las-colonias-del-pinguino-emperador-amenazadas-por-el-cambio-climatico\/#breadcrumb\",\"itemListElement\":[{\"@type\":\"ListItem\",\"position\":1,\"name\":\"Portada\",\"item\":\"https:\/\/www.noticiasradioreflejos.com.ar\/2021\/\"},{\"@type\":\"ListItem\",\"position\":2,\"name\":\"Las colonias del ping\u00fcino emperador, amenazadas por el cambio clim\u00e1tico\"}]},{\"@type\":\"WebSite\",\"@id\":\"https:\/\/www.noticiasradioreflejos.com.ar\/2021\/#website\",\"url\":\"https:\/\/www.noticiasradioreflejos.com.ar\/2021\/\",\"name\":\"Noticias Radio Reflejos\",\"description\":\"Las noticias de mi comarca\",\"potentialAction\":[{\"@type\":\"SearchAction\",\"target\":{\"@type\":\"EntryPoint\",\"urlTemplate\":\"https:\/\/www.noticiasradioreflejos.com.ar\/2021\/?s={search_term_string}\"},\"query-input\":{\"@type\":\"PropertyValueSpecification\",\"valueRequired\":true,\"valueName\":\"search_term_string\"}}],\"inLanguage\":\"es\"},{\"@type\":\"Person\",\"@id\":\"https:\/\/www.noticiasradioreflejos.com.ar\/2021\/#\/schema\/person\/ad82545263dcc5ec0996818884fd5fb1\",\"name\":\"Arnaldo Botto\",\"image\":{\"@type\":\"ImageObject\",\"inLanguage\":\"es\",\"@id\":\"https:\/\/www.noticiasradioreflejos.com.ar\/2021\/#\/schema\/person\/image\/\",\"url\":\"https:\/\/secure.gravatar.com\/avatar\/55cb5e37c1efa326397366e6974cb338056df65cb50e7d64d1cf314e87504837?s=96&d=mm&r=g\",\"contentUrl\":\"https:\/\/secure.gravatar.com\/avatar\/55cb5e37c1efa326397366e6974cb338056df65cb50e7d64d1cf314e87504837?s=96&d=mm&r=g\",\"caption\":\"Arnaldo Botto\"},\"url\":\"https:\/\/www.noticiasradioreflejos.com.ar\/2021\/author\/arnaldo\/\"}]}<\/script>\n<!-- \/ Yoast SEO plugin. -->","yoast_head_json":{"title":"Las colonias del ping\u00fcino emperador, amenazadas por el cambio clim\u00e1tico - Noticias Radio Reflejos","robots":{"index":"index","follow":"follow","max-snippet":"max-snippet:-1","max-image-preview":"max-image-preview:large","max-video-preview":"max-video-preview:-1"},"canonical":"https:\/\/www.noticiasradioreflejos.com.ar\/2021\/las-colonias-del-pinguino-emperador-amenazadas-por-el-cambio-climatico\/","og_locale":"es_ES","og_type":"article","og_title":"Las colonias del ping\u00fcino emperador, amenazadas por el cambio clim\u00e1tico - Noticias Radio Reflejos","og_description":"Investigadores de todo el mundo advierten que la p\u00e9rdida de cobertura de hielo entre el paralelo 60 y el paralelo 70 de latitud sur podr\u00eda acabar con un gran n\u00famero de las colonias del ping\u00fcino de mayor tama\u00f1o de todos.","og_url":"https:\/\/www.noticiasradioreflejos.com.ar\/2021\/las-colonias-del-pinguino-emperador-amenazadas-por-el-cambio-climatico\/","og_site_name":"Noticias Radio Reflejos","article_published_time":"2022-02-05T21:05:34+00:00","og_image":[{"url":"https:\/\/www.telam.com.ar\/thumbs\/bluesteel\/advf\/imagenes\/2022\/02\/61fe9e0e145b0_900.jpg","type":"","width":"","height":""}],"author":"Arnaldo Botto","twitter_card":"summary_large_image","schema":{"@context":"https:\/\/schema.org","@graph":[{"@type":"WebPage","@id":"https:\/\/www.noticiasradioreflejos.com.ar\/2021\/las-colonias-del-pinguino-emperador-amenazadas-por-el-cambio-climatico\/","url":"https:\/\/www.noticiasradioreflejos.com.ar\/2021\/las-colonias-del-pinguino-emperador-amenazadas-por-el-cambio-climatico\/","name":"Las colonias del ping\u00fcino emperador, amenazadas por el cambio clim\u00e1tico - Noticias Radio Reflejos","isPartOf":{"@id":"https:\/\/www.noticiasradioreflejos.com.ar\/2021\/#website"},"primaryImageOfPage":{"@id":"https:\/\/www.noticiasradioreflejos.com.ar\/2021\/las-colonias-del-pinguino-emperador-amenazadas-por-el-cambio-climatico\/#primaryimage"},"image":{"@id":"https:\/\/www.noticiasradioreflejos.com.ar\/2021\/las-colonias-del-pinguino-emperador-amenazadas-por-el-cambio-climatico\/#primaryimage"},"thumbnailUrl":"https:\/\/www.telam.com.ar\/thumbs\/bluesteel\/advf\/imagenes\/2022\/02\/61fe9e0e145b0_900.jpg","datePublished":"2022-02-05T21:05:34+00:00","author":{"@id":"https:\/\/www.noticiasradioreflejos.com.ar\/2021\/#\/schema\/person\/ad82545263dcc5ec0996818884fd5fb1"},"breadcrumb":{"@id":"https:\/\/www.noticiasradioreflejos.com.ar\/2021\/las-colonias-del-pinguino-emperador-amenazadas-por-el-cambio-climatico\/#breadcrumb"},"inLanguage":"es","potentialAction":[{"@type":"ReadAction","target":["https:\/\/www.noticiasradioreflejos.com.ar\/2021\/las-colonias-del-pinguino-emperador-amenazadas-por-el-cambio-climatico\/"]}]},{"@type":"ImageObject","inLanguage":"es","@id":"https:\/\/www.noticiasradioreflejos.com.ar\/2021\/las-colonias-del-pinguino-emperador-amenazadas-por-el-cambio-climatico\/#primaryimage","url":"https:\/\/www.telam.com.ar\/thumbs\/bluesteel\/advf\/imagenes\/2022\/02\/61fe9e0e145b0_900.jpg","contentUrl":"https:\/\/www.telam.com.ar\/thumbs\/bluesteel\/advf\/imagenes\/2022\/02\/61fe9e0e145b0_900.jpg"},{"@type":"BreadcrumbList","@id":"https:\/\/www.noticiasradioreflejos.com.ar\/2021\/las-colonias-del-pinguino-emperador-amenazadas-por-el-cambio-climatico\/#breadcrumb","itemListElement":[{"@type":"ListItem","position":1,"name":"Portada","item":"https:\/\/www.noticiasradioreflejos.com.ar\/2021\/"},{"@type":"ListItem","position":2,"name":"Las colonias del ping\u00fcino emperador, amenazadas por el cambio clim\u00e1tico"}]},{"@type":"WebSite","@id":"https:\/\/www.noticiasradioreflejos.com.ar\/2021\/#website","url":"https:\/\/www.noticiasradioreflejos.com.ar\/2021\/","name":"Noticias Radio Reflejos","description":"Las noticias de mi comarca","potentialAction":[{"@type":"SearchAction","target":{"@type":"EntryPoint","urlTemplate":"https:\/\/www.noticiasradioreflejos.com.ar\/2021\/?s={search_term_string}"},"query-input":{"@type":"PropertyValueSpecification","valueRequired":true,"valueName":"search_term_string"}}],"inLanguage":"es"},{"@type":"Person","@id":"https:\/\/www.noticiasradioreflejos.com.ar\/2021\/#\/schema\/person\/ad82545263dcc5ec0996818884fd5fb1","name":"Arnaldo Botto","image":{"@type":"ImageObject","inLanguage":"es","@id":"https:\/\/www.noticiasradioreflejos.com.ar\/2021\/#\/schema\/person\/image\/","url":"https:\/\/secure.gravatar.com\/avatar\/55cb5e37c1efa326397366e6974cb338056df65cb50e7d64d1cf314e87504837?s=96&d=mm&r=g","contentUrl":"https:\/\/secure.gravatar.com\/avatar\/55cb5e37c1efa326397366e6974cb338056df65cb50e7d64d1cf314e87504837?s=96&d=mm&r=g","caption":"Arnaldo Botto"},"url":"https:\/\/www.noticiasradioreflejos.com.ar\/2021\/author\/arnaldo\/"}]}},"_links":{"self":[{"href":"https:\/\/www.noticiasradioreflejos.com.ar\/2021\/wp-json\/wp\/v2\/posts\/67952","targetHints":{"allow":["GET"]}}],"collection":[{"href":"https:\/\/www.noticiasradioreflejos.com.ar\/2021\/wp-json\/wp\/v2\/posts"}],"about":[{"href":"https:\/\/www.noticiasradioreflejos.com.ar\/2021\/wp-json\/wp\/v2\/types\/post"}],"author":[{"embeddable":true,"href":"https:\/\/www.noticiasradioreflejos.com.ar\/2021\/wp-json\/wp\/v2\/users\/3"}],"replies":[{"embeddable":true,"href":"https:\/\/www.noticiasradioreflejos.com.ar\/2021\/wp-json\/wp\/v2\/comments?post=67952"}],"version-history":[{"count":1,"href":"https:\/\/www.noticiasradioreflejos.com.ar\/2021\/wp-json\/wp\/v2\/posts\/67952\/revisions"}],"predecessor-version":[{"id":67954,"href":"https:\/\/www.noticiasradioreflejos.com.ar\/2021\/wp-json\/wp\/v2\/posts\/67952\/revisions\/67954"}],"wp:attachment":[{"href":"https:\/\/www.noticiasradioreflejos.com.ar\/2021\/wp-json\/wp\/v2\/media?parent=67952"}],"wp:term":[{"taxonomy":"category","embeddable":true,"href":"https:\/\/www.noticiasradioreflejos.com.ar\/2021\/wp-json\/wp\/v2\/categories?post=67952"},{"taxonomy":"post_tag","embeddable":true,"href":"https:\/\/www.noticiasradioreflejos.com.ar\/2021\/wp-json\/wp\/v2\/tags?post=67952"}],"curies":[{"name":"wp","href":"https:\/\/api.w.org\/{rel}","templated":true}]}}