{"id":67949,"date":"2022-02-05T21:02:05","date_gmt":"2022-02-05T21:02:05","guid":{"rendered":"http:\/\/www.noticiasradioreflejos.com.ar\/2021\/?p=67949"},"modified":"2022-02-05T21:02:05","modified_gmt":"2022-02-05T21:02:05","slug":"con-comparsas-shows-y-concursos-llega-el-carnaval-a-las-provincias","status":"publish","type":"post","link":"https:\/\/www.noticiasradioreflejos.com.ar\/2021\/con-comparsas-shows-y-concursos-llega-el-carnaval-a-las-provincias\/","title":{"rendered":"Con comparsas, shows y concursos, llega el Carnaval a las provincias"},"content":{"rendered":"<p>Decenas de localidades argentinas se preparan para celebrar el carnaval 2022 con protocolos especiales por la pandemia de coronavirus. En algunas las noches con lentejuelas, plumas y ritmos de baile comenzaron anticipadamente para aprovechar la presencia del turismo estival.<!--more--><\/p>\n<div>\n<div class=\"wrapper-editable-content\">\n<div>\n<div class=\"container-md\">\n<div class=\"row\">\n<div class=\"col-md-12 speak\">\n<div class=\"paragraph\">\n<figure class=\"mb-3\"><img decoding=\"async\" src=\"https:\/\/www.telam.com.ar\/thumbs\/bluesteel\/advf\/imagenes\/2022\/01\/61ed8b2208a62_900.jpg\" alt=\"Foto gentileza Matas Bucci\" width=\"100%\" height=\"100%\" \/><\/figure>\n<\/div>\n<\/div>\n<\/div>\n<\/div>\n<\/div>\n<\/div>\n<\/div>\n<div class=\"media-icons\"><\/div>\n<p>Foto gentileza: Mat\u00edas Bucci<\/p>\n<p>Decenas de localidades argentinas se preparan para celebrar el carnaval 2022 con desfiles de comparsas, shows musicales, corsos barriales, el desentierro del Pujllay en la puna y concursos de disfraces, que este a\u00f1o se realizar\u00e1n con protocolos especiales por la pandemia de coronavirus.<\/p>\n<p>El fin de semana largo que va del s\u00e1bado 26 de febrero al martes 1 de marzo ofrecer\u00e1 la cartelera de carnaval m\u00e1s completa, aunque en algunas localidades como Gualeguaych\u00fa, Jun\u00edn de los Andes o la bonaerense 25 de mayo las noches con lentejuelas, plumas y ritmos de baile comenzaron anticipadamente para aprovechar la presencia del turismo estival.<\/p>\n<p>Las celebraciones se reanudar\u00e1n as\u00ed en muchas ciudades que debieron postergarlas en los \u00faltimos dos a\u00f1os por la pandemia y esta vez\u00a0<strong>varios distritos exigir\u00e1n pase sanitario, uso de tapabocas y distancia social<\/strong>, mientras algunos de los m\u00e1s antiguos carnavales, como\u00a0<strong>los de las ciudades correntinas de Goya o las bonaerense Lincoln y Dolores, fueron suspendidos recientemente por la suba de contagios\u00a0<\/strong>que provoc\u00f3 la ola de la variante Omicron en esas zonas.<\/p>\n<p><span class=\"badge badge-primary\">Buenos Aires<\/span><br \/>\nEn Buenos Aires habr\u00e1 programaci\u00f3n en casi todas las ciudades de la provincia, algunas con modalidad de recitales y otras con la tradici\u00f3n de los desfiles de carrozas y comparsas.<\/p>\n<p>En el caso de\u00a0<strong>25 de Mayo<\/strong>, conocido como el\u00a0<strong>Carnaval de la Provincia<\/strong>, los desfiles comenzar\u00e1n este s\u00e1bado 5 en el cors\u00f3dromo ubicado en el boulevard Valmarosa, en el parque laguna \u00abLas Mulitas\u00bb, un predio de 30 hect\u00e1reas.<\/p>\n<p>El secretario de Cultura de 25 de Mayo, Jos\u00e9 Luis Canull\u00e1n, destac\u00f3 que es un \u00abevento econ\u00f3mico y social que nos identifica como ciudad\u00bb y destac\u00f3 que esta edici\u00f3n se pudo concretar \u00abporque nos seguimos vacunando, con un alto porcentaje de vacunados y tambi\u00e9n por el compromiso de toda la comunidad. Es un evento totalmente cuidado\u00bb.<\/p>\n<p>El director de Turismo, Sergio Dioguardi, resalt\u00f3 que\u00a0<strong>\u00abes importante lo que se mueve detr\u00e1s del carnaval, como el trabajo de los restaurantes, la hoteler\u00eda, los comercios\u00bb<\/strong>.<\/p>\n<p>Fuentes del sector tur\u00edstico bonaerense dijeron que una opci\u00f3n que cobr\u00f3 relevancia desde finales de enero fue la del carnaval de Maip\u00fa, hacia donde se volc\u00f3 gran parte del p\u00fablico que sol\u00eda ir al de Lincoln, que este a\u00f1o fue suspendido.<\/p>\n<blockquote class=\"twitter-tweet\" data-width=\"500\" data-dnt=\"true\">\n<p lang=\"es\" dir=\"ltr\">\ud83d\uddd3\ufe0fCALENDARIO DE EVENTOS TUR\u00cdSTICOS DEL 3 AL 10 DE FEBRERO DE 2022<\/p>\n<p>\ud83d\udcf2\ud83d\udc49Descarg\u00e1 la app de ReCreo y acced\u00e9 a la cartelera de eventos de la semana<a href=\"https:\/\/t.co\/pAOOmmIoSk\">https:\/\/t.co\/pAOOmmIoSk<\/a> <a href=\"https:\/\/t.co\/1a4ia6uQnY\">pic.twitter.com\/1a4ia6uQnY<\/a><\/p>\n<p>&mdash; Buenos Aires Turismo (@TurismoPBA) <a href=\"https:\/\/twitter.com\/TurismoPBA\/status\/1489211722703548418?ref_src=twsrc%5Etfw\">February 3, 2022<\/a><\/p><\/blockquote>\n<p><script async src=\"https:\/\/platform.twitter.com\/widgets.js\" charset=\"utf-8\"><\/script><\/p>\n<p><strong>Monte Hermoso\u00a0<\/strong>realizar\u00e1 los festejos del carnaval del 26 al 28 de febrero con la presencia de Turf y Banda XXI, y la presentaci\u00f3n de la murga \u00abPermiso Precario\u00bb.<\/p>\n<p>\u00abLos espect\u00e1culos, que ser\u00e1n libres y gratuitos, comenzar\u00e1n a las 20.30 en el escenario del parque detr\u00e1s del Centro de Convenciones\u00bb, dijeron fuentes comunales.<\/p>\n<p><strong>Guamin\u00ed<\/strong>, en tanto, celebrar\u00e1 los d\u00edas 12, 13, 19, 20, 26 y 27 de febrero sus carnavales del Arte y la Alegr\u00eda con \u00abdesfiles de carrozas, carruseles, comparsas, murgas, disfraces, entre otros\u00bb, y \u00ab<strong>se sortear\u00e1 un cero kil\u00f3metro\u00a0<\/strong>en la \u00faltima noche del carnaval y habr\u00e1 m\u00e1s de un mill\u00f3n y medio de pesos en \u00f3rdenes de compra durante las primeras 5 noches\u00bb, agregaron voceros del municipio.<\/p>\n<p><span class=\"badge badge-primary\">Entre R\u00edos<\/span><br \/>\nEntre R\u00edos contin\u00faa la temporada de carnavales que comenz\u00f3 a principios de enero a la espera de mejores noches en febrero, colmando de danza, m\u00fasica, arte, ritmo, color, estilo y alegr\u00eda las calles y cors\u00f3dromos de casi todas sus ciudades.<\/p>\n<p>En toda la provincia hay corsos barriales y murgas que se presentan ante turistas y familias que juegan con espuma, se disfrazan, e incluso interact\u00faan en la pista.<\/p>\n<p>En\u00a0<strong>Gualeguaych\u00fa<\/strong>, sigue a todo ritmo el\u00a0<strong>Carnaval del Pa\u00eds, la fiesta a cielo abierto m\u00e1s grande de Argentina<\/strong>, que en esta ocasi\u00f3n cumple 25 a\u00f1os de la inauguraci\u00f3n de su cors\u00f3dromo y que tendr\u00e1 por primera vez en su historia a las cinco comparsas compitiendo por el trono, con unos 250 integrantes cada una.<\/p>\n<p>La edici\u00f3n 2022 continuar\u00e1 todos los s\u00e1bados de febrero, con edici\u00f3n especial el fin de semana del 26 al lunes 28 de febrero, con entradas que van desde 1.500 pesos y que se pueden adquirir en ventas.carnavaldelpais.com.ar.<\/p>\n<blockquote class=\"twitter-tweet\" data-width=\"500\" data-dnt=\"true\">\n<p lang=\"es\" dir=\"ltr\">Se viene la cuarta noche del Carnaval de Gualeguaych\u00fa.<br \/>29 de Enero, 5, 12, 19, 26, 27 y 28 de Febrero.<a href=\"https:\/\/twitter.com\/hashtag\/VeniADisfrutar?src=hash&amp;ref_src=twsrc%5Etfw\">#VeniADisfrutar<\/a> <a href=\"https:\/\/twitter.com\/hashtag\/VolvioLaAlegria?src=hash&amp;ref_src=twsrc%5Etfw\">#VolvioLaAlegria<\/a> <a href=\"https:\/\/twitter.com\/hashtag\/Gualeguaych%C3%BA?src=hash&amp;ref_src=twsrc%5Etfw\">#Gualeguaych\u00fa<\/a> <a href=\"https:\/\/twitter.com\/hashtag\/Turismo365?src=hash&amp;ref_src=twsrc%5Etfw\">#Turismo365<\/a> <a href=\"https:\/\/twitter.com\/hashtag\/visitargentina?src=hash&amp;ref_src=twsrc%5Etfw\">#visitargentina<\/a> <a href=\"https:\/\/twitter.com\/hashtag\/carnavaldelpais?src=hash&amp;ref_src=twsrc%5Etfw\">#carnavaldelpais<\/a> <a href=\"https:\/\/twitter.com\/hashtag\/vacaciones?src=hash&amp;ref_src=twsrc%5Etfw\">#vacaciones<\/a> <a href=\"https:\/\/t.co\/E3ZwF00beG\">pic.twitter.com\/E3ZwF00beG<\/a><\/p>\n<p>&mdash; gualeguaychu (@gualeguaychu) <a href=\"https:\/\/twitter.com\/gualeguaychu\/status\/1485916384131489793?ref_src=twsrc%5Etfw\">January 25, 2022<\/a><\/p><\/blockquote>\n<p><script async src=\"https:\/\/platform.twitter.com\/widgets.js\" charset=\"utf-8\"><\/script><\/p>\n<p><strong>Hasenkamp<\/strong>, a 78 kil\u00f3metros de Paran\u00e1, festeja esta temporada m\u00e1s de 40 a\u00f1os de historia con lujosos trajes, bandas en vivo y batucadas para unas 10 mil personas por noche.<\/p>\n<p>Desde 1970,\u00a0<strong>Victoria es la capital provincial del carnaval<\/strong>, con la fiesta m\u00e1s tradicional llena de m\u00e1scaras, carruajes, escolas, murgas, batucadas y disfraces en la noche \u00abTerror do corso\u00bb, y el caracter\u00edstico juego con espuma, todo a 100 metros del Casino Victoria.<\/p>\n<p>Tambi\u00e9n se registran carnavales en ciudades como Santa Elena, Concordia, Concepci\u00f3n del Uruguay, Villaguay, Gualeguay y La Paz, entre otras, con entradas muy accesibles, beneficios para jubilados y discapacitados, gran calidez y ritmo.<\/p>\n<p>Para ingresar a la provincia no se necesita test de Covid-19 negativo, seguro sanitario ni carnet de vacunaci\u00f3n, pero s\u00ed gestionar el\u00a0<strong>\u00abCertificado Turismo\u00bb<\/strong>, aunque para entrar a boliches, recitales y eventos masivos se requiere el\u00a0<strong>pase sanitario<\/strong>.<\/p>\n<p><span class=\"badge badge-primary\">Corrientes<\/span><br \/>\nEn Corrientes, los carnavales oficiales comenzar\u00e1n el viernes 18 de febrero y culminar\u00e1n el s\u00e1bado 5 de marzo, con exigencia de\u00a0<strong>pase sanitario<\/strong>\u00a0a los asistentes, anunci\u00f3 el intendente Eduardo Tassano, y record\u00f3 que el uso de barbijo ser\u00e1 obligatorio \u00aben espacios comunes como ba\u00f1os y cantinas\u00bb.<\/p>\n<p>En el\u00a0<strong>cors\u00f3dromo \u00abNolo Al\u00edas\u00bb<\/strong>\u00a0se exigir\u00e1 el pase sanitario en cualquiera de sus formatos y se aplicar\u00e1 el sistema de burbujas, ya que los asistentes tendr\u00e1n una ubicaci\u00f3n determinada en la tribuna, en sectores de servicios, y no podr\u00e1n movilizarse por otras zonas del predio.<\/p>\n<p>Los corsos oficiales en la\u00a0<strong>Capital Nacional del Carnaval\u00a0<\/strong>se realizar\u00e1n los d\u00edas 18 y 19, 25, 26, 27 y 28 de febrero y 4 y 5 de marzo.<\/p>\n<p><span class=\"badge badge-primary\">C\u00f3rdoba<\/span><br \/>\nEn C\u00f3rdoba, las actividades comenzaron el 14 de enero en\u00a0<strong>Arias<\/strong>, la localidad de referencia de esta celebraci\u00f3n en la provincia y para el 28 de febrero se program\u00f3 un cierre en el cors\u00f3dromo con bandas de cuarteto, comparsas y batucadas.<\/p>\n<p>El municipio capitalino realiz\u00f3 un concurso de\u00a0<strong>\u00abProyectos de Festejos Comunitarios de Carnaval 2022\u00bb<\/strong>\u00a0y fueron seleccionadas 25 propuestas de murgas, comparsas y expresiones pl\u00e1sticas que, durante febrero y marzo, recorrer\u00e1n las plazas y distintos barrios, con entrada libre y gratuita.<\/p>\n<blockquote class=\"twitter-tweet\" data-width=\"500\" data-dnt=\"true\">\n<p lang=\"es\" dir=\"ltr\">La alegr\u00eda, el brillo y el color llegan a Santa Rosa con los Carnavales del R\u00edo \ud83e\ude85\ud83c\udf89 <a href=\"https:\/\/twitter.com\/hashtag\/DondeSiempreVolv%C3%A9s?src=hash&amp;ref_src=twsrc%5Etfw\">#DondeSiempreVolv\u00e9s<\/a>  <a href=\"https:\/\/t.co\/vZ0GMIoqCs\">https:\/\/t.co\/vZ0GMIoqCs<\/a><\/p>\n<p>&mdash; Santa Rosa Turismo (@TurismoStaRosa) <a href=\"https:\/\/twitter.com\/TurismoStaRosa\/status\/1488861921466068996?ref_src=twsrc%5Etfw\">February 2, 2022<\/a><\/p><\/blockquote>\n<p><script async src=\"https:\/\/platform.twitter.com\/widgets.js\" charset=\"utf-8\"><\/script><\/p>\n<p>En<strong>\u00a0Santa Rosa de Calamuchita<\/strong>, el 11 y 12 de febrero, habr\u00e1 un festival en el Balneario Santa Rita que incluye la actuaci\u00f3n de Los Caligaris y Los Palmeras, con entrada a 500 pesos, y requisito de pase sanitario, mientras quienes concurran disfrazados ingresar\u00e1n gratis.<\/p>\n<p><span class=\"badge badge-primary\">San Luis<\/span><br \/>\nEn San Luis, habr\u00e1 festejos de Carnaval gratuitos en la ciudad de\u00a0<strong>La Punta<\/strong>\u00a0desde este s\u00e1bado 5 de febrero, a las 21 en la plaza central; contar\u00e1 con m\u00e1s de 800 pasistas de 18 comparsas y se podr\u00e1 disfrutar del sector artesano y gastron\u00f3mico, el espect\u00e1culo de la Troupe de los Autos Locos de Lincoln y el show musical de la banda de cuarteto \u00abTal para Cual\u00bb.<\/p>\n<p><span class=\"badge badge-primary\">Jujuy<\/span><br \/>\nEn Jujuy, la agenda emerge un a\u00f1o m\u00e1s entre expresiones culturales diversas, con los singulares festejos del \u00abcarnaval norte\u00f1o\u00bb y el\u00a0<strong>desentierro del m\u00edstico Pujllay<\/strong>\u00a0(diablo) en la mayor\u00eda de los poblados de la Quebrada y la Puna; y, por otro lado, con tradicionales noches de corsos en localidades de las Yungas y Valles, al este y sur provincial.<\/p>\n<p>El carnaval norte\u00f1o iniciar\u00e1 sus festejos masivos con la celebraci\u00f3n conocida como<strong>\u00a0Jueves de Compadres<\/strong>, el 17 de febrero, y el s\u00e1bado 26 celebrar\u00e1 el gran desentierro del carnaval, donde los diablos, representados por lugare\u00f1os con coloridos trajes llenos de recortes de espejos y llamativas m\u00e1scaras, salen por las calles a desatar la alegr\u00eda.<\/p>\n<p>La liberaci\u00f3n de los Pujllay ser\u00e1 el inicio del\u00a0<strong>Carnaval Grande<\/strong>, que se extender\u00e1 hasta el 28, mientras que el 1 de marzo se celebrar\u00e1 el\u00a0<strong>martes de Chaya<\/strong>, seguido por el\u00a0<strong>mi\u00e9rcoles de cenizas<\/strong>. La agenda continuar\u00e1 hasta el 5 de marzo con el<strong>\u00a0Carnaval Chico<\/strong>\u00a0y en el cierre de los festejos, el domingo 6 se volver\u00e1 a \u00abenterrar\u00bb al diablo carnavalero.<\/p>\n<figure class=\"mb-3\"><img decoding=\"async\" src=\"https:\/\/www.telam.com.ar\/thumbs\/bluesteel\/advf\/imagenes\/2021\/02\/60367c02346e8_900.jpg\" alt=\"Foto Archivo\" width=\"100%\" height=\"100%\" \/><\/p>\n<div class=\"media-icons\"><\/div><figcaption>Foto: Archivo<\/figcaption><\/figure>\n<p>En las regiones de\u00a0<strong>Yungas y Valles<\/strong>, la fiesta popular se vivir\u00e1 con murgas, comparsas ind\u00edgenas, de saya caporal y bailarines de pin-pin que dan vida a distintas noches de cors\u00f3dromo en varias localidades, entre las cuales la m\u00e1s convocante es San Pedro de Jujuy, que ya confirm\u00f3 doce fechas entre el 11 de febrero y el 5 de marzo.<\/p>\n<p>En\u00a0<strong>San Salvador<\/strong>\u00a0se destaca el<strong>\u00a0\u00abCarnaval de Los Tekis\u00bb<\/strong>, con cuatro ya tradicionales noches de espect\u00e1culos musicales a las que este a\u00f1o se suman otras tres de un denominado\u00a0<strong>\u00abCarnaval de Ablande\u00bb<\/strong>, todo entre el 18 y el 28 de febrero. La propuesta abarca tambi\u00e9n un \u00abcarnaval\u00f3dromo\u00bb el 26, 27 y 28, actividad vespertina cuya entrada tendr\u00e1 un valor de $300.<\/p>\n<p>La provincia mantiene la obligatoriedad de contar con\u00a0<strong>pase sanitario<\/strong>\u00a0para ingresar a todo evento masivo, ya sea p\u00fablico o privado.<\/p>\n<figure class=\"mb-3\"><img decoding=\"async\" src=\"https:\/\/www.telam.com.ar\/thumbs\/bluesteel\/advf\/imagenes\/2022\/01\/61ed8b0e0f93b_900.jpg\" alt=\"Foto gentileza Matas Bucci\" width=\"100%\" height=\"100%\" \/><\/p>\n<div class=\"media-icons\"><\/div><figcaption>Foto gentileza: Mat\u00edas Bucci<\/figcaption><\/figure>\n<p>&nbsp;<\/p>\n<p><span class=\"badge badge-primary\">La Pampa<\/span><br \/>\nEn La Pampa, con la organizaci\u00f3n conjunta de la\u00a0<strong>Municipalidad de Santa Rosa y la C\u00e1mara de Comercio<\/strong>, vuelven los corsos, tras dos a\u00f1os de haberse suspendido por la pandemia, y los desfiles tendr\u00e1n su correlato en distintas localidades de la provincia con artistas invitados.<\/p>\n<p><span class=\"badge badge-primary\">Chubut<\/span><br \/>\nEn Chubut, la peque\u00f1a localidad de\u00a0<strong>Dolavon\u00a0<\/strong>es el centro de los festejos del carnaval en esta provincia, que comenzar\u00e1 a celebrarse este s\u00e1bado 5 con el despliegue de comparsas, carrozas, murgas y disfraces, y se extender\u00e1 hasta el 26 cuando se entreguen los premios a los participantes por m\u00e1s de medio mill\u00f3n de pesos.<\/p>\n<p>El intendente Dante Bowen dijo a T\u00e9lam que \u00abcomo todos los a\u00f1os esperamos a los vecinos de toda la comarca para disfrutar el carnaval de la familia que es gratuito\u00bb.<\/p>\n<p>\u00abSolo\u00a0<strong>recomendamos que los visitantes concurran con tapabocas, tengan el esquema de vacunaci\u00f3n y respeten la distancia social<\/strong>\u00a0para responder con responsabilidad individual al contexto de pandemia\u00bb, sostuvo.<\/p>\n<p><span class=\"badge badge-primary\">Santa Cruz<\/span><br \/>\nEn Santa Cruz, la Municipalidad de\u00a0<strong>R\u00edo Gallegos<\/strong>\u00a0organiza para el 26 de febrero los festejos de carnaval en un lugar abierto a designar, para lo cual lanz\u00f3 la convocatoria destinada a j\u00f3venes de 14 a 20 a\u00f1os a inscribirse para participar con la modalidad de interbandos, en los centros integradores m\u00e1s cercanos a su domicilio. Jun\u00edn<\/p>\n<figure class=\"mb-3\"><img decoding=\"async\" src=\"https:\/\/www.telam.com.ar\/thumbs\/bluesteel\/advf\/imagenes\/2022\/01\/61ed8b2213de6_900.jpg\" alt=\"Foto gentileza Matas Bucci\" width=\"100%\" height=\"100%\" \/><\/p>\n<div class=\"media-icons\"><\/div><figcaption>Foto gentileza: Mat\u00edas Bucci<\/figcaption><\/figure>\n<p><span class=\"badge badge-primary\">R\u00edo Negro<\/span><br \/>\nEn R\u00edo Negro, la celebraci\u00f3n se focaliza en\u00a0<strong>Bariloche<\/strong>\u00a0donde el\u00a0<strong>\u00abMovimiento Carnavalero\u00bb\u00a0<\/strong>local cumple 10 a\u00f1os y junto a la Secretar\u00eda de Estado de Cultura provincial inici\u00f3 actividades del PreCarnaval, en el marco del programa rionegrino\u00a0<strong>\u00abUsina de Carnavales\u00bb<\/strong>, con jornadas art\u00edsticas al aire libre con grillas multiculturales de entre 6 y 12 presentaciones diarias, que incluyen folclore, rock, murgas, y cumbia.<\/p>\n<p>La gran celebraci\u00f3n del Carnaval iniciar\u00e1 el viernes 25 con un desfile por el centro de la ciudad y continuar\u00e1 todo ese fin de semana en el\u00a0<strong>Centro C\u00edvico<\/strong>, con la presentaci\u00f3n de unas 25 agrupaciones integradas por murgas, comparsas, grupos de toque de candombe, y caporales, que incluir\u00e1n a las que fueron invitadas de Neuqu\u00e9n y de Chubut.<\/p>\n<p>En\u00a0<strong>Viedma\u00a0<\/strong>se realizar\u00e1 la\u00a0<strong>Fiesta Provincial del R\u00edo\u00a0<\/strong>con la presentaci\u00f3n de \u00abR\u00e1faga\u00bb como show central en la noche del s\u00e1bado 26, \u00abDestino San Javier\u00bb el domingo 27 y de \u00abLos Aut\u00e9nticos Decadentes\u00bb actuar\u00e1n el lunes 28 de febrero.<\/p>\n<p><span class=\"badge badge-primary\">Neuqu\u00e9n<\/span><br \/>\nEl Ministerio de Turismo de Neuqu\u00e9n, en tanto, anunci\u00f3 que en la localidad de\u00a0<strong>Jun\u00edn de los Andes<\/strong>\u00a0iniciar\u00e1 este fin de semana la 35\u00b0 edici\u00f3n del\u00a0<strong>Carnaval del Pehu\u00e9n 2022\u00a0<\/strong>con murgas, comparsas, bailes y desfiles de disfraces, en el cors\u00f3dromo ubicado en calle General Lamadrid.<\/p>\n<p>El Carnaval del Pehu\u00e9n es un icono de festividad desde sus inicios, en febrero de 1984, a partir de la iniciativa de un grupo de vecinos que decidi\u00f3 recrear este tradicional festejo en Jun\u00edn de los Andes con la participaci\u00f3n de toda la comunidad.<\/p>\n<figure class=\"mb-3\"><img decoding=\"async\" src=\"https:\/\/www.telam.com.ar\/thumbs\/bluesteel\/advf\/imagenes\/2022\/02\/61fd2421ef773_900.jpg\" alt=\"Foto Alfredo Luna\" width=\"100%\" height=\"100%\" \/><\/p>\n<div class=\"media-icons\"><\/div><figcaption>Foto: Alfredo Luna<\/figcaption><\/figure>\n","protected":false},"excerpt":{"rendered":"<p>Decenas de localidades argentinas se preparan para celebrar el carnaval 2022 con protocolos especiales por la pandemia de coronavirus. En algunas las noches con lentejuelas, plumas y ritmos de baile comenzaron anticipadamente para aprovechar la presencia del turismo estival.<\/p>\n","protected":false},"author":3,"featured_media":0,"comment_status":"closed","ping_status":"closed","sticky":false,"template":"","format":"standard","meta":{"footnotes":""},"categories":[26,33],"tags":[],"class_list":["post-67949","post","type-post","status-publish","format-standard","hentry","category-sociedad","category-turismo"],"yoast_head":"<!-- This site is optimized with the Yoast SEO plugin v25.9 - https:\/\/yoast.com\/wordpress\/plugins\/seo\/ -->\n<title>Con comparsas, shows y concursos, llega el Carnaval a las provincias - Noticias Radio Reflejos<\/title>\n<meta name=\"robots\" content=\"index, follow, max-snippet:-1, max-image-preview:large, max-video-preview:-1\" \/>\n<link rel=\"canonical\" href=\"https:\/\/www.noticiasradioreflejos.com.ar\/2021\/con-comparsas-shows-y-concursos-llega-el-carnaval-a-las-provincias\/\" \/>\n<meta property=\"og:locale\" content=\"es_ES\" \/>\n<meta property=\"og:type\" content=\"article\" \/>\n<meta property=\"og:title\" content=\"Con comparsas, shows y concursos, llega el Carnaval a las provincias - Noticias Radio Reflejos\" \/>\n<meta property=\"og:description\" content=\"Decenas de localidades argentinas se preparan para celebrar el carnaval 2022 con protocolos especiales por la pandemia de coronavirus. En algunas las noches con lentejuelas, plumas y ritmos de baile comenzaron anticipadamente para aprovechar la presencia del turismo estival.\" \/>\n<meta property=\"og:url\" content=\"https:\/\/www.noticiasradioreflejos.com.ar\/2021\/con-comparsas-shows-y-concursos-llega-el-carnaval-a-las-provincias\/\" \/>\n<meta property=\"og:site_name\" content=\"Noticias Radio Reflejos\" \/>\n<meta property=\"article:published_time\" content=\"2022-02-05T21:02:05+00:00\" \/>\n<meta property=\"og:image\" content=\"https:\/\/www.telam.com.ar\/thumbs\/bluesteel\/advf\/imagenes\/2022\/01\/61ed8b2208a62_900.jpg\" \/>\n<meta name=\"author\" content=\"Arnaldo Botto\" \/>\n<meta name=\"twitter:card\" content=\"summary_large_image\" \/>\n<script type=\"application\/ld+json\" class=\"yoast-schema-graph\">{\"@context\":\"https:\/\/schema.org\",\"@graph\":[{\"@type\":\"WebPage\",\"@id\":\"https:\/\/www.noticiasradioreflejos.com.ar\/2021\/con-comparsas-shows-y-concursos-llega-el-carnaval-a-las-provincias\/\",\"url\":\"https:\/\/www.noticiasradioreflejos.com.ar\/2021\/con-comparsas-shows-y-concursos-llega-el-carnaval-a-las-provincias\/\",\"name\":\"Con comparsas, shows y concursos, llega el Carnaval a las provincias - Noticias Radio Reflejos\",\"isPartOf\":{\"@id\":\"https:\/\/www.noticiasradioreflejos.com.ar\/2021\/#website\"},\"primaryImageOfPage\":{\"@id\":\"https:\/\/www.noticiasradioreflejos.com.ar\/2021\/con-comparsas-shows-y-concursos-llega-el-carnaval-a-las-provincias\/#primaryimage\"},\"image\":{\"@id\":\"https:\/\/www.noticiasradioreflejos.com.ar\/2021\/con-comparsas-shows-y-concursos-llega-el-carnaval-a-las-provincias\/#primaryimage\"},\"thumbnailUrl\":\"https:\/\/www.telam.com.ar\/thumbs\/bluesteel\/advf\/imagenes\/2022\/01\/61ed8b2208a62_900.jpg\",\"datePublished\":\"2022-02-05T21:02:05+00:00\",\"author\":{\"@id\":\"https:\/\/www.noticiasradioreflejos.com.ar\/2021\/#\/schema\/person\/ad82545263dcc5ec0996818884fd5fb1\"},\"breadcrumb\":{\"@id\":\"https:\/\/www.noticiasradioreflejos.com.ar\/2021\/con-comparsas-shows-y-concursos-llega-el-carnaval-a-las-provincias\/#breadcrumb\"},\"inLanguage\":\"es\",\"potentialAction\":[{\"@type\":\"ReadAction\",\"target\":[\"https:\/\/www.noticiasradioreflejos.com.ar\/2021\/con-comparsas-shows-y-concursos-llega-el-carnaval-a-las-provincias\/\"]}]},{\"@type\":\"ImageObject\",\"inLanguage\":\"es\",\"@id\":\"https:\/\/www.noticiasradioreflejos.com.ar\/2021\/con-comparsas-shows-y-concursos-llega-el-carnaval-a-las-provincias\/#primaryimage\",\"url\":\"https:\/\/www.telam.com.ar\/thumbs\/bluesteel\/advf\/imagenes\/2022\/01\/61ed8b2208a62_900.jpg\",\"contentUrl\":\"https:\/\/www.telam.com.ar\/thumbs\/bluesteel\/advf\/imagenes\/2022\/01\/61ed8b2208a62_900.jpg\"},{\"@type\":\"BreadcrumbList\",\"@id\":\"https:\/\/www.noticiasradioreflejos.com.ar\/2021\/con-comparsas-shows-y-concursos-llega-el-carnaval-a-las-provincias\/#breadcrumb\",\"itemListElement\":[{\"@type\":\"ListItem\",\"position\":1,\"name\":\"Portada\",\"item\":\"https:\/\/www.noticiasradioreflejos.com.ar\/2021\/\"},{\"@type\":\"ListItem\",\"position\":2,\"name\":\"Con comparsas, shows y concursos, llega el Carnaval a las provincias\"}]},{\"@type\":\"WebSite\",\"@id\":\"https:\/\/www.noticiasradioreflejos.com.ar\/2021\/#website\",\"url\":\"https:\/\/www.noticiasradioreflejos.com.ar\/2021\/\",\"name\":\"Noticias Radio Reflejos\",\"description\":\"Las noticias de mi comarca\",\"potentialAction\":[{\"@type\":\"SearchAction\",\"target\":{\"@type\":\"EntryPoint\",\"urlTemplate\":\"https:\/\/www.noticiasradioreflejos.com.ar\/2021\/?s={search_term_string}\"},\"query-input\":{\"@type\":\"PropertyValueSpecification\",\"valueRequired\":true,\"valueName\":\"search_term_string\"}}],\"inLanguage\":\"es\"},{\"@type\":\"Person\",\"@id\":\"https:\/\/www.noticiasradioreflejos.com.ar\/2021\/#\/schema\/person\/ad82545263dcc5ec0996818884fd5fb1\",\"name\":\"Arnaldo Botto\",\"image\":{\"@type\":\"ImageObject\",\"inLanguage\":\"es\",\"@id\":\"https:\/\/www.noticiasradioreflejos.com.ar\/2021\/#\/schema\/person\/image\/\",\"url\":\"https:\/\/secure.gravatar.com\/avatar\/55cb5e37c1efa326397366e6974cb338056df65cb50e7d64d1cf314e87504837?s=96&d=mm&r=g\",\"contentUrl\":\"https:\/\/secure.gravatar.com\/avatar\/55cb5e37c1efa326397366e6974cb338056df65cb50e7d64d1cf314e87504837?s=96&d=mm&r=g\",\"caption\":\"Arnaldo Botto\"},\"url\":\"https:\/\/www.noticiasradioreflejos.com.ar\/2021\/author\/arnaldo\/\"}]}<\/script>\n<!-- \/ Yoast SEO plugin. -->","yoast_head_json":{"title":"Con comparsas, shows y concursos, llega el Carnaval a las provincias - Noticias Radio Reflejos","robots":{"index":"index","follow":"follow","max-snippet":"max-snippet:-1","max-image-preview":"max-image-preview:large","max-video-preview":"max-video-preview:-1"},"canonical":"https:\/\/www.noticiasradioreflejos.com.ar\/2021\/con-comparsas-shows-y-concursos-llega-el-carnaval-a-las-provincias\/","og_locale":"es_ES","og_type":"article","og_title":"Con comparsas, shows y concursos, llega el Carnaval a las provincias - Noticias Radio Reflejos","og_description":"Decenas de localidades argentinas se preparan para celebrar el carnaval 2022 con protocolos especiales por la pandemia de coronavirus. En algunas las noches con lentejuelas, plumas y ritmos de baile comenzaron anticipadamente para aprovechar la presencia del turismo estival.","og_url":"https:\/\/www.noticiasradioreflejos.com.ar\/2021\/con-comparsas-shows-y-concursos-llega-el-carnaval-a-las-provincias\/","og_site_name":"Noticias Radio Reflejos","article_published_time":"2022-02-05T21:02:05+00:00","og_image":[{"url":"https:\/\/www.telam.com.ar\/thumbs\/bluesteel\/advf\/imagenes\/2022\/01\/61ed8b2208a62_900.jpg","type":"","width":"","height":""}],"author":"Arnaldo Botto","twitter_card":"summary_large_image","schema":{"@context":"https:\/\/schema.org","@graph":[{"@type":"WebPage","@id":"https:\/\/www.noticiasradioreflejos.com.ar\/2021\/con-comparsas-shows-y-concursos-llega-el-carnaval-a-las-provincias\/","url":"https:\/\/www.noticiasradioreflejos.com.ar\/2021\/con-comparsas-shows-y-concursos-llega-el-carnaval-a-las-provincias\/","name":"Con comparsas, shows y concursos, llega el Carnaval a las provincias - Noticias Radio Reflejos","isPartOf":{"@id":"https:\/\/www.noticiasradioreflejos.com.ar\/2021\/#website"},"primaryImageOfPage":{"@id":"https:\/\/www.noticiasradioreflejos.com.ar\/2021\/con-comparsas-shows-y-concursos-llega-el-carnaval-a-las-provincias\/#primaryimage"},"image":{"@id":"https:\/\/www.noticiasradioreflejos.com.ar\/2021\/con-comparsas-shows-y-concursos-llega-el-carnaval-a-las-provincias\/#primaryimage"},"thumbnailUrl":"https:\/\/www.telam.com.ar\/thumbs\/bluesteel\/advf\/imagenes\/2022\/01\/61ed8b2208a62_900.jpg","datePublished":"2022-02-05T21:02:05+00:00","author":{"@id":"https:\/\/www.noticiasradioreflejos.com.ar\/2021\/#\/schema\/person\/ad82545263dcc5ec0996818884fd5fb1"},"breadcrumb":{"@id":"https:\/\/www.noticiasradioreflejos.com.ar\/2021\/con-comparsas-shows-y-concursos-llega-el-carnaval-a-las-provincias\/#breadcrumb"},"inLanguage":"es","potentialAction":[{"@type":"ReadAction","target":["https:\/\/www.noticiasradioreflejos.com.ar\/2021\/con-comparsas-shows-y-concursos-llega-el-carnaval-a-las-provincias\/"]}]},{"@type":"ImageObject","inLanguage":"es","@id":"https:\/\/www.noticiasradioreflejos.com.ar\/2021\/con-comparsas-shows-y-concursos-llega-el-carnaval-a-las-provincias\/#primaryimage","url":"https:\/\/www.telam.com.ar\/thumbs\/bluesteel\/advf\/imagenes\/2022\/01\/61ed8b2208a62_900.jpg","contentUrl":"https:\/\/www.telam.com.ar\/thumbs\/bluesteel\/advf\/imagenes\/2022\/01\/61ed8b2208a62_900.jpg"},{"@type":"BreadcrumbList","@id":"https:\/\/www.noticiasradioreflejos.com.ar\/2021\/con-comparsas-shows-y-concursos-llega-el-carnaval-a-las-provincias\/#breadcrumb","itemListElement":[{"@type":"ListItem","position":1,"name":"Portada","item":"https:\/\/www.noticiasradioreflejos.com.ar\/2021\/"},{"@type":"ListItem","position":2,"name":"Con comparsas, shows y concursos, llega el Carnaval a las provincias"}]},{"@type":"WebSite","@id":"https:\/\/www.noticiasradioreflejos.com.ar\/2021\/#website","url":"https:\/\/www.noticiasradioreflejos.com.ar\/2021\/","name":"Noticias Radio Reflejos","description":"Las noticias de mi comarca","potentialAction":[{"@type":"SearchAction","target":{"@type":"EntryPoint","urlTemplate":"https:\/\/www.noticiasradioreflejos.com.ar\/2021\/?s={search_term_string}"},"query-input":{"@type":"PropertyValueSpecification","valueRequired":true,"valueName":"search_term_string"}}],"inLanguage":"es"},{"@type":"Person","@id":"https:\/\/www.noticiasradioreflejos.com.ar\/2021\/#\/schema\/person\/ad82545263dcc5ec0996818884fd5fb1","name":"Arnaldo Botto","image":{"@type":"ImageObject","inLanguage":"es","@id":"https:\/\/www.noticiasradioreflejos.com.ar\/2021\/#\/schema\/person\/image\/","url":"https:\/\/secure.gravatar.com\/avatar\/55cb5e37c1efa326397366e6974cb338056df65cb50e7d64d1cf314e87504837?s=96&d=mm&r=g","contentUrl":"https:\/\/secure.gravatar.com\/avatar\/55cb5e37c1efa326397366e6974cb338056df65cb50e7d64d1cf314e87504837?s=96&d=mm&r=g","caption":"Arnaldo Botto"},"url":"https:\/\/www.noticiasradioreflejos.com.ar\/2021\/author\/arnaldo\/"}]}},"_links":{"self":[{"href":"https:\/\/www.noticiasradioreflejos.com.ar\/2021\/wp-json\/wp\/v2\/posts\/67949","targetHints":{"allow":["GET"]}}],"collection":[{"href":"https:\/\/www.noticiasradioreflejos.com.ar\/2021\/wp-json\/wp\/v2\/posts"}],"about":[{"href":"https:\/\/www.noticiasradioreflejos.com.ar\/2021\/wp-json\/wp\/v2\/types\/post"}],"author":[{"embeddable":true,"href":"https:\/\/www.noticiasradioreflejos.com.ar\/2021\/wp-json\/wp\/v2\/users\/3"}],"replies":[{"embeddable":true,"href":"https:\/\/www.noticiasradioreflejos.com.ar\/2021\/wp-json\/wp\/v2\/comments?post=67949"}],"version-history":[{"count":1,"href":"https:\/\/www.noticiasradioreflejos.com.ar\/2021\/wp-json\/wp\/v2\/posts\/67949\/revisions"}],"predecessor-version":[{"id":67951,"href":"https:\/\/www.noticiasradioreflejos.com.ar\/2021\/wp-json\/wp\/v2\/posts\/67949\/revisions\/67951"}],"wp:attachment":[{"href":"https:\/\/www.noticiasradioreflejos.com.ar\/2021\/wp-json\/wp\/v2\/media?parent=67949"}],"wp:term":[{"taxonomy":"category","embeddable":true,"href":"https:\/\/www.noticiasradioreflejos.com.ar\/2021\/wp-json\/wp\/v2\/categories?post=67949"},{"taxonomy":"post_tag","embeddable":true,"href":"https:\/\/www.noticiasradioreflejos.com.ar\/2021\/wp-json\/wp\/v2\/tags?post=67949"}],"curies":[{"name":"wp","href":"https:\/\/api.w.org\/{rel}","templated":true}]}}