{"id":67946,"date":"2022-02-05T20:57:10","date_gmt":"2022-02-05T20:57:10","guid":{"rendered":"http:\/\/www.noticiasradioreflejos.com.ar\/2021\/?p=67946"},"modified":"2022-02-05T20:57:10","modified_gmt":"2022-02-05T20:57:10","slug":"la-problematica-de-la-pileta-climatizada-de-sierra-llego-al-concejo-deliberante","status":"publish","type":"post","link":"https:\/\/www.noticiasradioreflejos.com.ar\/2021\/la-problematica-de-la-pileta-climatizada-de-sierra-llego-al-concejo-deliberante\/","title":{"rendered":"La problem\u00e1tica de la pileta climatizada de sierra lleg\u00f3 al concejo deliberante."},"content":{"rendered":"<p>Representantes de la Iniciativa vecinal \u201c\u00a1Que vuela la pile!\u201d se reunieron con concejales de todos los bloques.<\/p>\n<p><!--more-->El \u00faltimo viernes 4 de febrero tres representantes de la iniciativa vecinal se entrevistaron con 9 concejales de los tres bloques del HCD. Los vecinos y vecinas presentaron propuestas para que vuelva a estar operativa la pileta climatizada de Sierra de la Ventana, que est\u00e1 cerrada desde 2019.<\/p>\n<p>Al comienzo del encuentro se convers\u00f3 sobre el estado de las instalaciones. Las tres calderas y los dos calefactores cumplieron su vida \u00fatil y deben ser reemplazados. Los vecinos acercaron tres presupuestos para informar el precio de reposici\u00f3n de los equipos ($1.850.000). La lona que cubre la piscina necesita reparaciones menores.<\/p>\n<p>Se solicit\u00f3 a los concejales que intercedan ante el Departamento Ejecutivo para que se llame a licitaci\u00f3n de las piletas municipales en el corto plazo y no esperar a que comience el invierno. A la fecha, las autoridades ejecutivas no respondieron las notas presentadas por Mesa de Entradas dirigidas al Intendente Sergio Bordoni (notas N\u00b017263 del 5\/1\/22 y N\u00b017662 del 26\/1\/22)<\/p>\n<p>Se propuso a los concejales crear una cooperativa de trabajo para que se presente a dicha licitaci\u00f3n, creando incluso nuevos puestos de trabajo. Se plante\u00f3 articular con la Secretaria de Producci\u00f3n local, que gestiona el Programa Potenciar Trabajo del Ministerio de Desarrollo Social de la Naci\u00f3n y con la Oficina de Empleo Municipal. Se ofreci\u00f3 a los concejales asesoramiento y colaboraci\u00f3n de profesionales que son parte del colectivo \u201c\u00a1Que Vuelva la Pile!\u201d<\/p>\n<p>La semana entrante se presentar\u00e1 por Mesa de Entradas del HCD un Proyecto de Declaraci\u00f3n de Inter\u00e9s Municipal de la Iniciativa vecinal \u201c\u00a1Que vuelva la pile!\u201d. Mediante esta acci\u00f3n, los vecinos ofreceran un espacio de articulaci\u00f3n intersectorial que canalice las ganas de colaborar de las instituciones de la sociedad civil y del sector privado que as\u00ed lo deseen.<\/p>\n<p>Ante la consulta sobre la noticia de la posible apertura de una pileta en la ciudad de Tornquist los vecinos expresaron: \u201cnos parece una excelente noticia que nuestras vecinas y vecinos de Tornquist tambi\u00e9n puedan contar con una pileta climatizada. Siempre vamos a estar a favor de iniciativas que mejoran nuestra calidad de vida. Ofrecemos todo nuestro apoyo y asesoramiento al Intendente, a la vez que reafirmamos nuestra decisi\u00f3n de que Sierra de la Ventana vuelva a tener operativa su pileta\u201d.<\/p>\n<p>Los vecinos hicieron saber que la pileta climatizada de Sierra, si el Ejecutivo toma la decisi\u00f3n, puede habilitarse este mismo invierno y por una suma de dinero mucho menor. Mientras, se puede avanzar en el diagn\u00f3stico de factibilidad, licitaci\u00f3n y obras de la pileta de Tornquist, que claramente no estar\u00e1 habilitada en el corto plazo.<\/p>\n<p>Quienes quieran participar o interesarse en la Iniciativa pueden contactarse v\u00eda instagram al perfil @lapiledesierra o bien a los tel\u00e9fonos 11.3019.8406 (Walter) en Sierra; 291.4 29.2347 (Juan Carlos) en Saldungaray o 291.572.2297 (Isabel) en Villa.<\/p>\n","protected":false},"excerpt":{"rendered":"<p>Representantes de la Iniciativa vecinal \u201c\u00a1Que vuela la pile!\u201d se reunieron con concejales de todos los bloques.<\/p>\n","protected":false},"author":3,"featured_media":0,"comment_status":"closed","ping_status":"closed","sticky":false,"template":"","format":"standard","meta":{"footnotes":""},"categories":[26],"tags":[],"class_list":["post-67946","post","type-post","status-publish","format-standard","hentry","category-sociedad"],"yoast_head":"<!-- This site is optimized with the Yoast SEO plugin v25.9 - https:\/\/yoast.com\/wordpress\/plugins\/seo\/ -->\n<title>La problem\u00e1tica de la pileta climatizada de sierra lleg\u00f3 al concejo deliberante. - Noticias Radio Reflejos<\/title>\n<meta name=\"robots\" content=\"index, follow, max-snippet:-1, max-image-preview:large, max-video-preview:-1\" \/>\n<link rel=\"canonical\" href=\"https:\/\/www.noticiasradioreflejos.com.ar\/2021\/la-problematica-de-la-pileta-climatizada-de-sierra-llego-al-concejo-deliberante\/\" \/>\n<meta property=\"og:locale\" content=\"es_ES\" \/>\n<meta property=\"og:type\" content=\"article\" \/>\n<meta property=\"og:title\" content=\"La problem\u00e1tica de la pileta climatizada de sierra lleg\u00f3 al concejo deliberante. - Noticias Radio Reflejos\" \/>\n<meta property=\"og:description\" content=\"Representantes de la Iniciativa vecinal \u201c\u00a1Que vuela la pile!\u201d se reunieron con concejales de todos los bloques.\" \/>\n<meta property=\"og:url\" content=\"https:\/\/www.noticiasradioreflejos.com.ar\/2021\/la-problematica-de-la-pileta-climatizada-de-sierra-llego-al-concejo-deliberante\/\" \/>\n<meta property=\"og:site_name\" content=\"Noticias Radio Reflejos\" \/>\n<meta property=\"article:published_time\" content=\"2022-02-05T20:57:10+00:00\" \/>\n<meta property=\"og:image\" content=\"https:\/\/www.noticiasradioreflejos.com.ar\/2021\/wp-content\/uploads\/2021\/07\/logosol300x200.png\" \/>\n\t<meta property=\"og:image:width\" content=\"300\" \/>\n\t<meta property=\"og:image:height\" content=\"200\" \/>\n\t<meta property=\"og:image:type\" content=\"image\/png\" \/>\n<meta name=\"author\" content=\"Arnaldo Botto\" \/>\n<meta name=\"twitter:card\" content=\"summary_large_image\" \/>\n<script type=\"application\/ld+json\" class=\"yoast-schema-graph\">{\"@context\":\"https:\/\/schema.org\",\"@graph\":[{\"@type\":\"WebPage\",\"@id\":\"https:\/\/www.noticiasradioreflejos.com.ar\/2021\/la-problematica-de-la-pileta-climatizada-de-sierra-llego-al-concejo-deliberante\/\",\"url\":\"https:\/\/www.noticiasradioreflejos.com.ar\/2021\/la-problematica-de-la-pileta-climatizada-de-sierra-llego-al-concejo-deliberante\/\",\"name\":\"La problem\u00e1tica de la pileta climatizada de sierra lleg\u00f3 al concejo deliberante. - Noticias Radio Reflejos\",\"isPartOf\":{\"@id\":\"https:\/\/www.noticiasradioreflejos.com.ar\/2021\/#website\"},\"datePublished\":\"2022-02-05T20:57:10+00:00\",\"author\":{\"@id\":\"https:\/\/www.noticiasradioreflejos.com.ar\/2021\/#\/schema\/person\/ad82545263dcc5ec0996818884fd5fb1\"},\"breadcrumb\":{\"@id\":\"https:\/\/www.noticiasradioreflejos.com.ar\/2021\/la-problematica-de-la-pileta-climatizada-de-sierra-llego-al-concejo-deliberante\/#breadcrumb\"},\"inLanguage\":\"es\",\"potentialAction\":[{\"@type\":\"ReadAction\",\"target\":[\"https:\/\/www.noticiasradioreflejos.com.ar\/2021\/la-problematica-de-la-pileta-climatizada-de-sierra-llego-al-concejo-deliberante\/\"]}]},{\"@type\":\"BreadcrumbList\",\"@id\":\"https:\/\/www.noticiasradioreflejos.com.ar\/2021\/la-problematica-de-la-pileta-climatizada-de-sierra-llego-al-concejo-deliberante\/#breadcrumb\",\"itemListElement\":[{\"@type\":\"ListItem\",\"position\":1,\"name\":\"Portada\",\"item\":\"https:\/\/www.noticiasradioreflejos.com.ar\/2021\/\"},{\"@type\":\"ListItem\",\"position\":2,\"name\":\"La problem\u00e1tica de la pileta climatizada de sierra lleg\u00f3 al concejo deliberante.\"}]},{\"@type\":\"WebSite\",\"@id\":\"https:\/\/www.noticiasradioreflejos.com.ar\/2021\/#website\",\"url\":\"https:\/\/www.noticiasradioreflejos.com.ar\/2021\/\",\"name\":\"Noticias Radio Reflejos\",\"description\":\"Las noticias de mi comarca\",\"potentialAction\":[{\"@type\":\"SearchAction\",\"target\":{\"@type\":\"EntryPoint\",\"urlTemplate\":\"https:\/\/www.noticiasradioreflejos.com.ar\/2021\/?s={search_term_string}\"},\"query-input\":{\"@type\":\"PropertyValueSpecification\",\"valueRequired\":true,\"valueName\":\"search_term_string\"}}],\"inLanguage\":\"es\"},{\"@type\":\"Person\",\"@id\":\"https:\/\/www.noticiasradioreflejos.com.ar\/2021\/#\/schema\/person\/ad82545263dcc5ec0996818884fd5fb1\",\"name\":\"Arnaldo Botto\",\"image\":{\"@type\":\"ImageObject\",\"inLanguage\":\"es\",\"@id\":\"https:\/\/www.noticiasradioreflejos.com.ar\/2021\/#\/schema\/person\/image\/\",\"url\":\"https:\/\/secure.gravatar.com\/avatar\/55cb5e37c1efa326397366e6974cb338056df65cb50e7d64d1cf314e87504837?s=96&d=mm&r=g\",\"contentUrl\":\"https:\/\/secure.gravatar.com\/avatar\/55cb5e37c1efa326397366e6974cb338056df65cb50e7d64d1cf314e87504837?s=96&d=mm&r=g\",\"caption\":\"Arnaldo Botto\"},\"url\":\"https:\/\/www.noticiasradioreflejos.com.ar\/2021\/author\/arnaldo\/\"}]}<\/script>\n<!-- \/ Yoast SEO plugin. -->","yoast_head_json":{"title":"La problem\u00e1tica de la pileta climatizada de sierra lleg\u00f3 al concejo deliberante. - Noticias Radio Reflejos","robots":{"index":"index","follow":"follow","max-snippet":"max-snippet:-1","max-image-preview":"max-image-preview:large","max-video-preview":"max-video-preview:-1"},"canonical":"https:\/\/www.noticiasradioreflejos.com.ar\/2021\/la-problematica-de-la-pileta-climatizada-de-sierra-llego-al-concejo-deliberante\/","og_locale":"es_ES","og_type":"article","og_title":"La problem\u00e1tica de la pileta climatizada de sierra lleg\u00f3 al concejo deliberante. - Noticias Radio Reflejos","og_description":"Representantes de la Iniciativa vecinal \u201c\u00a1Que vuela la pile!\u201d se reunieron con concejales de todos los bloques.","og_url":"https:\/\/www.noticiasradioreflejos.com.ar\/2021\/la-problematica-de-la-pileta-climatizada-de-sierra-llego-al-concejo-deliberante\/","og_site_name":"Noticias Radio Reflejos","article_published_time":"2022-02-05T20:57:10+00:00","og_image":[{"width":300,"height":200,"url":"https:\/\/www.noticiasradioreflejos.com.ar\/2021\/wp-content\/uploads\/2021\/07\/logosol300x200.png","type":"image\/png"}],"author":"Arnaldo Botto","twitter_card":"summary_large_image","schema":{"@context":"https:\/\/schema.org","@graph":[{"@type":"WebPage","@id":"https:\/\/www.noticiasradioreflejos.com.ar\/2021\/la-problematica-de-la-pileta-climatizada-de-sierra-llego-al-concejo-deliberante\/","url":"https:\/\/www.noticiasradioreflejos.com.ar\/2021\/la-problematica-de-la-pileta-climatizada-de-sierra-llego-al-concejo-deliberante\/","name":"La problem\u00e1tica de la pileta climatizada de sierra lleg\u00f3 al concejo deliberante. - Noticias Radio Reflejos","isPartOf":{"@id":"https:\/\/www.noticiasradioreflejos.com.ar\/2021\/#website"},"datePublished":"2022-02-05T20:57:10+00:00","author":{"@id":"https:\/\/www.noticiasradioreflejos.com.ar\/2021\/#\/schema\/person\/ad82545263dcc5ec0996818884fd5fb1"},"breadcrumb":{"@id":"https:\/\/www.noticiasradioreflejos.com.ar\/2021\/la-problematica-de-la-pileta-climatizada-de-sierra-llego-al-concejo-deliberante\/#breadcrumb"},"inLanguage":"es","potentialAction":[{"@type":"ReadAction","target":["https:\/\/www.noticiasradioreflejos.com.ar\/2021\/la-problematica-de-la-pileta-climatizada-de-sierra-llego-al-concejo-deliberante\/"]}]},{"@type":"BreadcrumbList","@id":"https:\/\/www.noticiasradioreflejos.com.ar\/2021\/la-problematica-de-la-pileta-climatizada-de-sierra-llego-al-concejo-deliberante\/#breadcrumb","itemListElement":[{"@type":"ListItem","position":1,"name":"Portada","item":"https:\/\/www.noticiasradioreflejos.com.ar\/2021\/"},{"@type":"ListItem","position":2,"name":"La problem\u00e1tica de la pileta climatizada de sierra lleg\u00f3 al concejo deliberante."}]},{"@type":"WebSite","@id":"https:\/\/www.noticiasradioreflejos.com.ar\/2021\/#website","url":"https:\/\/www.noticiasradioreflejos.com.ar\/2021\/","name":"Noticias Radio Reflejos","description":"Las noticias de mi comarca","potentialAction":[{"@type":"SearchAction","target":{"@type":"EntryPoint","urlTemplate":"https:\/\/www.noticiasradioreflejos.com.ar\/2021\/?s={search_term_string}"},"query-input":{"@type":"PropertyValueSpecification","valueRequired":true,"valueName":"search_term_string"}}],"inLanguage":"es"},{"@type":"Person","@id":"https:\/\/www.noticiasradioreflejos.com.ar\/2021\/#\/schema\/person\/ad82545263dcc5ec0996818884fd5fb1","name":"Arnaldo Botto","image":{"@type":"ImageObject","inLanguage":"es","@id":"https:\/\/www.noticiasradioreflejos.com.ar\/2021\/#\/schema\/person\/image\/","url":"https:\/\/secure.gravatar.com\/avatar\/55cb5e37c1efa326397366e6974cb338056df65cb50e7d64d1cf314e87504837?s=96&d=mm&r=g","contentUrl":"https:\/\/secure.gravatar.com\/avatar\/55cb5e37c1efa326397366e6974cb338056df65cb50e7d64d1cf314e87504837?s=96&d=mm&r=g","caption":"Arnaldo Botto"},"url":"https:\/\/www.noticiasradioreflejos.com.ar\/2021\/author\/arnaldo\/"}]}},"_links":{"self":[{"href":"https:\/\/www.noticiasradioreflejos.com.ar\/2021\/wp-json\/wp\/v2\/posts\/67946","targetHints":{"allow":["GET"]}}],"collection":[{"href":"https:\/\/www.noticiasradioreflejos.com.ar\/2021\/wp-json\/wp\/v2\/posts"}],"about":[{"href":"https:\/\/www.noticiasradioreflejos.com.ar\/2021\/wp-json\/wp\/v2\/types\/post"}],"author":[{"embeddable":true,"href":"https:\/\/www.noticiasradioreflejos.com.ar\/2021\/wp-json\/wp\/v2\/users\/3"}],"replies":[{"embeddable":true,"href":"https:\/\/www.noticiasradioreflejos.com.ar\/2021\/wp-json\/wp\/v2\/comments?post=67946"}],"version-history":[{"count":1,"href":"https:\/\/www.noticiasradioreflejos.com.ar\/2021\/wp-json\/wp\/v2\/posts\/67946\/revisions"}],"predecessor-version":[{"id":67948,"href":"https:\/\/www.noticiasradioreflejos.com.ar\/2021\/wp-json\/wp\/v2\/posts\/67946\/revisions\/67948"}],"wp:attachment":[{"href":"https:\/\/www.noticiasradioreflejos.com.ar\/2021\/wp-json\/wp\/v2\/media?parent=67946"}],"wp:term":[{"taxonomy":"category","embeddable":true,"href":"https:\/\/www.noticiasradioreflejos.com.ar\/2021\/wp-json\/wp\/v2\/categories?post=67946"},{"taxonomy":"post_tag","embeddable":true,"href":"https:\/\/www.noticiasradioreflejos.com.ar\/2021\/wp-json\/wp\/v2\/tags?post=67946"}],"curies":[{"name":"wp","href":"https:\/\/api.w.org\/{rel}","templated":true}]}}