{"id":67939,"date":"2022-02-05T16:39:54","date_gmt":"2022-02-05T16:39:54","guid":{"rendered":"http:\/\/www.noticiasradioreflejos.com.ar\/2021\/?p=67939"},"modified":"2022-02-05T16:41:43","modified_gmt":"2022-02-05T16:41:43","slug":"sabado-de-lluvias-y-viento-sur-en-toda-la-comarca-importantes-registros-en-la-region","status":"publish","type":"post","link":"https:\/\/www.noticiasradioreflejos.com.ar\/2021\/sabado-de-lluvias-y-viento-sur-en-toda-la-comarca-importantes-registros-en-la-region\/","title":{"rendered":"S\u00e1bado de lluvias y viento sur en toda la comarca. importantes registros en la regi\u00f3n."},"content":{"rendered":"<p>El pron\u00f3stico se cumple a medida que pasan las horas, con vientos fuertes del sur y precipitaciones en toda la zona. Este viernes por la tarde hubo r\u00e1fagas de viento de hasta 50 km\/h en Saldungaray y Sierra de la Ventana.<!--more--><\/p>\n<p>Tal como lo anticipamos ayer, se cumple con el pron\u00f3stico de tiempo inestable, lluvias y vientos fuertes del sur que azotan desde la tarde de ayer a gran parte de la regi\u00f3n.<\/p>\n<p>Para destacar que en lo que va del a\u00f1o en Villa Ventana y Sierra de la Ventana se superaron los 100 mm.<\/p>\n<p>En la comarca serrana, las condiciones se mantienen hasta el lunes, aunque para ma\u00f1ana domingo se esperan algunos momentos soleados y durante la ma\u00f1ana y menos precipitaciones que las que llevamos este s\u00e1bado.<\/p>\n<p>&nbsp;<\/p>\n<div class=\"intro-text\">\n<p><strong>Datos de lluvias hasta hoy a las 13 hs.<\/strong><\/p>\n<\/div>\n<p>18 mm en Sierra de la Ventana<br \/>\n28 mm en Villa Ventana<br \/>\n18 mm en Saldungaray<br \/>\n23 mm en Tornquist<br \/>\n23 mm en Tres Picos<br \/>\n20 mm en Chasico<br \/>\n21 mm en Cabildo<br \/>\n14 mm en Frapal<br \/>\n14 mm en El Pantanoso<br \/>\n6 mm en San Eloy<br \/>\n6.6 mm en Cura Malal<br \/>\n5 mm en Pasman<br \/>\n17 mm en Cnel Pringles<br \/>\n5 mm en Pig\u00fc\u00e9<br \/>\n15 mm en Arroyo Corto<br \/>\n18 mm en Dufaur<br \/>\n24 mm en Goyena<br \/>\n25 mm en Saavedra<br \/>\n30 mm en Espartillar<br \/>\n35 mm en Puan<br \/>\n38 mm en Felipe Sola<br \/>\n30 mm en Villa Iris<br \/>\n30 mm en 17 de Agosto<br \/>\n55 mm en Darregueira<br \/>\n60 mm en Bordenave<br \/>\n38 mm en Estela<br \/>\n60 mm en Carhu\u00e9<br \/>\n28 mm en San Miguel Arc\u00e1ngel<br \/>\n25 mm en Rivera<br \/>\n80 mm en Guamin\u00ed<br \/>\n66 mm en Salliquel\u00f3<br \/>\n57 mm en Garr\u00e9<br \/>\n32 mm en Tres Lomas<br \/>\n13 mm en Treinta de Agosto<br \/>\n54 mm en Casbas<br \/>\n26 mm en Gasc\u00f3n<br \/>\n44 en Daireaux<br \/>\n37 mm en Salazar<br \/>\n48 mm en Arroyo Venado<br \/>\n90 mm en Bonifacio<br \/>\n20 mm en Bah\u00eda Blanca<br \/>\n46 mm en Guatrach\u00e9<br \/>\n43 mm en Jacinto Arauz<\/p>\n","protected":false},"excerpt":{"rendered":"<p>El pron\u00f3stico se cumple a medida que pasan las horas, con vientos fuertes del sur y precipitaciones en toda la zona. Este viernes por la tarde hubo r\u00e1fagas de viento de hasta 50 km\/h en Saldungaray y Sierra de la Ventana.<\/p>\n","protected":false},"author":3,"featured_media":67940,"comment_status":"closed","ping_status":"closed","sticky":false,"template":"","format":"standard","meta":{"footnotes":""},"categories":[26],"tags":[],"class_list":["post-67939","post","type-post","status-publish","format-standard","has-post-thumbnail","hentry","category-sociedad"],"yoast_head":"<!-- This site is optimized with the Yoast SEO plugin v25.9 - https:\/\/yoast.com\/wordpress\/plugins\/seo\/ -->\n<title>S\u00e1bado de lluvias y viento sur en toda la comarca. importantes registros en la regi\u00f3n. - Noticias Radio Reflejos<\/title>\n<meta name=\"robots\" content=\"index, follow, max-snippet:-1, max-image-preview:large, max-video-preview:-1\" \/>\n<link rel=\"canonical\" href=\"https:\/\/www.noticiasradioreflejos.com.ar\/2021\/sabado-de-lluvias-y-viento-sur-en-toda-la-comarca-importantes-registros-en-la-region\/\" \/>\n<meta property=\"og:locale\" content=\"es_ES\" \/>\n<meta property=\"og:type\" content=\"article\" \/>\n<meta property=\"og:title\" content=\"S\u00e1bado de lluvias y viento sur en toda la comarca. importantes registros en la regi\u00f3n. - Noticias Radio Reflejos\" \/>\n<meta property=\"og:description\" content=\"El pron\u00f3stico se cumple a medida que pasan las horas, con vientos fuertes del sur y precipitaciones en toda la zona. Este viernes por la tarde hubo r\u00e1fagas de viento de hasta 50 km\/h en Saldungaray y Sierra de la Ventana.\" \/>\n<meta property=\"og:url\" content=\"https:\/\/www.noticiasradioreflejos.com.ar\/2021\/sabado-de-lluvias-y-viento-sur-en-toda-la-comarca-importantes-registros-en-la-region\/\" \/>\n<meta property=\"og:site_name\" content=\"Noticias Radio Reflejos\" \/>\n<meta property=\"article:published_time\" content=\"2022-02-05T16:39:54+00:00\" \/>\n<meta property=\"article:modified_time\" content=\"2022-02-05T16:41:43+00:00\" \/>\n<meta property=\"og:image\" content=\"https:\/\/www.noticiasradioreflejos.com.ar\/2021\/wp-content\/uploads\/2022\/02\/LLuvia.jpeg\" \/>\n\t<meta property=\"og:image:width\" content=\"1280\" \/>\n\t<meta property=\"og:image:height\" content=\"818\" \/>\n\t<meta property=\"og:image:type\" content=\"image\/jpeg\" \/>\n<meta name=\"author\" content=\"Arnaldo Botto\" \/>\n<meta name=\"twitter:card\" content=\"summary_large_image\" \/>\n<script type=\"application\/ld+json\" class=\"yoast-schema-graph\">{\"@context\":\"https:\/\/schema.org\",\"@graph\":[{\"@type\":\"WebPage\",\"@id\":\"https:\/\/www.noticiasradioreflejos.com.ar\/2021\/sabado-de-lluvias-y-viento-sur-en-toda-la-comarca-importantes-registros-en-la-region\/\",\"url\":\"https:\/\/www.noticiasradioreflejos.com.ar\/2021\/sabado-de-lluvias-y-viento-sur-en-toda-la-comarca-importantes-registros-en-la-region\/\",\"name\":\"S\u00e1bado de lluvias y viento sur en toda la comarca. importantes registros en la regi\u00f3n. - Noticias Radio Reflejos\",\"isPartOf\":{\"@id\":\"https:\/\/www.noticiasradioreflejos.com.ar\/2021\/#website\"},\"primaryImageOfPage\":{\"@id\":\"https:\/\/www.noticiasradioreflejos.com.ar\/2021\/sabado-de-lluvias-y-viento-sur-en-toda-la-comarca-importantes-registros-en-la-region\/#primaryimage\"},\"image\":{\"@id\":\"https:\/\/www.noticiasradioreflejos.com.ar\/2021\/sabado-de-lluvias-y-viento-sur-en-toda-la-comarca-importantes-registros-en-la-region\/#primaryimage\"},\"thumbnailUrl\":\"https:\/\/www.noticiasradioreflejos.com.ar\/2021\/wp-content\/uploads\/2022\/02\/LLuvia.jpeg\",\"datePublished\":\"2022-02-05T16:39:54+00:00\",\"dateModified\":\"2022-02-05T16:41:43+00:00\",\"author\":{\"@id\":\"https:\/\/www.noticiasradioreflejos.com.ar\/2021\/#\/schema\/person\/ad82545263dcc5ec0996818884fd5fb1\"},\"breadcrumb\":{\"@id\":\"https:\/\/www.noticiasradioreflejos.com.ar\/2021\/sabado-de-lluvias-y-viento-sur-en-toda-la-comarca-importantes-registros-en-la-region\/#breadcrumb\"},\"inLanguage\":\"es\",\"potentialAction\":[{\"@type\":\"ReadAction\",\"target\":[\"https:\/\/www.noticiasradioreflejos.com.ar\/2021\/sabado-de-lluvias-y-viento-sur-en-toda-la-comarca-importantes-registros-en-la-region\/\"]}]},{\"@type\":\"ImageObject\",\"inLanguage\":\"es\",\"@id\":\"https:\/\/www.noticiasradioreflejos.com.ar\/2021\/sabado-de-lluvias-y-viento-sur-en-toda-la-comarca-importantes-registros-en-la-region\/#primaryimage\",\"url\":\"https:\/\/www.noticiasradioreflejos.com.ar\/2021\/wp-content\/uploads\/2022\/02\/LLuvia.jpeg\",\"contentUrl\":\"https:\/\/www.noticiasradioreflejos.com.ar\/2021\/wp-content\/uploads\/2022\/02\/LLuvia.jpeg\",\"width\":1280,\"height\":818},{\"@type\":\"BreadcrumbList\",\"@id\":\"https:\/\/www.noticiasradioreflejos.com.ar\/2021\/sabado-de-lluvias-y-viento-sur-en-toda-la-comarca-importantes-registros-en-la-region\/#breadcrumb\",\"itemListElement\":[{\"@type\":\"ListItem\",\"position\":1,\"name\":\"Portada\",\"item\":\"https:\/\/www.noticiasradioreflejos.com.ar\/2021\/\"},{\"@type\":\"ListItem\",\"position\":2,\"name\":\"S\u00e1bado de lluvias y viento sur en toda la comarca. importantes registros en la regi\u00f3n.\"}]},{\"@type\":\"WebSite\",\"@id\":\"https:\/\/www.noticiasradioreflejos.com.ar\/2021\/#website\",\"url\":\"https:\/\/www.noticiasradioreflejos.com.ar\/2021\/\",\"name\":\"Noticias Radio Reflejos\",\"description\":\"Las noticias de mi comarca\",\"potentialAction\":[{\"@type\":\"SearchAction\",\"target\":{\"@type\":\"EntryPoint\",\"urlTemplate\":\"https:\/\/www.noticiasradioreflejos.com.ar\/2021\/?s={search_term_string}\"},\"query-input\":{\"@type\":\"PropertyValueSpecification\",\"valueRequired\":true,\"valueName\":\"search_term_string\"}}],\"inLanguage\":\"es\"},{\"@type\":\"Person\",\"@id\":\"https:\/\/www.noticiasradioreflejos.com.ar\/2021\/#\/schema\/person\/ad82545263dcc5ec0996818884fd5fb1\",\"name\":\"Arnaldo Botto\",\"image\":{\"@type\":\"ImageObject\",\"inLanguage\":\"es\",\"@id\":\"https:\/\/www.noticiasradioreflejos.com.ar\/2021\/#\/schema\/person\/image\/\",\"url\":\"https:\/\/secure.gravatar.com\/avatar\/55cb5e37c1efa326397366e6974cb338056df65cb50e7d64d1cf314e87504837?s=96&d=mm&r=g\",\"contentUrl\":\"https:\/\/secure.gravatar.com\/avatar\/55cb5e37c1efa326397366e6974cb338056df65cb50e7d64d1cf314e87504837?s=96&d=mm&r=g\",\"caption\":\"Arnaldo Botto\"},\"url\":\"https:\/\/www.noticiasradioreflejos.com.ar\/2021\/author\/arnaldo\/\"}]}<\/script>\n<!-- \/ Yoast SEO plugin. -->","yoast_head_json":{"title":"S\u00e1bado de lluvias y viento sur en toda la comarca. importantes registros en la regi\u00f3n. - Noticias Radio Reflejos","robots":{"index":"index","follow":"follow","max-snippet":"max-snippet:-1","max-image-preview":"max-image-preview:large","max-video-preview":"max-video-preview:-1"},"canonical":"https:\/\/www.noticiasradioreflejos.com.ar\/2021\/sabado-de-lluvias-y-viento-sur-en-toda-la-comarca-importantes-registros-en-la-region\/","og_locale":"es_ES","og_type":"article","og_title":"S\u00e1bado de lluvias y viento sur en toda la comarca. importantes registros en la regi\u00f3n. - Noticias Radio Reflejos","og_description":"El pron\u00f3stico se cumple a medida que pasan las horas, con vientos fuertes del sur y precipitaciones en toda la zona. Este viernes por la tarde hubo r\u00e1fagas de viento de hasta 50 km\/h en Saldungaray y Sierra de la Ventana.","og_url":"https:\/\/www.noticiasradioreflejos.com.ar\/2021\/sabado-de-lluvias-y-viento-sur-en-toda-la-comarca-importantes-registros-en-la-region\/","og_site_name":"Noticias Radio Reflejos","article_published_time":"2022-02-05T16:39:54+00:00","article_modified_time":"2022-02-05T16:41:43+00:00","og_image":[{"width":1280,"height":818,"url":"https:\/\/www.noticiasradioreflejos.com.ar\/2021\/wp-content\/uploads\/2022\/02\/LLuvia.jpeg","type":"image\/jpeg"}],"author":"Arnaldo Botto","twitter_card":"summary_large_image","schema":{"@context":"https:\/\/schema.org","@graph":[{"@type":"WebPage","@id":"https:\/\/www.noticiasradioreflejos.com.ar\/2021\/sabado-de-lluvias-y-viento-sur-en-toda-la-comarca-importantes-registros-en-la-region\/","url":"https:\/\/www.noticiasradioreflejos.com.ar\/2021\/sabado-de-lluvias-y-viento-sur-en-toda-la-comarca-importantes-registros-en-la-region\/","name":"S\u00e1bado de lluvias y viento sur en toda la comarca. importantes registros en la regi\u00f3n. - Noticias Radio Reflejos","isPartOf":{"@id":"https:\/\/www.noticiasradioreflejos.com.ar\/2021\/#website"},"primaryImageOfPage":{"@id":"https:\/\/www.noticiasradioreflejos.com.ar\/2021\/sabado-de-lluvias-y-viento-sur-en-toda-la-comarca-importantes-registros-en-la-region\/#primaryimage"},"image":{"@id":"https:\/\/www.noticiasradioreflejos.com.ar\/2021\/sabado-de-lluvias-y-viento-sur-en-toda-la-comarca-importantes-registros-en-la-region\/#primaryimage"},"thumbnailUrl":"https:\/\/www.noticiasradioreflejos.com.ar\/2021\/wp-content\/uploads\/2022\/02\/LLuvia.jpeg","datePublished":"2022-02-05T16:39:54+00:00","dateModified":"2022-02-05T16:41:43+00:00","author":{"@id":"https:\/\/www.noticiasradioreflejos.com.ar\/2021\/#\/schema\/person\/ad82545263dcc5ec0996818884fd5fb1"},"breadcrumb":{"@id":"https:\/\/www.noticiasradioreflejos.com.ar\/2021\/sabado-de-lluvias-y-viento-sur-en-toda-la-comarca-importantes-registros-en-la-region\/#breadcrumb"},"inLanguage":"es","potentialAction":[{"@type":"ReadAction","target":["https:\/\/www.noticiasradioreflejos.com.ar\/2021\/sabado-de-lluvias-y-viento-sur-en-toda-la-comarca-importantes-registros-en-la-region\/"]}]},{"@type":"ImageObject","inLanguage":"es","@id":"https:\/\/www.noticiasradioreflejos.com.ar\/2021\/sabado-de-lluvias-y-viento-sur-en-toda-la-comarca-importantes-registros-en-la-region\/#primaryimage","url":"https:\/\/www.noticiasradioreflejos.com.ar\/2021\/wp-content\/uploads\/2022\/02\/LLuvia.jpeg","contentUrl":"https:\/\/www.noticiasradioreflejos.com.ar\/2021\/wp-content\/uploads\/2022\/02\/LLuvia.jpeg","width":1280,"height":818},{"@type":"BreadcrumbList","@id":"https:\/\/www.noticiasradioreflejos.com.ar\/2021\/sabado-de-lluvias-y-viento-sur-en-toda-la-comarca-importantes-registros-en-la-region\/#breadcrumb","itemListElement":[{"@type":"ListItem","position":1,"name":"Portada","item":"https:\/\/www.noticiasradioreflejos.com.ar\/2021\/"},{"@type":"ListItem","position":2,"name":"S\u00e1bado de lluvias y viento sur en toda la comarca. importantes registros en la regi\u00f3n."}]},{"@type":"WebSite","@id":"https:\/\/www.noticiasradioreflejos.com.ar\/2021\/#website","url":"https:\/\/www.noticiasradioreflejos.com.ar\/2021\/","name":"Noticias Radio Reflejos","description":"Las noticias de mi comarca","potentialAction":[{"@type":"SearchAction","target":{"@type":"EntryPoint","urlTemplate":"https:\/\/www.noticiasradioreflejos.com.ar\/2021\/?s={search_term_string}"},"query-input":{"@type":"PropertyValueSpecification","valueRequired":true,"valueName":"search_term_string"}}],"inLanguage":"es"},{"@type":"Person","@id":"https:\/\/www.noticiasradioreflejos.com.ar\/2021\/#\/schema\/person\/ad82545263dcc5ec0996818884fd5fb1","name":"Arnaldo Botto","image":{"@type":"ImageObject","inLanguage":"es","@id":"https:\/\/www.noticiasradioreflejos.com.ar\/2021\/#\/schema\/person\/image\/","url":"https:\/\/secure.gravatar.com\/avatar\/55cb5e37c1efa326397366e6974cb338056df65cb50e7d64d1cf314e87504837?s=96&d=mm&r=g","contentUrl":"https:\/\/secure.gravatar.com\/avatar\/55cb5e37c1efa326397366e6974cb338056df65cb50e7d64d1cf314e87504837?s=96&d=mm&r=g","caption":"Arnaldo Botto"},"url":"https:\/\/www.noticiasradioreflejos.com.ar\/2021\/author\/arnaldo\/"}]}},"_links":{"self":[{"href":"https:\/\/www.noticiasradioreflejos.com.ar\/2021\/wp-json\/wp\/v2\/posts\/67939","targetHints":{"allow":["GET"]}}],"collection":[{"href":"https:\/\/www.noticiasradioreflejos.com.ar\/2021\/wp-json\/wp\/v2\/posts"}],"about":[{"href":"https:\/\/www.noticiasradioreflejos.com.ar\/2021\/wp-json\/wp\/v2\/types\/post"}],"author":[{"embeddable":true,"href":"https:\/\/www.noticiasradioreflejos.com.ar\/2021\/wp-json\/wp\/v2\/users\/3"}],"replies":[{"embeddable":true,"href":"https:\/\/www.noticiasradioreflejos.com.ar\/2021\/wp-json\/wp\/v2\/comments?post=67939"}],"version-history":[{"count":3,"href":"https:\/\/www.noticiasradioreflejos.com.ar\/2021\/wp-json\/wp\/v2\/posts\/67939\/revisions"}],"predecessor-version":[{"id":67943,"href":"https:\/\/www.noticiasradioreflejos.com.ar\/2021\/wp-json\/wp\/v2\/posts\/67939\/revisions\/67943"}],"wp:featuredmedia":[{"embeddable":true,"href":"https:\/\/www.noticiasradioreflejos.com.ar\/2021\/wp-json\/wp\/v2\/media\/67940"}],"wp:attachment":[{"href":"https:\/\/www.noticiasradioreflejos.com.ar\/2021\/wp-json\/wp\/v2\/media?parent=67939"}],"wp:term":[{"taxonomy":"category","embeddable":true,"href":"https:\/\/www.noticiasradioreflejos.com.ar\/2021\/wp-json\/wp\/v2\/categories?post=67939"},{"taxonomy":"post_tag","embeddable":true,"href":"https:\/\/www.noticiasradioreflejos.com.ar\/2021\/wp-json\/wp\/v2\/tags?post=67939"}],"curies":[{"name":"wp","href":"https:\/\/api.w.org\/{rel}","templated":true}]}}