{"id":67937,"date":"2022-02-05T16:22:03","date_gmt":"2022-02-05T16:22:03","guid":{"rendered":"http:\/\/www.noticiasradioreflejos.com.ar\/2021\/?p=67937"},"modified":"2022-02-05T16:22:03","modified_gmt":"2022-02-05T16:22:03","slug":"rodolfo-jose-mariano-pena-marianito","status":"publish","type":"post","link":"https:\/\/www.noticiasradioreflejos.com.ar\/2021\/rodolfo-jose-mariano-pena-marianito\/","title":{"rendered":"Rodolfo Jos\u00e9 Mariano PE\u00d1A (\u201cMARIANITO\u201d)"},"content":{"rendered":"<p><span lang=\"ES-TRAD\">Q.E.P.D.&#8211;: Falleci\u00f3 en Tornquist el 05 de Febrero de 2022 a los 29 a\u00f1os de edad. <\/span><!--more--><\/p>\n<p><span lang=\"ES-TRAD\">Sus padres Rodolfo PE\u00d1A y Marisa Anah\u00ed ETCHEGARAY. Su abuela N\u00e9lida ECHEGARAY. Su hermana Victoria BARRIONUEVO. Sus t\u00edos Ana, Violeta, Elvira, Lucia, M\u00f3nica y Dora LEIVA, Mario ETCHEGARAY, Juan Carlos y Nilda GODOY, Blanca, Noemi, Edith, Irma y Mar\u00eda Elena PE\u00d1A. Sus t\u00edos pol\u00edticos German VILDOZA, Juan DI DONATO, Daniel RUMINOT y Roberto SEPULVEDA. Sus primos Sharon RUMINOT, Mia ETCHEGARAY, Romina, Roberto y Daniel LOBOS, Carla INOSTROZA, Morena y Maximiliano NAHUELHUAL, Luciana PEREZ, Iara y Jonathan SEPULVEDA, Franccesco PINTOS, Nick y Nereo DOMINGUEZ, Florencia, Mariela, Viviana, Silvina y Guillermo DI DONATO, Fabian, N\u00e9stor, Gustavo y Marta Andrea ARENZANA, Marcos y Mirina CURIHUAL, Pablo Andr\u00e9s, Cintia Malen, Carolina y Mariela PE\u00d1A, Claudio, Lorena y Karina MARKICH, Gabriel, Melisa y Martin ALDERETE, Salvador, Amadeo y Tahiel ROLDAN, F\u00e1tima y Enzo. Sus primos pol\u00edticos Enrique ROLDAN, Leonardo DOMINGUEZ, Alejandra MORALES, Vanesa y Ra\u00fal FLORES y Mar\u00eda BARRIONUEVO, amistades y dem\u00e1s deudos participan su deceso y comunican que sus restos fueron inhumados en la necr\u00f3polis de Tornquist. <\/span><\/p>\n<p><span lang=\"ES-TRAD\">Casa de duelo Calle Intendente Ruppel N\u00b0 528, Tornquist. Servicio a cargo de la Cooperativa El\u00e9ctrica Limitada de Tornquist.<u><\/u>\u00a0<\/span><\/p>\n","protected":false},"excerpt":{"rendered":"<p>Q.E.P.D.&#8211;: Falleci\u00f3 en Tornquist el 05 de Febrero de 2022 a los 29 a\u00f1os de edad.<\/p>\n","protected":false},"author":3,"featured_media":56714,"comment_status":"closed","ping_status":"closed","sticky":false,"template":"","format":"standard","meta":{"footnotes":""},"categories":[26],"tags":[],"class_list":["post-67937","post","type-post","status-publish","format-standard","has-post-thumbnail","hentry","category-sociedad"],"yoast_head":"<!-- This site is optimized with the Yoast SEO plugin v25.9 - https:\/\/yoast.com\/wordpress\/plugins\/seo\/ -->\n<title>Rodolfo Jos\u00e9 Mariano PE\u00d1A (\u201cMARIANITO\u201d) - Noticias Radio Reflejos<\/title>\n<meta name=\"robots\" content=\"index, follow, max-snippet:-1, max-image-preview:large, max-video-preview:-1\" \/>\n<link rel=\"canonical\" href=\"https:\/\/www.noticiasradioreflejos.com.ar\/2021\/rodolfo-jose-mariano-pena-marianito\/\" \/>\n<meta property=\"og:locale\" content=\"es_ES\" \/>\n<meta property=\"og:type\" content=\"article\" \/>\n<meta property=\"og:title\" content=\"Rodolfo Jos\u00e9 Mariano PE\u00d1A (\u201cMARIANITO\u201d) - Noticias Radio Reflejos\" \/>\n<meta property=\"og:description\" content=\"Q.E.P.D.&#8211;: Falleci\u00f3 en Tornquist el 05 de Febrero de 2022 a los 29 a\u00f1os de edad.\" \/>\n<meta property=\"og:url\" content=\"https:\/\/www.noticiasradioreflejos.com.ar\/2021\/rodolfo-jose-mariano-pena-marianito\/\" \/>\n<meta property=\"og:site_name\" content=\"Noticias Radio Reflejos\" \/>\n<meta property=\"article:published_time\" content=\"2022-02-05T16:22:03+00:00\" \/>\n<meta property=\"og:image\" content=\"https:\/\/www.noticiasradioreflejos.com.ar\/2021\/wp-content\/uploads\/2021\/05\/luto-imagen.jpg\" \/>\n\t<meta property=\"og:image:width\" content=\"514\" \/>\n\t<meta property=\"og:image:height\" content=\"321\" \/>\n\t<meta property=\"og:image:type\" content=\"image\/jpeg\" \/>\n<meta name=\"author\" content=\"Arnaldo Botto\" \/>\n<meta name=\"twitter:card\" content=\"summary_large_image\" \/>\n<script type=\"application\/ld+json\" class=\"yoast-schema-graph\">{\"@context\":\"https:\/\/schema.org\",\"@graph\":[{\"@type\":\"WebPage\",\"@id\":\"https:\/\/www.noticiasradioreflejos.com.ar\/2021\/rodolfo-jose-mariano-pena-marianito\/\",\"url\":\"https:\/\/www.noticiasradioreflejos.com.ar\/2021\/rodolfo-jose-mariano-pena-marianito\/\",\"name\":\"Rodolfo Jos\u00e9 Mariano PE\u00d1A (\u201cMARIANITO\u201d) - Noticias Radio Reflejos\",\"isPartOf\":{\"@id\":\"https:\/\/www.noticiasradioreflejos.com.ar\/2021\/#website\"},\"primaryImageOfPage\":{\"@id\":\"https:\/\/www.noticiasradioreflejos.com.ar\/2021\/rodolfo-jose-mariano-pena-marianito\/#primaryimage\"},\"image\":{\"@id\":\"https:\/\/www.noticiasradioreflejos.com.ar\/2021\/rodolfo-jose-mariano-pena-marianito\/#primaryimage\"},\"thumbnailUrl\":\"https:\/\/www.noticiasradioreflejos.com.ar\/2021\/wp-content\/uploads\/2021\/05\/luto-imagen.jpg\",\"datePublished\":\"2022-02-05T16:22:03+00:00\",\"author\":{\"@id\":\"https:\/\/www.noticiasradioreflejos.com.ar\/2021\/#\/schema\/person\/ad82545263dcc5ec0996818884fd5fb1\"},\"breadcrumb\":{\"@id\":\"https:\/\/www.noticiasradioreflejos.com.ar\/2021\/rodolfo-jose-mariano-pena-marianito\/#breadcrumb\"},\"inLanguage\":\"es\",\"potentialAction\":[{\"@type\":\"ReadAction\",\"target\":[\"https:\/\/www.noticiasradioreflejos.com.ar\/2021\/rodolfo-jose-mariano-pena-marianito\/\"]}]},{\"@type\":\"ImageObject\",\"inLanguage\":\"es\",\"@id\":\"https:\/\/www.noticiasradioreflejos.com.ar\/2021\/rodolfo-jose-mariano-pena-marianito\/#primaryimage\",\"url\":\"https:\/\/www.noticiasradioreflejos.com.ar\/2021\/wp-content\/uploads\/2021\/05\/luto-imagen.jpg\",\"contentUrl\":\"https:\/\/www.noticiasradioreflejos.com.ar\/2021\/wp-content\/uploads\/2021\/05\/luto-imagen.jpg\",\"width\":514,\"height\":321},{\"@type\":\"BreadcrumbList\",\"@id\":\"https:\/\/www.noticiasradioreflejos.com.ar\/2021\/rodolfo-jose-mariano-pena-marianito\/#breadcrumb\",\"itemListElement\":[{\"@type\":\"ListItem\",\"position\":1,\"name\":\"Portada\",\"item\":\"https:\/\/www.noticiasradioreflejos.com.ar\/2021\/\"},{\"@type\":\"ListItem\",\"position\":2,\"name\":\"Rodolfo Jos\u00e9 Mariano PE\u00d1A (\u201cMARIANITO\u201d)\"}]},{\"@type\":\"WebSite\",\"@id\":\"https:\/\/www.noticiasradioreflejos.com.ar\/2021\/#website\",\"url\":\"https:\/\/www.noticiasradioreflejos.com.ar\/2021\/\",\"name\":\"Noticias Radio Reflejos\",\"description\":\"Las noticias de mi comarca\",\"potentialAction\":[{\"@type\":\"SearchAction\",\"target\":{\"@type\":\"EntryPoint\",\"urlTemplate\":\"https:\/\/www.noticiasradioreflejos.com.ar\/2021\/?s={search_term_string}\"},\"query-input\":{\"@type\":\"PropertyValueSpecification\",\"valueRequired\":true,\"valueName\":\"search_term_string\"}}],\"inLanguage\":\"es\"},{\"@type\":\"Person\",\"@id\":\"https:\/\/www.noticiasradioreflejos.com.ar\/2021\/#\/schema\/person\/ad82545263dcc5ec0996818884fd5fb1\",\"name\":\"Arnaldo Botto\",\"image\":{\"@type\":\"ImageObject\",\"inLanguage\":\"es\",\"@id\":\"https:\/\/www.noticiasradioreflejos.com.ar\/2021\/#\/schema\/person\/image\/\",\"url\":\"https:\/\/secure.gravatar.com\/avatar\/55cb5e37c1efa326397366e6974cb338056df65cb50e7d64d1cf314e87504837?s=96&d=mm&r=g\",\"contentUrl\":\"https:\/\/secure.gravatar.com\/avatar\/55cb5e37c1efa326397366e6974cb338056df65cb50e7d64d1cf314e87504837?s=96&d=mm&r=g\",\"caption\":\"Arnaldo Botto\"},\"url\":\"https:\/\/www.noticiasradioreflejos.com.ar\/2021\/author\/arnaldo\/\"}]}<\/script>\n<!-- \/ Yoast SEO plugin. -->","yoast_head_json":{"title":"Rodolfo Jos\u00e9 Mariano PE\u00d1A (\u201cMARIANITO\u201d) - Noticias Radio Reflejos","robots":{"index":"index","follow":"follow","max-snippet":"max-snippet:-1","max-image-preview":"max-image-preview:large","max-video-preview":"max-video-preview:-1"},"canonical":"https:\/\/www.noticiasradioreflejos.com.ar\/2021\/rodolfo-jose-mariano-pena-marianito\/","og_locale":"es_ES","og_type":"article","og_title":"Rodolfo Jos\u00e9 Mariano PE\u00d1A (\u201cMARIANITO\u201d) - Noticias Radio Reflejos","og_description":"Q.E.P.D.&#8211;: Falleci\u00f3 en Tornquist el 05 de Febrero de 2022 a los 29 a\u00f1os de edad.","og_url":"https:\/\/www.noticiasradioreflejos.com.ar\/2021\/rodolfo-jose-mariano-pena-marianito\/","og_site_name":"Noticias Radio Reflejos","article_published_time":"2022-02-05T16:22:03+00:00","og_image":[{"width":514,"height":321,"url":"https:\/\/www.noticiasradioreflejos.com.ar\/2021\/wp-content\/uploads\/2021\/05\/luto-imagen.jpg","type":"image\/jpeg"}],"author":"Arnaldo Botto","twitter_card":"summary_large_image","schema":{"@context":"https:\/\/schema.org","@graph":[{"@type":"WebPage","@id":"https:\/\/www.noticiasradioreflejos.com.ar\/2021\/rodolfo-jose-mariano-pena-marianito\/","url":"https:\/\/www.noticiasradioreflejos.com.ar\/2021\/rodolfo-jose-mariano-pena-marianito\/","name":"Rodolfo Jos\u00e9 Mariano PE\u00d1A (\u201cMARIANITO\u201d) - Noticias Radio Reflejos","isPartOf":{"@id":"https:\/\/www.noticiasradioreflejos.com.ar\/2021\/#website"},"primaryImageOfPage":{"@id":"https:\/\/www.noticiasradioreflejos.com.ar\/2021\/rodolfo-jose-mariano-pena-marianito\/#primaryimage"},"image":{"@id":"https:\/\/www.noticiasradioreflejos.com.ar\/2021\/rodolfo-jose-mariano-pena-marianito\/#primaryimage"},"thumbnailUrl":"https:\/\/www.noticiasradioreflejos.com.ar\/2021\/wp-content\/uploads\/2021\/05\/luto-imagen.jpg","datePublished":"2022-02-05T16:22:03+00:00","author":{"@id":"https:\/\/www.noticiasradioreflejos.com.ar\/2021\/#\/schema\/person\/ad82545263dcc5ec0996818884fd5fb1"},"breadcrumb":{"@id":"https:\/\/www.noticiasradioreflejos.com.ar\/2021\/rodolfo-jose-mariano-pena-marianito\/#breadcrumb"},"inLanguage":"es","potentialAction":[{"@type":"ReadAction","target":["https:\/\/www.noticiasradioreflejos.com.ar\/2021\/rodolfo-jose-mariano-pena-marianito\/"]}]},{"@type":"ImageObject","inLanguage":"es","@id":"https:\/\/www.noticiasradioreflejos.com.ar\/2021\/rodolfo-jose-mariano-pena-marianito\/#primaryimage","url":"https:\/\/www.noticiasradioreflejos.com.ar\/2021\/wp-content\/uploads\/2021\/05\/luto-imagen.jpg","contentUrl":"https:\/\/www.noticiasradioreflejos.com.ar\/2021\/wp-content\/uploads\/2021\/05\/luto-imagen.jpg","width":514,"height":321},{"@type":"BreadcrumbList","@id":"https:\/\/www.noticiasradioreflejos.com.ar\/2021\/rodolfo-jose-mariano-pena-marianito\/#breadcrumb","itemListElement":[{"@type":"ListItem","position":1,"name":"Portada","item":"https:\/\/www.noticiasradioreflejos.com.ar\/2021\/"},{"@type":"ListItem","position":2,"name":"Rodolfo Jos\u00e9 Mariano PE\u00d1A (\u201cMARIANITO\u201d)"}]},{"@type":"WebSite","@id":"https:\/\/www.noticiasradioreflejos.com.ar\/2021\/#website","url":"https:\/\/www.noticiasradioreflejos.com.ar\/2021\/","name":"Noticias Radio Reflejos","description":"Las noticias de mi comarca","potentialAction":[{"@type":"SearchAction","target":{"@type":"EntryPoint","urlTemplate":"https:\/\/www.noticiasradioreflejos.com.ar\/2021\/?s={search_term_string}"},"query-input":{"@type":"PropertyValueSpecification","valueRequired":true,"valueName":"search_term_string"}}],"inLanguage":"es"},{"@type":"Person","@id":"https:\/\/www.noticiasradioreflejos.com.ar\/2021\/#\/schema\/person\/ad82545263dcc5ec0996818884fd5fb1","name":"Arnaldo Botto","image":{"@type":"ImageObject","inLanguage":"es","@id":"https:\/\/www.noticiasradioreflejos.com.ar\/2021\/#\/schema\/person\/image\/","url":"https:\/\/secure.gravatar.com\/avatar\/55cb5e37c1efa326397366e6974cb338056df65cb50e7d64d1cf314e87504837?s=96&d=mm&r=g","contentUrl":"https:\/\/secure.gravatar.com\/avatar\/55cb5e37c1efa326397366e6974cb338056df65cb50e7d64d1cf314e87504837?s=96&d=mm&r=g","caption":"Arnaldo Botto"},"url":"https:\/\/www.noticiasradioreflejos.com.ar\/2021\/author\/arnaldo\/"}]}},"_links":{"self":[{"href":"https:\/\/www.noticiasradioreflejos.com.ar\/2021\/wp-json\/wp\/v2\/posts\/67937","targetHints":{"allow":["GET"]}}],"collection":[{"href":"https:\/\/www.noticiasradioreflejos.com.ar\/2021\/wp-json\/wp\/v2\/posts"}],"about":[{"href":"https:\/\/www.noticiasradioreflejos.com.ar\/2021\/wp-json\/wp\/v2\/types\/post"}],"author":[{"embeddable":true,"href":"https:\/\/www.noticiasradioreflejos.com.ar\/2021\/wp-json\/wp\/v2\/users\/3"}],"replies":[{"embeddable":true,"href":"https:\/\/www.noticiasradioreflejos.com.ar\/2021\/wp-json\/wp\/v2\/comments?post=67937"}],"version-history":[{"count":1,"href":"https:\/\/www.noticiasradioreflejos.com.ar\/2021\/wp-json\/wp\/v2\/posts\/67937\/revisions"}],"predecessor-version":[{"id":67938,"href":"https:\/\/www.noticiasradioreflejos.com.ar\/2021\/wp-json\/wp\/v2\/posts\/67937\/revisions\/67938"}],"wp:featuredmedia":[{"embeddable":true,"href":"https:\/\/www.noticiasradioreflejos.com.ar\/2021\/wp-json\/wp\/v2\/media\/56714"}],"wp:attachment":[{"href":"https:\/\/www.noticiasradioreflejos.com.ar\/2021\/wp-json\/wp\/v2\/media?parent=67937"}],"wp:term":[{"taxonomy":"category","embeddable":true,"href":"https:\/\/www.noticiasradioreflejos.com.ar\/2021\/wp-json\/wp\/v2\/categories?post=67937"},{"taxonomy":"post_tag","embeddable":true,"href":"https:\/\/www.noticiasradioreflejos.com.ar\/2021\/wp-json\/wp\/v2\/tags?post=67937"}],"curies":[{"name":"wp","href":"https:\/\/api.w.org\/{rel}","templated":true}]}}