{"id":67934,"date":"2022-02-04T20:58:02","date_gmt":"2022-02-04T20:58:02","guid":{"rendered":"http:\/\/www.noticiasradioreflejos.com.ar\/2021\/?p=67934"},"modified":"2022-02-04T20:58:02","modified_gmt":"2022-02-04T20:58:02","slug":"se-registro-una-nueva-caida-de-un-arbol-en-el-parque-lineal","status":"publish","type":"post","link":"https:\/\/www.noticiasradioreflejos.com.ar\/2021\/se-registro-una-nueva-caida-de-un-arbol-en-el-parque-lineal\/","title":{"rendered":"Se registr\u00f3 una nueva ca\u00edda de un \u00e1rbol en el Parque Lineal"},"content":{"rendered":"<p>Nuevamente, debido a los fuertes vientos producidos durante la tarde de este viernes en Tornquist, se registr\u00f3 la ca\u00edda de un \u00e1rbol en el Parque Lineal, en el sector lindero al Club Papelero.<!--more--><\/p>\n<p><a href=\"https:\/\/flic.kr\/p\/2n1TUmn\"><img loading=\"lazy\" decoding=\"async\" src=\"https:\/\/live.staticflickr.com\/65535\/51862311493_69a050645f_z.jpg\" alt=\"2022-02-04_05-54-01\" width=\"288\" height=\"640\" \/><\/a><\/p>\n<p><span style=\"font-weight: 400;\">Ante este hecho, Tornquist Municipio recuerda que el lugar permanece cerrado, por lo que solicita no ingresar, sobre todo los d\u00edas de fuertes r\u00e1fagas, ya que reviste riesgo para quienes circulen en el sector.<\/span><\/p>\n","protected":false},"excerpt":{"rendered":"<p>Nuevamente, debido a los fuertes vientos producidos durante la tarde de este viernes en Tornquist, se registr\u00f3 la ca\u00edda de un \u00e1rbol en el Parque Lineal, en el sector lindero al Club Papelero.<\/p>\n","protected":false},"author":3,"featured_media":0,"comment_status":"closed","ping_status":"closed","sticky":false,"template":"","format":"standard","meta":{"footnotes":""},"categories":[28],"tags":[],"class_list":["post-67934","post","type-post","status-publish","format-standard","hentry","category-municipales"],"yoast_head":"<!-- This site is optimized with the Yoast SEO plugin v25.9 - https:\/\/yoast.com\/wordpress\/plugins\/seo\/ -->\n<title>Se registr\u00f3 una nueva ca\u00edda de un \u00e1rbol en el Parque Lineal - Noticias Radio Reflejos<\/title>\n<meta name=\"robots\" content=\"index, follow, max-snippet:-1, max-image-preview:large, max-video-preview:-1\" \/>\n<link rel=\"canonical\" href=\"https:\/\/www.noticiasradioreflejos.com.ar\/2021\/se-registro-una-nueva-caida-de-un-arbol-en-el-parque-lineal\/\" \/>\n<meta property=\"og:locale\" content=\"es_ES\" \/>\n<meta property=\"og:type\" content=\"article\" \/>\n<meta property=\"og:title\" content=\"Se registr\u00f3 una nueva ca\u00edda de un \u00e1rbol en el Parque Lineal - Noticias Radio Reflejos\" \/>\n<meta property=\"og:description\" content=\"Nuevamente, debido a los fuertes vientos producidos durante la tarde de este viernes en Tornquist, se registr\u00f3 la ca\u00edda de un \u00e1rbol en el Parque Lineal, en el sector lindero al Club Papelero.\" \/>\n<meta property=\"og:url\" content=\"https:\/\/www.noticiasradioreflejos.com.ar\/2021\/se-registro-una-nueva-caida-de-un-arbol-en-el-parque-lineal\/\" \/>\n<meta property=\"og:site_name\" content=\"Noticias Radio Reflejos\" \/>\n<meta property=\"article:published_time\" content=\"2022-02-04T20:58:02+00:00\" \/>\n<meta property=\"og:image\" content=\"https:\/\/www.noticiasradioreflejos.com.ar\/2021\/wp-content\/uploads\/2021\/07\/logosol300x200.png\" \/>\n\t<meta property=\"og:image:width\" content=\"300\" \/>\n\t<meta property=\"og:image:height\" content=\"200\" \/>\n\t<meta property=\"og:image:type\" content=\"image\/png\" \/>\n<meta name=\"author\" content=\"Arnaldo Botto\" \/>\n<meta name=\"twitter:card\" content=\"summary_large_image\" \/>\n<script type=\"application\/ld+json\" class=\"yoast-schema-graph\">{\"@context\":\"https:\/\/schema.org\",\"@graph\":[{\"@type\":\"WebPage\",\"@id\":\"https:\/\/www.noticiasradioreflejos.com.ar\/2021\/se-registro-una-nueva-caida-de-un-arbol-en-el-parque-lineal\/\",\"url\":\"https:\/\/www.noticiasradioreflejos.com.ar\/2021\/se-registro-una-nueva-caida-de-un-arbol-en-el-parque-lineal\/\",\"name\":\"Se registr\u00f3 una nueva ca\u00edda de un \u00e1rbol en el Parque Lineal - Noticias Radio Reflejos\",\"isPartOf\":{\"@id\":\"https:\/\/www.noticiasradioreflejos.com.ar\/2021\/#website\"},\"datePublished\":\"2022-02-04T20:58:02+00:00\",\"author\":{\"@id\":\"https:\/\/www.noticiasradioreflejos.com.ar\/2021\/#\/schema\/person\/ad82545263dcc5ec0996818884fd5fb1\"},\"breadcrumb\":{\"@id\":\"https:\/\/www.noticiasradioreflejos.com.ar\/2021\/se-registro-una-nueva-caida-de-un-arbol-en-el-parque-lineal\/#breadcrumb\"},\"inLanguage\":\"es\",\"potentialAction\":[{\"@type\":\"ReadAction\",\"target\":[\"https:\/\/www.noticiasradioreflejos.com.ar\/2021\/se-registro-una-nueva-caida-de-un-arbol-en-el-parque-lineal\/\"]}]},{\"@type\":\"BreadcrumbList\",\"@id\":\"https:\/\/www.noticiasradioreflejos.com.ar\/2021\/se-registro-una-nueva-caida-de-un-arbol-en-el-parque-lineal\/#breadcrumb\",\"itemListElement\":[{\"@type\":\"ListItem\",\"position\":1,\"name\":\"Portada\",\"item\":\"https:\/\/www.noticiasradioreflejos.com.ar\/2021\/\"},{\"@type\":\"ListItem\",\"position\":2,\"name\":\"Se registr\u00f3 una nueva ca\u00edda de un \u00e1rbol en el Parque Lineal\"}]},{\"@type\":\"WebSite\",\"@id\":\"https:\/\/www.noticiasradioreflejos.com.ar\/2021\/#website\",\"url\":\"https:\/\/www.noticiasradioreflejos.com.ar\/2021\/\",\"name\":\"Noticias Radio Reflejos\",\"description\":\"Las noticias de mi comarca\",\"potentialAction\":[{\"@type\":\"SearchAction\",\"target\":{\"@type\":\"EntryPoint\",\"urlTemplate\":\"https:\/\/www.noticiasradioreflejos.com.ar\/2021\/?s={search_term_string}\"},\"query-input\":{\"@type\":\"PropertyValueSpecification\",\"valueRequired\":true,\"valueName\":\"search_term_string\"}}],\"inLanguage\":\"es\"},{\"@type\":\"Person\",\"@id\":\"https:\/\/www.noticiasradioreflejos.com.ar\/2021\/#\/schema\/person\/ad82545263dcc5ec0996818884fd5fb1\",\"name\":\"Arnaldo Botto\",\"image\":{\"@type\":\"ImageObject\",\"inLanguage\":\"es\",\"@id\":\"https:\/\/www.noticiasradioreflejos.com.ar\/2021\/#\/schema\/person\/image\/\",\"url\":\"https:\/\/secure.gravatar.com\/avatar\/55cb5e37c1efa326397366e6974cb338056df65cb50e7d64d1cf314e87504837?s=96&d=mm&r=g\",\"contentUrl\":\"https:\/\/secure.gravatar.com\/avatar\/55cb5e37c1efa326397366e6974cb338056df65cb50e7d64d1cf314e87504837?s=96&d=mm&r=g\",\"caption\":\"Arnaldo Botto\"},\"url\":\"https:\/\/www.noticiasradioreflejos.com.ar\/2021\/author\/arnaldo\/\"}]}<\/script>\n<!-- \/ Yoast SEO plugin. -->","yoast_head_json":{"title":"Se registr\u00f3 una nueva ca\u00edda de un \u00e1rbol en el Parque Lineal - Noticias Radio Reflejos","robots":{"index":"index","follow":"follow","max-snippet":"max-snippet:-1","max-image-preview":"max-image-preview:large","max-video-preview":"max-video-preview:-1"},"canonical":"https:\/\/www.noticiasradioreflejos.com.ar\/2021\/se-registro-una-nueva-caida-de-un-arbol-en-el-parque-lineal\/","og_locale":"es_ES","og_type":"article","og_title":"Se registr\u00f3 una nueva ca\u00edda de un \u00e1rbol en el Parque Lineal - Noticias Radio Reflejos","og_description":"Nuevamente, debido a los fuertes vientos producidos durante la tarde de este viernes en Tornquist, se registr\u00f3 la ca\u00edda de un \u00e1rbol en el Parque Lineal, en el sector lindero al Club Papelero.","og_url":"https:\/\/www.noticiasradioreflejos.com.ar\/2021\/se-registro-una-nueva-caida-de-un-arbol-en-el-parque-lineal\/","og_site_name":"Noticias Radio Reflejos","article_published_time":"2022-02-04T20:58:02+00:00","og_image":[{"width":300,"height":200,"url":"https:\/\/www.noticiasradioreflejos.com.ar\/2021\/wp-content\/uploads\/2021\/07\/logosol300x200.png","type":"image\/png"}],"author":"Arnaldo Botto","twitter_card":"summary_large_image","schema":{"@context":"https:\/\/schema.org","@graph":[{"@type":"WebPage","@id":"https:\/\/www.noticiasradioreflejos.com.ar\/2021\/se-registro-una-nueva-caida-de-un-arbol-en-el-parque-lineal\/","url":"https:\/\/www.noticiasradioreflejos.com.ar\/2021\/se-registro-una-nueva-caida-de-un-arbol-en-el-parque-lineal\/","name":"Se registr\u00f3 una nueva ca\u00edda de un \u00e1rbol en el Parque Lineal - Noticias Radio Reflejos","isPartOf":{"@id":"https:\/\/www.noticiasradioreflejos.com.ar\/2021\/#website"},"datePublished":"2022-02-04T20:58:02+00:00","author":{"@id":"https:\/\/www.noticiasradioreflejos.com.ar\/2021\/#\/schema\/person\/ad82545263dcc5ec0996818884fd5fb1"},"breadcrumb":{"@id":"https:\/\/www.noticiasradioreflejos.com.ar\/2021\/se-registro-una-nueva-caida-de-un-arbol-en-el-parque-lineal\/#breadcrumb"},"inLanguage":"es","potentialAction":[{"@type":"ReadAction","target":["https:\/\/www.noticiasradioreflejos.com.ar\/2021\/se-registro-una-nueva-caida-de-un-arbol-en-el-parque-lineal\/"]}]},{"@type":"BreadcrumbList","@id":"https:\/\/www.noticiasradioreflejos.com.ar\/2021\/se-registro-una-nueva-caida-de-un-arbol-en-el-parque-lineal\/#breadcrumb","itemListElement":[{"@type":"ListItem","position":1,"name":"Portada","item":"https:\/\/www.noticiasradioreflejos.com.ar\/2021\/"},{"@type":"ListItem","position":2,"name":"Se registr\u00f3 una nueva ca\u00edda de un \u00e1rbol en el Parque Lineal"}]},{"@type":"WebSite","@id":"https:\/\/www.noticiasradioreflejos.com.ar\/2021\/#website","url":"https:\/\/www.noticiasradioreflejos.com.ar\/2021\/","name":"Noticias Radio Reflejos","description":"Las noticias de mi comarca","potentialAction":[{"@type":"SearchAction","target":{"@type":"EntryPoint","urlTemplate":"https:\/\/www.noticiasradioreflejos.com.ar\/2021\/?s={search_term_string}"},"query-input":{"@type":"PropertyValueSpecification","valueRequired":true,"valueName":"search_term_string"}}],"inLanguage":"es"},{"@type":"Person","@id":"https:\/\/www.noticiasradioreflejos.com.ar\/2021\/#\/schema\/person\/ad82545263dcc5ec0996818884fd5fb1","name":"Arnaldo Botto","image":{"@type":"ImageObject","inLanguage":"es","@id":"https:\/\/www.noticiasradioreflejos.com.ar\/2021\/#\/schema\/person\/image\/","url":"https:\/\/secure.gravatar.com\/avatar\/55cb5e37c1efa326397366e6974cb338056df65cb50e7d64d1cf314e87504837?s=96&d=mm&r=g","contentUrl":"https:\/\/secure.gravatar.com\/avatar\/55cb5e37c1efa326397366e6974cb338056df65cb50e7d64d1cf314e87504837?s=96&d=mm&r=g","caption":"Arnaldo Botto"},"url":"https:\/\/www.noticiasradioreflejos.com.ar\/2021\/author\/arnaldo\/"}]}},"_links":{"self":[{"href":"https:\/\/www.noticiasradioreflejos.com.ar\/2021\/wp-json\/wp\/v2\/posts\/67934","targetHints":{"allow":["GET"]}}],"collection":[{"href":"https:\/\/www.noticiasradioreflejos.com.ar\/2021\/wp-json\/wp\/v2\/posts"}],"about":[{"href":"https:\/\/www.noticiasradioreflejos.com.ar\/2021\/wp-json\/wp\/v2\/types\/post"}],"author":[{"embeddable":true,"href":"https:\/\/www.noticiasradioreflejos.com.ar\/2021\/wp-json\/wp\/v2\/users\/3"}],"replies":[{"embeddable":true,"href":"https:\/\/www.noticiasradioreflejos.com.ar\/2021\/wp-json\/wp\/v2\/comments?post=67934"}],"version-history":[{"count":1,"href":"https:\/\/www.noticiasradioreflejos.com.ar\/2021\/wp-json\/wp\/v2\/posts\/67934\/revisions"}],"predecessor-version":[{"id":67936,"href":"https:\/\/www.noticiasradioreflejos.com.ar\/2021\/wp-json\/wp\/v2\/posts\/67934\/revisions\/67936"}],"wp:attachment":[{"href":"https:\/\/www.noticiasradioreflejos.com.ar\/2021\/wp-json\/wp\/v2\/media?parent=67934"}],"wp:term":[{"taxonomy":"category","embeddable":true,"href":"https:\/\/www.noticiasradioreflejos.com.ar\/2021\/wp-json\/wp\/v2\/categories?post=67934"},{"taxonomy":"post_tag","embeddable":true,"href":"https:\/\/www.noticiasradioreflejos.com.ar\/2021\/wp-json\/wp\/v2\/tags?post=67934"}],"curies":[{"name":"wp","href":"https:\/\/api.w.org\/{rel}","templated":true}]}}