{"id":67929,"date":"2022-02-04T20:18:13","date_gmt":"2022-02-04T20:18:13","guid":{"rendered":"http:\/\/www.noticiasradioreflejos.com.ar\/2021\/?p=67929"},"modified":"2022-02-04T20:18:13","modified_gmt":"2022-02-04T20:18:13","slug":"detalles-de-la-persecucion-detencion-y-botin-secuestrado-esta-manana-por-la-policia-de-sierra-de-la-ventana","status":"publish","type":"post","link":"https:\/\/www.noticiasradioreflejos.com.ar\/2021\/detalles-de-la-persecucion-detencion-y-botin-secuestrado-esta-manana-por-la-policia-de-sierra-de-la-ventana\/","title":{"rendered":"Detalles de la persecuci\u00f3n, detenci\u00f3n y bot\u00edn secuestrado esta ma\u00f1ana por la polic\u00eda de Sierra de la Ventana. ."},"content":{"rendered":"<p>Durante nuestro programa radial, entrevistamos al jefe de la Subestaci\u00f3n de la Polic\u00eda Comunal de Sierra de la Ventana, para informarnos acerca de un hecho poco usual que fue primicia esta ma\u00f1ana.<!--more--><br \/>\n<a title=\"Franco Ragni\" href=\"https:\/\/www.flickr.com\/photos\/182279889@N02\/51861206677\/in\/dateposted-public\/\" data-flickr-embed=\"true\"><img loading=\"lazy\" decoding=\"async\" src=\"https:\/\/live.staticflickr.com\/65535\/51861206677_26912f9d4b_z.jpg\" alt=\"Franco Ragni\" width=\"640\" height=\"557\" \/><\/a><script async src=\"\/\/embedr.flickr.com\/assets\/client-code.js\" charset=\"utf-8\"><\/script><\/p>\n<p>&nbsp;<\/p>\n<p>El jefe policial comenz\u00f3 la nota relatando el hecho del d\u00eda de hoy. \u00abHoy 5 y media de la ma\u00f1ana m\u00e1s o menos un chico manifiesta que hab\u00eda visto a 3 personas empujando un veh\u00edculo, de actitud sospechosa. Comienza el personal policial a la tarea de b\u00fasqueda de este veh\u00edculo, que fue casi inmediata, porque el veh\u00edculo pasa a gran velocidad por la avenida c\u00e9ntrica\u00bb coment\u00f3 Franco c\u00f3mo es que se dio con los sospechosos.<\/p>\n<p>A ra\u00edz del avistaje del rodado, se comienza una persecuci\u00f3n por el pueblo la cual finaliza en la localidad de Saldungaray. Consecuentemente, se aprehende a los tres pasajeros del veh\u00edculo, en primera instancia, por no acatar la orden policial de detenerse. Se trataba de una mujer mayor acompa\u00f1ada de dos menores, de 15 y 17 a\u00f1os.<\/p>\n<p>&nbsp;<\/p>\n<p><a title=\"Robo a Aramberri\" href=\"https:\/\/www.flickr.com\/photos\/182279889@N02\/51861772424\/in\/dateposted-public\/\" data-flickr-embed=\"true\"><img loading=\"lazy\" decoding=\"async\" src=\"https:\/\/live.staticflickr.com\/65535\/51861772424_9b0eeb0efe_z.jpg\" alt=\"Robo a Aramberri\" width=\"443\" height=\"640\" \/><\/a><script async src=\"\/\/embedr.flickr.com\/assets\/client-code.js\" charset=\"utf-8\"><\/script><\/p>\n<p>&nbsp;<\/p>\n<p>\u00abAl no poder comprobar la propiedad del veh\u00edculo, se da con la dependencia y se da con la persona que le hab\u00edan sustra\u00eddo el veh\u00edculo. Dentro del veh\u00edculo, encontramos bolsas con platos, cubiertos, ollas, tenedores, etc.\u00bb menciona el oficial la sorpresa que se llev\u00f3 el personal policial al requisar el auto en cuesti\u00f3n. Todav\u00eda se encuentra en investigaci\u00f3n si estos art\u00edculos tambi\u00e9n fueron robados.<\/p>\n<p>&nbsp;<\/p>\n<p><a title=\"secuestro\" href=\"https:\/\/www.flickr.com\/photos\/182279889@N02\/51862253798\/in\/dateposted-public\/\" data-flickr-embed=\"true\"><img loading=\"lazy\" decoding=\"async\" src=\"https:\/\/live.staticflickr.com\/65535\/51862253798_8ecaf7f642_z.jpg\" alt=\"secuestro\" width=\"440\" height=\"640\" \/><\/a><script async src=\"\/\/embedr.flickr.com\/assets\/client-code.js\" charset=\"utf-8\"><\/script><\/p>\n<p>Ragni aprovecha el espacio de la radio para agradecer al personal policial de la localidad de Saldungaray, quienes trabajaron abiertamente en conjunto con la subestaci\u00f3n comunal de Sierra de la Ventana para darle soluci\u00f3n al inconveniente.<\/p>\n<p>Ragni menciona que a los sospechosos no se les ha realizado el test de alcoholemia, por lo que no se puede descartar ni afirmar que hubo una planificaci\u00f3n para el delito.<\/p>\n<p>Nota completa a continuaci\u00f3n:<br \/>\n<iframe loading=\"lazy\" src=\"https:\/\/w.soundcloud.com\/player\/?url=https%3A\/\/api.soundcloud.com\/tracks\/1209732148&amp;color=%23ff5500&amp;auto_play=false&amp;hide_related=false&amp;show_comments=true&amp;show_user=true&amp;show_reposts=false&amp;show_teaser=true\" width=\"100%\" height=\"166\" frameborder=\"no\" scrolling=\"no\"><\/iframe><\/p>\n<div style=\"font-size: 10px; color: #cccccc; line-break: anywhere; word-break: normal; overflow: hidden; white-space: nowrap; text-overflow: ellipsis; font-family: Interstate,Lucida Grande,Lucida Sans Unicode,Lucida Sans,Garuda,Verdana,Tahoma,sans-serif; font-weight: 100;\"><a style=\"color: #cccccc; text-decoration: none;\" title=\"fmreflejos 103.7\" href=\"https:\/\/soundcloud.com\/fmreflejos-103-7\" target=\"_blank\" rel=\"noopener\">fmreflejos 103.7<\/a> \u00b7 <a style=\"color: #cccccc; text-decoration: none;\" title=\"Franco Ragni\" href=\"https:\/\/soundcloud.com\/fmreflejos-103-7\/franco-ragni\" target=\"_blank\" rel=\"noopener\">Franco Ragni<\/a><\/div>\n","protected":false},"excerpt":{"rendered":"<p>Durante nuestro programa radial, entrevistamos al jefe de la Subestaci\u00f3n de la Polic\u00eda Comunal de Sierra de la Ventana, para informarnos acerca de un hecho poco usual que fue primicia esta ma\u00f1ana.<\/p>\n","protected":false},"author":3,"featured_media":0,"comment_status":"closed","ping_status":"closed","sticky":false,"template":"","format":"standard","meta":{"footnotes":""},"categories":[29],"tags":[48],"class_list":["post-67929","post","type-post","status-publish","format-standard","hentry","category-policiales","tag-destacada"],"yoast_head":"<!-- This site is optimized with the Yoast SEO plugin v25.9 - https:\/\/yoast.com\/wordpress\/plugins\/seo\/ -->\n<title>Detalles de la persecuci\u00f3n, detenci\u00f3n y bot\u00edn secuestrado esta ma\u00f1ana por la polic\u00eda de Sierra de la Ventana. . - Noticias Radio Reflejos<\/title>\n<meta name=\"robots\" content=\"index, follow, max-snippet:-1, max-image-preview:large, max-video-preview:-1\" \/>\n<link rel=\"canonical\" href=\"https:\/\/www.noticiasradioreflejos.com.ar\/2021\/detalles-de-la-persecucion-detencion-y-botin-secuestrado-esta-manana-por-la-policia-de-sierra-de-la-ventana\/\" \/>\n<meta property=\"og:locale\" content=\"es_ES\" \/>\n<meta property=\"og:type\" content=\"article\" \/>\n<meta property=\"og:title\" content=\"Detalles de la persecuci\u00f3n, detenci\u00f3n y bot\u00edn secuestrado esta ma\u00f1ana por la polic\u00eda de Sierra de la Ventana. . - Noticias Radio Reflejos\" \/>\n<meta property=\"og:description\" content=\"Durante nuestro programa radial, entrevistamos al jefe de la Subestaci\u00f3n de la Polic\u00eda Comunal de Sierra de la Ventana, para informarnos acerca de un hecho poco usual que fue primicia esta ma\u00f1ana.\" \/>\n<meta property=\"og:url\" content=\"https:\/\/www.noticiasradioreflejos.com.ar\/2021\/detalles-de-la-persecucion-detencion-y-botin-secuestrado-esta-manana-por-la-policia-de-sierra-de-la-ventana\/\" \/>\n<meta property=\"og:site_name\" content=\"Noticias Radio Reflejos\" \/>\n<meta property=\"article:published_time\" content=\"2022-02-04T20:18:13+00:00\" \/>\n<meta property=\"og:image\" content=\"https:\/\/live.staticflickr.com\/65535\/51861206677_26912f9d4b_z.jpg\" \/>\n<meta name=\"author\" content=\"Arnaldo Botto\" \/>\n<meta name=\"twitter:card\" content=\"summary_large_image\" \/>\n<script type=\"application\/ld+json\" class=\"yoast-schema-graph\">{\"@context\":\"https:\/\/schema.org\",\"@graph\":[{\"@type\":\"WebPage\",\"@id\":\"https:\/\/www.noticiasradioreflejos.com.ar\/2021\/detalles-de-la-persecucion-detencion-y-botin-secuestrado-esta-manana-por-la-policia-de-sierra-de-la-ventana\/\",\"url\":\"https:\/\/www.noticiasradioreflejos.com.ar\/2021\/detalles-de-la-persecucion-detencion-y-botin-secuestrado-esta-manana-por-la-policia-de-sierra-de-la-ventana\/\",\"name\":\"Detalles de la persecuci\u00f3n, detenci\u00f3n y bot\u00edn secuestrado esta ma\u00f1ana por la polic\u00eda de Sierra de la Ventana. . - Noticias Radio Reflejos\",\"isPartOf\":{\"@id\":\"https:\/\/www.noticiasradioreflejos.com.ar\/2021\/#website\"},\"primaryImageOfPage\":{\"@id\":\"https:\/\/www.noticiasradioreflejos.com.ar\/2021\/detalles-de-la-persecucion-detencion-y-botin-secuestrado-esta-manana-por-la-policia-de-sierra-de-la-ventana\/#primaryimage\"},\"image\":{\"@id\":\"https:\/\/www.noticiasradioreflejos.com.ar\/2021\/detalles-de-la-persecucion-detencion-y-botin-secuestrado-esta-manana-por-la-policia-de-sierra-de-la-ventana\/#primaryimage\"},\"thumbnailUrl\":\"https:\/\/live.staticflickr.com\/65535\/51861206677_26912f9d4b_z.jpg\",\"datePublished\":\"2022-02-04T20:18:13+00:00\",\"author\":{\"@id\":\"https:\/\/www.noticiasradioreflejos.com.ar\/2021\/#\/schema\/person\/ad82545263dcc5ec0996818884fd5fb1\"},\"breadcrumb\":{\"@id\":\"https:\/\/www.noticiasradioreflejos.com.ar\/2021\/detalles-de-la-persecucion-detencion-y-botin-secuestrado-esta-manana-por-la-policia-de-sierra-de-la-ventana\/#breadcrumb\"},\"inLanguage\":\"es\",\"potentialAction\":[{\"@type\":\"ReadAction\",\"target\":[\"https:\/\/www.noticiasradioreflejos.com.ar\/2021\/detalles-de-la-persecucion-detencion-y-botin-secuestrado-esta-manana-por-la-policia-de-sierra-de-la-ventana\/\"]}]},{\"@type\":\"ImageObject\",\"inLanguage\":\"es\",\"@id\":\"https:\/\/www.noticiasradioreflejos.com.ar\/2021\/detalles-de-la-persecucion-detencion-y-botin-secuestrado-esta-manana-por-la-policia-de-sierra-de-la-ventana\/#primaryimage\",\"url\":\"https:\/\/live.staticflickr.com\/65535\/51861206677_26912f9d4b_z.jpg\",\"contentUrl\":\"https:\/\/live.staticflickr.com\/65535\/51861206677_26912f9d4b_z.jpg\"},{\"@type\":\"BreadcrumbList\",\"@id\":\"https:\/\/www.noticiasradioreflejos.com.ar\/2021\/detalles-de-la-persecucion-detencion-y-botin-secuestrado-esta-manana-por-la-policia-de-sierra-de-la-ventana\/#breadcrumb\",\"itemListElement\":[{\"@type\":\"ListItem\",\"position\":1,\"name\":\"Portada\",\"item\":\"https:\/\/www.noticiasradioreflejos.com.ar\/2021\/\"},{\"@type\":\"ListItem\",\"position\":2,\"name\":\"Detalles de la persecuci\u00f3n, detenci\u00f3n y bot\u00edn secuestrado esta ma\u00f1ana por la polic\u00eda de Sierra de la Ventana. .\"}]},{\"@type\":\"WebSite\",\"@id\":\"https:\/\/www.noticiasradioreflejos.com.ar\/2021\/#website\",\"url\":\"https:\/\/www.noticiasradioreflejos.com.ar\/2021\/\",\"name\":\"Noticias Radio Reflejos\",\"description\":\"Las noticias de mi comarca\",\"potentialAction\":[{\"@type\":\"SearchAction\",\"target\":{\"@type\":\"EntryPoint\",\"urlTemplate\":\"https:\/\/www.noticiasradioreflejos.com.ar\/2021\/?s={search_term_string}\"},\"query-input\":{\"@type\":\"PropertyValueSpecification\",\"valueRequired\":true,\"valueName\":\"search_term_string\"}}],\"inLanguage\":\"es\"},{\"@type\":\"Person\",\"@id\":\"https:\/\/www.noticiasradioreflejos.com.ar\/2021\/#\/schema\/person\/ad82545263dcc5ec0996818884fd5fb1\",\"name\":\"Arnaldo Botto\",\"image\":{\"@type\":\"ImageObject\",\"inLanguage\":\"es\",\"@id\":\"https:\/\/www.noticiasradioreflejos.com.ar\/2021\/#\/schema\/person\/image\/\",\"url\":\"https:\/\/secure.gravatar.com\/avatar\/55cb5e37c1efa326397366e6974cb338056df65cb50e7d64d1cf314e87504837?s=96&d=mm&r=g\",\"contentUrl\":\"https:\/\/secure.gravatar.com\/avatar\/55cb5e37c1efa326397366e6974cb338056df65cb50e7d64d1cf314e87504837?s=96&d=mm&r=g\",\"caption\":\"Arnaldo Botto\"},\"url\":\"https:\/\/www.noticiasradioreflejos.com.ar\/2021\/author\/arnaldo\/\"}]}<\/script>\n<!-- \/ Yoast SEO plugin. -->","yoast_head_json":{"title":"Detalles de la persecuci\u00f3n, detenci\u00f3n y bot\u00edn secuestrado esta ma\u00f1ana por la polic\u00eda de Sierra de la Ventana. . - Noticias Radio Reflejos","robots":{"index":"index","follow":"follow","max-snippet":"max-snippet:-1","max-image-preview":"max-image-preview:large","max-video-preview":"max-video-preview:-1"},"canonical":"https:\/\/www.noticiasradioreflejos.com.ar\/2021\/detalles-de-la-persecucion-detencion-y-botin-secuestrado-esta-manana-por-la-policia-de-sierra-de-la-ventana\/","og_locale":"es_ES","og_type":"article","og_title":"Detalles de la persecuci\u00f3n, detenci\u00f3n y bot\u00edn secuestrado esta ma\u00f1ana por la polic\u00eda de Sierra de la Ventana. . - Noticias Radio Reflejos","og_description":"Durante nuestro programa radial, entrevistamos al jefe de la Subestaci\u00f3n de la Polic\u00eda Comunal de Sierra de la Ventana, para informarnos acerca de un hecho poco usual que fue primicia esta ma\u00f1ana.","og_url":"https:\/\/www.noticiasradioreflejos.com.ar\/2021\/detalles-de-la-persecucion-detencion-y-botin-secuestrado-esta-manana-por-la-policia-de-sierra-de-la-ventana\/","og_site_name":"Noticias Radio Reflejos","article_published_time":"2022-02-04T20:18:13+00:00","og_image":[{"url":"https:\/\/live.staticflickr.com\/65535\/51861206677_26912f9d4b_z.jpg","type":"","width":"","height":""}],"author":"Arnaldo Botto","twitter_card":"summary_large_image","schema":{"@context":"https:\/\/schema.org","@graph":[{"@type":"WebPage","@id":"https:\/\/www.noticiasradioreflejos.com.ar\/2021\/detalles-de-la-persecucion-detencion-y-botin-secuestrado-esta-manana-por-la-policia-de-sierra-de-la-ventana\/","url":"https:\/\/www.noticiasradioreflejos.com.ar\/2021\/detalles-de-la-persecucion-detencion-y-botin-secuestrado-esta-manana-por-la-policia-de-sierra-de-la-ventana\/","name":"Detalles de la persecuci\u00f3n, detenci\u00f3n y bot\u00edn secuestrado esta ma\u00f1ana por la polic\u00eda de Sierra de la Ventana. . - Noticias Radio Reflejos","isPartOf":{"@id":"https:\/\/www.noticiasradioreflejos.com.ar\/2021\/#website"},"primaryImageOfPage":{"@id":"https:\/\/www.noticiasradioreflejos.com.ar\/2021\/detalles-de-la-persecucion-detencion-y-botin-secuestrado-esta-manana-por-la-policia-de-sierra-de-la-ventana\/#primaryimage"},"image":{"@id":"https:\/\/www.noticiasradioreflejos.com.ar\/2021\/detalles-de-la-persecucion-detencion-y-botin-secuestrado-esta-manana-por-la-policia-de-sierra-de-la-ventana\/#primaryimage"},"thumbnailUrl":"https:\/\/live.staticflickr.com\/65535\/51861206677_26912f9d4b_z.jpg","datePublished":"2022-02-04T20:18:13+00:00","author":{"@id":"https:\/\/www.noticiasradioreflejos.com.ar\/2021\/#\/schema\/person\/ad82545263dcc5ec0996818884fd5fb1"},"breadcrumb":{"@id":"https:\/\/www.noticiasradioreflejos.com.ar\/2021\/detalles-de-la-persecucion-detencion-y-botin-secuestrado-esta-manana-por-la-policia-de-sierra-de-la-ventana\/#breadcrumb"},"inLanguage":"es","potentialAction":[{"@type":"ReadAction","target":["https:\/\/www.noticiasradioreflejos.com.ar\/2021\/detalles-de-la-persecucion-detencion-y-botin-secuestrado-esta-manana-por-la-policia-de-sierra-de-la-ventana\/"]}]},{"@type":"ImageObject","inLanguage":"es","@id":"https:\/\/www.noticiasradioreflejos.com.ar\/2021\/detalles-de-la-persecucion-detencion-y-botin-secuestrado-esta-manana-por-la-policia-de-sierra-de-la-ventana\/#primaryimage","url":"https:\/\/live.staticflickr.com\/65535\/51861206677_26912f9d4b_z.jpg","contentUrl":"https:\/\/live.staticflickr.com\/65535\/51861206677_26912f9d4b_z.jpg"},{"@type":"BreadcrumbList","@id":"https:\/\/www.noticiasradioreflejos.com.ar\/2021\/detalles-de-la-persecucion-detencion-y-botin-secuestrado-esta-manana-por-la-policia-de-sierra-de-la-ventana\/#breadcrumb","itemListElement":[{"@type":"ListItem","position":1,"name":"Portada","item":"https:\/\/www.noticiasradioreflejos.com.ar\/2021\/"},{"@type":"ListItem","position":2,"name":"Detalles de la persecuci\u00f3n, detenci\u00f3n y bot\u00edn secuestrado esta ma\u00f1ana por la polic\u00eda de Sierra de la Ventana. ."}]},{"@type":"WebSite","@id":"https:\/\/www.noticiasradioreflejos.com.ar\/2021\/#website","url":"https:\/\/www.noticiasradioreflejos.com.ar\/2021\/","name":"Noticias Radio Reflejos","description":"Las noticias de mi comarca","potentialAction":[{"@type":"SearchAction","target":{"@type":"EntryPoint","urlTemplate":"https:\/\/www.noticiasradioreflejos.com.ar\/2021\/?s={search_term_string}"},"query-input":{"@type":"PropertyValueSpecification","valueRequired":true,"valueName":"search_term_string"}}],"inLanguage":"es"},{"@type":"Person","@id":"https:\/\/www.noticiasradioreflejos.com.ar\/2021\/#\/schema\/person\/ad82545263dcc5ec0996818884fd5fb1","name":"Arnaldo Botto","image":{"@type":"ImageObject","inLanguage":"es","@id":"https:\/\/www.noticiasradioreflejos.com.ar\/2021\/#\/schema\/person\/image\/","url":"https:\/\/secure.gravatar.com\/avatar\/55cb5e37c1efa326397366e6974cb338056df65cb50e7d64d1cf314e87504837?s=96&d=mm&r=g","contentUrl":"https:\/\/secure.gravatar.com\/avatar\/55cb5e37c1efa326397366e6974cb338056df65cb50e7d64d1cf314e87504837?s=96&d=mm&r=g","caption":"Arnaldo Botto"},"url":"https:\/\/www.noticiasradioreflejos.com.ar\/2021\/author\/arnaldo\/"}]}},"_links":{"self":[{"href":"https:\/\/www.noticiasradioreflejos.com.ar\/2021\/wp-json\/wp\/v2\/posts\/67929","targetHints":{"allow":["GET"]}}],"collection":[{"href":"https:\/\/www.noticiasradioreflejos.com.ar\/2021\/wp-json\/wp\/v2\/posts"}],"about":[{"href":"https:\/\/www.noticiasradioreflejos.com.ar\/2021\/wp-json\/wp\/v2\/types\/post"}],"author":[{"embeddable":true,"href":"https:\/\/www.noticiasradioreflejos.com.ar\/2021\/wp-json\/wp\/v2\/users\/3"}],"replies":[{"embeddable":true,"href":"https:\/\/www.noticiasradioreflejos.com.ar\/2021\/wp-json\/wp\/v2\/comments?post=67929"}],"version-history":[{"count":3,"href":"https:\/\/www.noticiasradioreflejos.com.ar\/2021\/wp-json\/wp\/v2\/posts\/67929\/revisions"}],"predecessor-version":[{"id":67933,"href":"https:\/\/www.noticiasradioreflejos.com.ar\/2021\/wp-json\/wp\/v2\/posts\/67929\/revisions\/67933"}],"wp:attachment":[{"href":"https:\/\/www.noticiasradioreflejos.com.ar\/2021\/wp-json\/wp\/v2\/media?parent=67929"}],"wp:term":[{"taxonomy":"category","embeddable":true,"href":"https:\/\/www.noticiasradioreflejos.com.ar\/2021\/wp-json\/wp\/v2\/categories?post=67929"},{"taxonomy":"post_tag","embeddable":true,"href":"https:\/\/www.noticiasradioreflejos.com.ar\/2021\/wp-json\/wp\/v2\/tags?post=67929"}],"curies":[{"name":"wp","href":"https:\/\/api.w.org\/{rel}","templated":true}]}}