{"id":67926,"date":"2022-02-04T16:36:06","date_gmt":"2022-02-04T16:36:06","guid":{"rendered":"http:\/\/www.noticiasradioreflejos.com.ar\/2021\/?p=67926"},"modified":"2022-02-04T16:36:06","modified_gmt":"2022-02-04T16:36:06","slug":"sierra-de-la-ventana-un-empleado-de-bomberos-agredio-y-trompeo-al-hijo-de-un-proveedor-en-las-piletas","status":"publish","type":"post","link":"https:\/\/www.noticiasradioreflejos.com.ar\/2021\/sierra-de-la-ventana-un-empleado-de-bomberos-agredio-y-trompeo-al-hijo-de-un-proveedor-en-las-piletas\/","title":{"rendered":"Sierra de la Ventana: Un empleado de Bomberos agredi\u00f3 y trompe\u00f3 al hijo de un proveedor en las piletas."},"content":{"rendered":"<p>Escribo este comunicado con mucha bronca e impotencia por c\u00f3mo se manej\u00f3 la <strong>comisi\u00f3n de bomberos voluntarios<\/strong> de nuestra localidad, defendiendo y amparando al agresor de mi hijo, sin tomar ninguna medida para que algo como lo que paso no se repita. Ahora voy narrar los hechos, ya que ellos publicaron un comunicado sin dar m\u00e1s detalles, minimizando el horrible momento por el que pasamos.<!--more--><br \/>\nEl primero de febrero est\u00e1bamos haciendo reparto de mercader\u00eda. Pasadas las tres de la tarde, nos dirigimos a las piletas municipales de nuestra localidad, para entregar el pedido al quiosco que opera en su predio.<\/p>\n<p>Mi hijo, Gustavo, es quien realizo la descarga y, cuando se estaba retirando, fue increpado sin motivo ni provocaci\u00f3n alguna por uno de sus empleados, <strong>MAURICIO MINOR<\/strong>, del que solo sabemos su nombre, ya que no tenemos relaci\u00f3n de ning\u00fan tipo con \u00e9l.<\/p>\n<p>Este se\u00f1or lo insulta y amenaza, con la excusa de que no lo hab\u00eda saludado al entrar, y que si se repet\u00eda lo iba a \u201ccagar a trompadas\u201d. Gustavo, desconcertado y sorprendido por la situaci\u00f3n, le responde dici\u00e9ndole que no es quien para hablarle as\u00ed, y que \u00e9l no le hab\u00eda hecho nada para merecerlo. En ese momento, este hombre lo golpea fuertemente en la cara, dej\u00e1ndole lesiones que tuvieron que ser atendidas en el hospital. Esto hace que Gustavo se vaya hacia el cami\u00f3n para resguardarse, junto a su compa\u00f1ero.<\/p>\n<p>Este hombre lo sigue, se sube al paragolpes, y contin\u00faa con los insultos y amenazas. Cuando yo me acerco para ver que estaba sucediendo, tambi\u00e9n recibo sus insultos y amenazas. En un momento le digo que iba a hacer la denuncia en la comisaria, y me responde diciendo que me iba a \u201ccagar a trompadas\u201d a m\u00ed tambi\u00e9n si lo hac\u00eda. Se me acerca para intimidarme, y yo, viendo lo violento y alterado que estaba este hombre, le digo a mi hijo que nos retiremos del lugar para llevarlo al m\u00e9dico. Probablemente hubiese recibido un golpe suyo de quedarme m\u00e1s tiempo. En el camino al hospital, Marcos, que estaba en el cami\u00f3n con Gustavo y trabaja con nosotros, me cuenta que este hombre ya lo hab\u00eda insultado en otra ocasi\u00f3n por \u201cno saludar\u201d.<\/p>\n<p>M\u00e1s tarde ese d\u00eda, hicimos la denuncia en la comisaria, y buscamos contactos para informar a la comisi\u00f3n de bomberos lo que hab\u00eda sucedi\u00f3, creyendo que ellos estar\u00edan tan sorprendidos y escandalizados como nosotros. A quien logre contactar me dijo que no estaba en Sierra y no sab\u00eda nada de lo que hab\u00eda pasado, por lo que no me pod\u00eda ayudar, pero que se iban a comunicar conmigo.<\/p>\n<p>A las horas me llama alguien de la comisi\u00f3n, me pide disculpas por lo que hab\u00eda sucedido, y me informa que toda la comisi\u00f3n de bomberos de Sierra de la Ventana se iba a juntar al d\u00eda siguiente para tomar una decisi\u00f3n al respecto.<br \/>\nCon mucha pena, recibo la noticia de que la \u00fanica decisi\u00f3n que tomaron fue publicar un comunicado penoso, donde no se aclaran bien los hechos, y no aplican sanci\u00f3n alguna contra este hombre. Lo m\u00ednimo que deber\u00edan hacer seria sacarlo de ese lugar, m\u00e1s teniendo en cuenta que es un empleado estatal, y que claramente no est\u00e1 capacitado para el puesto que ocupa.<\/p>\n<p>No puedo entender como minimizaron este hecho. Pero lo peor y m\u00e1s indignante es que en su comunicado hacen parecer que fue una ri\u00f1a entre dos partes, cuando nosotros ni siquiera sab\u00edamos qui\u00e9n era antes de lo que hizo.<br \/>\nMi familia trabaja hace muchos a\u00f1os en la localidad, realizando reparto de mercader\u00eda, y los que nos conoces saben que nunca tenemos problemas ni discusiones con nadie. Nunca hab\u00edamos tenido una situaci\u00f3n como esta en el pasado.<\/p>\n<p>Realmente estoy muy triste por perder la tranquilidad con la que solemos trabajar, pero m\u00e1s lo estoy por el sentimiento de que la comisi\u00f3n de bomberos de nuestra localidad nos dio la espalda, y protegi\u00f3 a uno de sus empleados a pesar de la violencia con la que se maneja. Realmente lamento tener que llegar a este punto, pero siento que la situaci\u00f3n tiene que esclarecerse.<\/p>\n<p>Como m\u00ednimo, que la comisi\u00f3n de bomberos realice un comunicado completo de la situaci\u00f3n, dando razones serias para tomar su decisi\u00f3n, m\u00e1s all\u00e1 de \u201cdemostrar arrepentimiento\u201d.<br \/>\nRealmente no le deseo a nadie vivir una situaci\u00f3n como esta, y espero sepan comprender la raz\u00f3n de esta publicaci\u00f3n, y mi tristeza e indignaci\u00f3n por lo sucedido.<\/p>\n<p>Que este hecho violento no opaque la maravillosa gente que tiene nuestra comarca, ni al cuerpo de bomberos que hacen un trabajo incre\u00edble, y nada tienen que ver con su comisi\u00f3n. Gracias por leer y compartir.<\/p>\n<p>&nbsp;<\/p>\n<p><strong>Sergio Brost DNI 21840008<\/strong><\/p>\n","protected":false},"excerpt":{"rendered":"<p>Escribo este comunicado con mucha bronca e impotencia por c\u00f3mo se manej\u00f3 la comisi\u00f3n de bomberos voluntarios de nuestra localidad, defendiendo y amparando al agresor de mi hijo, sin tomar ninguna medida para que algo como lo que paso no se repita. Ahora voy narrar los hechos, ya que ellos publicaron un comunicado sin dar [&hellip;]<\/p>\n","protected":false},"author":3,"featured_media":0,"comment_status":"closed","ping_status":"closed","sticky":false,"template":"","format":"standard","meta":{"footnotes":""},"categories":[29,26],"tags":[],"class_list":["post-67926","post","type-post","status-publish","format-standard","hentry","category-policiales","category-sociedad"],"yoast_head":"<!-- This site is optimized with the Yoast SEO plugin v25.9 - https:\/\/yoast.com\/wordpress\/plugins\/seo\/ -->\n<title>Sierra de la Ventana: Un empleado de Bomberos agredi\u00f3 y trompe\u00f3 al hijo de un proveedor en las piletas. - Noticias Radio Reflejos<\/title>\n<meta name=\"robots\" content=\"index, follow, max-snippet:-1, max-image-preview:large, max-video-preview:-1\" \/>\n<link rel=\"canonical\" href=\"https:\/\/www.noticiasradioreflejos.com.ar\/2021\/sierra-de-la-ventana-un-empleado-de-bomberos-agredio-y-trompeo-al-hijo-de-un-proveedor-en-las-piletas\/\" \/>\n<meta property=\"og:locale\" content=\"es_ES\" \/>\n<meta property=\"og:type\" content=\"article\" \/>\n<meta property=\"og:title\" content=\"Sierra de la Ventana: Un empleado de Bomberos agredi\u00f3 y trompe\u00f3 al hijo de un proveedor en las piletas. - Noticias Radio Reflejos\" \/>\n<meta property=\"og:description\" content=\"Escribo este comunicado con mucha bronca e impotencia por c\u00f3mo se manej\u00f3 la comisi\u00f3n de bomberos voluntarios de nuestra localidad, defendiendo y amparando al agresor de mi hijo, sin tomar ninguna medida para que algo como lo que paso no se repita. Ahora voy narrar los hechos, ya que ellos publicaron un comunicado sin dar [&hellip;]\" \/>\n<meta property=\"og:url\" content=\"https:\/\/www.noticiasradioreflejos.com.ar\/2021\/sierra-de-la-ventana-un-empleado-de-bomberos-agredio-y-trompeo-al-hijo-de-un-proveedor-en-las-piletas\/\" \/>\n<meta property=\"og:site_name\" content=\"Noticias Radio Reflejos\" \/>\n<meta property=\"article:published_time\" content=\"2022-02-04T16:36:06+00:00\" \/>\n<meta property=\"og:image\" content=\"https:\/\/www.noticiasradioreflejos.com.ar\/2021\/wp-content\/uploads\/2018\/04\/carta_lector_1.jpg\" \/>\n\t<meta property=\"og:image:width\" content=\"935\" \/>\n\t<meta property=\"og:image:height\" content=\"595\" \/>\n\t<meta property=\"og:image:type\" content=\"image\/jpeg\" \/>\n<meta name=\"author\" content=\"Arnaldo Botto\" \/>\n<meta name=\"twitter:card\" content=\"summary_large_image\" \/>\n<script type=\"application\/ld+json\" class=\"yoast-schema-graph\">{\"@context\":\"https:\/\/schema.org\",\"@graph\":[{\"@type\":\"WebPage\",\"@id\":\"https:\/\/www.noticiasradioreflejos.com.ar\/2021\/sierra-de-la-ventana-un-empleado-de-bomberos-agredio-y-trompeo-al-hijo-de-un-proveedor-en-las-piletas\/\",\"url\":\"https:\/\/www.noticiasradioreflejos.com.ar\/2021\/sierra-de-la-ventana-un-empleado-de-bomberos-agredio-y-trompeo-al-hijo-de-un-proveedor-en-las-piletas\/\",\"name\":\"Sierra de la Ventana: Un empleado de Bomberos agredi\u00f3 y trompe\u00f3 al hijo de un proveedor en las piletas. - Noticias Radio Reflejos\",\"isPartOf\":{\"@id\":\"https:\/\/www.noticiasradioreflejos.com.ar\/2021\/#website\"},\"datePublished\":\"2022-02-04T16:36:06+00:00\",\"author\":{\"@id\":\"https:\/\/www.noticiasradioreflejos.com.ar\/2021\/#\/schema\/person\/ad82545263dcc5ec0996818884fd5fb1\"},\"breadcrumb\":{\"@id\":\"https:\/\/www.noticiasradioreflejos.com.ar\/2021\/sierra-de-la-ventana-un-empleado-de-bomberos-agredio-y-trompeo-al-hijo-de-un-proveedor-en-las-piletas\/#breadcrumb\"},\"inLanguage\":\"es\",\"potentialAction\":[{\"@type\":\"ReadAction\",\"target\":[\"https:\/\/www.noticiasradioreflejos.com.ar\/2021\/sierra-de-la-ventana-un-empleado-de-bomberos-agredio-y-trompeo-al-hijo-de-un-proveedor-en-las-piletas\/\"]}]},{\"@type\":\"BreadcrumbList\",\"@id\":\"https:\/\/www.noticiasradioreflejos.com.ar\/2021\/sierra-de-la-ventana-un-empleado-de-bomberos-agredio-y-trompeo-al-hijo-de-un-proveedor-en-las-piletas\/#breadcrumb\",\"itemListElement\":[{\"@type\":\"ListItem\",\"position\":1,\"name\":\"Portada\",\"item\":\"https:\/\/www.noticiasradioreflejos.com.ar\/2021\/\"},{\"@type\":\"ListItem\",\"position\":2,\"name\":\"Sierra de la Ventana: Un empleado de Bomberos agredi\u00f3 y trompe\u00f3 al hijo de un proveedor en las piletas.\"}]},{\"@type\":\"WebSite\",\"@id\":\"https:\/\/www.noticiasradioreflejos.com.ar\/2021\/#website\",\"url\":\"https:\/\/www.noticiasradioreflejos.com.ar\/2021\/\",\"name\":\"Noticias Radio Reflejos\",\"description\":\"Las noticias de mi comarca\",\"potentialAction\":[{\"@type\":\"SearchAction\",\"target\":{\"@type\":\"EntryPoint\",\"urlTemplate\":\"https:\/\/www.noticiasradioreflejos.com.ar\/2021\/?s={search_term_string}\"},\"query-input\":{\"@type\":\"PropertyValueSpecification\",\"valueRequired\":true,\"valueName\":\"search_term_string\"}}],\"inLanguage\":\"es\"},{\"@type\":\"Person\",\"@id\":\"https:\/\/www.noticiasradioreflejos.com.ar\/2021\/#\/schema\/person\/ad82545263dcc5ec0996818884fd5fb1\",\"name\":\"Arnaldo Botto\",\"image\":{\"@type\":\"ImageObject\",\"inLanguage\":\"es\",\"@id\":\"https:\/\/www.noticiasradioreflejos.com.ar\/2021\/#\/schema\/person\/image\/\",\"url\":\"https:\/\/secure.gravatar.com\/avatar\/55cb5e37c1efa326397366e6974cb338056df65cb50e7d64d1cf314e87504837?s=96&d=mm&r=g\",\"contentUrl\":\"https:\/\/secure.gravatar.com\/avatar\/55cb5e37c1efa326397366e6974cb338056df65cb50e7d64d1cf314e87504837?s=96&d=mm&r=g\",\"caption\":\"Arnaldo Botto\"},\"url\":\"https:\/\/www.noticiasradioreflejos.com.ar\/2021\/author\/arnaldo\/\"}]}<\/script>\n<!-- \/ Yoast SEO plugin. -->","yoast_head_json":{"title":"Sierra de la Ventana: Un empleado de Bomberos agredi\u00f3 y trompe\u00f3 al hijo de un proveedor en las piletas. - Noticias Radio Reflejos","robots":{"index":"index","follow":"follow","max-snippet":"max-snippet:-1","max-image-preview":"max-image-preview:large","max-video-preview":"max-video-preview:-1"},"canonical":"https:\/\/www.noticiasradioreflejos.com.ar\/2021\/sierra-de-la-ventana-un-empleado-de-bomberos-agredio-y-trompeo-al-hijo-de-un-proveedor-en-las-piletas\/","og_locale":"es_ES","og_type":"article","og_title":"Sierra de la Ventana: Un empleado de Bomberos agredi\u00f3 y trompe\u00f3 al hijo de un proveedor en las piletas. - Noticias Radio Reflejos","og_description":"Escribo este comunicado con mucha bronca e impotencia por c\u00f3mo se manej\u00f3 la comisi\u00f3n de bomberos voluntarios de nuestra localidad, defendiendo y amparando al agresor de mi hijo, sin tomar ninguna medida para que algo como lo que paso no se repita. Ahora voy narrar los hechos, ya que ellos publicaron un comunicado sin dar [&hellip;]","og_url":"https:\/\/www.noticiasradioreflejos.com.ar\/2021\/sierra-de-la-ventana-un-empleado-de-bomberos-agredio-y-trompeo-al-hijo-de-un-proveedor-en-las-piletas\/","og_site_name":"Noticias Radio Reflejos","article_published_time":"2022-02-04T16:36:06+00:00","og_image":[{"width":935,"height":595,"url":"https:\/\/www.noticiasradioreflejos.com.ar\/2021\/wp-content\/uploads\/2018\/04\/carta_lector_1.jpg","type":"image\/jpeg"}],"author":"Arnaldo Botto","twitter_card":"summary_large_image","schema":{"@context":"https:\/\/schema.org","@graph":[{"@type":"WebPage","@id":"https:\/\/www.noticiasradioreflejos.com.ar\/2021\/sierra-de-la-ventana-un-empleado-de-bomberos-agredio-y-trompeo-al-hijo-de-un-proveedor-en-las-piletas\/","url":"https:\/\/www.noticiasradioreflejos.com.ar\/2021\/sierra-de-la-ventana-un-empleado-de-bomberos-agredio-y-trompeo-al-hijo-de-un-proveedor-en-las-piletas\/","name":"Sierra de la Ventana: Un empleado de Bomberos agredi\u00f3 y trompe\u00f3 al hijo de un proveedor en las piletas. - Noticias Radio Reflejos","isPartOf":{"@id":"https:\/\/www.noticiasradioreflejos.com.ar\/2021\/#website"},"datePublished":"2022-02-04T16:36:06+00:00","author":{"@id":"https:\/\/www.noticiasradioreflejos.com.ar\/2021\/#\/schema\/person\/ad82545263dcc5ec0996818884fd5fb1"},"breadcrumb":{"@id":"https:\/\/www.noticiasradioreflejos.com.ar\/2021\/sierra-de-la-ventana-un-empleado-de-bomberos-agredio-y-trompeo-al-hijo-de-un-proveedor-en-las-piletas\/#breadcrumb"},"inLanguage":"es","potentialAction":[{"@type":"ReadAction","target":["https:\/\/www.noticiasradioreflejos.com.ar\/2021\/sierra-de-la-ventana-un-empleado-de-bomberos-agredio-y-trompeo-al-hijo-de-un-proveedor-en-las-piletas\/"]}]},{"@type":"BreadcrumbList","@id":"https:\/\/www.noticiasradioreflejos.com.ar\/2021\/sierra-de-la-ventana-un-empleado-de-bomberos-agredio-y-trompeo-al-hijo-de-un-proveedor-en-las-piletas\/#breadcrumb","itemListElement":[{"@type":"ListItem","position":1,"name":"Portada","item":"https:\/\/www.noticiasradioreflejos.com.ar\/2021\/"},{"@type":"ListItem","position":2,"name":"Sierra de la Ventana: Un empleado de Bomberos agredi\u00f3 y trompe\u00f3 al hijo de un proveedor en las piletas."}]},{"@type":"WebSite","@id":"https:\/\/www.noticiasradioreflejos.com.ar\/2021\/#website","url":"https:\/\/www.noticiasradioreflejos.com.ar\/2021\/","name":"Noticias Radio Reflejos","description":"Las noticias de mi comarca","potentialAction":[{"@type":"SearchAction","target":{"@type":"EntryPoint","urlTemplate":"https:\/\/www.noticiasradioreflejos.com.ar\/2021\/?s={search_term_string}"},"query-input":{"@type":"PropertyValueSpecification","valueRequired":true,"valueName":"search_term_string"}}],"inLanguage":"es"},{"@type":"Person","@id":"https:\/\/www.noticiasradioreflejos.com.ar\/2021\/#\/schema\/person\/ad82545263dcc5ec0996818884fd5fb1","name":"Arnaldo Botto","image":{"@type":"ImageObject","inLanguage":"es","@id":"https:\/\/www.noticiasradioreflejos.com.ar\/2021\/#\/schema\/person\/image\/","url":"https:\/\/secure.gravatar.com\/avatar\/55cb5e37c1efa326397366e6974cb338056df65cb50e7d64d1cf314e87504837?s=96&d=mm&r=g","contentUrl":"https:\/\/secure.gravatar.com\/avatar\/55cb5e37c1efa326397366e6974cb338056df65cb50e7d64d1cf314e87504837?s=96&d=mm&r=g","caption":"Arnaldo Botto"},"url":"https:\/\/www.noticiasradioreflejos.com.ar\/2021\/author\/arnaldo\/"}]}},"_links":{"self":[{"href":"https:\/\/www.noticiasradioreflejos.com.ar\/2021\/wp-json\/wp\/v2\/posts\/67926","targetHints":{"allow":["GET"]}}],"collection":[{"href":"https:\/\/www.noticiasradioreflejos.com.ar\/2021\/wp-json\/wp\/v2\/posts"}],"about":[{"href":"https:\/\/www.noticiasradioreflejos.com.ar\/2021\/wp-json\/wp\/v2\/types\/post"}],"author":[{"embeddable":true,"href":"https:\/\/www.noticiasradioreflejos.com.ar\/2021\/wp-json\/wp\/v2\/users\/3"}],"replies":[{"embeddable":true,"href":"https:\/\/www.noticiasradioreflejos.com.ar\/2021\/wp-json\/wp\/v2\/comments?post=67926"}],"version-history":[{"count":1,"href":"https:\/\/www.noticiasradioreflejos.com.ar\/2021\/wp-json\/wp\/v2\/posts\/67926\/revisions"}],"predecessor-version":[{"id":67927,"href":"https:\/\/www.noticiasradioreflejos.com.ar\/2021\/wp-json\/wp\/v2\/posts\/67926\/revisions\/67927"}],"wp:attachment":[{"href":"https:\/\/www.noticiasradioreflejos.com.ar\/2021\/wp-json\/wp\/v2\/media?parent=67926"}],"wp:term":[{"taxonomy":"category","embeddable":true,"href":"https:\/\/www.noticiasradioreflejos.com.ar\/2021\/wp-json\/wp\/v2\/categories?post=67926"},{"taxonomy":"post_tag","embeddable":true,"href":"https:\/\/www.noticiasradioreflejos.com.ar\/2021\/wp-json\/wp\/v2\/tags?post=67926"}],"curies":[{"name":"wp","href":"https:\/\/api.w.org\/{rel}","templated":true}]}}