{"id":67923,"date":"2022-02-04T14:57:36","date_gmt":"2022-02-04T14:57:36","guid":{"rendered":"http:\/\/www.noticiasradioreflejos.com.ar\/2021\/?p=67923"},"modified":"2022-02-04T14:57:36","modified_gmt":"2022-02-04T14:57:36","slug":"casi-medio-centenar-de-ballenas-aparecieron-muertas-en-peninsula-valdes-durante-el-2021","status":"publish","type":"post","link":"https:\/\/www.noticiasradioreflejos.com.ar\/2021\/casi-medio-centenar-de-ballenas-aparecieron-muertas-en-peninsula-valdes-durante-el-2021\/","title":{"rendered":"Casi medio centenar de ballenas aparecieron muertas en Pen\u00ednsula Vald\u00e9s durante el 2021"},"content":{"rendered":"<p>Se registraron un total de 45 ballenas francas australes muertas el a\u00f1o pasado. La cantidad de decesos puede tener relaci\u00f3n con la presencia cada vez m\u00e1s creciente de ejemplares en la zona.<!--more--><\/p>\n<div>\n<div class=\"wrapper-editable-content\">\n<div>\n<div class=\"container-md\">\n<div class=\"row\">\n<div class=\"col-md-12 speak\">\n<div class=\"paragraph\">\n<figure class=\"mb-3\"><img decoding=\"async\" src=\"https:\/\/www.telam.com.ar\/thumbs\/bluesteel\/advf\/imagenes\/2021\/10\/615ccf143d6f7_900.jpg\" alt=\"El programa lleva registradas 855 ballenas muertas en Pennsula Valds\" width=\"100%\" height=\"100%\" \/><\/figure>\n<\/div>\n<\/div>\n<\/div>\n<\/div>\n<\/div>\n<\/div>\n<\/div>\n<div class=\"media-icons\"><\/div>\n<p>El programa lleva registradas 855 ballenas muertas en Pen\u00ednsula Vald\u00e9s.<\/p>\n<p>Un total de 45 ballenas aparecieron muertas en las costas de la Pen\u00ednsula Vald\u00e9s, en Chubut, a lo largo de 2021, seg\u00fan revel\u00f3 un informe del Instituto de Conservaci\u00f3n de Ballenas (ICB) que alert\u00f3 sobre el elevado n\u00famero de hembras adultas fallecidas.<\/p>\n<p><strong>Se trata de las conclusiones de una nueva edici\u00f3n del \u00abPrograma de Monitoreo Sanitario Ballena Franca Austral\u00bb, que detallan que \u00abcomo resultado de los relevamientos realizados y reportes recibidos, se registraron un total de 45 ballenas francas australes muertas en 2021 de las cuales, 25 fueron cr\u00edas nacidas en la temporada, 7 juveniles y 13 adultos\u00bb.<\/strong><\/p>\n<p>Para los investigadores, el dato de mayor relevancia ha sido el n\u00famero de adultos muertos (en su mayor\u00eda hembras) que fue el m\u00e1s alto en un a\u00f1o desde que se inici\u00f3 el monitoreo, en 2003.<\/p>\n<p>Al respecto, la cient\u00edfica Marcela Uhart, codirectora del Programa, reconoci\u00f3 que \u00abel dato llamativo es el alto n\u00famero de ballenas adultas muertas, 13 ejemplares, de los cuales 12 son hembras\u00bb.<\/p>\n<blockquote class=\"\"><p>El programa lleva registradas 855 ballenas muertas en Pen\u00ednsula Vald\u00e9s, lo que permiti\u00f3 contar con una base de datos y de muestras recolectadas de gran relevancia para el estudio de la especie<\/p><\/blockquote>\n<p><strong>La cantidad de decesos puede tener relaci\u00f3n con la presencia cada vez m\u00e1s creciente de ejemplares en la zona de influencia de pen\u00ednsula Vald\u00e9s, sobre el extremo noreste del Chubut, es decir que aumentan los decesos frente a una poblaci\u00f3n mayor.<\/strong><\/p>\n<p>Pero la preocupaci\u00f3n radica en que, al ser en su mayor\u00eda hembras las fallecidas, se est\u00e1 ante un fen\u00f3meno \u00abpoco habitual y at\u00edpico\u00bb que representa un gran desgaste porque el g\u00e9nero necesita de a\u00f1os de crecimiento y desarrollo para llegar a ser adultas reproductoras.<\/p>\n<p>\u00abAdem\u00e1s, la muerte de ballenas con cr\u00eda en lactancia muy probablemente cause la muerte de la cr\u00eda hu\u00e9rfana\u00bb, advierte la doctora Uhart.<\/p>\n<p><strong>En la publicaci\u00f3n, los investigadores resaltan que los eventos con un n\u00famero inusualmente alto de ballenas adultas muertas en un corto per\u00edodo de tiempo y en una misma \u00e1rea, pueden ser indicadores de variables ambientales locales que contribuyen a la muerte de las ballenas.<\/strong><\/p>\n<p>El otro dato llamativo es que \u00ablas ballenas adultas muertas en 2021 no presentaban evidencia de lesiones traum\u00e1ticas ni enmallamientos y se encontraban, durante su inspecci\u00f3n, en aparente buen estado nutricional\u00bb, asegur\u00f3 la m\u00e9dica veterinaria Agustina Donini, a cargo de los estudios post-mortem en el campo.<\/p>\n<blockquote class=\"\"><p>La informaci\u00f3n generada por el Programa de Monitoreo Sanitario Ballena Franca Austral es clave para conocer el estado de la poblaci\u00f3n y desarrollar pol\u00edticas que sean efectivas para su protecci\u00f3n<\/p><\/blockquote>\n<p>Las estad\u00edsticas se desprenden del Programa de Monitoreo Sanitario Ballena Franca Austral (PMSBFA) que se implementa desde el 2003 y estudia cada cad\u00e1ver divisado en las costas de Pen\u00ednsula Vald\u00e9s y alrededores, a los que se les realiza la necropsia y se les extraen muestras biom\u00e9dicas para aprender sobre la salud de la especie.<\/p>\n<p>\u00abLa finalidad es conocer las causas de mortalidad e identificar potenciales amenazas, tanto naturales como de origen humano\u00bb se explica desde el instituto para valorar la importancia del PMSBFA.<\/p>\n<p><strong>El Programa es un esfuerzo colaborativo entre el Instituto de Conservaci\u00f3n de Ballenas, Ocean Alliance, Wildlife Conservation Society, Fundaci\u00f3n Patagonia Natural y las universidades de California, Davis, y Utah.<\/strong><\/p>\n<p>Desde 2003, el programa lleva registradas 855 ballenas muertas en Pen\u00ednsula Vald\u00e9s, lo que permiti\u00f3 contar con una base de datos y de muestras recolectadas de gran relevancia para el estudio de la especie.<\/p>\n<figure class=\"mb-3\"><img decoding=\"async\" src=\"https:\/\/www.telam.com.ar\/thumbs\/bluesteel\/advf\/imagenes\/editadas\/617fe9d0698a7_900.jpg\" alt=\"Cada ao miles de ballenas llegan a la Pennsula Valds\" width=\"100%\" height=\"100%\" \/><\/p>\n<div class=\"media-icons\"><\/div><figcaption>Cada a\u00f1o, miles de ballenas llegan a la Pen\u00ednsula Vald\u00e9s.<\/figcaption><\/figure>\n<p>Entre 2020 y 2021 se publicaron cinco art\u00edculos cient\u00edficos a partir de muestras y datos colectados por el Programa y se aport\u00f3 informaci\u00f3n relevante para el Plan de Manejo y Conservaci\u00f3n de la ballena franca del Atl\u00e1ntico Sudoccidental (CBI).<\/p>\n<p>As\u00ed lo explic\u00f3 el codirector del Programa Mariano Sironi, quien sostiene que \u00abgracias al trabajo sostenido de muchos voluntarios y colaboradores a lo largo de casi dos d\u00e9cadas, hemos aportado datos y hallazgos relevantes, como la ingesta de pl\u00e1sticos o el impacto de los ataques de gaviotas en la salud de las ballenas\u00bb.<\/p>\n<p><strong>Los investigadores agradecen \u00abel apoyo indispensable de una red de personas comprometidas como guardafaunas, pescadores, pobladores, prestadores tur\u00edsticos, capitanes, gu\u00edas de avistaje, operadores de buceo y turismo, navegantes, aviadores y tantos otros que cada a\u00f1o reportan la mayor\u00eda de los ejemplares varados\u00bb.<\/strong><\/p>\n<p>La informaci\u00f3n generada por el Programa de Monitoreo Sanitario Ballena Franca Austral es clave para conocer el estado de la poblaci\u00f3n y desarrollar pol\u00edticas que sean efectivas para la protecci\u00f3n de las ballenas y la conservaci\u00f3n de su h\u00e1bitat.<\/p>\n","protected":false},"excerpt":{"rendered":"<p>Se registraron un total de 45 ballenas francas australes muertas el a\u00f1o pasado. La cantidad de decesos puede tener relaci\u00f3n con la presencia cada vez m\u00e1s creciente de ejemplares en la zona.<\/p>\n","protected":false},"author":3,"featured_media":0,"comment_status":"closed","ping_status":"closed","sticky":false,"template":"","format":"standard","meta":{"footnotes":""},"categories":[46],"tags":[],"class_list":["post-67923","post","type-post","status-publish","format-standard","hentry","category-ciencia-y-tecnologia"],"yoast_head":"<!-- This site is optimized with the Yoast SEO plugin v25.9 - https:\/\/yoast.com\/wordpress\/plugins\/seo\/ -->\n<title>Casi medio centenar de ballenas aparecieron muertas en Pen\u00ednsula Vald\u00e9s durante el 2021 - Noticias Radio Reflejos<\/title>\n<meta name=\"robots\" content=\"index, follow, max-snippet:-1, max-image-preview:large, max-video-preview:-1\" \/>\n<link rel=\"canonical\" href=\"https:\/\/www.noticiasradioreflejos.com.ar\/2021\/casi-medio-centenar-de-ballenas-aparecieron-muertas-en-peninsula-valdes-durante-el-2021\/\" \/>\n<meta property=\"og:locale\" content=\"es_ES\" \/>\n<meta property=\"og:type\" content=\"article\" \/>\n<meta property=\"og:title\" content=\"Casi medio centenar de ballenas aparecieron muertas en Pen\u00ednsula Vald\u00e9s durante el 2021 - Noticias Radio Reflejos\" \/>\n<meta property=\"og:description\" content=\"Se registraron un total de 45 ballenas francas australes muertas el a\u00f1o pasado. La cantidad de decesos puede tener relaci\u00f3n con la presencia cada vez m\u00e1s creciente de ejemplares en la zona.\" \/>\n<meta property=\"og:url\" content=\"https:\/\/www.noticiasradioreflejos.com.ar\/2021\/casi-medio-centenar-de-ballenas-aparecieron-muertas-en-peninsula-valdes-durante-el-2021\/\" \/>\n<meta property=\"og:site_name\" content=\"Noticias Radio Reflejos\" \/>\n<meta property=\"article:published_time\" content=\"2022-02-04T14:57:36+00:00\" \/>\n<meta property=\"og:image\" content=\"https:\/\/www.telam.com.ar\/thumbs\/bluesteel\/advf\/imagenes\/2021\/10\/615ccf143d6f7_900.jpg\" \/>\n<meta name=\"author\" content=\"Arnaldo Botto\" \/>\n<meta name=\"twitter:card\" content=\"summary_large_image\" \/>\n<script type=\"application\/ld+json\" class=\"yoast-schema-graph\">{\"@context\":\"https:\/\/schema.org\",\"@graph\":[{\"@type\":\"WebPage\",\"@id\":\"https:\/\/www.noticiasradioreflejos.com.ar\/2021\/casi-medio-centenar-de-ballenas-aparecieron-muertas-en-peninsula-valdes-durante-el-2021\/\",\"url\":\"https:\/\/www.noticiasradioreflejos.com.ar\/2021\/casi-medio-centenar-de-ballenas-aparecieron-muertas-en-peninsula-valdes-durante-el-2021\/\",\"name\":\"Casi medio centenar de ballenas aparecieron muertas en Pen\u00ednsula Vald\u00e9s durante el 2021 - Noticias Radio Reflejos\",\"isPartOf\":{\"@id\":\"https:\/\/www.noticiasradioreflejos.com.ar\/2021\/#website\"},\"primaryImageOfPage\":{\"@id\":\"https:\/\/www.noticiasradioreflejos.com.ar\/2021\/casi-medio-centenar-de-ballenas-aparecieron-muertas-en-peninsula-valdes-durante-el-2021\/#primaryimage\"},\"image\":{\"@id\":\"https:\/\/www.noticiasradioreflejos.com.ar\/2021\/casi-medio-centenar-de-ballenas-aparecieron-muertas-en-peninsula-valdes-durante-el-2021\/#primaryimage\"},\"thumbnailUrl\":\"https:\/\/www.telam.com.ar\/thumbs\/bluesteel\/advf\/imagenes\/2021\/10\/615ccf143d6f7_900.jpg\",\"datePublished\":\"2022-02-04T14:57:36+00:00\",\"author\":{\"@id\":\"https:\/\/www.noticiasradioreflejos.com.ar\/2021\/#\/schema\/person\/ad82545263dcc5ec0996818884fd5fb1\"},\"breadcrumb\":{\"@id\":\"https:\/\/www.noticiasradioreflejos.com.ar\/2021\/casi-medio-centenar-de-ballenas-aparecieron-muertas-en-peninsula-valdes-durante-el-2021\/#breadcrumb\"},\"inLanguage\":\"es\",\"potentialAction\":[{\"@type\":\"ReadAction\",\"target\":[\"https:\/\/www.noticiasradioreflejos.com.ar\/2021\/casi-medio-centenar-de-ballenas-aparecieron-muertas-en-peninsula-valdes-durante-el-2021\/\"]}]},{\"@type\":\"ImageObject\",\"inLanguage\":\"es\",\"@id\":\"https:\/\/www.noticiasradioreflejos.com.ar\/2021\/casi-medio-centenar-de-ballenas-aparecieron-muertas-en-peninsula-valdes-durante-el-2021\/#primaryimage\",\"url\":\"https:\/\/www.telam.com.ar\/thumbs\/bluesteel\/advf\/imagenes\/2021\/10\/615ccf143d6f7_900.jpg\",\"contentUrl\":\"https:\/\/www.telam.com.ar\/thumbs\/bluesteel\/advf\/imagenes\/2021\/10\/615ccf143d6f7_900.jpg\"},{\"@type\":\"BreadcrumbList\",\"@id\":\"https:\/\/www.noticiasradioreflejos.com.ar\/2021\/casi-medio-centenar-de-ballenas-aparecieron-muertas-en-peninsula-valdes-durante-el-2021\/#breadcrumb\",\"itemListElement\":[{\"@type\":\"ListItem\",\"position\":1,\"name\":\"Portada\",\"item\":\"https:\/\/www.noticiasradioreflejos.com.ar\/2021\/\"},{\"@type\":\"ListItem\",\"position\":2,\"name\":\"Casi medio centenar de ballenas aparecieron muertas en Pen\u00ednsula Vald\u00e9s durante el 2021\"}]},{\"@type\":\"WebSite\",\"@id\":\"https:\/\/www.noticiasradioreflejos.com.ar\/2021\/#website\",\"url\":\"https:\/\/www.noticiasradioreflejos.com.ar\/2021\/\",\"name\":\"Noticias Radio Reflejos\",\"description\":\"Las noticias de mi comarca\",\"potentialAction\":[{\"@type\":\"SearchAction\",\"target\":{\"@type\":\"EntryPoint\",\"urlTemplate\":\"https:\/\/www.noticiasradioreflejos.com.ar\/2021\/?s={search_term_string}\"},\"query-input\":{\"@type\":\"PropertyValueSpecification\",\"valueRequired\":true,\"valueName\":\"search_term_string\"}}],\"inLanguage\":\"es\"},{\"@type\":\"Person\",\"@id\":\"https:\/\/www.noticiasradioreflejos.com.ar\/2021\/#\/schema\/person\/ad82545263dcc5ec0996818884fd5fb1\",\"name\":\"Arnaldo Botto\",\"image\":{\"@type\":\"ImageObject\",\"inLanguage\":\"es\",\"@id\":\"https:\/\/www.noticiasradioreflejos.com.ar\/2021\/#\/schema\/person\/image\/\",\"url\":\"https:\/\/secure.gravatar.com\/avatar\/55cb5e37c1efa326397366e6974cb338056df65cb50e7d64d1cf314e87504837?s=96&d=mm&r=g\",\"contentUrl\":\"https:\/\/secure.gravatar.com\/avatar\/55cb5e37c1efa326397366e6974cb338056df65cb50e7d64d1cf314e87504837?s=96&d=mm&r=g\",\"caption\":\"Arnaldo Botto\"},\"url\":\"https:\/\/www.noticiasradioreflejos.com.ar\/2021\/author\/arnaldo\/\"}]}<\/script>\n<!-- \/ Yoast SEO plugin. -->","yoast_head_json":{"title":"Casi medio centenar de ballenas aparecieron muertas en Pen\u00ednsula Vald\u00e9s durante el 2021 - Noticias Radio Reflejos","robots":{"index":"index","follow":"follow","max-snippet":"max-snippet:-1","max-image-preview":"max-image-preview:large","max-video-preview":"max-video-preview:-1"},"canonical":"https:\/\/www.noticiasradioreflejos.com.ar\/2021\/casi-medio-centenar-de-ballenas-aparecieron-muertas-en-peninsula-valdes-durante-el-2021\/","og_locale":"es_ES","og_type":"article","og_title":"Casi medio centenar de ballenas aparecieron muertas en Pen\u00ednsula Vald\u00e9s durante el 2021 - Noticias Radio Reflejos","og_description":"Se registraron un total de 45 ballenas francas australes muertas el a\u00f1o pasado. La cantidad de decesos puede tener relaci\u00f3n con la presencia cada vez m\u00e1s creciente de ejemplares en la zona.","og_url":"https:\/\/www.noticiasradioreflejos.com.ar\/2021\/casi-medio-centenar-de-ballenas-aparecieron-muertas-en-peninsula-valdes-durante-el-2021\/","og_site_name":"Noticias Radio Reflejos","article_published_time":"2022-02-04T14:57:36+00:00","og_image":[{"url":"https:\/\/www.telam.com.ar\/thumbs\/bluesteel\/advf\/imagenes\/2021\/10\/615ccf143d6f7_900.jpg","type":"","width":"","height":""}],"author":"Arnaldo Botto","twitter_card":"summary_large_image","schema":{"@context":"https:\/\/schema.org","@graph":[{"@type":"WebPage","@id":"https:\/\/www.noticiasradioreflejos.com.ar\/2021\/casi-medio-centenar-de-ballenas-aparecieron-muertas-en-peninsula-valdes-durante-el-2021\/","url":"https:\/\/www.noticiasradioreflejos.com.ar\/2021\/casi-medio-centenar-de-ballenas-aparecieron-muertas-en-peninsula-valdes-durante-el-2021\/","name":"Casi medio centenar de ballenas aparecieron muertas en Pen\u00ednsula Vald\u00e9s durante el 2021 - Noticias Radio Reflejos","isPartOf":{"@id":"https:\/\/www.noticiasradioreflejos.com.ar\/2021\/#website"},"primaryImageOfPage":{"@id":"https:\/\/www.noticiasradioreflejos.com.ar\/2021\/casi-medio-centenar-de-ballenas-aparecieron-muertas-en-peninsula-valdes-durante-el-2021\/#primaryimage"},"image":{"@id":"https:\/\/www.noticiasradioreflejos.com.ar\/2021\/casi-medio-centenar-de-ballenas-aparecieron-muertas-en-peninsula-valdes-durante-el-2021\/#primaryimage"},"thumbnailUrl":"https:\/\/www.telam.com.ar\/thumbs\/bluesteel\/advf\/imagenes\/2021\/10\/615ccf143d6f7_900.jpg","datePublished":"2022-02-04T14:57:36+00:00","author":{"@id":"https:\/\/www.noticiasradioreflejos.com.ar\/2021\/#\/schema\/person\/ad82545263dcc5ec0996818884fd5fb1"},"breadcrumb":{"@id":"https:\/\/www.noticiasradioreflejos.com.ar\/2021\/casi-medio-centenar-de-ballenas-aparecieron-muertas-en-peninsula-valdes-durante-el-2021\/#breadcrumb"},"inLanguage":"es","potentialAction":[{"@type":"ReadAction","target":["https:\/\/www.noticiasradioreflejos.com.ar\/2021\/casi-medio-centenar-de-ballenas-aparecieron-muertas-en-peninsula-valdes-durante-el-2021\/"]}]},{"@type":"ImageObject","inLanguage":"es","@id":"https:\/\/www.noticiasradioreflejos.com.ar\/2021\/casi-medio-centenar-de-ballenas-aparecieron-muertas-en-peninsula-valdes-durante-el-2021\/#primaryimage","url":"https:\/\/www.telam.com.ar\/thumbs\/bluesteel\/advf\/imagenes\/2021\/10\/615ccf143d6f7_900.jpg","contentUrl":"https:\/\/www.telam.com.ar\/thumbs\/bluesteel\/advf\/imagenes\/2021\/10\/615ccf143d6f7_900.jpg"},{"@type":"BreadcrumbList","@id":"https:\/\/www.noticiasradioreflejos.com.ar\/2021\/casi-medio-centenar-de-ballenas-aparecieron-muertas-en-peninsula-valdes-durante-el-2021\/#breadcrumb","itemListElement":[{"@type":"ListItem","position":1,"name":"Portada","item":"https:\/\/www.noticiasradioreflejos.com.ar\/2021\/"},{"@type":"ListItem","position":2,"name":"Casi medio centenar de ballenas aparecieron muertas en Pen\u00ednsula Vald\u00e9s durante el 2021"}]},{"@type":"WebSite","@id":"https:\/\/www.noticiasradioreflejos.com.ar\/2021\/#website","url":"https:\/\/www.noticiasradioreflejos.com.ar\/2021\/","name":"Noticias Radio Reflejos","description":"Las noticias de mi comarca","potentialAction":[{"@type":"SearchAction","target":{"@type":"EntryPoint","urlTemplate":"https:\/\/www.noticiasradioreflejos.com.ar\/2021\/?s={search_term_string}"},"query-input":{"@type":"PropertyValueSpecification","valueRequired":true,"valueName":"search_term_string"}}],"inLanguage":"es"},{"@type":"Person","@id":"https:\/\/www.noticiasradioreflejos.com.ar\/2021\/#\/schema\/person\/ad82545263dcc5ec0996818884fd5fb1","name":"Arnaldo Botto","image":{"@type":"ImageObject","inLanguage":"es","@id":"https:\/\/www.noticiasradioreflejos.com.ar\/2021\/#\/schema\/person\/image\/","url":"https:\/\/secure.gravatar.com\/avatar\/55cb5e37c1efa326397366e6974cb338056df65cb50e7d64d1cf314e87504837?s=96&d=mm&r=g","contentUrl":"https:\/\/secure.gravatar.com\/avatar\/55cb5e37c1efa326397366e6974cb338056df65cb50e7d64d1cf314e87504837?s=96&d=mm&r=g","caption":"Arnaldo Botto"},"url":"https:\/\/www.noticiasradioreflejos.com.ar\/2021\/author\/arnaldo\/"}]}},"_links":{"self":[{"href":"https:\/\/www.noticiasradioreflejos.com.ar\/2021\/wp-json\/wp\/v2\/posts\/67923","targetHints":{"allow":["GET"]}}],"collection":[{"href":"https:\/\/www.noticiasradioreflejos.com.ar\/2021\/wp-json\/wp\/v2\/posts"}],"about":[{"href":"https:\/\/www.noticiasradioreflejos.com.ar\/2021\/wp-json\/wp\/v2\/types\/post"}],"author":[{"embeddable":true,"href":"https:\/\/www.noticiasradioreflejos.com.ar\/2021\/wp-json\/wp\/v2\/users\/3"}],"replies":[{"embeddable":true,"href":"https:\/\/www.noticiasradioreflejos.com.ar\/2021\/wp-json\/wp\/v2\/comments?post=67923"}],"version-history":[{"count":1,"href":"https:\/\/www.noticiasradioreflejos.com.ar\/2021\/wp-json\/wp\/v2\/posts\/67923\/revisions"}],"predecessor-version":[{"id":67925,"href":"https:\/\/www.noticiasradioreflejos.com.ar\/2021\/wp-json\/wp\/v2\/posts\/67923\/revisions\/67925"}],"wp:attachment":[{"href":"https:\/\/www.noticiasradioreflejos.com.ar\/2021\/wp-json\/wp\/v2\/media?parent=67923"}],"wp:term":[{"taxonomy":"category","embeddable":true,"href":"https:\/\/www.noticiasradioreflejos.com.ar\/2021\/wp-json\/wp\/v2\/categories?post=67923"},{"taxonomy":"post_tag","embeddable":true,"href":"https:\/\/www.noticiasradioreflejos.com.ar\/2021\/wp-json\/wp\/v2\/tags?post=67923"}],"curies":[{"name":"wp","href":"https:\/\/api.w.org\/{rel}","templated":true}]}}