{"id":67887,"date":"2022-02-03T23:11:59","date_gmt":"2022-02-03T23:11:59","guid":{"rendered":"http:\/\/www.noticiasradioreflejos.com.ar\/2021\/?p=67887"},"modified":"2022-02-04T14:03:15","modified_gmt":"2022-02-04T14:03:15","slug":"encontraron-restos-oseos-humanos-de-unos-60-anos-de-antiguedad-en-carmen-de-patagones","status":"publish","type":"post","link":"https:\/\/www.noticiasradioreflejos.com.ar\/2021\/encontraron-restos-oseos-humanos-de-unos-60-anos-de-antiguedad-en-carmen-de-patagones\/","title":{"rendered":"Encontraron restos \u00f3seos humanos de unos 60 a\u00f1os de antig\u00fcedad en Carmen de Patagones"},"content":{"rendered":"<p>Por el momento el lugar permanece cerrado y con custodia policial, y explicaron que ser\u00edan entre 12 y 15 esqueletos que permanec\u00edan enterrados entre los 15 y 50 cent\u00edmetros de profundidad en uno de los lugares m\u00e1s m\u00edticos de Patagones.<\/p>\n<div class=\"paragraph\">\n<figure class=\"mb-3\"><img decoding=\"async\" src=\"https:\/\/www.telam.com.ar\/thumbs\/bluesteel\/advf\/imagenes\/2022\/02\/61f9916b98a95_900.jpg\" alt=\"Lugar del hallazgo Cerro de la caballada \" width=\"100%\" height=\"100%\" \/><\/p>\n<div class=\"media-icons\"><\/div><figcaption>Lugar del hallazgo: Cerro de la caballada.<\/figcaption><\/figure>\n<p>Restos \u00f3seos humanos de al menos 60 a\u00f1os de antig\u00fcedad fueron hallados enterrados en la zona del Cerro de la Caballada, en la localidad bonaerense de Carmen de Patagones, y aparecieron mientras se realizaba una excavaci\u00f3n para concretar obras en el lugar, informaron este martes fuentes policiales.<\/p>\n<p>Por el momento el lugar permanece cerrado y con custodia policial, y explicaron que ser\u00edan entre 12 y 15 esqueletos que permanec\u00edan enterrados entre los 15 y 50 cent\u00edmetros de profundidad en uno de los lugares m\u00e1s m\u00edticos de Patagones.<\/p>\n<p>Voceros de la Fiscal\u00eda de Instrucci\u00f3n N\u00b020 de Bah\u00eda Blanca indicaron a T\u00e9lam que \u00abla causa se desestim\u00f3 por ser restos arqueol\u00f3gicos\u00bb.<\/p>\n<blockquote class=\"\"><p>Sobre si podr\u00edan ser cuerpos de personas desaparecidas en los \u00faltimos a\u00f1os o d\u00e9cadas, desde la polic\u00eda local manifestaron no tener nada documentado al respecto<\/p><\/blockquote>\n<p>\u00abEn funci\u00f3n que se descart\u00f3 muertes recientes e indicios de criminalidad se dio intervenci\u00f3n al registro de piezas arqueol\u00f3gicas de Buenos Aires\u00bb, agregaron.<\/p>\n<p>\u00abAdem\u00e1s se descart\u00f3 la posibilidad de cr\u00edmenes de lesa humanidad, dado la antig\u00fcedad de los restos, ya que es el \u00fanico delito que a pesar del paso del tiempo hay que investigar\u00bb, precisaron las fuentes.<\/p>\n<p>Este martes, el titular de la Jefatura de Polic\u00eda Comunal de Patagones, Javier Gallardi, explic\u00f3 a la prensa que no tienen \u00abprecisiones, pero ser\u00edan m\u00e1s de diez cuerpos, que pueden pertenecer a la batalla del 7 de Marzo o algo parecido, por eso se espera la presencia de un arque\u00f3logo o un antrop\u00f3logo forense para que brinde precisiones\u00bb.<\/p>\n<blockquote class=\"\"><p>El Cerro de la Caballada -lugar del hallazgo- se ubica a dos kil\u00f3metros de Carmen de Patagones, sobre la margen izquierda del r\u00edo Negro, en la provincia de Buenos Aires<\/p><\/blockquote>\n<p>Sobre si podr\u00edan ser cuerpos de personas desaparecidas en los \u00faltimos a\u00f1os o d\u00e9cadas, expres\u00f3: \u00abNo tenemos nada documentado, por eso no podemos asegurarlo. Esto puede ser que se resuelva muy r\u00e1pido, que los restos sean observados por un paleont\u00f3logo, pero eso lo determinar\u00e1 la Justicia\u00bb.<\/p>\n<p>El Cerro de la Caballada se ubica a dos kil\u00f3metros de Carmen de Patagones, sobre la margen izquierda del r\u00edo Negro, en la provincia de Buenos Aires.<\/p>\n<p>En ese lugar se desarroll\u00f3 gran parte del Combate del 7 de Marzo contra las tropas brasile\u00f1as en el a\u00f1o 1827.<\/p>\n<\/div>\n","protected":false},"excerpt":{"rendered":"<p>Por el momento el lugar permanece cerrado y con custodia policial, y explicaron que ser\u00edan entre 12 y 15 esqueletos que permanec\u00edan enterrados entre los 15 y 50 cent\u00edmetros de profundidad en uno de los lugares m\u00e1s m\u00edticos de Patagones. Lugar del hallazgo: Cerro de la caballada. Restos \u00f3seos humanos de al menos 60 a\u00f1os [&hellip;]<\/p>\n","protected":false},"author":3,"featured_media":0,"comment_status":"closed","ping_status":"closed","sticky":false,"template":"","format":"standard","meta":{"footnotes":""},"categories":[24],"tags":[],"class_list":["post-67887","post","type-post","status-publish","format-standard","hentry","category-politica"],"yoast_head":"<!-- This site is optimized with the Yoast SEO plugin v25.9 - https:\/\/yoast.com\/wordpress\/plugins\/seo\/ -->\n<title>Encontraron restos \u00f3seos humanos de unos 60 a\u00f1os de antig\u00fcedad en Carmen de Patagones - Noticias Radio Reflejos<\/title>\n<meta name=\"robots\" content=\"index, follow, max-snippet:-1, max-image-preview:large, max-video-preview:-1\" \/>\n<link rel=\"canonical\" href=\"https:\/\/www.noticiasradioreflejos.com.ar\/2021\/encontraron-restos-oseos-humanos-de-unos-60-anos-de-antiguedad-en-carmen-de-patagones\/\" \/>\n<meta property=\"og:locale\" content=\"es_ES\" \/>\n<meta property=\"og:type\" content=\"article\" \/>\n<meta property=\"og:title\" content=\"Encontraron restos \u00f3seos humanos de unos 60 a\u00f1os de antig\u00fcedad en Carmen de Patagones - Noticias Radio Reflejos\" \/>\n<meta property=\"og:description\" content=\"Por el momento el lugar permanece cerrado y con custodia policial, y explicaron que ser\u00edan entre 12 y 15 esqueletos que permanec\u00edan enterrados entre los 15 y 50 cent\u00edmetros de profundidad en uno de los lugares m\u00e1s m\u00edticos de Patagones. Lugar del hallazgo: Cerro de la caballada. Restos \u00f3seos humanos de al menos 60 a\u00f1os [&hellip;]\" \/>\n<meta property=\"og:url\" content=\"https:\/\/www.noticiasradioreflejos.com.ar\/2021\/encontraron-restos-oseos-humanos-de-unos-60-anos-de-antiguedad-en-carmen-de-patagones\/\" \/>\n<meta property=\"og:site_name\" content=\"Noticias Radio Reflejos\" \/>\n<meta property=\"article:published_time\" content=\"2022-02-03T23:11:59+00:00\" \/>\n<meta property=\"article:modified_time\" content=\"2022-02-04T14:03:15+00:00\" \/>\n<meta property=\"og:image\" content=\"https:\/\/www.telam.com.ar\/thumbs\/bluesteel\/advf\/imagenes\/2022\/02\/61f9916b98a95_900.jpg\" \/>\n<meta name=\"author\" content=\"Arnaldo Botto\" \/>\n<meta name=\"twitter:card\" content=\"summary_large_image\" \/>\n<script type=\"application\/ld+json\" class=\"yoast-schema-graph\">{\"@context\":\"https:\/\/schema.org\",\"@graph\":[{\"@type\":\"WebPage\",\"@id\":\"https:\/\/www.noticiasradioreflejos.com.ar\/2021\/encontraron-restos-oseos-humanos-de-unos-60-anos-de-antiguedad-en-carmen-de-patagones\/\",\"url\":\"https:\/\/www.noticiasradioreflejos.com.ar\/2021\/encontraron-restos-oseos-humanos-de-unos-60-anos-de-antiguedad-en-carmen-de-patagones\/\",\"name\":\"Encontraron restos \u00f3seos humanos de unos 60 a\u00f1os de antig\u00fcedad en Carmen de Patagones - Noticias Radio Reflejos\",\"isPartOf\":{\"@id\":\"https:\/\/www.noticiasradioreflejos.com.ar\/2021\/#website\"},\"primaryImageOfPage\":{\"@id\":\"https:\/\/www.noticiasradioreflejos.com.ar\/2021\/encontraron-restos-oseos-humanos-de-unos-60-anos-de-antiguedad-en-carmen-de-patagones\/#primaryimage\"},\"image\":{\"@id\":\"https:\/\/www.noticiasradioreflejos.com.ar\/2021\/encontraron-restos-oseos-humanos-de-unos-60-anos-de-antiguedad-en-carmen-de-patagones\/#primaryimage\"},\"thumbnailUrl\":\"https:\/\/www.telam.com.ar\/thumbs\/bluesteel\/advf\/imagenes\/2022\/02\/61f9916b98a95_900.jpg\",\"datePublished\":\"2022-02-03T23:11:59+00:00\",\"dateModified\":\"2022-02-04T14:03:15+00:00\",\"author\":{\"@id\":\"https:\/\/www.noticiasradioreflejos.com.ar\/2021\/#\/schema\/person\/ad82545263dcc5ec0996818884fd5fb1\"},\"breadcrumb\":{\"@id\":\"https:\/\/www.noticiasradioreflejos.com.ar\/2021\/encontraron-restos-oseos-humanos-de-unos-60-anos-de-antiguedad-en-carmen-de-patagones\/#breadcrumb\"},\"inLanguage\":\"es\",\"potentialAction\":[{\"@type\":\"ReadAction\",\"target\":[\"https:\/\/www.noticiasradioreflejos.com.ar\/2021\/encontraron-restos-oseos-humanos-de-unos-60-anos-de-antiguedad-en-carmen-de-patagones\/\"]}]},{\"@type\":\"ImageObject\",\"inLanguage\":\"es\",\"@id\":\"https:\/\/www.noticiasradioreflejos.com.ar\/2021\/encontraron-restos-oseos-humanos-de-unos-60-anos-de-antiguedad-en-carmen-de-patagones\/#primaryimage\",\"url\":\"https:\/\/www.telam.com.ar\/thumbs\/bluesteel\/advf\/imagenes\/2022\/02\/61f9916b98a95_900.jpg\",\"contentUrl\":\"https:\/\/www.telam.com.ar\/thumbs\/bluesteel\/advf\/imagenes\/2022\/02\/61f9916b98a95_900.jpg\"},{\"@type\":\"BreadcrumbList\",\"@id\":\"https:\/\/www.noticiasradioreflejos.com.ar\/2021\/encontraron-restos-oseos-humanos-de-unos-60-anos-de-antiguedad-en-carmen-de-patagones\/#breadcrumb\",\"itemListElement\":[{\"@type\":\"ListItem\",\"position\":1,\"name\":\"Portada\",\"item\":\"https:\/\/www.noticiasradioreflejos.com.ar\/2021\/\"},{\"@type\":\"ListItem\",\"position\":2,\"name\":\"Encontraron restos \u00f3seos humanos de unos 60 a\u00f1os de antig\u00fcedad en Carmen de Patagones\"}]},{\"@type\":\"WebSite\",\"@id\":\"https:\/\/www.noticiasradioreflejos.com.ar\/2021\/#website\",\"url\":\"https:\/\/www.noticiasradioreflejos.com.ar\/2021\/\",\"name\":\"Noticias Radio Reflejos\",\"description\":\"Las noticias de mi comarca\",\"potentialAction\":[{\"@type\":\"SearchAction\",\"target\":{\"@type\":\"EntryPoint\",\"urlTemplate\":\"https:\/\/www.noticiasradioreflejos.com.ar\/2021\/?s={search_term_string}\"},\"query-input\":{\"@type\":\"PropertyValueSpecification\",\"valueRequired\":true,\"valueName\":\"search_term_string\"}}],\"inLanguage\":\"es\"},{\"@type\":\"Person\",\"@id\":\"https:\/\/www.noticiasradioreflejos.com.ar\/2021\/#\/schema\/person\/ad82545263dcc5ec0996818884fd5fb1\",\"name\":\"Arnaldo Botto\",\"image\":{\"@type\":\"ImageObject\",\"inLanguage\":\"es\",\"@id\":\"https:\/\/www.noticiasradioreflejos.com.ar\/2021\/#\/schema\/person\/image\/\",\"url\":\"https:\/\/secure.gravatar.com\/avatar\/55cb5e37c1efa326397366e6974cb338056df65cb50e7d64d1cf314e87504837?s=96&d=mm&r=g\",\"contentUrl\":\"https:\/\/secure.gravatar.com\/avatar\/55cb5e37c1efa326397366e6974cb338056df65cb50e7d64d1cf314e87504837?s=96&d=mm&r=g\",\"caption\":\"Arnaldo Botto\"},\"url\":\"https:\/\/www.noticiasradioreflejos.com.ar\/2021\/author\/arnaldo\/\"}]}<\/script>\n<!-- \/ Yoast SEO plugin. -->","yoast_head_json":{"title":"Encontraron restos \u00f3seos humanos de unos 60 a\u00f1os de antig\u00fcedad en Carmen de Patagones - Noticias Radio Reflejos","robots":{"index":"index","follow":"follow","max-snippet":"max-snippet:-1","max-image-preview":"max-image-preview:large","max-video-preview":"max-video-preview:-1"},"canonical":"https:\/\/www.noticiasradioreflejos.com.ar\/2021\/encontraron-restos-oseos-humanos-de-unos-60-anos-de-antiguedad-en-carmen-de-patagones\/","og_locale":"es_ES","og_type":"article","og_title":"Encontraron restos \u00f3seos humanos de unos 60 a\u00f1os de antig\u00fcedad en Carmen de Patagones - Noticias Radio Reflejos","og_description":"Por el momento el lugar permanece cerrado y con custodia policial, y explicaron que ser\u00edan entre 12 y 15 esqueletos que permanec\u00edan enterrados entre los 15 y 50 cent\u00edmetros de profundidad en uno de los lugares m\u00e1s m\u00edticos de Patagones. Lugar del hallazgo: Cerro de la caballada. Restos \u00f3seos humanos de al menos 60 a\u00f1os [&hellip;]","og_url":"https:\/\/www.noticiasradioreflejos.com.ar\/2021\/encontraron-restos-oseos-humanos-de-unos-60-anos-de-antiguedad-en-carmen-de-patagones\/","og_site_name":"Noticias Radio Reflejos","article_published_time":"2022-02-03T23:11:59+00:00","article_modified_time":"2022-02-04T14:03:15+00:00","og_image":[{"url":"https:\/\/www.telam.com.ar\/thumbs\/bluesteel\/advf\/imagenes\/2022\/02\/61f9916b98a95_900.jpg","type":"","width":"","height":""}],"author":"Arnaldo Botto","twitter_card":"summary_large_image","schema":{"@context":"https:\/\/schema.org","@graph":[{"@type":"WebPage","@id":"https:\/\/www.noticiasradioreflejos.com.ar\/2021\/encontraron-restos-oseos-humanos-de-unos-60-anos-de-antiguedad-en-carmen-de-patagones\/","url":"https:\/\/www.noticiasradioreflejos.com.ar\/2021\/encontraron-restos-oseos-humanos-de-unos-60-anos-de-antiguedad-en-carmen-de-patagones\/","name":"Encontraron restos \u00f3seos humanos de unos 60 a\u00f1os de antig\u00fcedad en Carmen de Patagones - Noticias Radio Reflejos","isPartOf":{"@id":"https:\/\/www.noticiasradioreflejos.com.ar\/2021\/#website"},"primaryImageOfPage":{"@id":"https:\/\/www.noticiasradioreflejos.com.ar\/2021\/encontraron-restos-oseos-humanos-de-unos-60-anos-de-antiguedad-en-carmen-de-patagones\/#primaryimage"},"image":{"@id":"https:\/\/www.noticiasradioreflejos.com.ar\/2021\/encontraron-restos-oseos-humanos-de-unos-60-anos-de-antiguedad-en-carmen-de-patagones\/#primaryimage"},"thumbnailUrl":"https:\/\/www.telam.com.ar\/thumbs\/bluesteel\/advf\/imagenes\/2022\/02\/61f9916b98a95_900.jpg","datePublished":"2022-02-03T23:11:59+00:00","dateModified":"2022-02-04T14:03:15+00:00","author":{"@id":"https:\/\/www.noticiasradioreflejos.com.ar\/2021\/#\/schema\/person\/ad82545263dcc5ec0996818884fd5fb1"},"breadcrumb":{"@id":"https:\/\/www.noticiasradioreflejos.com.ar\/2021\/encontraron-restos-oseos-humanos-de-unos-60-anos-de-antiguedad-en-carmen-de-patagones\/#breadcrumb"},"inLanguage":"es","potentialAction":[{"@type":"ReadAction","target":["https:\/\/www.noticiasradioreflejos.com.ar\/2021\/encontraron-restos-oseos-humanos-de-unos-60-anos-de-antiguedad-en-carmen-de-patagones\/"]}]},{"@type":"ImageObject","inLanguage":"es","@id":"https:\/\/www.noticiasradioreflejos.com.ar\/2021\/encontraron-restos-oseos-humanos-de-unos-60-anos-de-antiguedad-en-carmen-de-patagones\/#primaryimage","url":"https:\/\/www.telam.com.ar\/thumbs\/bluesteel\/advf\/imagenes\/2022\/02\/61f9916b98a95_900.jpg","contentUrl":"https:\/\/www.telam.com.ar\/thumbs\/bluesteel\/advf\/imagenes\/2022\/02\/61f9916b98a95_900.jpg"},{"@type":"BreadcrumbList","@id":"https:\/\/www.noticiasradioreflejos.com.ar\/2021\/encontraron-restos-oseos-humanos-de-unos-60-anos-de-antiguedad-en-carmen-de-patagones\/#breadcrumb","itemListElement":[{"@type":"ListItem","position":1,"name":"Portada","item":"https:\/\/www.noticiasradioreflejos.com.ar\/2021\/"},{"@type":"ListItem","position":2,"name":"Encontraron restos \u00f3seos humanos de unos 60 a\u00f1os de antig\u00fcedad en Carmen de Patagones"}]},{"@type":"WebSite","@id":"https:\/\/www.noticiasradioreflejos.com.ar\/2021\/#website","url":"https:\/\/www.noticiasradioreflejos.com.ar\/2021\/","name":"Noticias Radio Reflejos","description":"Las noticias de mi comarca","potentialAction":[{"@type":"SearchAction","target":{"@type":"EntryPoint","urlTemplate":"https:\/\/www.noticiasradioreflejos.com.ar\/2021\/?s={search_term_string}"},"query-input":{"@type":"PropertyValueSpecification","valueRequired":true,"valueName":"search_term_string"}}],"inLanguage":"es"},{"@type":"Person","@id":"https:\/\/www.noticiasradioreflejos.com.ar\/2021\/#\/schema\/person\/ad82545263dcc5ec0996818884fd5fb1","name":"Arnaldo Botto","image":{"@type":"ImageObject","inLanguage":"es","@id":"https:\/\/www.noticiasradioreflejos.com.ar\/2021\/#\/schema\/person\/image\/","url":"https:\/\/secure.gravatar.com\/avatar\/55cb5e37c1efa326397366e6974cb338056df65cb50e7d64d1cf314e87504837?s=96&d=mm&r=g","contentUrl":"https:\/\/secure.gravatar.com\/avatar\/55cb5e37c1efa326397366e6974cb338056df65cb50e7d64d1cf314e87504837?s=96&d=mm&r=g","caption":"Arnaldo Botto"},"url":"https:\/\/www.noticiasradioreflejos.com.ar\/2021\/author\/arnaldo\/"}]}},"_links":{"self":[{"href":"https:\/\/www.noticiasradioreflejos.com.ar\/2021\/wp-json\/wp\/v2\/posts\/67887","targetHints":{"allow":["GET"]}}],"collection":[{"href":"https:\/\/www.noticiasradioreflejos.com.ar\/2021\/wp-json\/wp\/v2\/posts"}],"about":[{"href":"https:\/\/www.noticiasradioreflejos.com.ar\/2021\/wp-json\/wp\/v2\/types\/post"}],"author":[{"embeddable":true,"href":"https:\/\/www.noticiasradioreflejos.com.ar\/2021\/wp-json\/wp\/v2\/users\/3"}],"replies":[{"embeddable":true,"href":"https:\/\/www.noticiasradioreflejos.com.ar\/2021\/wp-json\/wp\/v2\/comments?post=67887"}],"version-history":[{"count":3,"href":"https:\/\/www.noticiasradioreflejos.com.ar\/2021\/wp-json\/wp\/v2\/posts\/67887\/revisions"}],"predecessor-version":[{"id":67916,"href":"https:\/\/www.noticiasradioreflejos.com.ar\/2021\/wp-json\/wp\/v2\/posts\/67887\/revisions\/67916"}],"wp:attachment":[{"href":"https:\/\/www.noticiasradioreflejos.com.ar\/2021\/wp-json\/wp\/v2\/media?parent=67887"}],"wp:term":[{"taxonomy":"category","embeddable":true,"href":"https:\/\/www.noticiasradioreflejos.com.ar\/2021\/wp-json\/wp\/v2\/categories?post=67887"},{"taxonomy":"post_tag","embeddable":true,"href":"https:\/\/www.noticiasradioreflejos.com.ar\/2021\/wp-json\/wp\/v2\/tags?post=67887"}],"curies":[{"name":"wp","href":"https:\/\/api.w.org\/{rel}","templated":true}]}}