{"id":67868,"date":"2022-02-03T20:45:09","date_gmt":"2022-02-03T20:45:09","guid":{"rendered":"http:\/\/www.noticiasradioreflejos.com.ar\/2021\/?p=67868"},"modified":"2022-02-03T20:45:09","modified_gmt":"2022-02-03T20:45:09","slug":"la-idea-es-estar-mucho-mas-cerca-de-los-afiliados","status":"publish","type":"post","link":"https:\/\/www.noticiasradioreflejos.com.ar\/2021\/la-idea-es-estar-mucho-mas-cerca-de-los-afiliados\/","title":{"rendered":"\u00abLa idea es estar mucho mas cerca de los afiliados\u00bb"},"content":{"rendered":"<p>Luciano se postula como Secretario General del Sindicato del Empleado Municipal por la lista verde para las elecciones del d\u00eda viernes 4. En la charla que mantuvimos durante el programa \u00abUn Mate y un Caf\u00e9\u00bb el sindicalista ratifica los reclamos y denuncias manifestadas hace dos d\u00edas durante la conferencia de prensa contra la lista opositora y explica de un pantallazo como ser\u00e1 la nueva gesti\u00f3n en caso de salir elegidos por los afiliados. <!--more--><\/p>\n<p>\u00abCon respecto al proceso electoral, se hicieron todos los caminos habilitados para hacer la denuncia. De todas maneras, el camino m\u00e1s f\u00e1cil era impugnar la lista por sentido com\u00fan. Pero no fue de esa manera, se decidi\u00f3 un corrimiento con respecto a la firma de esta afiliada\u00bb explic\u00f3 Luciano cu\u00e1l fue el camino que se tom\u00f3 a partir de la irregularidad en el proceso eleccionario que denunci\u00f3 Claudio Lencina unos d\u00edas atr\u00e1s.<\/p>\n<p>Cartuccia explic\u00f3 que se crey\u00f3 que se iba a realizar un dictamen antes de las elecciones, pero no se realiz\u00f3. \u00abDeben estar dictaminando a ver qu\u00e9 soluci\u00f3n toman. Si gana la lista celeste y blanca, hasta tanto no haya un dictamen, har\u00e1 posesi\u00f3n de cargo\u00bb.<\/p>\n<p>El postulado explic\u00f3 que habr\u00e1n dos urnas, una m\u00f3vil que recorrer\u00e1 Saldungaray, Sierra y Villa Ventana, que luego se trasladar\u00e1 a Tornquist para realizar el conteo de votos:<br \/>\nEn Saldungaray, la urna estar\u00e1 de 8 a 9 am en la delegaci\u00f3n municipal.<br \/>\nEn Sierra de la Ventana, la misma estar\u00e1 de 9:30 a 10:30 hs.<br \/>\nEn Villa Ventana, estar\u00e1 de 11 a 12hs.<br \/>\nEn Tornquist, la urna estar\u00e1 en el Honorable Concejo Deliberante de 8 a 13 hs.<\/p>\n<p>\u00abSe solicita asistir con documento en mano para tener derecho al voto, m\u00e1s que nada para constatar la identidad\u00bb record\u00f3.<\/p>\n<p>Actualmente, se encuentran 294 afiliados activos, de esos existen 272 con derecho a participar de las elecciones del d\u00eda viernes.<\/p>\n<p>\u00abYo de mi parte me quedo tranquilo de que cada vez que me han llamado, he solucionado las situaciones particulares cada vez que he tenido oportunidad. Lamentablemente, eso no se publica\u00bb hizo referencia el sindicalista a su trabajo en el sindicato.<\/p>\n<p>Tambi\u00e9n estuvo mencionando los objetivos que tiene la lista celeste y blanca para el sindicato. \u00abEn principio, el tema del salario, que lo venimos luchando hace much\u00edsimo, nunca llegamos al \u00edndice de inflaci\u00f3n.<\/p>\n<p>Nota completa a continuaci\u00f3n:<br \/>\n<iframe loading=\"lazy\" src=\"https:\/\/w.soundcloud.com\/player\/?url=https%3A\/\/api.soundcloud.com\/tracks\/1209082153&amp;color=%23ff5500&amp;auto_play=false&amp;hide_related=false&amp;show_comments=true&amp;show_user=true&amp;show_reposts=false&amp;show_teaser=true\" width=\"100%\" height=\"166\" frameborder=\"no\" scrolling=\"no\"><\/iframe><\/p>\n<div style=\"font-size: 10px; color: #cccccc; line-break: anywhere; word-break: normal; overflow: hidden; white-space: nowrap; text-overflow: ellipsis; font-family: Interstate,Lucida Grande,Lucida Sans Unicode,Lucida Sans,Garuda,Verdana,Tahoma,sans-serif; font-weight: 100;\"><a style=\"color: #cccccc; text-decoration: none;\" title=\"fmreflejos 103.7\" href=\"https:\/\/soundcloud.com\/fmreflejos-103-7\" target=\"_blank\" rel=\"noopener\">fmreflejos 103.7<\/a> \u00b7 <a style=\"color: #cccccc; text-decoration: none;\" title=\"Luciano Cartuccia\" href=\"https:\/\/soundcloud.com\/fmreflejos-103-7\/luciano-cartuccia\" target=\"_blank\" rel=\"noopener\">Luciano Cartuccia<\/a><\/div>\n<p><a data-flickr-embed=\"true\" href=\"https:\/\/www.flickr.com\/photos\/182279889@N02\/51858026129\/in\/dateposted-public\/\" title=\"LISTA-VERDE-1024x803\"><img loading=\"lazy\" decoding=\"async\" src=\"https:\/\/live.staticflickr.com\/65535\/51858026129_11be9ba3d9_z.jpg\" width=\"640\" height=\"502\" alt=\"LISTA-VERDE-1024x803\"><\/a><script async src=\"\/\/embedr.flickr.com\/assets\/client-code.js\" charset=\"utf-8\"><\/script><\/p>\n","protected":false},"excerpt":{"rendered":"<p>Luciano se postula como Secretario General del Sindicato del Empleado Municipal por la lista verde para las elecciones del d\u00eda viernes 4. En la charla que mantuvimos durante el programa \u00abUn Mate y un Caf\u00e9\u00bb el sindicalista ratifica los reclamos y denuncias manifestadas hace dos d\u00edas durante la conferencia de prensa contra la lista opositora [&hellip;]<\/p>\n","protected":false},"author":3,"featured_media":0,"comment_status":"closed","ping_status":"closed","sticky":false,"template":"","format":"standard","meta":{"footnotes":""},"categories":[24],"tags":[48],"class_list":["post-67868","post","type-post","status-publish","format-standard","hentry","category-politica","tag-destacada"],"yoast_head":"<!-- This site is optimized with the Yoast SEO plugin v25.9 - https:\/\/yoast.com\/wordpress\/plugins\/seo\/ -->\n<title>&quot;La idea es estar mucho mas cerca de los afiliados&quot; - Noticias Radio Reflejos<\/title>\n<meta name=\"robots\" content=\"index, follow, max-snippet:-1, max-image-preview:large, max-video-preview:-1\" \/>\n<link rel=\"canonical\" href=\"https:\/\/www.noticiasradioreflejos.com.ar\/2021\/la-idea-es-estar-mucho-mas-cerca-de-los-afiliados\/\" \/>\n<meta property=\"og:locale\" content=\"es_ES\" \/>\n<meta property=\"og:type\" content=\"article\" \/>\n<meta property=\"og:title\" content=\"&quot;La idea es estar mucho mas cerca de los afiliados&quot; - Noticias Radio Reflejos\" \/>\n<meta property=\"og:description\" content=\"Luciano se postula como Secretario General del Sindicato del Empleado Municipal por la lista verde para las elecciones del d\u00eda viernes 4. En la charla que mantuvimos durante el programa \u00abUn Mate y un Caf\u00e9\u00bb el sindicalista ratifica los reclamos y denuncias manifestadas hace dos d\u00edas durante la conferencia de prensa contra la lista opositora [&hellip;]\" \/>\n<meta property=\"og:url\" content=\"https:\/\/www.noticiasradioreflejos.com.ar\/2021\/la-idea-es-estar-mucho-mas-cerca-de-los-afiliados\/\" \/>\n<meta property=\"og:site_name\" content=\"Noticias Radio Reflejos\" \/>\n<meta property=\"article:published_time\" content=\"2022-02-03T20:45:09+00:00\" \/>\n<meta property=\"og:image\" content=\"https:\/\/live.staticflickr.com\/65535\/51858026129_11be9ba3d9_z.jpg\" \/>\n<meta name=\"author\" content=\"Arnaldo Botto\" \/>\n<meta name=\"twitter:card\" content=\"summary_large_image\" \/>\n<script type=\"application\/ld+json\" class=\"yoast-schema-graph\">{\"@context\":\"https:\/\/schema.org\",\"@graph\":[{\"@type\":\"WebPage\",\"@id\":\"https:\/\/www.noticiasradioreflejos.com.ar\/2021\/la-idea-es-estar-mucho-mas-cerca-de-los-afiliados\/\",\"url\":\"https:\/\/www.noticiasradioreflejos.com.ar\/2021\/la-idea-es-estar-mucho-mas-cerca-de-los-afiliados\/\",\"name\":\"\\\"La idea es estar mucho mas cerca de los afiliados\\\" - Noticias Radio Reflejos\",\"isPartOf\":{\"@id\":\"https:\/\/www.noticiasradioreflejos.com.ar\/2021\/#website\"},\"primaryImageOfPage\":{\"@id\":\"https:\/\/www.noticiasradioreflejos.com.ar\/2021\/la-idea-es-estar-mucho-mas-cerca-de-los-afiliados\/#primaryimage\"},\"image\":{\"@id\":\"https:\/\/www.noticiasradioreflejos.com.ar\/2021\/la-idea-es-estar-mucho-mas-cerca-de-los-afiliados\/#primaryimage\"},\"thumbnailUrl\":\"https:\/\/live.staticflickr.com\/65535\/51858026129_11be9ba3d9_z.jpg\",\"datePublished\":\"2022-02-03T20:45:09+00:00\",\"author\":{\"@id\":\"https:\/\/www.noticiasradioreflejos.com.ar\/2021\/#\/schema\/person\/ad82545263dcc5ec0996818884fd5fb1\"},\"breadcrumb\":{\"@id\":\"https:\/\/www.noticiasradioreflejos.com.ar\/2021\/la-idea-es-estar-mucho-mas-cerca-de-los-afiliados\/#breadcrumb\"},\"inLanguage\":\"es\",\"potentialAction\":[{\"@type\":\"ReadAction\",\"target\":[\"https:\/\/www.noticiasradioreflejos.com.ar\/2021\/la-idea-es-estar-mucho-mas-cerca-de-los-afiliados\/\"]}]},{\"@type\":\"ImageObject\",\"inLanguage\":\"es\",\"@id\":\"https:\/\/www.noticiasradioreflejos.com.ar\/2021\/la-idea-es-estar-mucho-mas-cerca-de-los-afiliados\/#primaryimage\",\"url\":\"https:\/\/live.staticflickr.com\/65535\/51858026129_11be9ba3d9_z.jpg\",\"contentUrl\":\"https:\/\/live.staticflickr.com\/65535\/51858026129_11be9ba3d9_z.jpg\"},{\"@type\":\"BreadcrumbList\",\"@id\":\"https:\/\/www.noticiasradioreflejos.com.ar\/2021\/la-idea-es-estar-mucho-mas-cerca-de-los-afiliados\/#breadcrumb\",\"itemListElement\":[{\"@type\":\"ListItem\",\"position\":1,\"name\":\"Portada\",\"item\":\"https:\/\/www.noticiasradioreflejos.com.ar\/2021\/\"},{\"@type\":\"ListItem\",\"position\":2,\"name\":\"\u00abLa idea es estar mucho mas cerca de los afiliados\u00bb\"}]},{\"@type\":\"WebSite\",\"@id\":\"https:\/\/www.noticiasradioreflejos.com.ar\/2021\/#website\",\"url\":\"https:\/\/www.noticiasradioreflejos.com.ar\/2021\/\",\"name\":\"Noticias Radio Reflejos\",\"description\":\"Las noticias de mi comarca\",\"potentialAction\":[{\"@type\":\"SearchAction\",\"target\":{\"@type\":\"EntryPoint\",\"urlTemplate\":\"https:\/\/www.noticiasradioreflejos.com.ar\/2021\/?s={search_term_string}\"},\"query-input\":{\"@type\":\"PropertyValueSpecification\",\"valueRequired\":true,\"valueName\":\"search_term_string\"}}],\"inLanguage\":\"es\"},{\"@type\":\"Person\",\"@id\":\"https:\/\/www.noticiasradioreflejos.com.ar\/2021\/#\/schema\/person\/ad82545263dcc5ec0996818884fd5fb1\",\"name\":\"Arnaldo Botto\",\"image\":{\"@type\":\"ImageObject\",\"inLanguage\":\"es\",\"@id\":\"https:\/\/www.noticiasradioreflejos.com.ar\/2021\/#\/schema\/person\/image\/\",\"url\":\"https:\/\/secure.gravatar.com\/avatar\/55cb5e37c1efa326397366e6974cb338056df65cb50e7d64d1cf314e87504837?s=96&d=mm&r=g\",\"contentUrl\":\"https:\/\/secure.gravatar.com\/avatar\/55cb5e37c1efa326397366e6974cb338056df65cb50e7d64d1cf314e87504837?s=96&d=mm&r=g\",\"caption\":\"Arnaldo Botto\"},\"url\":\"https:\/\/www.noticiasradioreflejos.com.ar\/2021\/author\/arnaldo\/\"}]}<\/script>\n<!-- \/ Yoast SEO plugin. -->","yoast_head_json":{"title":"\"La idea es estar mucho mas cerca de los afiliados\" - Noticias Radio Reflejos","robots":{"index":"index","follow":"follow","max-snippet":"max-snippet:-1","max-image-preview":"max-image-preview:large","max-video-preview":"max-video-preview:-1"},"canonical":"https:\/\/www.noticiasradioreflejos.com.ar\/2021\/la-idea-es-estar-mucho-mas-cerca-de-los-afiliados\/","og_locale":"es_ES","og_type":"article","og_title":"\"La idea es estar mucho mas cerca de los afiliados\" - Noticias Radio Reflejos","og_description":"Luciano se postula como Secretario General del Sindicato del Empleado Municipal por la lista verde para las elecciones del d\u00eda viernes 4. En la charla que mantuvimos durante el programa \u00abUn Mate y un Caf\u00e9\u00bb el sindicalista ratifica los reclamos y denuncias manifestadas hace dos d\u00edas durante la conferencia de prensa contra la lista opositora [&hellip;]","og_url":"https:\/\/www.noticiasradioreflejos.com.ar\/2021\/la-idea-es-estar-mucho-mas-cerca-de-los-afiliados\/","og_site_name":"Noticias Radio Reflejos","article_published_time":"2022-02-03T20:45:09+00:00","og_image":[{"url":"https:\/\/live.staticflickr.com\/65535\/51858026129_11be9ba3d9_z.jpg","type":"","width":"","height":""}],"author":"Arnaldo Botto","twitter_card":"summary_large_image","schema":{"@context":"https:\/\/schema.org","@graph":[{"@type":"WebPage","@id":"https:\/\/www.noticiasradioreflejos.com.ar\/2021\/la-idea-es-estar-mucho-mas-cerca-de-los-afiliados\/","url":"https:\/\/www.noticiasradioreflejos.com.ar\/2021\/la-idea-es-estar-mucho-mas-cerca-de-los-afiliados\/","name":"\"La idea es estar mucho mas cerca de los afiliados\" - Noticias Radio Reflejos","isPartOf":{"@id":"https:\/\/www.noticiasradioreflejos.com.ar\/2021\/#website"},"primaryImageOfPage":{"@id":"https:\/\/www.noticiasradioreflejos.com.ar\/2021\/la-idea-es-estar-mucho-mas-cerca-de-los-afiliados\/#primaryimage"},"image":{"@id":"https:\/\/www.noticiasradioreflejos.com.ar\/2021\/la-idea-es-estar-mucho-mas-cerca-de-los-afiliados\/#primaryimage"},"thumbnailUrl":"https:\/\/live.staticflickr.com\/65535\/51858026129_11be9ba3d9_z.jpg","datePublished":"2022-02-03T20:45:09+00:00","author":{"@id":"https:\/\/www.noticiasradioreflejos.com.ar\/2021\/#\/schema\/person\/ad82545263dcc5ec0996818884fd5fb1"},"breadcrumb":{"@id":"https:\/\/www.noticiasradioreflejos.com.ar\/2021\/la-idea-es-estar-mucho-mas-cerca-de-los-afiliados\/#breadcrumb"},"inLanguage":"es","potentialAction":[{"@type":"ReadAction","target":["https:\/\/www.noticiasradioreflejos.com.ar\/2021\/la-idea-es-estar-mucho-mas-cerca-de-los-afiliados\/"]}]},{"@type":"ImageObject","inLanguage":"es","@id":"https:\/\/www.noticiasradioreflejos.com.ar\/2021\/la-idea-es-estar-mucho-mas-cerca-de-los-afiliados\/#primaryimage","url":"https:\/\/live.staticflickr.com\/65535\/51858026129_11be9ba3d9_z.jpg","contentUrl":"https:\/\/live.staticflickr.com\/65535\/51858026129_11be9ba3d9_z.jpg"},{"@type":"BreadcrumbList","@id":"https:\/\/www.noticiasradioreflejos.com.ar\/2021\/la-idea-es-estar-mucho-mas-cerca-de-los-afiliados\/#breadcrumb","itemListElement":[{"@type":"ListItem","position":1,"name":"Portada","item":"https:\/\/www.noticiasradioreflejos.com.ar\/2021\/"},{"@type":"ListItem","position":2,"name":"\u00abLa idea es estar mucho mas cerca de los afiliados\u00bb"}]},{"@type":"WebSite","@id":"https:\/\/www.noticiasradioreflejos.com.ar\/2021\/#website","url":"https:\/\/www.noticiasradioreflejos.com.ar\/2021\/","name":"Noticias Radio Reflejos","description":"Las noticias de mi comarca","potentialAction":[{"@type":"SearchAction","target":{"@type":"EntryPoint","urlTemplate":"https:\/\/www.noticiasradioreflejos.com.ar\/2021\/?s={search_term_string}"},"query-input":{"@type":"PropertyValueSpecification","valueRequired":true,"valueName":"search_term_string"}}],"inLanguage":"es"},{"@type":"Person","@id":"https:\/\/www.noticiasradioreflejos.com.ar\/2021\/#\/schema\/person\/ad82545263dcc5ec0996818884fd5fb1","name":"Arnaldo Botto","image":{"@type":"ImageObject","inLanguage":"es","@id":"https:\/\/www.noticiasradioreflejos.com.ar\/2021\/#\/schema\/person\/image\/","url":"https:\/\/secure.gravatar.com\/avatar\/55cb5e37c1efa326397366e6974cb338056df65cb50e7d64d1cf314e87504837?s=96&d=mm&r=g","contentUrl":"https:\/\/secure.gravatar.com\/avatar\/55cb5e37c1efa326397366e6974cb338056df65cb50e7d64d1cf314e87504837?s=96&d=mm&r=g","caption":"Arnaldo Botto"},"url":"https:\/\/www.noticiasradioreflejos.com.ar\/2021\/author\/arnaldo\/"}]}},"_links":{"self":[{"href":"https:\/\/www.noticiasradioreflejos.com.ar\/2021\/wp-json\/wp\/v2\/posts\/67868","targetHints":{"allow":["GET"]}}],"collection":[{"href":"https:\/\/www.noticiasradioreflejos.com.ar\/2021\/wp-json\/wp\/v2\/posts"}],"about":[{"href":"https:\/\/www.noticiasradioreflejos.com.ar\/2021\/wp-json\/wp\/v2\/types\/post"}],"author":[{"embeddable":true,"href":"https:\/\/www.noticiasradioreflejos.com.ar\/2021\/wp-json\/wp\/v2\/users\/3"}],"replies":[{"embeddable":true,"href":"https:\/\/www.noticiasradioreflejos.com.ar\/2021\/wp-json\/wp\/v2\/comments?post=67868"}],"version-history":[{"count":3,"href":"https:\/\/www.noticiasradioreflejos.com.ar\/2021\/wp-json\/wp\/v2\/posts\/67868\/revisions"}],"predecessor-version":[{"id":67880,"href":"https:\/\/www.noticiasradioreflejos.com.ar\/2021\/wp-json\/wp\/v2\/posts\/67868\/revisions\/67880"}],"wp:attachment":[{"href":"https:\/\/www.noticiasradioreflejos.com.ar\/2021\/wp-json\/wp\/v2\/media?parent=67868"}],"wp:term":[{"taxonomy":"category","embeddable":true,"href":"https:\/\/www.noticiasradioreflejos.com.ar\/2021\/wp-json\/wp\/v2\/categories?post=67868"},{"taxonomy":"post_tag","embeddable":true,"href":"https:\/\/www.noticiasradioreflejos.com.ar\/2021\/wp-json\/wp\/v2\/tags?post=67868"}],"curies":[{"name":"wp","href":"https:\/\/api.w.org\/{rel}","templated":true}]}}