{"id":67866,"date":"2022-02-03T20:52:29","date_gmt":"2022-02-03T20:52:29","guid":{"rendered":"http:\/\/www.noticiasradioreflejos.com.ar\/2021\/?p=67866"},"modified":"2022-02-03T20:52:29","modified_gmt":"2022-02-03T20:52:29","slug":"villa-ventana-denuncian-por-maltrato-animal-a-vecinos-y-reclaman-acciones-al-municipio-y-la-justicia","status":"publish","type":"post","link":"https:\/\/www.noticiasradioreflejos.com.ar\/2021\/villa-ventana-denuncian-por-maltrato-animal-a-vecinos-y-reclaman-acciones-al-municipio-y-la-justicia\/","title":{"rendered":"Villa Ventana: Denuncian por maltrato animal a vecinos y reclaman acciones al municipio y la justicia."},"content":{"rendered":"<p>Defensora de las mascotas y presidenta de la Protectora Animal Villa Ventana, esta ma\u00f1ana hablamos con la vecina de la localidad serrana para informarnos sobre la obtenci\u00f3n de la personer\u00eda jur\u00eddica de la agrupaci\u00f3n protectora de animales y sobre las problem\u00e1ticas con las que siguen luchando hoy en d\u00eda.<!--more--><\/p>\n<p>\u00abHicimos un papeler\u00edo para tener personer\u00eda jur\u00eddica, &#8216;Protectora Animal Villa Ventana&#8217;. Ya lo tenemos, yo soy la presidenta\u00bb inform\u00f3 Gladys que concretaron la formalidad de la agrupaci\u00f3n protectora.<\/p>\n<p>\u00abLa poblaci\u00f3n cree que nosotras tenemos la obligaci\u00f3n, y estamos trabajando ad honorem\u00bb manifest\u00f3 Gladys sobre el imaginario social que existe en la villa sobre la protectora.<\/p>\n<p>Gladys sostiene que la poblaci\u00f3n que se est\u00e1 sumando a la comunidad no tiene educaci\u00f3n, y que muchos traen mascotas de gran porte, como lo son los perros pitbull, pero que los tienen atados con cortas cadenas sin soltarlos o, por lo contrario, est\u00e1n deambulando por toda la villa sin supervisi\u00f3n alguna.<\/p>\n<p>\u00abYo hago la denuncia ma\u00f1ana, pero la denuncia que yo hago ac\u00e1 en Villa Ventana va a llegar a fiscal\u00eda. Pero cuando mando las denuncias, me mandan en 15 d\u00edas &#8216;arch\u00edvese'\u00bb coment\u00f3 Gladys las pocas respuestas que recibe de quienes deber\u00edan solucionar la situaci\u00f3n. Gladys tambi\u00e9n opina que lo que falla es el sistema. \u00abTanto sea la fiscal\u00eda judicial como el municipio que no pone el cuerpo de inspectores que tiene que poner. Nos sentimos desamparados\u00bb sostuvo.<\/p>\n<p>Mientras tanto, la protectora sigue poniendo el hombro, donando alimento para aquellas familias que no pueden compr\u00e1rselas a sus mascotas y llevando a los animales a castrar y a asistencia con los veterinarios.<\/p>\n<p>&nbsp;<\/p>\n<p>Nota completa a continuaci\u00f3n:<br \/>\n<iframe loading=\"lazy\" src=\"https:\/\/w.soundcloud.com\/player\/?url=https%3A\/\/api.soundcloud.com\/tracks\/1209056533&amp;color=%23ff5500&amp;auto_play=false&amp;hide_related=false&amp;show_comments=true&amp;show_user=true&amp;show_reposts=false&amp;show_teaser=true\" width=\"100%\" height=\"166\" frameborder=\"no\" scrolling=\"no\"><\/iframe><\/p>\n<div style=\"font-size: 10px; color: #cccccc; line-break: anywhere; word-break: normal; overflow: hidden; white-space: nowrap; text-overflow: ellipsis; font-family: Interstate,Lucida Grande,Lucida Sans Unicode,Lucida Sans,Garuda,Verdana,Tahoma,sans-serif; font-weight: 100;\"><a style=\"color: #cccccc; text-decoration: none;\" title=\"fmreflejos 103.7\" href=\"https:\/\/soundcloud.com\/fmreflejos-103-7\" target=\"_blank\" rel=\"noopener\">fmreflejos 103.7<\/a> \u00b7 <a style=\"color: #cccccc; text-decoration: none;\" title=\"Gladis Contreras\" href=\"https:\/\/soundcloud.com\/fmreflejos-103-7\/gladis-contreras-4\" target=\"_blank\" rel=\"noopener\">Gladis Contreras<\/a><\/div>\n","protected":false},"excerpt":{"rendered":"<p>Defensora de las mascotas y presidenta de la Protectora Animal Villa Ventana, esta ma\u00f1ana hablamos con la vecina de la localidad serrana para informarnos sobre la obtenci\u00f3n de la personer\u00eda jur\u00eddica de la agrupaci\u00f3n protectora de animales y sobre las problem\u00e1ticas con las que siguen luchando hoy en d\u00eda.<\/p>\n","protected":false},"author":3,"featured_media":56891,"comment_status":"closed","ping_status":"closed","sticky":false,"template":"","format":"standard","meta":{"footnotes":""},"categories":[26],"tags":[48],"class_list":["post-67866","post","type-post","status-publish","format-standard","has-post-thumbnail","hentry","category-sociedad","tag-destacada"],"yoast_head":"<!-- This site is optimized with the Yoast SEO plugin v25.9 - https:\/\/yoast.com\/wordpress\/plugins\/seo\/ -->\n<title>Villa Ventana: Denuncian por maltrato animal a vecinos y reclaman acciones al municipio y la justicia. - Noticias Radio Reflejos<\/title>\n<meta name=\"robots\" content=\"index, follow, max-snippet:-1, max-image-preview:large, max-video-preview:-1\" \/>\n<link rel=\"canonical\" href=\"https:\/\/www.noticiasradioreflejos.com.ar\/2021\/villa-ventana-denuncian-por-maltrato-animal-a-vecinos-y-reclaman-acciones-al-municipio-y-la-justicia\/\" \/>\n<meta property=\"og:locale\" content=\"es_ES\" \/>\n<meta property=\"og:type\" content=\"article\" \/>\n<meta property=\"og:title\" content=\"Villa Ventana: Denuncian por maltrato animal a vecinos y reclaman acciones al municipio y la justicia. - Noticias Radio Reflejos\" \/>\n<meta property=\"og:description\" content=\"Defensora de las mascotas y presidenta de la Protectora Animal Villa Ventana, esta ma\u00f1ana hablamos con la vecina de la localidad serrana para informarnos sobre la obtenci\u00f3n de la personer\u00eda jur\u00eddica de la agrupaci\u00f3n protectora de animales y sobre las problem\u00e1ticas con las que siguen luchando hoy en d\u00eda.\" \/>\n<meta property=\"og:url\" content=\"https:\/\/www.noticiasradioreflejos.com.ar\/2021\/villa-ventana-denuncian-por-maltrato-animal-a-vecinos-y-reclaman-acciones-al-municipio-y-la-justicia\/\" \/>\n<meta property=\"og:site_name\" content=\"Noticias Radio Reflejos\" \/>\n<meta property=\"article:published_time\" content=\"2022-02-03T20:52:29+00:00\" \/>\n<meta property=\"og:image\" content=\"https:\/\/www.noticiasradioreflejos.com.ar\/2021\/wp-content\/uploads\/2021\/05\/Villa-Ventana.jpg\" \/>\n\t<meta property=\"og:image:width\" content=\"512\" \/>\n\t<meta property=\"og:image:height\" content=\"341\" \/>\n\t<meta property=\"og:image:type\" content=\"image\/jpeg\" \/>\n<meta name=\"author\" content=\"Arnaldo Botto\" \/>\n<meta name=\"twitter:card\" content=\"summary_large_image\" \/>\n<script type=\"application\/ld+json\" class=\"yoast-schema-graph\">{\"@context\":\"https:\/\/schema.org\",\"@graph\":[{\"@type\":\"WebPage\",\"@id\":\"https:\/\/www.noticiasradioreflejos.com.ar\/2021\/villa-ventana-denuncian-por-maltrato-animal-a-vecinos-y-reclaman-acciones-al-municipio-y-la-justicia\/\",\"url\":\"https:\/\/www.noticiasradioreflejos.com.ar\/2021\/villa-ventana-denuncian-por-maltrato-animal-a-vecinos-y-reclaman-acciones-al-municipio-y-la-justicia\/\",\"name\":\"Villa Ventana: Denuncian por maltrato animal a vecinos y reclaman acciones al municipio y la justicia. - Noticias Radio Reflejos\",\"isPartOf\":{\"@id\":\"https:\/\/www.noticiasradioreflejos.com.ar\/2021\/#website\"},\"primaryImageOfPage\":{\"@id\":\"https:\/\/www.noticiasradioreflejos.com.ar\/2021\/villa-ventana-denuncian-por-maltrato-animal-a-vecinos-y-reclaman-acciones-al-municipio-y-la-justicia\/#primaryimage\"},\"image\":{\"@id\":\"https:\/\/www.noticiasradioreflejos.com.ar\/2021\/villa-ventana-denuncian-por-maltrato-animal-a-vecinos-y-reclaman-acciones-al-municipio-y-la-justicia\/#primaryimage\"},\"thumbnailUrl\":\"https:\/\/www.noticiasradioreflejos.com.ar\/2021\/wp-content\/uploads\/2021\/05\/Villa-Ventana.jpg\",\"datePublished\":\"2022-02-03T20:52:29+00:00\",\"author\":{\"@id\":\"https:\/\/www.noticiasradioreflejos.com.ar\/2021\/#\/schema\/person\/ad82545263dcc5ec0996818884fd5fb1\"},\"breadcrumb\":{\"@id\":\"https:\/\/www.noticiasradioreflejos.com.ar\/2021\/villa-ventana-denuncian-por-maltrato-animal-a-vecinos-y-reclaman-acciones-al-municipio-y-la-justicia\/#breadcrumb\"},\"inLanguage\":\"es\",\"potentialAction\":[{\"@type\":\"ReadAction\",\"target\":[\"https:\/\/www.noticiasradioreflejos.com.ar\/2021\/villa-ventana-denuncian-por-maltrato-animal-a-vecinos-y-reclaman-acciones-al-municipio-y-la-justicia\/\"]}]},{\"@type\":\"ImageObject\",\"inLanguage\":\"es\",\"@id\":\"https:\/\/www.noticiasradioreflejos.com.ar\/2021\/villa-ventana-denuncian-por-maltrato-animal-a-vecinos-y-reclaman-acciones-al-municipio-y-la-justicia\/#primaryimage\",\"url\":\"https:\/\/www.noticiasradioreflejos.com.ar\/2021\/wp-content\/uploads\/2021\/05\/Villa-Ventana.jpg\",\"contentUrl\":\"https:\/\/www.noticiasradioreflejos.com.ar\/2021\/wp-content\/uploads\/2021\/05\/Villa-Ventana.jpg\",\"width\":512,\"height\":341},{\"@type\":\"BreadcrumbList\",\"@id\":\"https:\/\/www.noticiasradioreflejos.com.ar\/2021\/villa-ventana-denuncian-por-maltrato-animal-a-vecinos-y-reclaman-acciones-al-municipio-y-la-justicia\/#breadcrumb\",\"itemListElement\":[{\"@type\":\"ListItem\",\"position\":1,\"name\":\"Portada\",\"item\":\"https:\/\/www.noticiasradioreflejos.com.ar\/2021\/\"},{\"@type\":\"ListItem\",\"position\":2,\"name\":\"Villa Ventana: Denuncian por maltrato animal a vecinos y reclaman acciones al municipio y la justicia.\"}]},{\"@type\":\"WebSite\",\"@id\":\"https:\/\/www.noticiasradioreflejos.com.ar\/2021\/#website\",\"url\":\"https:\/\/www.noticiasradioreflejos.com.ar\/2021\/\",\"name\":\"Noticias Radio Reflejos\",\"description\":\"Las noticias de mi comarca\",\"potentialAction\":[{\"@type\":\"SearchAction\",\"target\":{\"@type\":\"EntryPoint\",\"urlTemplate\":\"https:\/\/www.noticiasradioreflejos.com.ar\/2021\/?s={search_term_string}\"},\"query-input\":{\"@type\":\"PropertyValueSpecification\",\"valueRequired\":true,\"valueName\":\"search_term_string\"}}],\"inLanguage\":\"es\"},{\"@type\":\"Person\",\"@id\":\"https:\/\/www.noticiasradioreflejos.com.ar\/2021\/#\/schema\/person\/ad82545263dcc5ec0996818884fd5fb1\",\"name\":\"Arnaldo Botto\",\"image\":{\"@type\":\"ImageObject\",\"inLanguage\":\"es\",\"@id\":\"https:\/\/www.noticiasradioreflejos.com.ar\/2021\/#\/schema\/person\/image\/\",\"url\":\"https:\/\/secure.gravatar.com\/avatar\/55cb5e37c1efa326397366e6974cb338056df65cb50e7d64d1cf314e87504837?s=96&d=mm&r=g\",\"contentUrl\":\"https:\/\/secure.gravatar.com\/avatar\/55cb5e37c1efa326397366e6974cb338056df65cb50e7d64d1cf314e87504837?s=96&d=mm&r=g\",\"caption\":\"Arnaldo Botto\"},\"url\":\"https:\/\/www.noticiasradioreflejos.com.ar\/2021\/author\/arnaldo\/\"}]}<\/script>\n<!-- \/ Yoast SEO plugin. -->","yoast_head_json":{"title":"Villa Ventana: Denuncian por maltrato animal a vecinos y reclaman acciones al municipio y la justicia. - Noticias Radio Reflejos","robots":{"index":"index","follow":"follow","max-snippet":"max-snippet:-1","max-image-preview":"max-image-preview:large","max-video-preview":"max-video-preview:-1"},"canonical":"https:\/\/www.noticiasradioreflejos.com.ar\/2021\/villa-ventana-denuncian-por-maltrato-animal-a-vecinos-y-reclaman-acciones-al-municipio-y-la-justicia\/","og_locale":"es_ES","og_type":"article","og_title":"Villa Ventana: Denuncian por maltrato animal a vecinos y reclaman acciones al municipio y la justicia. - Noticias Radio Reflejos","og_description":"Defensora de las mascotas y presidenta de la Protectora Animal Villa Ventana, esta ma\u00f1ana hablamos con la vecina de la localidad serrana para informarnos sobre la obtenci\u00f3n de la personer\u00eda jur\u00eddica de la agrupaci\u00f3n protectora de animales y sobre las problem\u00e1ticas con las que siguen luchando hoy en d\u00eda.","og_url":"https:\/\/www.noticiasradioreflejos.com.ar\/2021\/villa-ventana-denuncian-por-maltrato-animal-a-vecinos-y-reclaman-acciones-al-municipio-y-la-justicia\/","og_site_name":"Noticias Radio Reflejos","article_published_time":"2022-02-03T20:52:29+00:00","og_image":[{"width":512,"height":341,"url":"https:\/\/www.noticiasradioreflejos.com.ar\/2021\/wp-content\/uploads\/2021\/05\/Villa-Ventana.jpg","type":"image\/jpeg"}],"author":"Arnaldo Botto","twitter_card":"summary_large_image","schema":{"@context":"https:\/\/schema.org","@graph":[{"@type":"WebPage","@id":"https:\/\/www.noticiasradioreflejos.com.ar\/2021\/villa-ventana-denuncian-por-maltrato-animal-a-vecinos-y-reclaman-acciones-al-municipio-y-la-justicia\/","url":"https:\/\/www.noticiasradioreflejos.com.ar\/2021\/villa-ventana-denuncian-por-maltrato-animal-a-vecinos-y-reclaman-acciones-al-municipio-y-la-justicia\/","name":"Villa Ventana: Denuncian por maltrato animal a vecinos y reclaman acciones al municipio y la justicia. - Noticias Radio Reflejos","isPartOf":{"@id":"https:\/\/www.noticiasradioreflejos.com.ar\/2021\/#website"},"primaryImageOfPage":{"@id":"https:\/\/www.noticiasradioreflejos.com.ar\/2021\/villa-ventana-denuncian-por-maltrato-animal-a-vecinos-y-reclaman-acciones-al-municipio-y-la-justicia\/#primaryimage"},"image":{"@id":"https:\/\/www.noticiasradioreflejos.com.ar\/2021\/villa-ventana-denuncian-por-maltrato-animal-a-vecinos-y-reclaman-acciones-al-municipio-y-la-justicia\/#primaryimage"},"thumbnailUrl":"https:\/\/www.noticiasradioreflejos.com.ar\/2021\/wp-content\/uploads\/2021\/05\/Villa-Ventana.jpg","datePublished":"2022-02-03T20:52:29+00:00","author":{"@id":"https:\/\/www.noticiasradioreflejos.com.ar\/2021\/#\/schema\/person\/ad82545263dcc5ec0996818884fd5fb1"},"breadcrumb":{"@id":"https:\/\/www.noticiasradioreflejos.com.ar\/2021\/villa-ventana-denuncian-por-maltrato-animal-a-vecinos-y-reclaman-acciones-al-municipio-y-la-justicia\/#breadcrumb"},"inLanguage":"es","potentialAction":[{"@type":"ReadAction","target":["https:\/\/www.noticiasradioreflejos.com.ar\/2021\/villa-ventana-denuncian-por-maltrato-animal-a-vecinos-y-reclaman-acciones-al-municipio-y-la-justicia\/"]}]},{"@type":"ImageObject","inLanguage":"es","@id":"https:\/\/www.noticiasradioreflejos.com.ar\/2021\/villa-ventana-denuncian-por-maltrato-animal-a-vecinos-y-reclaman-acciones-al-municipio-y-la-justicia\/#primaryimage","url":"https:\/\/www.noticiasradioreflejos.com.ar\/2021\/wp-content\/uploads\/2021\/05\/Villa-Ventana.jpg","contentUrl":"https:\/\/www.noticiasradioreflejos.com.ar\/2021\/wp-content\/uploads\/2021\/05\/Villa-Ventana.jpg","width":512,"height":341},{"@type":"BreadcrumbList","@id":"https:\/\/www.noticiasradioreflejos.com.ar\/2021\/villa-ventana-denuncian-por-maltrato-animal-a-vecinos-y-reclaman-acciones-al-municipio-y-la-justicia\/#breadcrumb","itemListElement":[{"@type":"ListItem","position":1,"name":"Portada","item":"https:\/\/www.noticiasradioreflejos.com.ar\/2021\/"},{"@type":"ListItem","position":2,"name":"Villa Ventana: Denuncian por maltrato animal a vecinos y reclaman acciones al municipio y la justicia."}]},{"@type":"WebSite","@id":"https:\/\/www.noticiasradioreflejos.com.ar\/2021\/#website","url":"https:\/\/www.noticiasradioreflejos.com.ar\/2021\/","name":"Noticias Radio Reflejos","description":"Las noticias de mi comarca","potentialAction":[{"@type":"SearchAction","target":{"@type":"EntryPoint","urlTemplate":"https:\/\/www.noticiasradioreflejos.com.ar\/2021\/?s={search_term_string}"},"query-input":{"@type":"PropertyValueSpecification","valueRequired":true,"valueName":"search_term_string"}}],"inLanguage":"es"},{"@type":"Person","@id":"https:\/\/www.noticiasradioreflejos.com.ar\/2021\/#\/schema\/person\/ad82545263dcc5ec0996818884fd5fb1","name":"Arnaldo Botto","image":{"@type":"ImageObject","inLanguage":"es","@id":"https:\/\/www.noticiasradioreflejos.com.ar\/2021\/#\/schema\/person\/image\/","url":"https:\/\/secure.gravatar.com\/avatar\/55cb5e37c1efa326397366e6974cb338056df65cb50e7d64d1cf314e87504837?s=96&d=mm&r=g","contentUrl":"https:\/\/secure.gravatar.com\/avatar\/55cb5e37c1efa326397366e6974cb338056df65cb50e7d64d1cf314e87504837?s=96&d=mm&r=g","caption":"Arnaldo Botto"},"url":"https:\/\/www.noticiasradioreflejos.com.ar\/2021\/author\/arnaldo\/"}]}},"_links":{"self":[{"href":"https:\/\/www.noticiasradioreflejos.com.ar\/2021\/wp-json\/wp\/v2\/posts\/67866","targetHints":{"allow":["GET"]}}],"collection":[{"href":"https:\/\/www.noticiasradioreflejos.com.ar\/2021\/wp-json\/wp\/v2\/posts"}],"about":[{"href":"https:\/\/www.noticiasradioreflejos.com.ar\/2021\/wp-json\/wp\/v2\/types\/post"}],"author":[{"embeddable":true,"href":"https:\/\/www.noticiasradioreflejos.com.ar\/2021\/wp-json\/wp\/v2\/users\/3"}],"replies":[{"embeddable":true,"href":"https:\/\/www.noticiasradioreflejos.com.ar\/2021\/wp-json\/wp\/v2\/comments?post=67866"}],"version-history":[{"count":2,"href":"https:\/\/www.noticiasradioreflejos.com.ar\/2021\/wp-json\/wp\/v2\/posts\/67866\/revisions"}],"predecessor-version":[{"id":67881,"href":"https:\/\/www.noticiasradioreflejos.com.ar\/2021\/wp-json\/wp\/v2\/posts\/67866\/revisions\/67881"}],"wp:featuredmedia":[{"embeddable":true,"href":"https:\/\/www.noticiasradioreflejos.com.ar\/2021\/wp-json\/wp\/v2\/media\/56891"}],"wp:attachment":[{"href":"https:\/\/www.noticiasradioreflejos.com.ar\/2021\/wp-json\/wp\/v2\/media?parent=67866"}],"wp:term":[{"taxonomy":"category","embeddable":true,"href":"https:\/\/www.noticiasradioreflejos.com.ar\/2021\/wp-json\/wp\/v2\/categories?post=67866"},{"taxonomy":"post_tag","embeddable":true,"href":"https:\/\/www.noticiasradioreflejos.com.ar\/2021\/wp-json\/wp\/v2\/tags?post=67866"}],"curies":[{"name":"wp","href":"https:\/\/api.w.org\/{rel}","templated":true}]}}