{"id":67864,"date":"2022-02-03T17:16:31","date_gmt":"2022-02-03T17:16:31","guid":{"rendered":"http:\/\/www.noticiasradioreflejos.com.ar\/2021\/?p=67864"},"modified":"2022-02-03T17:16:31","modified_gmt":"2022-02-03T17:16:31","slug":"el-ministerio-de-turismo-ya-trabaja-en-el-programa-previaje-3","status":"publish","type":"post","link":"https:\/\/www.noticiasradioreflejos.com.ar\/2021\/el-ministerio-de-turismo-ya-trabaja-en-el-programa-previaje-3\/","title":{"rendered":"El Ministerio de Turismo ya trabaja en el Programa PreViaje 3"},"content":{"rendered":"<p>As\u00ed se lo anticip\u00f3 a T\u00e9lam Radio Yanina Mart\u00ednez, secretaria de Promoci\u00f3n Tur\u00edstica, quien se\u00f1al\u00f3 adem\u00e1s que la idea es lograr el consenso \u00abpara poder convertirlo en ley\u00bb.<!--more--><\/p>\n<div class=\"wrapper-editable-content\">\n<div>\n<div class=\"wrapper-editable-content\">\n<div>\n<div class=\"container-md\">\n<div class=\"row\">\n<div class=\"col-md-12 speak\">\n<div class=\"paragraph\">\n<figure class=\"mb-3\"><img decoding=\"async\" src=\"https:\/\/www.telam.com.ar\/thumbs\/bluesteel\/advf\/imagenes\/2021\/01\/60040cad30209_900.jpg\" alt=\"Las cataratas uno de los lugares ms elegidos por los argentinos para hacer turismo interno \" width=\"100%\" height=\"100%\" \/><\/figure>\n<\/div>\n<\/div>\n<\/div>\n<\/div>\n<\/div>\n<\/div>\n<\/div>\n<\/div>\n<div class=\"media-icons\"><\/div>\n<p>Las cataratas, uno de los lugares m\u00e1s elegidos por los argentinos para hacer turismo interno.<\/p>\n<p>La\u00a0<strong>secretaria de Promoci\u00f3n Tur\u00edstica, Yanina Mart\u00ednez<\/strong>, dijo este mi\u00e9rcoles que desde el Ministerio de Turismo y Deportes se est\u00e1 trabajando \u00ab<strong>en el Programa PreViaje 3&#8243;<\/strong>, con el foco puesto en el consenso y la inversi\u00f3n tur\u00edstica, y \u00abpara poder convertirlo en ley\u00bb.<\/p>\n<p>En declaraciones a T\u00e9lam Radio, la funcionaria nacional asegur\u00f3 que ya se estaba trabajando \u00abel PreViaje 3, y queremos que sea un programa consensuado e importante en la promoci\u00f3n, que de eso se trata este Programa\u00bb.<\/p>\n<p>\u00abTambi\u00e9n est\u00e1 trabajando en una<strong>\u00a0ley de inversiones tur\u00edsticas para que el pa\u00eds<\/strong>\u00a0pueda recibir inversiones tanto de otros lugares del mundo, como tambi\u00e9n para los empresarios argentinos que puedan confiar en la actividad tur\u00edstica\u00bb, agreg\u00f3.<\/p>\n<p>Mart\u00ednez, quien regres\u00f3 de Madrid luego de participar en la Feria Internacional de Turismo (Fitur 2022) donde se reconoci\u00f3 al Programa PreViaje con el premio de Excelencia, destac\u00f3 \u00abesta herramienta que permiti\u00f3 movilizar a 4,5 millones de argentinos y 99 mil millones de pesos, una inyecci\u00f3n tremenda de ahorro privado a la actividad tur\u00edstica\u00bb.<\/p>\n<p>Asimismo, rescat\u00f3 la convergencia entre las diferentes miradas pol\u00edticas sobre lo beneficioso del Programa, \u00ablo que le otorga una transversalidad que atraviesa a las distintas clases sociales y que\u00a0<strong>recibi\u00f3 elogios desde Jujuy a Tierra del Fuego<\/strong>\u00a0por todo el arco tur\u00edstico y pol\u00edtico\u00bb.<\/p>\n<p><strong>\u00abEs un gran incentivo a la demanda -continu\u00f3- que moviliza el ahorro privado y genera movilidad en todo el pa\u00eds\u00bb\u00a0<\/strong>y que \u00abfue muy buena para la reactivaci\u00f3n despu\u00e9s de la pandemia\u00bb.<\/p>\n<figure class=\"mb-3\"><img decoding=\"async\" src=\"https:\/\/www.telam.com.ar\/thumbs\/bluesteel\/advf\/imagenes\/2021\/01\/5ffca966dce85_900.jpg\" alt=\"Yanina Martnez secretaria de Promocin Turstica del Ministerio de Turismo de la Nacin \" width=\"100%\" height=\"100%\" \/><\/p>\n<div class=\"media-icons\"><\/div><figcaption>Yanina Mart\u00ednez, secretaria de Promoci\u00f3n Tur\u00edstica del Ministerio de Turismo de la Naci\u00f3n.<\/figcaption><\/figure>\n<p><iframe loading=\"lazy\" src=\"https:\/\/w.soundcloud.com\/player\/?url=https%3A\/\/api.soundcloud.com\/tracks\/1204122430&amp;color=%23ff5500&amp;auto_play=false&amp;hide_related=false&amp;show_comments=true&amp;show_user=true&amp;show_reposts=false&amp;show_teaser=true\" width=\"100%\" height=\"166\" frameborder=\"no\" scrolling=\"no\" data-mce-fragment=\"1\"><\/iframe><\/p>\n<div><a title=\"PODCAST\" href=\"https:\/\/soundcloud.com\/user-961456406\" target=\"_blank\" rel=\"noopener\">PODCAST<\/a>\u00a0\u00b7\u00a0<a title=\"Yanina Mart\u00ednez-Turismo: El camino del PreViaje hacia configurarse como una \u201cpol\u00edtica de Estado\u201d\" href=\"https:\/\/soundcloud.com\/user-961456406\/yanina-martinez-turismo-el-camino-del-previaje-hacia-configurarse-como-una-politica-de-estado\" target=\"_blank\" rel=\"noopener\">Yanina Mart\u00ednez-Turismo: El camino del PreViaje hacia configurarse como una \u201cpol\u00edtica de Estado\u201d<\/a><\/div>\n<p>Eso, agregado al plan de vacunaci\u00f3n que calific\u00f3 de \u00abhist\u00f3rico\u00bb, y que hizo que la gente \u00abpierda el miedo y vuelva a viajar viendo al turismo como una necesidad y una sensaci\u00f3n de bienestar\u00bb.<\/p>\n<p>En cuanto a\u00a0<strong>la posibilidad de transformar el Programa en una ley, Mart\u00ednez asegur\u00f3 el ministro de Turismo y Deportes, Mat\u00edas Lammens, estaba trabajando para esa consolidaci\u00f3n.<\/strong><\/p>\n<p>\u00abL\u00f3gicamente hay que ver la situaci\u00f3n y los momentos en que est\u00e1 viviendo la argentina, con algunas modificaciones a realizarse para fortalecer por ah\u00ed mas los destinos emergentes y que no solo el consumo se de en los destinos que est\u00e9n consolidados\u00bb, a\u00f1adi\u00f3..<\/p>\n<p>Mart\u00ednez dijo que<strong>\u00a0\u00abse viene con una visi\u00f3n bien federal habiendo tenido la experiencia de este PreViaje 1 y 2\u00bb<\/strong>, y que para establecerlo como ley se va a trabajar \u00abcon los gobernadores, con todas las c\u00e1maras tur\u00edsticas, y que por el Congreso se puede establecer como una pol\u00edtica p\u00fablica con cierto reajuste\u00bb.<\/p>\n<p>La funcionaria se posicion\u00f3 junto a informe de la Organizaci\u00f3n Mundial de la Salud (OMS) que pide a todos los Estados que abran las fronteras.<\/p>\n<p>En ese sentido, dijo que \u00abhay una necesidad de cuidar la econom\u00eda y a su vez la salud mental de muchas personas del mundo, y eso es lo que tenemos que trabajar ahora\u00bb.<\/p>\n","protected":false},"excerpt":{"rendered":"<p>As\u00ed se lo anticip\u00f3 a T\u00e9lam Radio Yanina Mart\u00ednez, secretaria de Promoci\u00f3n Tur\u00edstica, quien se\u00f1al\u00f3 adem\u00e1s que la idea es lograr el consenso \u00abpara poder convertirlo en ley\u00bb.<\/p>\n","protected":false},"author":3,"featured_media":58423,"comment_status":"closed","ping_status":"closed","sticky":false,"template":"","format":"standard","meta":{"footnotes":""},"categories":[33],"tags":[],"class_list":["post-67864","post","type-post","status-publish","format-standard","has-post-thumbnail","hentry","category-turismo"],"yoast_head":"<!-- This site is optimized with the Yoast SEO plugin v25.9 - https:\/\/yoast.com\/wordpress\/plugins\/seo\/ -->\n<title>El Ministerio de Turismo ya trabaja en el Programa PreViaje 3 - Noticias Radio Reflejos<\/title>\n<meta name=\"robots\" content=\"index, follow, max-snippet:-1, max-image-preview:large, max-video-preview:-1\" \/>\n<link rel=\"canonical\" href=\"https:\/\/www.noticiasradioreflejos.com.ar\/2021\/el-ministerio-de-turismo-ya-trabaja-en-el-programa-previaje-3\/\" \/>\n<meta property=\"og:locale\" content=\"es_ES\" \/>\n<meta property=\"og:type\" content=\"article\" \/>\n<meta property=\"og:title\" content=\"El Ministerio de Turismo ya trabaja en el Programa PreViaje 3 - Noticias Radio Reflejos\" \/>\n<meta property=\"og:description\" content=\"As\u00ed se lo anticip\u00f3 a T\u00e9lam Radio Yanina Mart\u00ednez, secretaria de Promoci\u00f3n Tur\u00edstica, quien se\u00f1al\u00f3 adem\u00e1s que la idea es lograr el consenso \u00abpara poder convertirlo en ley\u00bb.\" \/>\n<meta property=\"og:url\" content=\"https:\/\/www.noticiasradioreflejos.com.ar\/2021\/el-ministerio-de-turismo-ya-trabaja-en-el-programa-previaje-3\/\" \/>\n<meta property=\"og:site_name\" content=\"Noticias Radio Reflejos\" \/>\n<meta property=\"article:published_time\" content=\"2022-02-03T17:16:31+00:00\" \/>\n<meta property=\"og:image\" content=\"https:\/\/www.noticiasradioreflejos.com.ar\/2021\/wp-content\/uploads\/2021\/06\/previaje.jpg\" \/>\n\t<meta property=\"og:image:width\" content=\"1920\" \/>\n\t<meta property=\"og:image:height\" content=\"674\" \/>\n\t<meta property=\"og:image:type\" content=\"image\/jpeg\" \/>\n<meta name=\"author\" content=\"Arnaldo Botto\" \/>\n<meta name=\"twitter:card\" content=\"summary_large_image\" \/>\n<script type=\"application\/ld+json\" class=\"yoast-schema-graph\">{\"@context\":\"https:\/\/schema.org\",\"@graph\":[{\"@type\":\"WebPage\",\"@id\":\"https:\/\/www.noticiasradioreflejos.com.ar\/2021\/el-ministerio-de-turismo-ya-trabaja-en-el-programa-previaje-3\/\",\"url\":\"https:\/\/www.noticiasradioreflejos.com.ar\/2021\/el-ministerio-de-turismo-ya-trabaja-en-el-programa-previaje-3\/\",\"name\":\"El Ministerio de Turismo ya trabaja en el Programa PreViaje 3 - Noticias Radio Reflejos\",\"isPartOf\":{\"@id\":\"https:\/\/www.noticiasradioreflejos.com.ar\/2021\/#website\"},\"primaryImageOfPage\":{\"@id\":\"https:\/\/www.noticiasradioreflejos.com.ar\/2021\/el-ministerio-de-turismo-ya-trabaja-en-el-programa-previaje-3\/#primaryimage\"},\"image\":{\"@id\":\"https:\/\/www.noticiasradioreflejos.com.ar\/2021\/el-ministerio-de-turismo-ya-trabaja-en-el-programa-previaje-3\/#primaryimage\"},\"thumbnailUrl\":\"https:\/\/www.noticiasradioreflejos.com.ar\/2021\/wp-content\/uploads\/2021\/06\/previaje.jpg\",\"datePublished\":\"2022-02-03T17:16:31+00:00\",\"author\":{\"@id\":\"https:\/\/www.noticiasradioreflejos.com.ar\/2021\/#\/schema\/person\/ad82545263dcc5ec0996818884fd5fb1\"},\"breadcrumb\":{\"@id\":\"https:\/\/www.noticiasradioreflejos.com.ar\/2021\/el-ministerio-de-turismo-ya-trabaja-en-el-programa-previaje-3\/#breadcrumb\"},\"inLanguage\":\"es\",\"potentialAction\":[{\"@type\":\"ReadAction\",\"target\":[\"https:\/\/www.noticiasradioreflejos.com.ar\/2021\/el-ministerio-de-turismo-ya-trabaja-en-el-programa-previaje-3\/\"]}]},{\"@type\":\"ImageObject\",\"inLanguage\":\"es\",\"@id\":\"https:\/\/www.noticiasradioreflejos.com.ar\/2021\/el-ministerio-de-turismo-ya-trabaja-en-el-programa-previaje-3\/#primaryimage\",\"url\":\"https:\/\/www.noticiasradioreflejos.com.ar\/2021\/wp-content\/uploads\/2021\/06\/previaje.jpg\",\"contentUrl\":\"https:\/\/www.noticiasradioreflejos.com.ar\/2021\/wp-content\/uploads\/2021\/06\/previaje.jpg\",\"width\":1920,\"height\":674},{\"@type\":\"BreadcrumbList\",\"@id\":\"https:\/\/www.noticiasradioreflejos.com.ar\/2021\/el-ministerio-de-turismo-ya-trabaja-en-el-programa-previaje-3\/#breadcrumb\",\"itemListElement\":[{\"@type\":\"ListItem\",\"position\":1,\"name\":\"Portada\",\"item\":\"https:\/\/www.noticiasradioreflejos.com.ar\/2021\/\"},{\"@type\":\"ListItem\",\"position\":2,\"name\":\"El Ministerio de Turismo ya trabaja en el Programa PreViaje 3\"}]},{\"@type\":\"WebSite\",\"@id\":\"https:\/\/www.noticiasradioreflejos.com.ar\/2021\/#website\",\"url\":\"https:\/\/www.noticiasradioreflejos.com.ar\/2021\/\",\"name\":\"Noticias Radio Reflejos\",\"description\":\"Las noticias de mi comarca\",\"potentialAction\":[{\"@type\":\"SearchAction\",\"target\":{\"@type\":\"EntryPoint\",\"urlTemplate\":\"https:\/\/www.noticiasradioreflejos.com.ar\/2021\/?s={search_term_string}\"},\"query-input\":{\"@type\":\"PropertyValueSpecification\",\"valueRequired\":true,\"valueName\":\"search_term_string\"}}],\"inLanguage\":\"es\"},{\"@type\":\"Person\",\"@id\":\"https:\/\/www.noticiasradioreflejos.com.ar\/2021\/#\/schema\/person\/ad82545263dcc5ec0996818884fd5fb1\",\"name\":\"Arnaldo Botto\",\"image\":{\"@type\":\"ImageObject\",\"inLanguage\":\"es\",\"@id\":\"https:\/\/www.noticiasradioreflejos.com.ar\/2021\/#\/schema\/person\/image\/\",\"url\":\"https:\/\/secure.gravatar.com\/avatar\/55cb5e37c1efa326397366e6974cb338056df65cb50e7d64d1cf314e87504837?s=96&d=mm&r=g\",\"contentUrl\":\"https:\/\/secure.gravatar.com\/avatar\/55cb5e37c1efa326397366e6974cb338056df65cb50e7d64d1cf314e87504837?s=96&d=mm&r=g\",\"caption\":\"Arnaldo Botto\"},\"url\":\"https:\/\/www.noticiasradioreflejos.com.ar\/2021\/author\/arnaldo\/\"}]}<\/script>\n<!-- \/ Yoast SEO plugin. -->","yoast_head_json":{"title":"El Ministerio de Turismo ya trabaja en el Programa PreViaje 3 - Noticias Radio Reflejos","robots":{"index":"index","follow":"follow","max-snippet":"max-snippet:-1","max-image-preview":"max-image-preview:large","max-video-preview":"max-video-preview:-1"},"canonical":"https:\/\/www.noticiasradioreflejos.com.ar\/2021\/el-ministerio-de-turismo-ya-trabaja-en-el-programa-previaje-3\/","og_locale":"es_ES","og_type":"article","og_title":"El Ministerio de Turismo ya trabaja en el Programa PreViaje 3 - Noticias Radio Reflejos","og_description":"As\u00ed se lo anticip\u00f3 a T\u00e9lam Radio Yanina Mart\u00ednez, secretaria de Promoci\u00f3n Tur\u00edstica, quien se\u00f1al\u00f3 adem\u00e1s que la idea es lograr el consenso \u00abpara poder convertirlo en ley\u00bb.","og_url":"https:\/\/www.noticiasradioreflejos.com.ar\/2021\/el-ministerio-de-turismo-ya-trabaja-en-el-programa-previaje-3\/","og_site_name":"Noticias Radio Reflejos","article_published_time":"2022-02-03T17:16:31+00:00","og_image":[{"width":1920,"height":674,"url":"https:\/\/www.noticiasradioreflejos.com.ar\/2021\/wp-content\/uploads\/2021\/06\/previaje.jpg","type":"image\/jpeg"}],"author":"Arnaldo Botto","twitter_card":"summary_large_image","schema":{"@context":"https:\/\/schema.org","@graph":[{"@type":"WebPage","@id":"https:\/\/www.noticiasradioreflejos.com.ar\/2021\/el-ministerio-de-turismo-ya-trabaja-en-el-programa-previaje-3\/","url":"https:\/\/www.noticiasradioreflejos.com.ar\/2021\/el-ministerio-de-turismo-ya-trabaja-en-el-programa-previaje-3\/","name":"El Ministerio de Turismo ya trabaja en el Programa PreViaje 3 - Noticias Radio Reflejos","isPartOf":{"@id":"https:\/\/www.noticiasradioreflejos.com.ar\/2021\/#website"},"primaryImageOfPage":{"@id":"https:\/\/www.noticiasradioreflejos.com.ar\/2021\/el-ministerio-de-turismo-ya-trabaja-en-el-programa-previaje-3\/#primaryimage"},"image":{"@id":"https:\/\/www.noticiasradioreflejos.com.ar\/2021\/el-ministerio-de-turismo-ya-trabaja-en-el-programa-previaje-3\/#primaryimage"},"thumbnailUrl":"https:\/\/www.noticiasradioreflejos.com.ar\/2021\/wp-content\/uploads\/2021\/06\/previaje.jpg","datePublished":"2022-02-03T17:16:31+00:00","author":{"@id":"https:\/\/www.noticiasradioreflejos.com.ar\/2021\/#\/schema\/person\/ad82545263dcc5ec0996818884fd5fb1"},"breadcrumb":{"@id":"https:\/\/www.noticiasradioreflejos.com.ar\/2021\/el-ministerio-de-turismo-ya-trabaja-en-el-programa-previaje-3\/#breadcrumb"},"inLanguage":"es","potentialAction":[{"@type":"ReadAction","target":["https:\/\/www.noticiasradioreflejos.com.ar\/2021\/el-ministerio-de-turismo-ya-trabaja-en-el-programa-previaje-3\/"]}]},{"@type":"ImageObject","inLanguage":"es","@id":"https:\/\/www.noticiasradioreflejos.com.ar\/2021\/el-ministerio-de-turismo-ya-trabaja-en-el-programa-previaje-3\/#primaryimage","url":"https:\/\/www.noticiasradioreflejos.com.ar\/2021\/wp-content\/uploads\/2021\/06\/previaje.jpg","contentUrl":"https:\/\/www.noticiasradioreflejos.com.ar\/2021\/wp-content\/uploads\/2021\/06\/previaje.jpg","width":1920,"height":674},{"@type":"BreadcrumbList","@id":"https:\/\/www.noticiasradioreflejos.com.ar\/2021\/el-ministerio-de-turismo-ya-trabaja-en-el-programa-previaje-3\/#breadcrumb","itemListElement":[{"@type":"ListItem","position":1,"name":"Portada","item":"https:\/\/www.noticiasradioreflejos.com.ar\/2021\/"},{"@type":"ListItem","position":2,"name":"El Ministerio de Turismo ya trabaja en el Programa PreViaje 3"}]},{"@type":"WebSite","@id":"https:\/\/www.noticiasradioreflejos.com.ar\/2021\/#website","url":"https:\/\/www.noticiasradioreflejos.com.ar\/2021\/","name":"Noticias Radio Reflejos","description":"Las noticias de mi comarca","potentialAction":[{"@type":"SearchAction","target":{"@type":"EntryPoint","urlTemplate":"https:\/\/www.noticiasradioreflejos.com.ar\/2021\/?s={search_term_string}"},"query-input":{"@type":"PropertyValueSpecification","valueRequired":true,"valueName":"search_term_string"}}],"inLanguage":"es"},{"@type":"Person","@id":"https:\/\/www.noticiasradioreflejos.com.ar\/2021\/#\/schema\/person\/ad82545263dcc5ec0996818884fd5fb1","name":"Arnaldo Botto","image":{"@type":"ImageObject","inLanguage":"es","@id":"https:\/\/www.noticiasradioreflejos.com.ar\/2021\/#\/schema\/person\/image\/","url":"https:\/\/secure.gravatar.com\/avatar\/55cb5e37c1efa326397366e6974cb338056df65cb50e7d64d1cf314e87504837?s=96&d=mm&r=g","contentUrl":"https:\/\/secure.gravatar.com\/avatar\/55cb5e37c1efa326397366e6974cb338056df65cb50e7d64d1cf314e87504837?s=96&d=mm&r=g","caption":"Arnaldo Botto"},"url":"https:\/\/www.noticiasradioreflejos.com.ar\/2021\/author\/arnaldo\/"}]}},"_links":{"self":[{"href":"https:\/\/www.noticiasradioreflejos.com.ar\/2021\/wp-json\/wp\/v2\/posts\/67864","targetHints":{"allow":["GET"]}}],"collection":[{"href":"https:\/\/www.noticiasradioreflejos.com.ar\/2021\/wp-json\/wp\/v2\/posts"}],"about":[{"href":"https:\/\/www.noticiasradioreflejos.com.ar\/2021\/wp-json\/wp\/v2\/types\/post"}],"author":[{"embeddable":true,"href":"https:\/\/www.noticiasradioreflejos.com.ar\/2021\/wp-json\/wp\/v2\/users\/3"}],"replies":[{"embeddable":true,"href":"https:\/\/www.noticiasradioreflejos.com.ar\/2021\/wp-json\/wp\/v2\/comments?post=67864"}],"version-history":[{"count":1,"href":"https:\/\/www.noticiasradioreflejos.com.ar\/2021\/wp-json\/wp\/v2\/posts\/67864\/revisions"}],"predecessor-version":[{"id":67865,"href":"https:\/\/www.noticiasradioreflejos.com.ar\/2021\/wp-json\/wp\/v2\/posts\/67864\/revisions\/67865"}],"wp:featuredmedia":[{"embeddable":true,"href":"https:\/\/www.noticiasradioreflejos.com.ar\/2021\/wp-json\/wp\/v2\/media\/58423"}],"wp:attachment":[{"href":"https:\/\/www.noticiasradioreflejos.com.ar\/2021\/wp-json\/wp\/v2\/media?parent=67864"}],"wp:term":[{"taxonomy":"category","embeddable":true,"href":"https:\/\/www.noticiasradioreflejos.com.ar\/2021\/wp-json\/wp\/v2\/categories?post=67864"},{"taxonomy":"post_tag","embeddable":true,"href":"https:\/\/www.noticiasradioreflejos.com.ar\/2021\/wp-json\/wp\/v2\/tags?post=67864"}],"curies":[{"name":"wp","href":"https:\/\/api.w.org\/{rel}","templated":true}]}}