{"id":67861,"date":"2022-02-03T17:13:02","date_gmt":"2022-02-03T17:13:02","guid":{"rendered":"http:\/\/www.noticiasradioreflejos.com.ar\/2021\/?p=67861"},"modified":"2022-02-03T17:13:02","modified_gmt":"2022-02-03T17:13:02","slug":"detuvieron-a-un-narco-de-san-martin-e-investigan-si-tuvo-relacion-con-la-cocaina-adulterada","status":"publish","type":"post","link":"https:\/\/www.noticiasradioreflejos.com.ar\/2021\/detuvieron-a-un-narco-de-san-martin-e-investigan-si-tuvo-relacion-con-la-cocaina-adulterada\/","title":{"rendered":"Detuvieron a un narco de San Mart\u00edn e investigan si tuvo relaci\u00f3n con la coca\u00edna adulterada"},"content":{"rendered":"<div class=\"wrapper-header\">\n<div class=\"container-xl\">\n<div class=\"row\">\n<div class=\"col-12\">\n<div class=\"head-content mb-4\">\n<div class=\"my-3\">\n<div class=\"social mt-3\">Se trata de Joaqu\u00edn Aquino, alias \u201cEl Paisa\u201d, quien ten\u00eda pedido de captura en el marco de otra causa y fue detenido junto a otras seis personas. Se realizaron una serie de allanamientos de urgencia en los que se encontraron envoltorios de nylon color rosa, similares a los de la coca\u00edna adulterada que caus\u00f3 la muerte de 20 personas.<\/div>\n<\/div>\n<\/div>\n<\/div>\n<\/div>\n<\/div>\n<\/div>\n<p><!--more--><\/p>\n<div class=\"wrapper-editable-content\">\n<div class=\"wrapper-info-note\">\n<div class=\"col-md-12\">\n<div class=\"wrapper-author-social\">\n<div class=\"author-box mb-4\">\n<div class=\"image\"><\/div>\n<div class=\"info\">\n<div class=\"time\"><\/div>\n<\/div>\n<\/div>\n<\/div>\n<\/div>\n<\/div>\n<div>\n<div class=\"wrapper-editable-content\">\n<div>\n<div class=\"container-md\">\n<div class=\"row\">\n<div class=\"col-md-12 speak\">\n<div class=\"paragraph\">\n<figure class=\"mb-3\"><img decoding=\"async\" src=\"https:\/\/www.telam.com.ar\/thumbs\/bluesteel\/advf\/imagenes\/2022\/02\/61fbf0065eef8_900.jpg\" alt=\"Telam SE\" width=\"100%\" height=\"100%\" \/><\/p>\n<div class=\"media-icons\"><\/div><figcaption><\/figcaption><\/figure>\n<p>Un se\u00f1alado l\u00edder narco del partido de San Mart\u00edn apodado \u00abEl Paisa\u00bb fue detenido en las \u00faltimas horas junto a otras seis personas en el marco de una causa por venta de drogas en esa zona y ahora se investiga si tuvo relaci\u00f3n con la comercializaci\u00f3n de la coca\u00edna adulterada que provoc\u00f3 la muerte de 20 personas en distintas localidades del oeste y noroeste del conurbano, informaron fuentes judiciales y policiales.<\/p>\n<p>Se trata de\u00a0<strong>Joaqu\u00edn Aquino (33), al\u00edas \u00abEl Paisa\u00bb<\/strong>, quien ten\u00eda pedido de captura en el marco de otra causa y fue detenido junto a otras seis personas en el marco de una investigaci\u00f3n iniciada en agosto pasado y que lleva adelante el fiscal federal de San Mart\u00edn, Paul Starc.<\/p>\n<figure class=\"mb-3\"><img decoding=\"async\" src=\"https:\/\/www.telam.com.ar\/thumbs\/bluesteel\/advf\/imagenes\/2022\/02\/61fbe828d4707_900.jpg\" alt=\" El Paisa se encargara de la distribucin y comercializacin de drogas en las inmediaciones de Puerta 8\" width=\"100%\" height=\"100%\" \/><\/p>\n<div class=\"media-icons\"><\/div><figcaption>\u00abEl Paisa\u00bb se encargar\u00eda de la distribuci\u00f3n y comercializaci\u00f3n de drogas en las inmediaciones de Puerta 8.<\/figcaption><\/figure>\n<figure class=\"right mb-3\"><img decoding=\"async\" src=\"https:\/\/www.telam.com.ar\/thumbs\/bluesteel\/advf\/imagenes\/2022\/02\/61fbf00669dcf_450.jpg\" alt=\"Joaqun Aquino alas El Paisa tena pedido de captura en el marco de otra causa\" width=\"100%\" height=\"100%\" \/><\/p>\n<div class=\"media-icons\"><\/div><figcaption>Joaqu\u00edn Aquino, al\u00edas \u201cEl Paisa\u201d, ten\u00eda pedido de captura en el marco de otra causa.<\/figcaption><\/figure>\n<p>En tanto, en la causa por la coca\u00edna envenenada, que instruye la Unidad Funcional de Instrucci\u00f3n 16 especializada en Drogas Il\u00edcitas de San Mart\u00edn, a cargo de Germ\u00e1n Mart\u00ednez,\u00a0<strong>hay otros seis detenidos que ser\u00e1n indagados en las pr\u00f3ximas horas<\/strong>, al tiempo que se investiga si \u00abEl Paisa\u00bb pudo tambi\u00e9n estar relacionado con este hecho debido a que las sustancias halladas en su poder presentan caracter\u00edsicas similares a las aportadas por algunos de los intoxicados, dijeron a T\u00e9lam voceros judiciales.<\/p>\n<p>Este jueves, el secretario de Pol\u00edtica Criminal de la Procuraci\u00f3n bonaerense, Francisco Pont Verges, explic\u00f3 que en el expediente que lleva adelante la justicia ordinaria por la droga adulterada<strong>\u00a0trabajan dos fiscales que dispusieron allanamientos de urgencia en en la zona de Loma Hermosa<\/strong>, b\u00e1sicamente Puerta 8 y Villa El Gaucho, mientras que en paralelo la Justicia Federal realiz\u00f3 operativos en la causa que involucra a \u00abEl Paisa\u00bb.<\/p>\n<p>\u00abA partir de las caracter\u00edsticas de los envoltorios que ten\u00edan las victimas en su poder es que, cuando se llega a la villa Puerta 8 y se hacen los allanamientos, se logran secuestrar envoltorios similares\u00bb, explic\u00f3.<\/p>\n<p>\u00abLuego -agreg\u00f3 Pont Verges en declaraciones al canal TN-, cuando se hace el segundo set de allanamientos se encuentra tambi\u00e9n en la villa El Gaucho una bolsa con envoltorios similares.\u00a0<strong>B\u00e1sicamente es un envoltorio de nylon de color rosa con sustancia en el interior\u00bb.<\/strong><\/p>\n<p>El secretario dijo que esas bolsitas rosadas son una \u00abprimera vinculaci\u00f3n\u00bb aunque lo que hay que esperar son las pericias sobre el contenido de todos los envoltorios para ver si guardan alg\u00fan tipo de identidad.<\/p>\n<p>\u00abEn principio, parecer\u00eda que<strong>\u00a0se trata del mismo lote y la misma sustancia, pero esto es todo preliminar, no hay nada definitivo<\/strong>\u00ab, a\u00f1adi\u00f3 Pont Verges. quien asegur\u00f3 que lo sucedido es \u00abun caso in\u00e9dito\u00bb, ya que no hay registros de algo similar.<\/p>\n<figure class=\"mb-3\"><img decoding=\"async\" src=\"https:\/\/www.telam.com.ar\/thumbs\/bluesteel\/advf\/imagenes\/2022\/02\/61fbe828c91b3_900.jpg\" alt=\"La polica secuestr cerca de 16000 dosis de cocana\" width=\"100%\" height=\"100%\" \/><\/p>\n<div class=\"media-icons\"><\/div><figcaption>La polic\u00eda secuestr\u00f3 cerca de 16.000 dosis de coca\u00edna.<\/figcaption><\/figure>\n<p>El sindicado l\u00edder narco \u00abEl Paisa\u00bb fue localizado en uno de los nueve allanamientos realizados por la Polic\u00eda bonaerense en las villas Sarmiento y Loyola, en la localidad de Billinghurst, de San Mart\u00edn. y en los partidos de Ezeiza y Jos\u00e9 C. Paz.<\/p>\n<p>Seg\u00fan indic\u00f3 un investigador judicial a T\u00e9lam, \u00ab<strong>El Paisa\u00bb forma parte de una organizaci\u00f3n criminal liderada por Max Al\u00ed Alegre Luna, alias \u00abAlicho\u00bb<\/strong>, quien se encuentra detenido en el penal federal de Villa Devoto en otra causa por narcotr\u00e1fico.<\/p>\n<p>\u00abAlicho\u00bb es considerado uno de los capos narco de la zona de San Mart\u00edn junto a Miguel \u00c1ngel \u00abMameluco\u00bb Villalba y Javier Alejandro \u00abEl Rengo\u00bb Pacheco, explicaron las fuentes, quienes a\u00f1adieron que \u00abEl Paisa\u00bb trabajar\u00eda para el primero y se encargar\u00eda de la distribuci\u00f3n y comercializaci\u00f3n de drogas en las inmediaciones del asentamiento \u00abPuerta 8\u00bb, de Loma Hermosa, San Mart\u00edn, de donde se cree sali\u00f3 la coca\u00edna adulterada.<\/p>\n<figure class=\"mb-3\"><img decoding=\"async\" src=\"https:\/\/www.telam.com.ar\/thumbs\/bluesteel\/advf\/imagenes\/2022\/02\/61fbe828bd084_900.jpg\" alt=\"Se incautaron dos armas de fuego marihuana celulares computadoras y dinero en efectivo\" width=\"100%\" height=\"100%\" \/><\/p>\n<div class=\"media-icons\"><\/div><figcaption>Se incautaron dos armas de fuego, marihuana, celulares, computadoras y dinero en efectivo.<\/figcaption><\/figure>\n<p>En los operativos realizados en las \u00faltimas horas, los efectivos de la Superintendencia de Investigaciones de Delitos Complejos y Crimen Organizado de la Polic\u00eda bonaerense secuestraron cerca de 16.000 dosis de coca\u00edna que ser\u00e1n analizadas para establecer si poseen el mismo compuesto hallado en la droga que\u00a0<a href=\"https:\/\/www.telam.com.ar\/notas\/202202\/582511-muertos-internados-cocaina-mal-estado.html\" target=\"_blank\" rel=\"noopener\">caus\u00f3 la muerte de 20 personas y la internaci\u00f3n de m\u00e1s de 70, varias de las cuales ya fueron dadas de alta.<\/a><\/p>\n<p>Tambi\u00e9n se incautaron dos armas de fuego, marihuana, celulares, computadoras y dinero en efectivo, indicaron las fuentes.<\/p><\/div>\n<\/div>\n<\/div>\n<\/div>\n<\/div>\n<\/div>\n<\/div>\n<\/div>\n","protected":false},"excerpt":{"rendered":"<p>Se trata de Joaqu\u00edn Aquino, alias \u201cEl Paisa\u201d, quien ten\u00eda pedido de captura en el marco de otra causa y fue detenido junto a otras seis personas. Se realizaron una serie de allanamientos de urgencia en los que se encontraron envoltorios de nylon color rosa, similares a los de la coca\u00edna adulterada que caus\u00f3 la [&hellip;]<\/p>\n","protected":false},"author":3,"featured_media":0,"comment_status":"closed","ping_status":"closed","sticky":false,"template":"","format":"standard","meta":{"footnotes":""},"categories":[29],"tags":[],"class_list":["post-67861","post","type-post","status-publish","format-standard","hentry","category-policiales"],"yoast_head":"<!-- This site is optimized with the Yoast SEO plugin v25.9 - https:\/\/yoast.com\/wordpress\/plugins\/seo\/ -->\n<title>Detuvieron a un narco de San Mart\u00edn e investigan si tuvo relaci\u00f3n con la coca\u00edna adulterada - Noticias Radio Reflejos<\/title>\n<meta name=\"robots\" content=\"index, follow, max-snippet:-1, max-image-preview:large, max-video-preview:-1\" \/>\n<link rel=\"canonical\" href=\"https:\/\/www.noticiasradioreflejos.com.ar\/2021\/detuvieron-a-un-narco-de-san-martin-e-investigan-si-tuvo-relacion-con-la-cocaina-adulterada\/\" \/>\n<meta property=\"og:locale\" content=\"es_ES\" \/>\n<meta property=\"og:type\" content=\"article\" \/>\n<meta property=\"og:title\" content=\"Detuvieron a un narco de San Mart\u00edn e investigan si tuvo relaci\u00f3n con la coca\u00edna adulterada - Noticias Radio Reflejos\" \/>\n<meta property=\"og:description\" content=\"Se trata de Joaqu\u00edn Aquino, alias \u201cEl Paisa\u201d, quien ten\u00eda pedido de captura en el marco de otra causa y fue detenido junto a otras seis personas. Se realizaron una serie de allanamientos de urgencia en los que se encontraron envoltorios de nylon color rosa, similares a los de la coca\u00edna adulterada que caus\u00f3 la [&hellip;]\" \/>\n<meta property=\"og:url\" content=\"https:\/\/www.noticiasradioreflejos.com.ar\/2021\/detuvieron-a-un-narco-de-san-martin-e-investigan-si-tuvo-relacion-con-la-cocaina-adulterada\/\" \/>\n<meta property=\"og:site_name\" content=\"Noticias Radio Reflejos\" \/>\n<meta property=\"article:published_time\" content=\"2022-02-03T17:13:02+00:00\" \/>\n<meta property=\"og:image\" content=\"https:\/\/www.telam.com.ar\/thumbs\/bluesteel\/advf\/imagenes\/2022\/02\/61fbf0065eef8_900.jpg\" \/>\n<meta name=\"author\" content=\"Arnaldo Botto\" \/>\n<meta name=\"twitter:card\" content=\"summary_large_image\" \/>\n<script type=\"application\/ld+json\" class=\"yoast-schema-graph\">{\"@context\":\"https:\/\/schema.org\",\"@graph\":[{\"@type\":\"WebPage\",\"@id\":\"https:\/\/www.noticiasradioreflejos.com.ar\/2021\/detuvieron-a-un-narco-de-san-martin-e-investigan-si-tuvo-relacion-con-la-cocaina-adulterada\/\",\"url\":\"https:\/\/www.noticiasradioreflejos.com.ar\/2021\/detuvieron-a-un-narco-de-san-martin-e-investigan-si-tuvo-relacion-con-la-cocaina-adulterada\/\",\"name\":\"Detuvieron a un narco de San Mart\u00edn e investigan si tuvo relaci\u00f3n con la coca\u00edna adulterada - Noticias Radio Reflejos\",\"isPartOf\":{\"@id\":\"https:\/\/www.noticiasradioreflejos.com.ar\/2021\/#website\"},\"primaryImageOfPage\":{\"@id\":\"https:\/\/www.noticiasradioreflejos.com.ar\/2021\/detuvieron-a-un-narco-de-san-martin-e-investigan-si-tuvo-relacion-con-la-cocaina-adulterada\/#primaryimage\"},\"image\":{\"@id\":\"https:\/\/www.noticiasradioreflejos.com.ar\/2021\/detuvieron-a-un-narco-de-san-martin-e-investigan-si-tuvo-relacion-con-la-cocaina-adulterada\/#primaryimage\"},\"thumbnailUrl\":\"https:\/\/www.telam.com.ar\/thumbs\/bluesteel\/advf\/imagenes\/2022\/02\/61fbf0065eef8_900.jpg\",\"datePublished\":\"2022-02-03T17:13:02+00:00\",\"author\":{\"@id\":\"https:\/\/www.noticiasradioreflejos.com.ar\/2021\/#\/schema\/person\/ad82545263dcc5ec0996818884fd5fb1\"},\"breadcrumb\":{\"@id\":\"https:\/\/www.noticiasradioreflejos.com.ar\/2021\/detuvieron-a-un-narco-de-san-martin-e-investigan-si-tuvo-relacion-con-la-cocaina-adulterada\/#breadcrumb\"},\"inLanguage\":\"es\",\"potentialAction\":[{\"@type\":\"ReadAction\",\"target\":[\"https:\/\/www.noticiasradioreflejos.com.ar\/2021\/detuvieron-a-un-narco-de-san-martin-e-investigan-si-tuvo-relacion-con-la-cocaina-adulterada\/\"]}]},{\"@type\":\"ImageObject\",\"inLanguage\":\"es\",\"@id\":\"https:\/\/www.noticiasradioreflejos.com.ar\/2021\/detuvieron-a-un-narco-de-san-martin-e-investigan-si-tuvo-relacion-con-la-cocaina-adulterada\/#primaryimage\",\"url\":\"https:\/\/www.telam.com.ar\/thumbs\/bluesteel\/advf\/imagenes\/2022\/02\/61fbf0065eef8_900.jpg\",\"contentUrl\":\"https:\/\/www.telam.com.ar\/thumbs\/bluesteel\/advf\/imagenes\/2022\/02\/61fbf0065eef8_900.jpg\"},{\"@type\":\"BreadcrumbList\",\"@id\":\"https:\/\/www.noticiasradioreflejos.com.ar\/2021\/detuvieron-a-un-narco-de-san-martin-e-investigan-si-tuvo-relacion-con-la-cocaina-adulterada\/#breadcrumb\",\"itemListElement\":[{\"@type\":\"ListItem\",\"position\":1,\"name\":\"Portada\",\"item\":\"https:\/\/www.noticiasradioreflejos.com.ar\/2021\/\"},{\"@type\":\"ListItem\",\"position\":2,\"name\":\"Detuvieron a un narco de San Mart\u00edn e investigan si tuvo relaci\u00f3n con la coca\u00edna adulterada\"}]},{\"@type\":\"WebSite\",\"@id\":\"https:\/\/www.noticiasradioreflejos.com.ar\/2021\/#website\",\"url\":\"https:\/\/www.noticiasradioreflejos.com.ar\/2021\/\",\"name\":\"Noticias Radio Reflejos\",\"description\":\"Las noticias de mi comarca\",\"potentialAction\":[{\"@type\":\"SearchAction\",\"target\":{\"@type\":\"EntryPoint\",\"urlTemplate\":\"https:\/\/www.noticiasradioreflejos.com.ar\/2021\/?s={search_term_string}\"},\"query-input\":{\"@type\":\"PropertyValueSpecification\",\"valueRequired\":true,\"valueName\":\"search_term_string\"}}],\"inLanguage\":\"es\"},{\"@type\":\"Person\",\"@id\":\"https:\/\/www.noticiasradioreflejos.com.ar\/2021\/#\/schema\/person\/ad82545263dcc5ec0996818884fd5fb1\",\"name\":\"Arnaldo Botto\",\"image\":{\"@type\":\"ImageObject\",\"inLanguage\":\"es\",\"@id\":\"https:\/\/www.noticiasradioreflejos.com.ar\/2021\/#\/schema\/person\/image\/\",\"url\":\"https:\/\/secure.gravatar.com\/avatar\/55cb5e37c1efa326397366e6974cb338056df65cb50e7d64d1cf314e87504837?s=96&d=mm&r=g\",\"contentUrl\":\"https:\/\/secure.gravatar.com\/avatar\/55cb5e37c1efa326397366e6974cb338056df65cb50e7d64d1cf314e87504837?s=96&d=mm&r=g\",\"caption\":\"Arnaldo Botto\"},\"url\":\"https:\/\/www.noticiasradioreflejos.com.ar\/2021\/author\/arnaldo\/\"}]}<\/script>\n<!-- \/ Yoast SEO plugin. -->","yoast_head_json":{"title":"Detuvieron a un narco de San Mart\u00edn e investigan si tuvo relaci\u00f3n con la coca\u00edna adulterada - Noticias Radio Reflejos","robots":{"index":"index","follow":"follow","max-snippet":"max-snippet:-1","max-image-preview":"max-image-preview:large","max-video-preview":"max-video-preview:-1"},"canonical":"https:\/\/www.noticiasradioreflejos.com.ar\/2021\/detuvieron-a-un-narco-de-san-martin-e-investigan-si-tuvo-relacion-con-la-cocaina-adulterada\/","og_locale":"es_ES","og_type":"article","og_title":"Detuvieron a un narco de San Mart\u00edn e investigan si tuvo relaci\u00f3n con la coca\u00edna adulterada - Noticias Radio Reflejos","og_description":"Se trata de Joaqu\u00edn Aquino, alias \u201cEl Paisa\u201d, quien ten\u00eda pedido de captura en el marco de otra causa y fue detenido junto a otras seis personas. Se realizaron una serie de allanamientos de urgencia en los que se encontraron envoltorios de nylon color rosa, similares a los de la coca\u00edna adulterada que caus\u00f3 la [&hellip;]","og_url":"https:\/\/www.noticiasradioreflejos.com.ar\/2021\/detuvieron-a-un-narco-de-san-martin-e-investigan-si-tuvo-relacion-con-la-cocaina-adulterada\/","og_site_name":"Noticias Radio Reflejos","article_published_time":"2022-02-03T17:13:02+00:00","og_image":[{"url":"https:\/\/www.telam.com.ar\/thumbs\/bluesteel\/advf\/imagenes\/2022\/02\/61fbf0065eef8_900.jpg","type":"","width":"","height":""}],"author":"Arnaldo Botto","twitter_card":"summary_large_image","schema":{"@context":"https:\/\/schema.org","@graph":[{"@type":"WebPage","@id":"https:\/\/www.noticiasradioreflejos.com.ar\/2021\/detuvieron-a-un-narco-de-san-martin-e-investigan-si-tuvo-relacion-con-la-cocaina-adulterada\/","url":"https:\/\/www.noticiasradioreflejos.com.ar\/2021\/detuvieron-a-un-narco-de-san-martin-e-investigan-si-tuvo-relacion-con-la-cocaina-adulterada\/","name":"Detuvieron a un narco de San Mart\u00edn e investigan si tuvo relaci\u00f3n con la coca\u00edna adulterada - Noticias Radio Reflejos","isPartOf":{"@id":"https:\/\/www.noticiasradioreflejos.com.ar\/2021\/#website"},"primaryImageOfPage":{"@id":"https:\/\/www.noticiasradioreflejos.com.ar\/2021\/detuvieron-a-un-narco-de-san-martin-e-investigan-si-tuvo-relacion-con-la-cocaina-adulterada\/#primaryimage"},"image":{"@id":"https:\/\/www.noticiasradioreflejos.com.ar\/2021\/detuvieron-a-un-narco-de-san-martin-e-investigan-si-tuvo-relacion-con-la-cocaina-adulterada\/#primaryimage"},"thumbnailUrl":"https:\/\/www.telam.com.ar\/thumbs\/bluesteel\/advf\/imagenes\/2022\/02\/61fbf0065eef8_900.jpg","datePublished":"2022-02-03T17:13:02+00:00","author":{"@id":"https:\/\/www.noticiasradioreflejos.com.ar\/2021\/#\/schema\/person\/ad82545263dcc5ec0996818884fd5fb1"},"breadcrumb":{"@id":"https:\/\/www.noticiasradioreflejos.com.ar\/2021\/detuvieron-a-un-narco-de-san-martin-e-investigan-si-tuvo-relacion-con-la-cocaina-adulterada\/#breadcrumb"},"inLanguage":"es","potentialAction":[{"@type":"ReadAction","target":["https:\/\/www.noticiasradioreflejos.com.ar\/2021\/detuvieron-a-un-narco-de-san-martin-e-investigan-si-tuvo-relacion-con-la-cocaina-adulterada\/"]}]},{"@type":"ImageObject","inLanguage":"es","@id":"https:\/\/www.noticiasradioreflejos.com.ar\/2021\/detuvieron-a-un-narco-de-san-martin-e-investigan-si-tuvo-relacion-con-la-cocaina-adulterada\/#primaryimage","url":"https:\/\/www.telam.com.ar\/thumbs\/bluesteel\/advf\/imagenes\/2022\/02\/61fbf0065eef8_900.jpg","contentUrl":"https:\/\/www.telam.com.ar\/thumbs\/bluesteel\/advf\/imagenes\/2022\/02\/61fbf0065eef8_900.jpg"},{"@type":"BreadcrumbList","@id":"https:\/\/www.noticiasradioreflejos.com.ar\/2021\/detuvieron-a-un-narco-de-san-martin-e-investigan-si-tuvo-relacion-con-la-cocaina-adulterada\/#breadcrumb","itemListElement":[{"@type":"ListItem","position":1,"name":"Portada","item":"https:\/\/www.noticiasradioreflejos.com.ar\/2021\/"},{"@type":"ListItem","position":2,"name":"Detuvieron a un narco de San Mart\u00edn e investigan si tuvo relaci\u00f3n con la coca\u00edna adulterada"}]},{"@type":"WebSite","@id":"https:\/\/www.noticiasradioreflejos.com.ar\/2021\/#website","url":"https:\/\/www.noticiasradioreflejos.com.ar\/2021\/","name":"Noticias Radio Reflejos","description":"Las noticias de mi comarca","potentialAction":[{"@type":"SearchAction","target":{"@type":"EntryPoint","urlTemplate":"https:\/\/www.noticiasradioreflejos.com.ar\/2021\/?s={search_term_string}"},"query-input":{"@type":"PropertyValueSpecification","valueRequired":true,"valueName":"search_term_string"}}],"inLanguage":"es"},{"@type":"Person","@id":"https:\/\/www.noticiasradioreflejos.com.ar\/2021\/#\/schema\/person\/ad82545263dcc5ec0996818884fd5fb1","name":"Arnaldo Botto","image":{"@type":"ImageObject","inLanguage":"es","@id":"https:\/\/www.noticiasradioreflejos.com.ar\/2021\/#\/schema\/person\/image\/","url":"https:\/\/secure.gravatar.com\/avatar\/55cb5e37c1efa326397366e6974cb338056df65cb50e7d64d1cf314e87504837?s=96&d=mm&r=g","contentUrl":"https:\/\/secure.gravatar.com\/avatar\/55cb5e37c1efa326397366e6974cb338056df65cb50e7d64d1cf314e87504837?s=96&d=mm&r=g","caption":"Arnaldo Botto"},"url":"https:\/\/www.noticiasradioreflejos.com.ar\/2021\/author\/arnaldo\/"}]}},"_links":{"self":[{"href":"https:\/\/www.noticiasradioreflejos.com.ar\/2021\/wp-json\/wp\/v2\/posts\/67861","targetHints":{"allow":["GET"]}}],"collection":[{"href":"https:\/\/www.noticiasradioreflejos.com.ar\/2021\/wp-json\/wp\/v2\/posts"}],"about":[{"href":"https:\/\/www.noticiasradioreflejos.com.ar\/2021\/wp-json\/wp\/v2\/types\/post"}],"author":[{"embeddable":true,"href":"https:\/\/www.noticiasradioreflejos.com.ar\/2021\/wp-json\/wp\/v2\/users\/3"}],"replies":[{"embeddable":true,"href":"https:\/\/www.noticiasradioreflejos.com.ar\/2021\/wp-json\/wp\/v2\/comments?post=67861"}],"version-history":[{"count":1,"href":"https:\/\/www.noticiasradioreflejos.com.ar\/2021\/wp-json\/wp\/v2\/posts\/67861\/revisions"}],"predecessor-version":[{"id":67863,"href":"https:\/\/www.noticiasradioreflejos.com.ar\/2021\/wp-json\/wp\/v2\/posts\/67861\/revisions\/67863"}],"wp:attachment":[{"href":"https:\/\/www.noticiasradioreflejos.com.ar\/2021\/wp-json\/wp\/v2\/media?parent=67861"}],"wp:term":[{"taxonomy":"category","embeddable":true,"href":"https:\/\/www.noticiasradioreflejos.com.ar\/2021\/wp-json\/wp\/v2\/categories?post=67861"},{"taxonomy":"post_tag","embeddable":true,"href":"https:\/\/www.noticiasradioreflejos.com.ar\/2021\/wp-json\/wp\/v2\/tags?post=67861"}],"curies":[{"name":"wp","href":"https:\/\/api.w.org\/{rel}","templated":true}]}}