{"id":67857,"date":"2022-02-03T14:18:07","date_gmt":"2022-02-03T14:18:07","guid":{"rendered":"http:\/\/www.noticiasradioreflejos.com.ar\/2021\/?p=67857"},"modified":"2022-02-03T14:22:56","modified_gmt":"2022-02-03T14:22:56","slug":"lo-central-aca-es-contarle-a-los-vecinos-los-enormes-problemas-en-que-nos-metieron-el-macrismo-y-el-radicalismo","status":"publish","type":"post","link":"https:\/\/www.noticiasradioreflejos.com.ar\/2021\/lo-central-aca-es-contarle-a-los-vecinos-los-enormes-problemas-en-que-nos-metieron-el-macrismo-y-el-radicalismo\/","title":{"rendered":"\u00abLo central ac\u00e1 es contarle a los vecinos los enormes problemas en que nos metieron el macrismo y el radicalismo\u00bb"},"content":{"rendered":"<p>El presidente del partido Frente Grande de Tornquist en coincidencia con las autoridades de su partido nos dice que no le gusta tener que explicar \u00e9stas situaciones porque lo central ac\u00e1 es contarle a los vecinos los enormes problemas en que nos metieron el macrismo y el radicalismo tomando una deuda enorme y con plazos impagables, mientras bailaban y tiraban globos amarillos teniendo el apoyo de los dirigentes de Juntos y Acci\u00f3n por Tornquist.<!--more--><br \/>\nEn lo que respecta a las diferencias dentro del Frente de Todos asegura que siempre hay diferencias en un espacio plural y diverso, y que lo m\u00e1s importante es trabajar para generar los espacios que permitan el di\u00e1logo y la participaci\u00f3n de los partidos que son parte del Frente de TODXS para que las diferencias y los matices nos fortalezcan y no tengamos por ejemplo la debilidad que tenemos en Tornquist donde s\u00f3lo 2 de cada 10 personas votaron la propuesta electoral.<br \/>\nEn el Frente de TODXS hemos logrado superar muchos problemas dejados por el gobierno anterior y hemos dado muestras que, a\u00fan con errores, manejamos correctamente las consecuencias sanitarias, educativas, asistenciales y econ\u00f3micas de la pandemia.<br \/>\nEn particular el compa\u00f1ero diputado M\u00e1ximo Kirchner ha sido un puntal importante por ejemplo con la ley de zona fr\u00eda que nos permite pagar menos por el consumo de gas o el aporte solidario a la riqueza que nos ayudo con los enormes costos ocasionados por el COVID.<br \/>\nM\u00e1ximo en su renuncia nos dice \u00abSeguir\u00e9 trabajando, como lo hice hasta ahora\u00bb, y eso es lo m\u00e1s importante que trabajemos por una genuina unidad y por un Frente de Todos y no de algunos.<\/p>\n<p>&nbsp;<\/p>\n<p><iframe loading=\"lazy\" src=\"https:\/\/w.soundcloud.com\/player\/?url=https%3A\/\/api.soundcloud.com\/tracks\/1209037150&amp;color=%23ff5500&amp;auto_play=false&amp;hide_related=false&amp;show_comments=true&amp;show_user=true&amp;show_reposts=false&amp;show_teaser=true\" width=\"100%\" height=\"166\" frameborder=\"no\" scrolling=\"no\"><\/iframe><\/p>\n<div style=\"font-size: 10px; color: #cccccc; line-break: anywhere; word-break: normal; overflow: hidden; white-space: nowrap; text-overflow: ellipsis; font-family: Interstate,Lucida Grande,Lucida Sans Unicode,Lucida Sans,Garuda,Verdana,Tahoma,sans-serif; font-weight: 100;\"><a style=\"color: #cccccc; text-decoration: none;\" title=\"fmreflejos 103.7\" href=\"https:\/\/soundcloud.com\/fmreflejos-103-7\" target=\"_blank\" rel=\"noopener\">fmreflejos 103.7<\/a> \u00b7 <a style=\"color: #cccccc; text-decoration: none;\" title=\"Claudio Masson Opini\u00f3n Pol\u00edtica\" href=\"https:\/\/soundcloud.com\/fmreflejos-103-7\/claudio-masson-opinion-politica\" target=\"_blank\" rel=\"noopener\">Claudio Masson Opini\u00f3n Pol\u00edtica<\/a><\/div>\n","protected":false},"excerpt":{"rendered":"<p>El presidente del partido Frente Grande de Tornquist en coincidencia con las autoridades de su partido nos dice que no le gusta tener que explicar \u00e9stas situaciones porque lo central ac\u00e1 es contarle a los vecinos los enormes problemas en que nos metieron el macrismo y el radicalismo tomando una deuda enorme y con plazos [&hellip;]<\/p>\n","protected":false},"author":3,"featured_media":0,"comment_status":"closed","ping_status":"closed","sticky":false,"template":"","format":"standard","meta":{"footnotes":""},"categories":[24],"tags":[48],"class_list":["post-67857","post","type-post","status-publish","format-standard","hentry","category-politica","tag-destacada"],"yoast_head":"<!-- This site is optimized with the Yoast SEO plugin v25.9 - https:\/\/yoast.com\/wordpress\/plugins\/seo\/ -->\n<title>&quot;Lo central ac\u00e1 es contarle a los vecinos los enormes problemas en que nos metieron el macrismo y el radicalismo&quot; - Noticias Radio Reflejos<\/title>\n<meta name=\"robots\" content=\"index, follow, max-snippet:-1, max-image-preview:large, max-video-preview:-1\" \/>\n<link rel=\"canonical\" href=\"https:\/\/www.noticiasradioreflejos.com.ar\/2021\/lo-central-aca-es-contarle-a-los-vecinos-los-enormes-problemas-en-que-nos-metieron-el-macrismo-y-el-radicalismo\/\" \/>\n<meta property=\"og:locale\" content=\"es_ES\" \/>\n<meta property=\"og:type\" content=\"article\" \/>\n<meta property=\"og:title\" content=\"&quot;Lo central ac\u00e1 es contarle a los vecinos los enormes problemas en que nos metieron el macrismo y el radicalismo&quot; - Noticias Radio Reflejos\" \/>\n<meta property=\"og:description\" content=\"El presidente del partido Frente Grande de Tornquist en coincidencia con las autoridades de su partido nos dice que no le gusta tener que explicar \u00e9stas situaciones porque lo central ac\u00e1 es contarle a los vecinos los enormes problemas en que nos metieron el macrismo y el radicalismo tomando una deuda enorme y con plazos [&hellip;]\" \/>\n<meta property=\"og:url\" content=\"https:\/\/www.noticiasradioreflejos.com.ar\/2021\/lo-central-aca-es-contarle-a-los-vecinos-los-enormes-problemas-en-que-nos-metieron-el-macrismo-y-el-radicalismo\/\" \/>\n<meta property=\"og:site_name\" content=\"Noticias Radio Reflejos\" \/>\n<meta property=\"article:published_time\" content=\"2022-02-03T14:18:07+00:00\" \/>\n<meta property=\"article:modified_time\" content=\"2022-02-03T14:22:56+00:00\" \/>\n<meta property=\"og:image\" content=\"https:\/\/www.noticiasradioreflejos.com.ar\/2021\/wp-content\/uploads\/2021\/07\/logosol300x200.png\" \/>\n\t<meta property=\"og:image:width\" content=\"300\" \/>\n\t<meta property=\"og:image:height\" content=\"200\" \/>\n\t<meta property=\"og:image:type\" content=\"image\/png\" \/>\n<meta name=\"author\" content=\"Arnaldo Botto\" \/>\n<meta name=\"twitter:card\" content=\"summary_large_image\" \/>\n<script type=\"application\/ld+json\" class=\"yoast-schema-graph\">{\"@context\":\"https:\/\/schema.org\",\"@graph\":[{\"@type\":\"WebPage\",\"@id\":\"https:\/\/www.noticiasradioreflejos.com.ar\/2021\/lo-central-aca-es-contarle-a-los-vecinos-los-enormes-problemas-en-que-nos-metieron-el-macrismo-y-el-radicalismo\/\",\"url\":\"https:\/\/www.noticiasradioreflejos.com.ar\/2021\/lo-central-aca-es-contarle-a-los-vecinos-los-enormes-problemas-en-que-nos-metieron-el-macrismo-y-el-radicalismo\/\",\"name\":\"\\\"Lo central ac\u00e1 es contarle a los vecinos los enormes problemas en que nos metieron el macrismo y el radicalismo\\\" - Noticias Radio Reflejos\",\"isPartOf\":{\"@id\":\"https:\/\/www.noticiasradioreflejos.com.ar\/2021\/#website\"},\"datePublished\":\"2022-02-03T14:18:07+00:00\",\"dateModified\":\"2022-02-03T14:22:56+00:00\",\"author\":{\"@id\":\"https:\/\/www.noticiasradioreflejos.com.ar\/2021\/#\/schema\/person\/ad82545263dcc5ec0996818884fd5fb1\"},\"breadcrumb\":{\"@id\":\"https:\/\/www.noticiasradioreflejos.com.ar\/2021\/lo-central-aca-es-contarle-a-los-vecinos-los-enormes-problemas-en-que-nos-metieron-el-macrismo-y-el-radicalismo\/#breadcrumb\"},\"inLanguage\":\"es\",\"potentialAction\":[{\"@type\":\"ReadAction\",\"target\":[\"https:\/\/www.noticiasradioreflejos.com.ar\/2021\/lo-central-aca-es-contarle-a-los-vecinos-los-enormes-problemas-en-que-nos-metieron-el-macrismo-y-el-radicalismo\/\"]}]},{\"@type\":\"BreadcrumbList\",\"@id\":\"https:\/\/www.noticiasradioreflejos.com.ar\/2021\/lo-central-aca-es-contarle-a-los-vecinos-los-enormes-problemas-en-que-nos-metieron-el-macrismo-y-el-radicalismo\/#breadcrumb\",\"itemListElement\":[{\"@type\":\"ListItem\",\"position\":1,\"name\":\"Portada\",\"item\":\"https:\/\/www.noticiasradioreflejos.com.ar\/2021\/\"},{\"@type\":\"ListItem\",\"position\":2,\"name\":\"\u00abLo central ac\u00e1 es contarle a los vecinos los enormes problemas en que nos metieron el macrismo y el radicalismo\u00bb\"}]},{\"@type\":\"WebSite\",\"@id\":\"https:\/\/www.noticiasradioreflejos.com.ar\/2021\/#website\",\"url\":\"https:\/\/www.noticiasradioreflejos.com.ar\/2021\/\",\"name\":\"Noticias Radio Reflejos\",\"description\":\"Las noticias de mi comarca\",\"potentialAction\":[{\"@type\":\"SearchAction\",\"target\":{\"@type\":\"EntryPoint\",\"urlTemplate\":\"https:\/\/www.noticiasradioreflejos.com.ar\/2021\/?s={search_term_string}\"},\"query-input\":{\"@type\":\"PropertyValueSpecification\",\"valueRequired\":true,\"valueName\":\"search_term_string\"}}],\"inLanguage\":\"es\"},{\"@type\":\"Person\",\"@id\":\"https:\/\/www.noticiasradioreflejos.com.ar\/2021\/#\/schema\/person\/ad82545263dcc5ec0996818884fd5fb1\",\"name\":\"Arnaldo Botto\",\"image\":{\"@type\":\"ImageObject\",\"inLanguage\":\"es\",\"@id\":\"https:\/\/www.noticiasradioreflejos.com.ar\/2021\/#\/schema\/person\/image\/\",\"url\":\"https:\/\/secure.gravatar.com\/avatar\/55cb5e37c1efa326397366e6974cb338056df65cb50e7d64d1cf314e87504837?s=96&d=mm&r=g\",\"contentUrl\":\"https:\/\/secure.gravatar.com\/avatar\/55cb5e37c1efa326397366e6974cb338056df65cb50e7d64d1cf314e87504837?s=96&d=mm&r=g\",\"caption\":\"Arnaldo Botto\"},\"url\":\"https:\/\/www.noticiasradioreflejos.com.ar\/2021\/author\/arnaldo\/\"}]}<\/script>\n<!-- \/ Yoast SEO plugin. -->","yoast_head_json":{"title":"\"Lo central ac\u00e1 es contarle a los vecinos los enormes problemas en que nos metieron el macrismo y el radicalismo\" - Noticias Radio Reflejos","robots":{"index":"index","follow":"follow","max-snippet":"max-snippet:-1","max-image-preview":"max-image-preview:large","max-video-preview":"max-video-preview:-1"},"canonical":"https:\/\/www.noticiasradioreflejos.com.ar\/2021\/lo-central-aca-es-contarle-a-los-vecinos-los-enormes-problemas-en-que-nos-metieron-el-macrismo-y-el-radicalismo\/","og_locale":"es_ES","og_type":"article","og_title":"\"Lo central ac\u00e1 es contarle a los vecinos los enormes problemas en que nos metieron el macrismo y el radicalismo\" - Noticias Radio Reflejos","og_description":"El presidente del partido Frente Grande de Tornquist en coincidencia con las autoridades de su partido nos dice que no le gusta tener que explicar \u00e9stas situaciones porque lo central ac\u00e1 es contarle a los vecinos los enormes problemas en que nos metieron el macrismo y el radicalismo tomando una deuda enorme y con plazos [&hellip;]","og_url":"https:\/\/www.noticiasradioreflejos.com.ar\/2021\/lo-central-aca-es-contarle-a-los-vecinos-los-enormes-problemas-en-que-nos-metieron-el-macrismo-y-el-radicalismo\/","og_site_name":"Noticias Radio Reflejos","article_published_time":"2022-02-03T14:18:07+00:00","article_modified_time":"2022-02-03T14:22:56+00:00","og_image":[{"width":300,"height":200,"url":"https:\/\/www.noticiasradioreflejos.com.ar\/2021\/wp-content\/uploads\/2021\/07\/logosol300x200.png","type":"image\/png"}],"author":"Arnaldo Botto","twitter_card":"summary_large_image","schema":{"@context":"https:\/\/schema.org","@graph":[{"@type":"WebPage","@id":"https:\/\/www.noticiasradioreflejos.com.ar\/2021\/lo-central-aca-es-contarle-a-los-vecinos-los-enormes-problemas-en-que-nos-metieron-el-macrismo-y-el-radicalismo\/","url":"https:\/\/www.noticiasradioreflejos.com.ar\/2021\/lo-central-aca-es-contarle-a-los-vecinos-los-enormes-problemas-en-que-nos-metieron-el-macrismo-y-el-radicalismo\/","name":"\"Lo central ac\u00e1 es contarle a los vecinos los enormes problemas en que nos metieron el macrismo y el radicalismo\" - Noticias Radio Reflejos","isPartOf":{"@id":"https:\/\/www.noticiasradioreflejos.com.ar\/2021\/#website"},"datePublished":"2022-02-03T14:18:07+00:00","dateModified":"2022-02-03T14:22:56+00:00","author":{"@id":"https:\/\/www.noticiasradioreflejos.com.ar\/2021\/#\/schema\/person\/ad82545263dcc5ec0996818884fd5fb1"},"breadcrumb":{"@id":"https:\/\/www.noticiasradioreflejos.com.ar\/2021\/lo-central-aca-es-contarle-a-los-vecinos-los-enormes-problemas-en-que-nos-metieron-el-macrismo-y-el-radicalismo\/#breadcrumb"},"inLanguage":"es","potentialAction":[{"@type":"ReadAction","target":["https:\/\/www.noticiasradioreflejos.com.ar\/2021\/lo-central-aca-es-contarle-a-los-vecinos-los-enormes-problemas-en-que-nos-metieron-el-macrismo-y-el-radicalismo\/"]}]},{"@type":"BreadcrumbList","@id":"https:\/\/www.noticiasradioreflejos.com.ar\/2021\/lo-central-aca-es-contarle-a-los-vecinos-los-enormes-problemas-en-que-nos-metieron-el-macrismo-y-el-radicalismo\/#breadcrumb","itemListElement":[{"@type":"ListItem","position":1,"name":"Portada","item":"https:\/\/www.noticiasradioreflejos.com.ar\/2021\/"},{"@type":"ListItem","position":2,"name":"\u00abLo central ac\u00e1 es contarle a los vecinos los enormes problemas en que nos metieron el macrismo y el radicalismo\u00bb"}]},{"@type":"WebSite","@id":"https:\/\/www.noticiasradioreflejos.com.ar\/2021\/#website","url":"https:\/\/www.noticiasradioreflejos.com.ar\/2021\/","name":"Noticias Radio Reflejos","description":"Las noticias de mi comarca","potentialAction":[{"@type":"SearchAction","target":{"@type":"EntryPoint","urlTemplate":"https:\/\/www.noticiasradioreflejos.com.ar\/2021\/?s={search_term_string}"},"query-input":{"@type":"PropertyValueSpecification","valueRequired":true,"valueName":"search_term_string"}}],"inLanguage":"es"},{"@type":"Person","@id":"https:\/\/www.noticiasradioreflejos.com.ar\/2021\/#\/schema\/person\/ad82545263dcc5ec0996818884fd5fb1","name":"Arnaldo Botto","image":{"@type":"ImageObject","inLanguage":"es","@id":"https:\/\/www.noticiasradioreflejos.com.ar\/2021\/#\/schema\/person\/image\/","url":"https:\/\/secure.gravatar.com\/avatar\/55cb5e37c1efa326397366e6974cb338056df65cb50e7d64d1cf314e87504837?s=96&d=mm&r=g","contentUrl":"https:\/\/secure.gravatar.com\/avatar\/55cb5e37c1efa326397366e6974cb338056df65cb50e7d64d1cf314e87504837?s=96&d=mm&r=g","caption":"Arnaldo Botto"},"url":"https:\/\/www.noticiasradioreflejos.com.ar\/2021\/author\/arnaldo\/"}]}},"_links":{"self":[{"href":"https:\/\/www.noticiasradioreflejos.com.ar\/2021\/wp-json\/wp\/v2\/posts\/67857","targetHints":{"allow":["GET"]}}],"collection":[{"href":"https:\/\/www.noticiasradioreflejos.com.ar\/2021\/wp-json\/wp\/v2\/posts"}],"about":[{"href":"https:\/\/www.noticiasradioreflejos.com.ar\/2021\/wp-json\/wp\/v2\/types\/post"}],"author":[{"embeddable":true,"href":"https:\/\/www.noticiasradioreflejos.com.ar\/2021\/wp-json\/wp\/v2\/users\/3"}],"replies":[{"embeddable":true,"href":"https:\/\/www.noticiasradioreflejos.com.ar\/2021\/wp-json\/wp\/v2\/comments?post=67857"}],"version-history":[{"count":3,"href":"https:\/\/www.noticiasradioreflejos.com.ar\/2021\/wp-json\/wp\/v2\/posts\/67857\/revisions"}],"predecessor-version":[{"id":67860,"href":"https:\/\/www.noticiasradioreflejos.com.ar\/2021\/wp-json\/wp\/v2\/posts\/67857\/revisions\/67860"}],"wp:attachment":[{"href":"https:\/\/www.noticiasradioreflejos.com.ar\/2021\/wp-json\/wp\/v2\/media?parent=67857"}],"wp:term":[{"taxonomy":"category","embeddable":true,"href":"https:\/\/www.noticiasradioreflejos.com.ar\/2021\/wp-json\/wp\/v2\/categories?post=67857"},{"taxonomy":"post_tag","embeddable":true,"href":"https:\/\/www.noticiasradioreflejos.com.ar\/2021\/wp-json\/wp\/v2\/tags?post=67857"}],"curies":[{"name":"wp","href":"https:\/\/api.w.org\/{rel}","templated":true}]}}