{"id":67833,"date":"2022-02-03T11:01:25","date_gmt":"2022-02-03T11:01:25","guid":{"rendered":"http:\/\/www.noticiasradioreflejos.com.ar\/2021\/?p=67833"},"modified":"2022-02-03T11:01:25","modified_gmt":"2022-02-03T11:01:25","slug":"droga-envenenada-confirman-20-muertos-y-hay-74-personas-internadas","status":"publish","type":"post","link":"https:\/\/www.noticiasradioreflejos.com.ar\/2021\/droga-envenenada-confirman-20-muertos-y-hay-74-personas-internadas\/","title":{"rendered":"Droga envenenada: confirman 20 muertos y hay 74 personas internadas"},"content":{"rendered":"<p>El fiscal que interviene en la causa por las muertes e intoxicaciones producidas en los partidos bonaerenses de Hurlingham, Tres de Febrero y San Mart\u00edn, asegur\u00f3 que a\u00fan no se sabe con que fue adulterada la coca\u00edna, pero que se tratar\u00eda de un hecho adrede.<\/p>\n<div>\n<div class=\"wrapper-editable-content\">\n<div class=\"container-md\">\n<div class=\"row\">\n<div class=\"col-md-12 speak\">\n<div class=\"paragraph\">\n<div class=\"video_repositive\">\n<div id=\"kHpy9QubDBs\" class=\"video_telam\">\n<div class=\"feature_article_inner\">\n<div class=\"feature_article_title\">\n<h2 class=\"text-center\">Confirman 17 muertos por consumir droga envenenada y creen que fue \u00abintencional\u00bb<\/h2>\n<p><iframe loading=\"lazy\" title=\"YouTube video player\" src=\"https:\/\/www.youtube.com\/embed\/kHpy9QubDBs\" width=\"843\" height=\"474\" frameborder=\"0\" allowfullscreen=\"allowfullscreen\"><\/iframe><br \/>\nAl menos 20 personas murieron por la aparente ingesta de coca\u00edna envenenada y 74 permanec\u00edan internadas en hospitales de distintos partidos bonaerenses, seg\u00fan informaron esta noche fuentes del Gobierno bonaerense, mientras que el fiscal general que interviene en la causa dijo que se sospecha de un hecho intencional.<\/p>\n<p>Los voceros detallaron que de los internados 18 est\u00e1n con asistencia respiratoria mec\u00e1nica en los hospitales de San Mart\u00edn, Tres de Febrero, Tigre, General Rodr\u00edguez, Moreno, Mor\u00f3n, Ituzaing\u00f3, Hurlingham, San Isidro y Vicente L\u00f3pez.<\/p>\n<p>Durante la jornada el Ministerio de Salud bonaerense constituy\u00f3 un comit\u00e9 de emergencia para seguir la evoluci\u00f3n de los casos en tiempo real y en articulaci\u00f3n con los servicios de toxicolog\u00eda de la red bonaerense, al tiempo que se reforz\u00f3 la distribuci\u00f3n de medicamentos para el tratamiento de los pacientes y se sumaron dos unidades para el sistema de traslados.<\/p>\n<figure class=\"mb-3\"><img decoding=\"async\" src=\"https:\/\/www.telam.com.ar\/thumbs\/bluesteel\/advf\/imagenes\/2022\/02\/61fac5e98060e_900.jpg\" alt=\"Un vocero judicial inform que estn relevando todos los hospitales de la zona para centralizar todos los casos Foto Eliana Obregn\" width=\"100%\" height=\"100%\" \/><\/figure>\n<\/div>\n<\/div>\n<\/div>\n<\/div>\n<\/div>\n<\/div>\n<div class=\"media-icons\"><\/div>\n<p>Un vocero judicial inform\u00f3 que est\u00e1n \u00abrelevando todos los hospitales de la zona para centralizar todos los casos\u00bb. Foto: Eliana Obreg\u00f3n<\/p>\n<p>Debido a la masiva intoxicaci\u00f3n, el Ministerio de Salud provincial emiti\u00f3 esta tarde un \u00abalerta epidemiologica\u00bb por \u00abprobable intoxicaci\u00f3n con opi\u00e1ceos\u00bb ante \u00abla identificaci\u00f3n de casos con signos de shock, depresi\u00f3n del sensorio, dificultad respiratoria, excitaci\u00f3n psicomotriz, y que presentan antecedentes de consumo reciente de coca\u00edna en establecimientos de salud de los municipios de Hurlingham, San Mart\u00edn, Tres de Febrero, Mor\u00f3n, Tigre, Ituzaing\u00f3 y General Rodr\u00edguez.<\/p>\n<p>Sobre las circunstancias del episodio, el fiscal general de San Mart\u00edn, Marcelo Lapargo, dijo que \u00abpuede ser que se trate de un ajuste cuentas entre bandas\u00bb, ya que no hay antecedentes de este tipo, lo que lo lleva a pensar que \u00abla sustancia que sea ha sido incluida intencionalmente, no es un error en el procesamiento del material o no parece serlo\u00bb.<\/p>\n<p>Por su parte, el ministro de Seguridad bonaerense, Sergio Berni, inform\u00f3 que al tomarse conocimiento de los primeros casos y obtenerse por testigos datos de cu\u00e1l ser\u00eda el lugar donde se vendi\u00f3 la sustancia envenenada, se desplegaron allanamientos en un asentamiento conocido como \u00abPuerta 8\u00bb, del partido de Tres de Febrero, donde fueron detenidas diez personas en un b\u00fanker de venta de coca\u00edna que ya hab\u00eda sido allanado hace 45 d\u00edas en el marco de otra investigaci\u00f3n.<\/p>\n<figure class=\"mb-3\"><img decoding=\"async\" src=\"https:\/\/www.telam.com.ar\/thumbs\/bluesteel\/advf\/imagenes\/2022\/02\/61fad6d81eb3e_900.jpg\" alt=\"Los operativos en Tres de Febrero buscan detener la comercializacin de la droga Foto Eliana Obregn\" width=\"100%\" height=\"100%\" \/><\/p>\n<div class=\"media-icons\"><\/div><figcaption>Los operativos en Tres de Febrero buscan detener la comercializaci\u00f3n de la droga. Foto: Eliana Obreg\u00f3n<\/figcaption><\/figure>\n<p>En la causa interviene una fiscal\u00eda especializada en Drogas Il\u00edcitas del departamento Judicial de San Mart\u00edn, a cargo de Germ\u00e1n Mart\u00ednez, quien deber\u00e1 ahora determinar si ese asentamiento fue el origen de la droga y si los detenidos tuvieron responsabilidad en su comercializaci\u00f3n.<\/p>\n<p>Esta ma\u00f1ana, al contar con informaci\u00f3n sobre las primeras v\u00edctimas, desde la Fiscal\u00eda General de San Mart\u00edn emitieron un comunicado para alertar a la poblaci\u00f3n.<\/p>\n<p>\u00abSe pone en conocimiento de la poblaci\u00f3n en general que se ha determinado que circula una sustancia comercializada como coca\u00edna de alt\u00edsima toxicidad. Se han producido a la fecha siete fallecimientos y al menos una docena de internaciones de alt\u00edsima complejidad por las secuelas de su consumo\u00bb, alert\u00f3 el comunicado.<\/p>\n<p>\u00abSe comunica dicha informaci\u00f3n a la poblaci\u00f3n en general con el fin de que adopten comportamiento positivos con el fin de protegerse a s\u00ed mismos y cuidar de su salud\u00bb, indic\u00f3.<\/p>\n<p>Sobre las circunstancias del hecho, Lapargo cont\u00f3 esta tarde a la prensa que a\u00fan no se sabe con qu\u00e9 se adulter\u00f3 la coca\u00edna y dijo que hay sospechas de que se trat\u00f3 de un hecho intencional.<\/p>\n<figure class=\"mb-3\"><img decoding=\"async\" src=\"https:\/\/www.telam.com.ar\/thumbs\/bluesteel\/advf\/imagenes\/2022\/02\/61fad6d884d88_900.jpg\" alt=\"Sergio Berni advirti que quienes compraron droga en estas ltimas 24 horas tienen que descartarla Foto Eliana Obregn\" width=\"100%\" height=\"100%\" \/><\/p>\n<div class=\"media-icons\"><\/div><figcaption>Sergio Berni, advirti\u00f3 que quienes compraron droga en estas \u00faltimas 24 horas \u00abtienen que descartarla\u00bb. Foto: Eliana Obreg\u00f3n<\/figcaption><\/figure>\n<p>\u00abNosotros no sabemos con qu\u00e9 est\u00e1 adulterada, no es algo normal, no es algo habitual. Este hecho es absolutamente excepcional, no tenemos ning\u00fan antecedente, lo cual nos lleva a pensar que la sustancia que sea ha sido incluida intencionalmente, no es un error en el procesamiento del material o no parece serlo\u00bb, sostuvo.<\/p>\n<p>Al respecto, agreg\u00f3: \u00abTenemos el testimonio de una persona que estuvo en un grupo que estaba consumiendo que dijo simplemente yo consum\u00ed una cantidad peque\u00f1a, me sent\u00ed muy mal y no consum\u00ed m\u00e1s. Los que estaban con \u00e9l siguieron y fallecieron tres de ellos\u00bb.<\/p>\n<p>En ese sentido, las fuentes consultadas indicaron que uno de los intoxicados lleg\u00f3 a contarle a la polic\u00eda que la droga que hab\u00eda ingerido la hab\u00eda comprado en las inmediaciones del barrio de emergencia \u00abPuerta 8\u00bb, en Tres de Febrero, y se le secuestr\u00f3 un envoltorio con la sustancia en cuesti\u00f3n, que ahora ser\u00e1 analizada en laboratorio, junto a otra dosis de la droga que se le incaut\u00f3 a uno de los pacientes de la Unidad de Pronta Atenci\u00f3n (UPA) 9, envuelta en un billete de 20 pesos.<\/p>\n<p>Al determinarse el posible punto de venta de la droga, la UFI 16 de San Mart\u00edn, se hizo cargo de toda la investigaci\u00f3n por las muertes y decenas de intoxicados, incluso de los fallecidos en Hurlingham.<\/p>\n<blockquote class=\"instagram-media\" style=\"background: #FFF; border: 0; border-radius: 3px; box-shadow: 0 0 1px 0 rgba(0,0,0,0.5),0 1px 10px 0 rgba(0,0,0,0.15); margin: 1px; max-width: 540px; min-width: 326px; padding: 0; width: calc(100% - 2px);\" data-instgrm-captioned=\"\" data-instgrm-permalink=\"https:\/\/www.instagram.com\/reel\/CZfNn8jKsjc\/?utm_source=ig_embed&amp;utm_campaign=loading\" data-instgrm-version=\"14\">\n<div style=\"padding: 16px;\">\n<p>&nbsp;<\/p>\n<div style=\"display: flex; flex-direction: row; align-items: center;\">\n<div style=\"background-color: #f4f4f4; border-radius: 50%; flex-grow: 0; height: 40px; margin-right: 14px; width: 40px;\"><\/div>\n<div style=\"display: flex; flex-direction: column; flex-grow: 1; justify-content: center;\">\n<div style=\"background-color: #f4f4f4; border-radius: 4px; flex-grow: 0; height: 14px; margin-bottom: 6px; width: 100px;\"><\/div>\n<div style=\"background-color: #f4f4f4; border-radius: 4px; flex-grow: 0; height: 14px; width: 60px;\"><\/div>\n<\/div>\n<\/div>\n<div style=\"padding: 19% 0;\"><\/div>\n<div style=\"display: block; height: 50px; margin: 0 auto 12px; width: 50px;\"><\/div>\n<div style=\"padding-top: 8px;\">\n<div style=\"color: #3897f0; font-family: Arial,sans-serif; font-size: 14px; font-style: normal; font-weight: 550; line-height: 18px;\">Ver esta publicaci\u00f3n en Instagram<\/div>\n<\/div>\n<div style=\"padding: 12.5% 0;\"><\/div>\n<div style=\"display: flex; flex-direction: row; margin-bottom: 14px; align-items: center;\">\n<div>\n<div style=\"background-color: #f4f4f4; border-radius: 50%; height: 12.5px; width: 12.5px; transform: translateX(0px) translateY(7px);\"><\/div>\n<div style=\"background-color: #f4f4f4; height: 12.5px; transform: rotate(-45deg) translateX(3px) translateY(1px); width: 12.5px; flex-grow: 0; margin-right: 14px; margin-left: 2px;\"><\/div>\n<div style=\"background-color: #f4f4f4; border-radius: 50%; height: 12.5px; width: 12.5px; transform: translateX(9px) translateY(-18px);\"><\/div>\n<\/div>\n<div style=\"margin-left: 8px;\">\n<div style=\"background-color: #f4f4f4; border-radius: 50%; flex-grow: 0; height: 20px; width: 20px;\"><\/div>\n<div style=\"width: 0; height: 0; border-top: 2px solid transparent; border-left: 6px solid #f4f4f4; border-bottom: 2px solid transparent; transform: translateX(16px) translateY(-4px) rotate(30deg);\"><\/div>\n<\/div>\n<div style=\"margin-left: auto;\">\n<div style=\"width: 0px; border-top: 8px solid #F4F4F4; border-right: 8px solid transparent; transform: translateY(16px);\"><\/div>\n<div style=\"background-color: #f4f4f4; flex-grow: 0; height: 12px; width: 16px; transform: translateY(-4px);\"><\/div>\n<div style=\"width: 0; height: 0; border-top: 8px solid #F4F4F4; border-left: 8px solid transparent; transform: translateY(-4px) translateX(8px);\"><\/div>\n<\/div>\n<\/div>\n<div style=\"display: flex; flex-direction: column; flex-grow: 1; justify-content: center; margin-bottom: 24px;\">\n<div style=\"background-color: #f4f4f4; border-radius: 4px; flex-grow: 0; height: 14px; margin-bottom: 6px; width: 224px;\"><\/div>\n<div style=\"background-color: #f4f4f4; border-radius: 4px; flex-grow: 0; height: 14px; width: 144px;\"><\/div>\n<\/div>\n<p>&nbsp;<\/p>\n<p style=\"color: #c9c8cd; font-family: Arial,sans-serif; font-size: 14px; line-height: 17px; margin-bottom: 0; margin-top: 8px; overflow: hidden; padding: 8px 0 7px; text-align: center; text-overflow: ellipsis; white-space: nowrap;\"><a style=\"color: #c9c8cd; font-family: Arial,sans-serif; font-size: 14px; font-style: normal; font-weight: normal; line-height: 17px; text-decoration: none;\" href=\"https:\/\/www.instagram.com\/reel\/CZfNn8jKsjc\/?utm_source=ig_embed&amp;utm_campaign=loading\" target=\"_blank\" rel=\"noopener\">Una publicaci\u00f3n compartida de Agencia Te\u0301lam (@agencia_telam)<\/a><\/p>\n<\/div>\n<\/blockquote>\n<p><script async src=\"\/\/www.instagram.com\/embed.js\"><\/script><\/p>\n<p>Berni inform\u00f3 que en los lugares allanados \u00abhall\u00f3 coca\u00edna en envoltorios similares\u00bb a los que aport\u00f3 un familiar de una de las siete v\u00edctimas,<\/p>\n<p>\u00abQuienes compraron droga en estas \u00faltimas 24 horas tienen que descartarla\u00bb, advirti\u00f3 Berni.<\/p>\n<p>La primera intervenci\u00f3n policial se dio entre anoche y esta madrugada en el centro asistencial de San Bernardino, de Hurlingham, tras el ingreso de 11 personas -todas domiciliadas en ese partido del oeste del conurbano- con un cuadro de intoxicaci\u00f3n por ingesta de coca\u00edna.<\/p>\n<p>Luego se sumaron fallecidos y m\u00e1s intoxicados en distintos hospitales de los partidos bonaerenses de San Mart\u00edn y Tres de Febrero.<\/p>\n<p>De acuerdo al \u00faltimo reporte de esta noche, de las 20 v\u00edctimas mortales , 7 fallecieron en Hurlingham, 8 en San Mart\u00edn y 5 en Tres de Febrero, mientras que la cantidad de internados se ampl\u00eda con la llegada de personas en grave estado a distintos centros asistenciales, a\u00f1adieron.<\/p>\n<figure class=\"mb-3\"><img decoding=\"async\" src=\"https:\/\/www.telam.com.ar\/thumbs\/bluesteel\/advf\/imagenes\/2022\/02\/61fad6d838a67_900.jpg\" alt=\"An se desconoce con que fue adulterada la droga que ya caus ocho decesos Foto Eliana Obregn\" width=\"100%\" height=\"100%\" \/><\/p>\n<div class=\"media-icons\"><\/div><figcaption>A\u00fan se desconoce con que fue adulterada la droga que ya caus\u00f3 ocho decesos. Foto: Eliana Obreg\u00f3n<\/figcaption><\/figure>\n<p><strong>\u00abQuienes compraron droga en estas \u00faltimas 24 horas tienen que descartarla\u00bb<\/strong>, advirti\u00f3 Berni.<\/p>\n<p>La primera\u00a0<strong>intervenci\u00f3n policial<\/strong>\u00a0se dio entre la noche del martes y la madrugada del mi\u00e9rcoles en el centro asistencial de San Bernardino, de Hurlingham, tras el ingreso de 11 personas -todas domiciliadas en ese partido del oeste del conurbano- con un\u00a0<strong>cuadro de intoxicaci\u00f3n por ingesta de coca\u00edna<\/strong>.<\/p>\n<figure class=\"mb-3\"><img decoding=\"async\" src=\"https:\/\/www.telam.com.ar\/thumbs\/bluesteel\/advf\/imagenes\/2022\/02\/61fad6d850abe_900.jpg\" alt=\"Diez personas fueron detenidas en el marco del operativo policial Foto Eliana Obregn\" width=\"100%\" height=\"100%\" \/><\/figure>\n<\/div>\n<\/div>\n<\/div>\n<\/div>\n","protected":false},"excerpt":{"rendered":"<p>El fiscal que interviene en la causa por las muertes e intoxicaciones producidas en los partidos bonaerenses de Hurlingham, Tres de Febrero y San Mart\u00edn, asegur\u00f3 que a\u00fan no se sabe con que fue adulterada la coca\u00edna, pero que se tratar\u00eda de un hecho adrede. Confirman 17 muertos por consumir droga envenenada y creen que [&hellip;]<\/p>\n","protected":false},"author":3,"featured_media":0,"comment_status":"closed","ping_status":"closed","sticky":false,"template":"","format":"standard","meta":{"footnotes":""},"categories":[29],"tags":[],"class_list":["post-67833","post","type-post","status-publish","format-standard","hentry","category-policiales"],"yoast_head":"<!-- This site is optimized with the Yoast SEO plugin v25.9 - https:\/\/yoast.com\/wordpress\/plugins\/seo\/ -->\n<title>Droga envenenada: confirman 20 muertos y hay 74 personas internadas - Noticias Radio Reflejos<\/title>\n<meta name=\"robots\" content=\"index, follow, max-snippet:-1, max-image-preview:large, max-video-preview:-1\" \/>\n<link rel=\"canonical\" href=\"https:\/\/www.noticiasradioreflejos.com.ar\/2021\/droga-envenenada-confirman-20-muertos-y-hay-74-personas-internadas\/\" \/>\n<meta property=\"og:locale\" content=\"es_ES\" \/>\n<meta property=\"og:type\" content=\"article\" \/>\n<meta property=\"og:title\" content=\"Droga envenenada: confirman 20 muertos y hay 74 personas internadas - Noticias Radio Reflejos\" \/>\n<meta property=\"og:description\" content=\"El fiscal que interviene en la causa por las muertes e intoxicaciones producidas en los partidos bonaerenses de Hurlingham, Tres de Febrero y San Mart\u00edn, asegur\u00f3 que a\u00fan no se sabe con que fue adulterada la coca\u00edna, pero que se tratar\u00eda de un hecho adrede. Confirman 17 muertos por consumir droga envenenada y creen que [&hellip;]\" \/>\n<meta property=\"og:url\" content=\"https:\/\/www.noticiasradioreflejos.com.ar\/2021\/droga-envenenada-confirman-20-muertos-y-hay-74-personas-internadas\/\" \/>\n<meta property=\"og:site_name\" content=\"Noticias Radio Reflejos\" \/>\n<meta property=\"article:published_time\" content=\"2022-02-03T11:01:25+00:00\" \/>\n<meta property=\"og:image\" content=\"https:\/\/www.telam.com.ar\/thumbs\/bluesteel\/advf\/imagenes\/2022\/02\/61fac5e98060e_900.jpg\" \/>\n<meta name=\"author\" content=\"Arnaldo Botto\" \/>\n<meta name=\"twitter:card\" content=\"summary_large_image\" \/>\n<script type=\"application\/ld+json\" class=\"yoast-schema-graph\">{\"@context\":\"https:\/\/schema.org\",\"@graph\":[{\"@type\":\"WebPage\",\"@id\":\"https:\/\/www.noticiasradioreflejos.com.ar\/2021\/droga-envenenada-confirman-20-muertos-y-hay-74-personas-internadas\/\",\"url\":\"https:\/\/www.noticiasradioreflejos.com.ar\/2021\/droga-envenenada-confirman-20-muertos-y-hay-74-personas-internadas\/\",\"name\":\"Droga envenenada: confirman 20 muertos y hay 74 personas internadas - Noticias Radio Reflejos\",\"isPartOf\":{\"@id\":\"https:\/\/www.noticiasradioreflejos.com.ar\/2021\/#website\"},\"primaryImageOfPage\":{\"@id\":\"https:\/\/www.noticiasradioreflejos.com.ar\/2021\/droga-envenenada-confirman-20-muertos-y-hay-74-personas-internadas\/#primaryimage\"},\"image\":{\"@id\":\"https:\/\/www.noticiasradioreflejos.com.ar\/2021\/droga-envenenada-confirman-20-muertos-y-hay-74-personas-internadas\/#primaryimage\"},\"thumbnailUrl\":\"https:\/\/www.telam.com.ar\/thumbs\/bluesteel\/advf\/imagenes\/2022\/02\/61fac5e98060e_900.jpg\",\"datePublished\":\"2022-02-03T11:01:25+00:00\",\"author\":{\"@id\":\"https:\/\/www.noticiasradioreflejos.com.ar\/2021\/#\/schema\/person\/ad82545263dcc5ec0996818884fd5fb1\"},\"breadcrumb\":{\"@id\":\"https:\/\/www.noticiasradioreflejos.com.ar\/2021\/droga-envenenada-confirman-20-muertos-y-hay-74-personas-internadas\/#breadcrumb\"},\"inLanguage\":\"es\",\"potentialAction\":[{\"@type\":\"ReadAction\",\"target\":[\"https:\/\/www.noticiasradioreflejos.com.ar\/2021\/droga-envenenada-confirman-20-muertos-y-hay-74-personas-internadas\/\"]}]},{\"@type\":\"ImageObject\",\"inLanguage\":\"es\",\"@id\":\"https:\/\/www.noticiasradioreflejos.com.ar\/2021\/droga-envenenada-confirman-20-muertos-y-hay-74-personas-internadas\/#primaryimage\",\"url\":\"https:\/\/www.telam.com.ar\/thumbs\/bluesteel\/advf\/imagenes\/2022\/02\/61fac5e98060e_900.jpg\",\"contentUrl\":\"https:\/\/www.telam.com.ar\/thumbs\/bluesteel\/advf\/imagenes\/2022\/02\/61fac5e98060e_900.jpg\"},{\"@type\":\"BreadcrumbList\",\"@id\":\"https:\/\/www.noticiasradioreflejos.com.ar\/2021\/droga-envenenada-confirman-20-muertos-y-hay-74-personas-internadas\/#breadcrumb\",\"itemListElement\":[{\"@type\":\"ListItem\",\"position\":1,\"name\":\"Portada\",\"item\":\"https:\/\/www.noticiasradioreflejos.com.ar\/2021\/\"},{\"@type\":\"ListItem\",\"position\":2,\"name\":\"Droga envenenada: confirman 20 muertos y hay 74 personas internadas\"}]},{\"@type\":\"WebSite\",\"@id\":\"https:\/\/www.noticiasradioreflejos.com.ar\/2021\/#website\",\"url\":\"https:\/\/www.noticiasradioreflejos.com.ar\/2021\/\",\"name\":\"Noticias Radio Reflejos\",\"description\":\"Las noticias de mi comarca\",\"potentialAction\":[{\"@type\":\"SearchAction\",\"target\":{\"@type\":\"EntryPoint\",\"urlTemplate\":\"https:\/\/www.noticiasradioreflejos.com.ar\/2021\/?s={search_term_string}\"},\"query-input\":{\"@type\":\"PropertyValueSpecification\",\"valueRequired\":true,\"valueName\":\"search_term_string\"}}],\"inLanguage\":\"es\"},{\"@type\":\"Person\",\"@id\":\"https:\/\/www.noticiasradioreflejos.com.ar\/2021\/#\/schema\/person\/ad82545263dcc5ec0996818884fd5fb1\",\"name\":\"Arnaldo Botto\",\"image\":{\"@type\":\"ImageObject\",\"inLanguage\":\"es\",\"@id\":\"https:\/\/www.noticiasradioreflejos.com.ar\/2021\/#\/schema\/person\/image\/\",\"url\":\"https:\/\/secure.gravatar.com\/avatar\/55cb5e37c1efa326397366e6974cb338056df65cb50e7d64d1cf314e87504837?s=96&d=mm&r=g\",\"contentUrl\":\"https:\/\/secure.gravatar.com\/avatar\/55cb5e37c1efa326397366e6974cb338056df65cb50e7d64d1cf314e87504837?s=96&d=mm&r=g\",\"caption\":\"Arnaldo Botto\"},\"url\":\"https:\/\/www.noticiasradioreflejos.com.ar\/2021\/author\/arnaldo\/\"}]}<\/script>\n<!-- \/ Yoast SEO plugin. -->","yoast_head_json":{"title":"Droga envenenada: confirman 20 muertos y hay 74 personas internadas - Noticias Radio Reflejos","robots":{"index":"index","follow":"follow","max-snippet":"max-snippet:-1","max-image-preview":"max-image-preview:large","max-video-preview":"max-video-preview:-1"},"canonical":"https:\/\/www.noticiasradioreflejos.com.ar\/2021\/droga-envenenada-confirman-20-muertos-y-hay-74-personas-internadas\/","og_locale":"es_ES","og_type":"article","og_title":"Droga envenenada: confirman 20 muertos y hay 74 personas internadas - Noticias Radio Reflejos","og_description":"El fiscal que interviene en la causa por las muertes e intoxicaciones producidas en los partidos bonaerenses de Hurlingham, Tres de Febrero y San Mart\u00edn, asegur\u00f3 que a\u00fan no se sabe con que fue adulterada la coca\u00edna, pero que se tratar\u00eda de un hecho adrede. Confirman 17 muertos por consumir droga envenenada y creen que [&hellip;]","og_url":"https:\/\/www.noticiasradioreflejos.com.ar\/2021\/droga-envenenada-confirman-20-muertos-y-hay-74-personas-internadas\/","og_site_name":"Noticias Radio Reflejos","article_published_time":"2022-02-03T11:01:25+00:00","og_image":[{"url":"https:\/\/www.telam.com.ar\/thumbs\/bluesteel\/advf\/imagenes\/2022\/02\/61fac5e98060e_900.jpg","type":"","width":"","height":""}],"author":"Arnaldo Botto","twitter_card":"summary_large_image","schema":{"@context":"https:\/\/schema.org","@graph":[{"@type":"WebPage","@id":"https:\/\/www.noticiasradioreflejos.com.ar\/2021\/droga-envenenada-confirman-20-muertos-y-hay-74-personas-internadas\/","url":"https:\/\/www.noticiasradioreflejos.com.ar\/2021\/droga-envenenada-confirman-20-muertos-y-hay-74-personas-internadas\/","name":"Droga envenenada: confirman 20 muertos y hay 74 personas internadas - Noticias Radio Reflejos","isPartOf":{"@id":"https:\/\/www.noticiasradioreflejos.com.ar\/2021\/#website"},"primaryImageOfPage":{"@id":"https:\/\/www.noticiasradioreflejos.com.ar\/2021\/droga-envenenada-confirman-20-muertos-y-hay-74-personas-internadas\/#primaryimage"},"image":{"@id":"https:\/\/www.noticiasradioreflejos.com.ar\/2021\/droga-envenenada-confirman-20-muertos-y-hay-74-personas-internadas\/#primaryimage"},"thumbnailUrl":"https:\/\/www.telam.com.ar\/thumbs\/bluesteel\/advf\/imagenes\/2022\/02\/61fac5e98060e_900.jpg","datePublished":"2022-02-03T11:01:25+00:00","author":{"@id":"https:\/\/www.noticiasradioreflejos.com.ar\/2021\/#\/schema\/person\/ad82545263dcc5ec0996818884fd5fb1"},"breadcrumb":{"@id":"https:\/\/www.noticiasradioreflejos.com.ar\/2021\/droga-envenenada-confirman-20-muertos-y-hay-74-personas-internadas\/#breadcrumb"},"inLanguage":"es","potentialAction":[{"@type":"ReadAction","target":["https:\/\/www.noticiasradioreflejos.com.ar\/2021\/droga-envenenada-confirman-20-muertos-y-hay-74-personas-internadas\/"]}]},{"@type":"ImageObject","inLanguage":"es","@id":"https:\/\/www.noticiasradioreflejos.com.ar\/2021\/droga-envenenada-confirman-20-muertos-y-hay-74-personas-internadas\/#primaryimage","url":"https:\/\/www.telam.com.ar\/thumbs\/bluesteel\/advf\/imagenes\/2022\/02\/61fac5e98060e_900.jpg","contentUrl":"https:\/\/www.telam.com.ar\/thumbs\/bluesteel\/advf\/imagenes\/2022\/02\/61fac5e98060e_900.jpg"},{"@type":"BreadcrumbList","@id":"https:\/\/www.noticiasradioreflejos.com.ar\/2021\/droga-envenenada-confirman-20-muertos-y-hay-74-personas-internadas\/#breadcrumb","itemListElement":[{"@type":"ListItem","position":1,"name":"Portada","item":"https:\/\/www.noticiasradioreflejos.com.ar\/2021\/"},{"@type":"ListItem","position":2,"name":"Droga envenenada: confirman 20 muertos y hay 74 personas internadas"}]},{"@type":"WebSite","@id":"https:\/\/www.noticiasradioreflejos.com.ar\/2021\/#website","url":"https:\/\/www.noticiasradioreflejos.com.ar\/2021\/","name":"Noticias Radio Reflejos","description":"Las noticias de mi comarca","potentialAction":[{"@type":"SearchAction","target":{"@type":"EntryPoint","urlTemplate":"https:\/\/www.noticiasradioreflejos.com.ar\/2021\/?s={search_term_string}"},"query-input":{"@type":"PropertyValueSpecification","valueRequired":true,"valueName":"search_term_string"}}],"inLanguage":"es"},{"@type":"Person","@id":"https:\/\/www.noticiasradioreflejos.com.ar\/2021\/#\/schema\/person\/ad82545263dcc5ec0996818884fd5fb1","name":"Arnaldo Botto","image":{"@type":"ImageObject","inLanguage":"es","@id":"https:\/\/www.noticiasradioreflejos.com.ar\/2021\/#\/schema\/person\/image\/","url":"https:\/\/secure.gravatar.com\/avatar\/55cb5e37c1efa326397366e6974cb338056df65cb50e7d64d1cf314e87504837?s=96&d=mm&r=g","contentUrl":"https:\/\/secure.gravatar.com\/avatar\/55cb5e37c1efa326397366e6974cb338056df65cb50e7d64d1cf314e87504837?s=96&d=mm&r=g","caption":"Arnaldo Botto"},"url":"https:\/\/www.noticiasradioreflejos.com.ar\/2021\/author\/arnaldo\/"}]}},"_links":{"self":[{"href":"https:\/\/www.noticiasradioreflejos.com.ar\/2021\/wp-json\/wp\/v2\/posts\/67833","targetHints":{"allow":["GET"]}}],"collection":[{"href":"https:\/\/www.noticiasradioreflejos.com.ar\/2021\/wp-json\/wp\/v2\/posts"}],"about":[{"href":"https:\/\/www.noticiasradioreflejos.com.ar\/2021\/wp-json\/wp\/v2\/types\/post"}],"author":[{"embeddable":true,"href":"https:\/\/www.noticiasradioreflejos.com.ar\/2021\/wp-json\/wp\/v2\/users\/3"}],"replies":[{"embeddable":true,"href":"https:\/\/www.noticiasradioreflejos.com.ar\/2021\/wp-json\/wp\/v2\/comments?post=67833"}],"version-history":[{"count":1,"href":"https:\/\/www.noticiasradioreflejos.com.ar\/2021\/wp-json\/wp\/v2\/posts\/67833\/revisions"}],"predecessor-version":[{"id":67834,"href":"https:\/\/www.noticiasradioreflejos.com.ar\/2021\/wp-json\/wp\/v2\/posts\/67833\/revisions\/67834"}],"wp:attachment":[{"href":"https:\/\/www.noticiasradioreflejos.com.ar\/2021\/wp-json\/wp\/v2\/media?parent=67833"}],"wp:term":[{"taxonomy":"category","embeddable":true,"href":"https:\/\/www.noticiasradioreflejos.com.ar\/2021\/wp-json\/wp\/v2\/categories?post=67833"},{"taxonomy":"post_tag","embeddable":true,"href":"https:\/\/www.noticiasradioreflejos.com.ar\/2021\/wp-json\/wp\/v2\/tags?post=67833"}],"curies":[{"name":"wp","href":"https:\/\/api.w.org\/{rel}","templated":true}]}}