{"id":67827,"date":"2022-02-03T10:44:09","date_gmt":"2022-02-03T10:44:09","guid":{"rendered":"http:\/\/www.noticiasradioreflejos.com.ar\/2021\/?p=67827"},"modified":"2022-02-03T12:22:05","modified_gmt":"2022-02-03T12:22:05","slug":"fuerte-tormenta-electrica-sacudio-sierra-de-la-ventana-esta-madrugada","status":"publish","type":"post","link":"https:\/\/www.noticiasradioreflejos.com.ar\/2021\/fuerte-tormenta-electrica-sacudio-sierra-de-la-ventana-esta-madrugada\/","title":{"rendered":"Fuerte tormenta el\u00e9ctrica sacudi\u00f3 Sierra de la Ventana esta madrugada."},"content":{"rendered":"<p>El fen\u00f3meno dur\u00f3 poco mas de 15 minutos, comenz\u00f3 a las 4,43 hs de este jueves y \u00b4estuvo acompa\u00f1ado por 9,4 mm de precipitaciones.<!--more--><\/p>\n<p>Una fuerte tormenta con mucha actividad el\u00e9ctrica sacudi\u00f3 la localidad serrana esta madrugada poco antes de las 5 horas. Descargas el\u00e9ctrica de gran intensidad con estruendosos truenos rayos y rel\u00e1mpagos iluminaron el cielo de la comarca. En la foto de portada,\u00a0 el<strong> \u00abCazador de Tormentas\u00bb Franco Sciapi<\/strong>, como es su costumbre; capt\u00f3 momentos \u00fanicos del evento meteorol\u00f3gico.<\/p>\n<p>En su cuenta de Face, Franco reconoce que sinti\u00f3 \u00abMiedito y que la explosi\u00f3n lo dej\u00f3 sordo por el estruendo.<br \/>\n<a title=\"miedito\" href=\"https:\/\/www.flickr.com\/photos\/182279889@N02\/51859505596\/in\/dateposted-public\/\" data-flickr-embed=\"true\"><img loading=\"lazy\" decoding=\"async\" src=\"https:\/\/live.staticflickr.com\/65535\/51859505596_0c4ef125a0_w.jpg\" alt=\"miedito\" width=\"400\" height=\"354\" \/><\/a><script async src=\"\/\/embedr.flickr.com\/assets\/client-code.js\" charset=\"utf-8\"><\/script><\/p>\n<p>Una vez que calmaron las descargas y truenos comenz\u00f3 a llover y cayeron 9,4 mm.<\/p>\n<p>Por su parte, el SMN anuncia para esta jornada tiempo inestable, con lluvias aisladas a partir del mediod\u00eda, la m\u00e1xima llegar\u00eda a los 33\u00b0, el cielo permanecer\u00e1 mayormente nublado, y los vientos ser\u00e1 muy suaves prevalecientes del sector norte.<\/p>\n<p>para ma\u00f1ana viernes, las condiciones continuar\u00e1n con lluvias durante toda la jornada, las temperaturas estar\u00e1n entre los 18 y 23 grados y el viento suave de direcciones variables.<\/p>\n<p>Para el s\u00e1bado se esperan fuertes vientos del sector sur, fresco con poco cambio de temperaturas, la m\u00ednima en 11\u00b0 y m\u00e1xima de 16\u00b0 Cielo cubierto y precipitaciones. El domingo estar\u00e1 fresco, con vientos del sur y cielo despejado.<\/p>\n<h4>Totales de lluvia hasta las 8 hs<\/h4>\n<p>9.4 mm en Sierra de la Ventana<br \/>\n2.5 mm en Calqu\u00edn<br \/>\n3 mm en Villa Ventana<br \/>\n14.5 mm en Saavedra<br \/>\n24 mm en Dufaur<br \/>\n2 mm en Huanguel\u00e9n<br \/>\n0.5 mm en Cura Malal<br \/>\n5.2 mm en San Eloy<br \/>\n1.2 mm en El Pantanoso<br \/>\n1.7 mm en Tte Origone<br \/>\n23 mm en Cnel Suarez<br \/>\n2 mm en Bah\u00eda Blanca<\/p>\n","protected":false},"excerpt":{"rendered":"<p>El fen\u00f3meno dur\u00f3 poco mas de 15 minutos, comenz\u00f3 a las 4,43 hs de este jueves y \u00b4estuvo acompa\u00f1ado por 9,4 mm de precipitaciones.<\/p>\n","protected":false},"author":3,"featured_media":0,"comment_status":"closed","ping_status":"closed","sticky":false,"template":"","format":"standard","meta":{"footnotes":""},"categories":[26],"tags":[48],"class_list":["post-67827","post","type-post","status-publish","format-standard","hentry","category-sociedad","tag-destacada"],"yoast_head":"<!-- This site is optimized with the Yoast SEO plugin v25.9 - https:\/\/yoast.com\/wordpress\/plugins\/seo\/ -->\n<title>Fuerte tormenta el\u00e9ctrica sacudi\u00f3 Sierra de la Ventana esta madrugada. - Noticias Radio Reflejos<\/title>\n<meta name=\"robots\" content=\"index, follow, max-snippet:-1, max-image-preview:large, max-video-preview:-1\" \/>\n<link rel=\"canonical\" href=\"https:\/\/www.noticiasradioreflejos.com.ar\/2021\/fuerte-tormenta-electrica-sacudio-sierra-de-la-ventana-esta-madrugada\/\" \/>\n<meta property=\"og:locale\" content=\"es_ES\" \/>\n<meta property=\"og:type\" content=\"article\" \/>\n<meta property=\"og:title\" content=\"Fuerte tormenta el\u00e9ctrica sacudi\u00f3 Sierra de la Ventana esta madrugada. - Noticias Radio Reflejos\" \/>\n<meta property=\"og:description\" content=\"El fen\u00f3meno dur\u00f3 poco mas de 15 minutos, comenz\u00f3 a las 4,43 hs de este jueves y \u00b4estuvo acompa\u00f1ado por 9,4 mm de precipitaciones.\" \/>\n<meta property=\"og:url\" content=\"https:\/\/www.noticiasradioreflejos.com.ar\/2021\/fuerte-tormenta-electrica-sacudio-sierra-de-la-ventana-esta-madrugada\/\" \/>\n<meta property=\"og:site_name\" content=\"Noticias Radio Reflejos\" \/>\n<meta property=\"article:published_time\" content=\"2022-02-03T10:44:09+00:00\" \/>\n<meta property=\"article:modified_time\" content=\"2022-02-03T12:22:05+00:00\" \/>\n<meta property=\"og:image\" content=\"https:\/\/live.staticflickr.com\/65535\/51859505596_0c4ef125a0_w.jpg\" \/>\n<meta name=\"author\" content=\"Arnaldo Botto\" \/>\n<meta name=\"twitter:card\" content=\"summary_large_image\" \/>\n<script type=\"application\/ld+json\" class=\"yoast-schema-graph\">{\"@context\":\"https:\/\/schema.org\",\"@graph\":[{\"@type\":\"WebPage\",\"@id\":\"https:\/\/www.noticiasradioreflejos.com.ar\/2021\/fuerte-tormenta-electrica-sacudio-sierra-de-la-ventana-esta-madrugada\/\",\"url\":\"https:\/\/www.noticiasradioreflejos.com.ar\/2021\/fuerte-tormenta-electrica-sacudio-sierra-de-la-ventana-esta-madrugada\/\",\"name\":\"Fuerte tormenta el\u00e9ctrica sacudi\u00f3 Sierra de la Ventana esta madrugada. - Noticias Radio Reflejos\",\"isPartOf\":{\"@id\":\"https:\/\/www.noticiasradioreflejos.com.ar\/2021\/#website\"},\"primaryImageOfPage\":{\"@id\":\"https:\/\/www.noticiasradioreflejos.com.ar\/2021\/fuerte-tormenta-electrica-sacudio-sierra-de-la-ventana-esta-madrugada\/#primaryimage\"},\"image\":{\"@id\":\"https:\/\/www.noticiasradioreflejos.com.ar\/2021\/fuerte-tormenta-electrica-sacudio-sierra-de-la-ventana-esta-madrugada\/#primaryimage\"},\"thumbnailUrl\":\"https:\/\/live.staticflickr.com\/65535\/51859505596_0c4ef125a0_w.jpg\",\"datePublished\":\"2022-02-03T10:44:09+00:00\",\"dateModified\":\"2022-02-03T12:22:05+00:00\",\"author\":{\"@id\":\"https:\/\/www.noticiasradioreflejos.com.ar\/2021\/#\/schema\/person\/ad82545263dcc5ec0996818884fd5fb1\"},\"breadcrumb\":{\"@id\":\"https:\/\/www.noticiasradioreflejos.com.ar\/2021\/fuerte-tormenta-electrica-sacudio-sierra-de-la-ventana-esta-madrugada\/#breadcrumb\"},\"inLanguage\":\"es\",\"potentialAction\":[{\"@type\":\"ReadAction\",\"target\":[\"https:\/\/www.noticiasradioreflejos.com.ar\/2021\/fuerte-tormenta-electrica-sacudio-sierra-de-la-ventana-esta-madrugada\/\"]}]},{\"@type\":\"ImageObject\",\"inLanguage\":\"es\",\"@id\":\"https:\/\/www.noticiasradioreflejos.com.ar\/2021\/fuerte-tormenta-electrica-sacudio-sierra-de-la-ventana-esta-madrugada\/#primaryimage\",\"url\":\"https:\/\/live.staticflickr.com\/65535\/51859505596_0c4ef125a0_w.jpg\",\"contentUrl\":\"https:\/\/live.staticflickr.com\/65535\/51859505596_0c4ef125a0_w.jpg\"},{\"@type\":\"BreadcrumbList\",\"@id\":\"https:\/\/www.noticiasradioreflejos.com.ar\/2021\/fuerte-tormenta-electrica-sacudio-sierra-de-la-ventana-esta-madrugada\/#breadcrumb\",\"itemListElement\":[{\"@type\":\"ListItem\",\"position\":1,\"name\":\"Portada\",\"item\":\"https:\/\/www.noticiasradioreflejos.com.ar\/2021\/\"},{\"@type\":\"ListItem\",\"position\":2,\"name\":\"Fuerte tormenta el\u00e9ctrica sacudi\u00f3 Sierra de la Ventana esta madrugada.\"}]},{\"@type\":\"WebSite\",\"@id\":\"https:\/\/www.noticiasradioreflejos.com.ar\/2021\/#website\",\"url\":\"https:\/\/www.noticiasradioreflejos.com.ar\/2021\/\",\"name\":\"Noticias Radio Reflejos\",\"description\":\"Las noticias de mi comarca\",\"potentialAction\":[{\"@type\":\"SearchAction\",\"target\":{\"@type\":\"EntryPoint\",\"urlTemplate\":\"https:\/\/www.noticiasradioreflejos.com.ar\/2021\/?s={search_term_string}\"},\"query-input\":{\"@type\":\"PropertyValueSpecification\",\"valueRequired\":true,\"valueName\":\"search_term_string\"}}],\"inLanguage\":\"es\"},{\"@type\":\"Person\",\"@id\":\"https:\/\/www.noticiasradioreflejos.com.ar\/2021\/#\/schema\/person\/ad82545263dcc5ec0996818884fd5fb1\",\"name\":\"Arnaldo Botto\",\"image\":{\"@type\":\"ImageObject\",\"inLanguage\":\"es\",\"@id\":\"https:\/\/www.noticiasradioreflejos.com.ar\/2021\/#\/schema\/person\/image\/\",\"url\":\"https:\/\/secure.gravatar.com\/avatar\/55cb5e37c1efa326397366e6974cb338056df65cb50e7d64d1cf314e87504837?s=96&d=mm&r=g\",\"contentUrl\":\"https:\/\/secure.gravatar.com\/avatar\/55cb5e37c1efa326397366e6974cb338056df65cb50e7d64d1cf314e87504837?s=96&d=mm&r=g\",\"caption\":\"Arnaldo Botto\"},\"url\":\"https:\/\/www.noticiasradioreflejos.com.ar\/2021\/author\/arnaldo\/\"}]}<\/script>\n<!-- \/ Yoast SEO plugin. -->","yoast_head_json":{"title":"Fuerte tormenta el\u00e9ctrica sacudi\u00f3 Sierra de la Ventana esta madrugada. - Noticias Radio Reflejos","robots":{"index":"index","follow":"follow","max-snippet":"max-snippet:-1","max-image-preview":"max-image-preview:large","max-video-preview":"max-video-preview:-1"},"canonical":"https:\/\/www.noticiasradioreflejos.com.ar\/2021\/fuerte-tormenta-electrica-sacudio-sierra-de-la-ventana-esta-madrugada\/","og_locale":"es_ES","og_type":"article","og_title":"Fuerte tormenta el\u00e9ctrica sacudi\u00f3 Sierra de la Ventana esta madrugada. - Noticias Radio Reflejos","og_description":"El fen\u00f3meno dur\u00f3 poco mas de 15 minutos, comenz\u00f3 a las 4,43 hs de este jueves y \u00b4estuvo acompa\u00f1ado por 9,4 mm de precipitaciones.","og_url":"https:\/\/www.noticiasradioreflejos.com.ar\/2021\/fuerte-tormenta-electrica-sacudio-sierra-de-la-ventana-esta-madrugada\/","og_site_name":"Noticias Radio Reflejos","article_published_time":"2022-02-03T10:44:09+00:00","article_modified_time":"2022-02-03T12:22:05+00:00","og_image":[{"url":"https:\/\/live.staticflickr.com\/65535\/51859505596_0c4ef125a0_w.jpg","type":"","width":"","height":""}],"author":"Arnaldo Botto","twitter_card":"summary_large_image","schema":{"@context":"https:\/\/schema.org","@graph":[{"@type":"WebPage","@id":"https:\/\/www.noticiasradioreflejos.com.ar\/2021\/fuerte-tormenta-electrica-sacudio-sierra-de-la-ventana-esta-madrugada\/","url":"https:\/\/www.noticiasradioreflejos.com.ar\/2021\/fuerte-tormenta-electrica-sacudio-sierra-de-la-ventana-esta-madrugada\/","name":"Fuerte tormenta el\u00e9ctrica sacudi\u00f3 Sierra de la Ventana esta madrugada. - Noticias Radio Reflejos","isPartOf":{"@id":"https:\/\/www.noticiasradioreflejos.com.ar\/2021\/#website"},"primaryImageOfPage":{"@id":"https:\/\/www.noticiasradioreflejos.com.ar\/2021\/fuerte-tormenta-electrica-sacudio-sierra-de-la-ventana-esta-madrugada\/#primaryimage"},"image":{"@id":"https:\/\/www.noticiasradioreflejos.com.ar\/2021\/fuerte-tormenta-electrica-sacudio-sierra-de-la-ventana-esta-madrugada\/#primaryimage"},"thumbnailUrl":"https:\/\/live.staticflickr.com\/65535\/51859505596_0c4ef125a0_w.jpg","datePublished":"2022-02-03T10:44:09+00:00","dateModified":"2022-02-03T12:22:05+00:00","author":{"@id":"https:\/\/www.noticiasradioreflejos.com.ar\/2021\/#\/schema\/person\/ad82545263dcc5ec0996818884fd5fb1"},"breadcrumb":{"@id":"https:\/\/www.noticiasradioreflejos.com.ar\/2021\/fuerte-tormenta-electrica-sacudio-sierra-de-la-ventana-esta-madrugada\/#breadcrumb"},"inLanguage":"es","potentialAction":[{"@type":"ReadAction","target":["https:\/\/www.noticiasradioreflejos.com.ar\/2021\/fuerte-tormenta-electrica-sacudio-sierra-de-la-ventana-esta-madrugada\/"]}]},{"@type":"ImageObject","inLanguage":"es","@id":"https:\/\/www.noticiasradioreflejos.com.ar\/2021\/fuerte-tormenta-electrica-sacudio-sierra-de-la-ventana-esta-madrugada\/#primaryimage","url":"https:\/\/live.staticflickr.com\/65535\/51859505596_0c4ef125a0_w.jpg","contentUrl":"https:\/\/live.staticflickr.com\/65535\/51859505596_0c4ef125a0_w.jpg"},{"@type":"BreadcrumbList","@id":"https:\/\/www.noticiasradioreflejos.com.ar\/2021\/fuerte-tormenta-electrica-sacudio-sierra-de-la-ventana-esta-madrugada\/#breadcrumb","itemListElement":[{"@type":"ListItem","position":1,"name":"Portada","item":"https:\/\/www.noticiasradioreflejos.com.ar\/2021\/"},{"@type":"ListItem","position":2,"name":"Fuerte tormenta el\u00e9ctrica sacudi\u00f3 Sierra de la Ventana esta madrugada."}]},{"@type":"WebSite","@id":"https:\/\/www.noticiasradioreflejos.com.ar\/2021\/#website","url":"https:\/\/www.noticiasradioreflejos.com.ar\/2021\/","name":"Noticias Radio Reflejos","description":"Las noticias de mi comarca","potentialAction":[{"@type":"SearchAction","target":{"@type":"EntryPoint","urlTemplate":"https:\/\/www.noticiasradioreflejos.com.ar\/2021\/?s={search_term_string}"},"query-input":{"@type":"PropertyValueSpecification","valueRequired":true,"valueName":"search_term_string"}}],"inLanguage":"es"},{"@type":"Person","@id":"https:\/\/www.noticiasradioreflejos.com.ar\/2021\/#\/schema\/person\/ad82545263dcc5ec0996818884fd5fb1","name":"Arnaldo Botto","image":{"@type":"ImageObject","inLanguage":"es","@id":"https:\/\/www.noticiasradioreflejos.com.ar\/2021\/#\/schema\/person\/image\/","url":"https:\/\/secure.gravatar.com\/avatar\/55cb5e37c1efa326397366e6974cb338056df65cb50e7d64d1cf314e87504837?s=96&d=mm&r=g","contentUrl":"https:\/\/secure.gravatar.com\/avatar\/55cb5e37c1efa326397366e6974cb338056df65cb50e7d64d1cf314e87504837?s=96&d=mm&r=g","caption":"Arnaldo Botto"},"url":"https:\/\/www.noticiasradioreflejos.com.ar\/2021\/author\/arnaldo\/"}]}},"_links":{"self":[{"href":"https:\/\/www.noticiasradioreflejos.com.ar\/2021\/wp-json\/wp\/v2\/posts\/67827","targetHints":{"allow":["GET"]}}],"collection":[{"href":"https:\/\/www.noticiasradioreflejos.com.ar\/2021\/wp-json\/wp\/v2\/posts"}],"about":[{"href":"https:\/\/www.noticiasradioreflejos.com.ar\/2021\/wp-json\/wp\/v2\/types\/post"}],"author":[{"embeddable":true,"href":"https:\/\/www.noticiasradioreflejos.com.ar\/2021\/wp-json\/wp\/v2\/users\/3"}],"replies":[{"embeddable":true,"href":"https:\/\/www.noticiasradioreflejos.com.ar\/2021\/wp-json\/wp\/v2\/comments?post=67827"}],"version-history":[{"count":4,"href":"https:\/\/www.noticiasradioreflejos.com.ar\/2021\/wp-json\/wp\/v2\/posts\/67827\/revisions"}],"predecessor-version":[{"id":67844,"href":"https:\/\/www.noticiasradioreflejos.com.ar\/2021\/wp-json\/wp\/v2\/posts\/67827\/revisions\/67844"}],"wp:attachment":[{"href":"https:\/\/www.noticiasradioreflejos.com.ar\/2021\/wp-json\/wp\/v2\/media?parent=67827"}],"wp:term":[{"taxonomy":"category","embeddable":true,"href":"https:\/\/www.noticiasradioreflejos.com.ar\/2021\/wp-json\/wp\/v2\/categories?post=67827"},{"taxonomy":"post_tag","embeddable":true,"href":"https:\/\/www.noticiasradioreflejos.com.ar\/2021\/wp-json\/wp\/v2\/tags?post=67827"}],"curies":[{"name":"wp","href":"https:\/\/api.w.org\/{rel}","templated":true}]}}