{"id":67820,"date":"2022-02-02T21:38:39","date_gmt":"2022-02-02T21:38:39","guid":{"rendered":"http:\/\/www.noticiasradioreflejos.com.ar\/2021\/?p=67820"},"modified":"2022-02-02T21:38:39","modified_gmt":"2022-02-02T21:38:39","slug":"preven-que-la-temporada-record-se-extendera-a-febrero-y-marzo","status":"publish","type":"post","link":"https:\/\/www.noticiasradioreflejos.com.ar\/2021\/preven-que-la-temporada-record-se-extendera-a-febrero-y-marzo\/","title":{"rendered":"Prev\u00e9n que la temporada r\u00e9cord se extender\u00e1 a febrero y marzo"},"content":{"rendered":"<p>La C\u00e1mara Argentina de Turismo hizo un balance tras el cierre del primer mes de la temporada. Destacaron el <strong>PreViaje<\/strong> y el trabajo en conjunto con las provincias.<!--more--><\/p>\n<div class=\"wrapper-editable-content\">\n<div>\n<div class=\"wrapper-editable-content\">\n<div>\n<div class=\"container-md\">\n<div class=\"row\">\n<div class=\"col-md-12 speak\">\n<div class=\"paragraph\">\n<figure class=\"mb-3\"><img decoding=\"async\" src=\"https:\/\/www.telam.com.ar\/thumbs\/bluesteel\/advf\/imagenes\/2022\/01\/61f5b28db7b26_900.jpg\" alt=\"Termas de Cacheuta Mendoza Foto Alfredo Ponce\" width=\"100%\" height=\"100%\" \/><\/p>\n<div class=\"media-icons\"><\/div><figcaption>Termas de Cacheuta, Mendoza. Foto: Alfredo Ponce<\/figcaption><\/figure>\n<p>El presidente de la C\u00e1mara Argentina de Turismo (CAT), Gustavo Hani, destac\u00f3 el \u00abr\u00e9cord\u00bb que se registra en lo que va de la temporada de verano en cuanto a movimiento de turistas en todo el pa\u00eds, lo que adjudic\u00f3 al \u00e9xito del Programa PreViaje, al que el sector apoy\u00f3 \u00abdesde el primer d\u00eda\u00bb y que tambi\u00e9n promete \u00abun gran febrero y tambi\u00e9n un gran marzo\u00bb.<\/p>\n<p>Acompa\u00f1ado por todo el sector tur\u00edstico privado, el presidente de la CAT realiz\u00f3 un balance pasado el primer mes de la temporada en una conferencia de prensa que se desarroll\u00f3 en un hotel del barrio porte\u00f1o de Puerto Madero, donde precis\u00f3 que\u00a0<strong>\u00ablo que nos est\u00e1 pasando habla del \u00e9xito del PreViaje pero tambi\u00e9n del trabajo que se ha hecho en todas las provincias\u00bb.<\/strong><\/p>\n<p>\u00abTodas las provincias est\u00e1n en una ocupaci\u00f3n promedio del 80 al 90%, lo que habla de que hoy verano tenemos en todo el pa\u00eds, y habla tambi\u00e9n de un gran trabajo de todo el sector pospandemia y de un gran Programa que apoyamos desde el primer d\u00eda\u00bb, remarc\u00f3.<\/p>\n<blockquote class=\"\"><p>\u00abTodas las provincias est\u00e1n en una ocupaci\u00f3n promedio del 80 al 90%, lo que habla de que hoy verano tenemos en todo el pa\u00eds\u00bb<cite class=\"author\">Gustavo Hani, presidente de la CAT<\/cite><\/p><\/blockquote>\n<p>Tras se\u00f1alar que el Programa fue una idea del ministro de Turismo y Deportes, Mat\u00edas Lammens, y de todo su equipo, Hani a\u00f1adi\u00f3 que \u00abdesde el primer momento todo el sector privado en su conjunto trabaj\u00f3, acompa\u00f1\u00f3, y ayud\u00f3 a mejorarlo con ideas, con propuestas, y eso siempre fue bien recibido\u00bb.<\/p>\n<p>Para el dirigente tur\u00edstico\u00a0<strong>el gran \u00e9xito del Programa radica en que la gente que hoy est\u00e1 viajando \u00abest\u00e1 yendo con plata, con su tarjeta PreViaje, y que la est\u00e1 gastando en las ciudades\u00a0<\/strong>que est\u00e1 visitando, y eso marca una diferencia\u00bb.<\/p>\n<p>Pese a que el balance fue sobre el primer mes del a\u00f1o, Hani adelant\u00f3 que febrero ser\u00e1 a\u00fan mejor que enero \u00abcomo lo marcan las ventas\u00bb, y que tambi\u00e9n habr\u00e1 \u00abun gran marzo y una muy buena Semana Santa\u00bb, lo que representa que todos los destinos \u00abvan a tener un estiramiento de la temporada\u00bb.<\/p>\n<div class=\"video_repositive\">\n<div id=\"3eEQctEMCw0\" class=\"video_telam\">\n<div class=\"feature_article_inner\">\n<div class=\"feature_article_title\">\n<h2 class=\"text-center\">La C\u00e1mara de Turismo adelant\u00f3 que la temporada r\u00e9cord se extender\u00e1 a febrero y marzo<\/h2>\n<\/div>\n<\/div>\n<div class=\"definition\">VER VIDEO\u00a0<i class=\"fas fa-play\"><\/i><\/div>\n<\/div>\n<\/div>\n<h2 class=\"\">M\u00e1s herramientas<\/h2>\n<p>Por otra parte se refiri\u00f3 a que se estaba trabajando con fuerza en el\u00a0<strong>PreViaje 3<\/strong>, \u00abcon sus matices, sus cambios, sus variantes\u00bb, pero que representar\u00e1 una \u00abgran continuidad a esta recuperaci\u00f3n que estamos teniendo\u00bb.<\/p>\n<p>El sector privado \u00abtiene la responsabilidad de seguir pensando y trabajando, y que este verano espectacular que estamos viviendo no nos tape que hay diferentes sectores del turismo que todav\u00eda no reactivaron\u00bb, alert\u00f3.<\/p>\n<p>Entre esos sectores rezagados puntualiz\u00f3 la hosteler\u00eda en las grandes ciudades, para los cuales sali\u00f3 la ayuda del\u00a0<strong>Repro<\/strong>; los congresos y convenciones (segmento MICE); y las agencias de prestadores de turismo receptivo internacional, entre otras.<\/p>\n<figure class=\"mb-3\"><img decoding=\"async\" src=\"https:\/\/www.telam.com.ar\/thumbs\/bluesteel\/advf\/imagenes\/2022\/01\/61f56ad8eea41_900.jpg\" alt=\"Corrientes Foto Germn Pomar\" width=\"100%\" height=\"100%\" \/><\/p>\n<div class=\"media-icons\"><\/div><figcaption>Corrientes. Foto: Germ\u00e1n Pomar<\/figcaption><\/figure>\n<p>\u00abLa CAT va a estar trabajando fuerte con el ministro (Mat\u00edas) Lammens en estos pr\u00f3ximos d\u00edas sobre distintas herramientas de reactivaci\u00f3n de aquellos sectores que a\u00fan no han podido hacerlo, porque tenemos la responsabilidad de seguir trabajando y pensando en ellos, peleando nuevas medidas, nuevos incentivos, nuevos programas\u00bb, enfatiz\u00f3.<\/p>\n<p>En cuanto a la nueva\u00a0<strong>ley de incentivos e inversiones tur\u00edsticas<\/strong>\u00a0que propone el Ministerio de Turismo y Deportes, Hani resalt\u00f3 que \u00abtodo el sector privado va a acompa\u00f1ar con fuerza esa propuesta del ministro\u00bb, que, dijo, \u00abtengo entendido, se presentar\u00e1 en marzo en el Congreso de la Naci\u00f3n\u00bb.<\/p>\n<p>\u00abTodo el sector tur\u00edstico argentino privado est\u00e1 acompa\u00f1ando ese proyecto con el que estamos trabajando fuerte -continu\u00f3-, porque creemos que ah\u00ed s\u00ed est\u00e1n las herramientas que necesitamos para la reactivaci\u00f3n definitiva de toda nuestra actividad\u00bb.<\/p>\n<blockquote class=\"\"><p>\u00abLe hicimos saber al Presidente que estamos todos acompa\u00f1ando ese proyecto, que necesitamos esa ley, y que la vamos a apoyar p\u00fablica y fuertemente desde todo el sector\u00bb<\/p><\/blockquote>\n<p>En ese sentido, revel\u00f3 que en la reuni\u00f3n que mantuvieron hace un mes con el Presidente de la Naci\u00f3n, Alberto Fern\u00e1ndez, \u00able hicimos saber que estamos todos acompa\u00f1ando ese proyecto, que necesitamos esa ley, y que la vamos a apoyar p\u00fablica y fuertemente desde todo el sector\u00bb.<\/p>\n<p>Agreg\u00f3 que se iba a hacer un trabajo \u00ablegislador por legislador, porque m\u00e1s all\u00e1 del partidismo pol\u00edtico que sea, la ley es necesaria para todo el sector tur\u00edstico del pa\u00eds\u00bb.<\/p>\n<p>Adem\u00e1s de Hani, participaron de la conferencia de prensa los m\u00e1ximos representantes de la Federaci\u00f3n de las C\u00e1maras de Turismo de la Rep\u00fablica Argentina (Fedecatur); y la Asociaci\u00f3n Argentina de Organizadores y Proveedores de Exposiciones, Congresos, Eventos y Bur\u00f3s de Convenciones (AOCA).<\/p>\n<p>Tambi\u00e9n Aerol\u00edneas Argentinas; la Asociaci\u00f3n de Hoteles de Turismo (AHT); la Federaci\u00f3n Empresaria Hotelera Gastron\u00f3mica (Fehgra); y la Asociaci\u00f3n de Hoteles Restaurantes Confiter\u00edas y Caf\u00e9s (Ahrcc), entre otras.<\/p>\n<div class=\"jumbotron pt-4 mt-3\">\n<h3 class=\"module-title\">EL SECTOR TUR\u00cdSTICO PRIVADO SALE A BUSCAR INVERSIONES<\/h3>\n<p>El presidente de la C\u00e1mara Argentina de Turismo (CAT), Gustavo Hani, asegur\u00f3 que el sector tur\u00edstico privado \u00abva a salir a buscar inversiones afuera\u00bb, en un trabajo que se comenz\u00f3 a elaborar junto al Instituto Nacional de Promoci\u00f3n Tur\u00edstica (Inprotur), \u00abfuera de lo que son las ferias normales a la que siempre se va\u00bb.<\/p>\n<p>En el marco de la conferencia de prensa sobre el balance del primer mes de la temporada de verano, Hani destac\u00f3 que la atracci\u00f3n de inversiones hacia la Argentina forma parte del proyecto de ley impulsado desde el Ministerio de Turismo y Deportes (Minturdep), \u00abque todo el sector privado va a acompa\u00f1ar\u00bb.<\/p>\n<p>\u00abEl proyecto fomenta la inversi\u00f3n en infraestructura, en capital, y tambi\u00e9n en la creaci\u00f3n de empleo, que es una pata importante que tiene, con beneficios fiscales a las empresas que generen huevos empleos\u00bb, dijo ante una consulta de T\u00e9lam.<\/p>\n<p>Asimismo, el presidente de la CAT indic\u00f3 que a partir de abril pr\u00f3ximo, \u00abse va a empezar toda la parte que nosotros llamamos Buy Argentina, donde m\u00e1s all\u00e1 de vender el destino, la idea del sector privado es tambi\u00e9n inversiones que vengan al pa\u00eds\u00bb.<\/p>\n<p>Ese trabajo se va a realizar junto al Inprotur y el Ministerio de Turismo y Deportes, y tambi\u00e9n la Canciller\u00eda y las embajadas, \u00abtodo lo cual est\u00e1 contemplado en ese proyecto de ley que queremos acompa\u00f1ar fuertemente\u00bb, remarc\u00f3 Hani.<\/p>\n<\/div>\n<\/div>\n<\/div>\n<\/div>\n<\/div>\n<\/div>\n<\/div>\n<\/div>\n<\/div>\n","protected":false},"excerpt":{"rendered":"<p>La C\u00e1mara Argentina de Turismo hizo un balance tras el cierre del primer mes de la temporada. Destacaron el PreViaje y el trabajo en conjunto con las provincias.<\/p>\n","protected":false},"author":3,"featured_media":0,"comment_status":"closed","ping_status":"closed","sticky":false,"template":"","format":"standard","meta":{"footnotes":""},"categories":[33],"tags":[],"class_list":["post-67820","post","type-post","status-publish","format-standard","hentry","category-turismo"],"yoast_head":"<!-- This site is optimized with the Yoast SEO plugin v25.9 - https:\/\/yoast.com\/wordpress\/plugins\/seo\/ -->\n<title>Prev\u00e9n que la temporada r\u00e9cord se extender\u00e1 a febrero y marzo - Noticias Radio Reflejos<\/title>\n<meta name=\"robots\" content=\"index, follow, max-snippet:-1, max-image-preview:large, max-video-preview:-1\" \/>\n<link rel=\"canonical\" href=\"https:\/\/www.noticiasradioreflejos.com.ar\/2021\/preven-que-la-temporada-record-se-extendera-a-febrero-y-marzo\/\" \/>\n<meta property=\"og:locale\" content=\"es_ES\" \/>\n<meta property=\"og:type\" content=\"article\" \/>\n<meta property=\"og:title\" content=\"Prev\u00e9n que la temporada r\u00e9cord se extender\u00e1 a febrero y marzo - Noticias Radio Reflejos\" \/>\n<meta property=\"og:description\" content=\"La C\u00e1mara Argentina de Turismo hizo un balance tras el cierre del primer mes de la temporada. Destacaron el PreViaje y el trabajo en conjunto con las provincias.\" \/>\n<meta property=\"og:url\" content=\"https:\/\/www.noticiasradioreflejos.com.ar\/2021\/preven-que-la-temporada-record-se-extendera-a-febrero-y-marzo\/\" \/>\n<meta property=\"og:site_name\" content=\"Noticias Radio Reflejos\" \/>\n<meta property=\"article:published_time\" content=\"2022-02-02T21:38:39+00:00\" \/>\n<meta property=\"og:image\" content=\"https:\/\/www.telam.com.ar\/thumbs\/bluesteel\/advf\/imagenes\/2022\/01\/61f5b28db7b26_900.jpg\" \/>\n<meta name=\"author\" content=\"Arnaldo Botto\" \/>\n<meta name=\"twitter:card\" content=\"summary_large_image\" \/>\n<script type=\"application\/ld+json\" class=\"yoast-schema-graph\">{\"@context\":\"https:\/\/schema.org\",\"@graph\":[{\"@type\":\"WebPage\",\"@id\":\"https:\/\/www.noticiasradioreflejos.com.ar\/2021\/preven-que-la-temporada-record-se-extendera-a-febrero-y-marzo\/\",\"url\":\"https:\/\/www.noticiasradioreflejos.com.ar\/2021\/preven-que-la-temporada-record-se-extendera-a-febrero-y-marzo\/\",\"name\":\"Prev\u00e9n que la temporada r\u00e9cord se extender\u00e1 a febrero y marzo - Noticias Radio Reflejos\",\"isPartOf\":{\"@id\":\"https:\/\/www.noticiasradioreflejos.com.ar\/2021\/#website\"},\"primaryImageOfPage\":{\"@id\":\"https:\/\/www.noticiasradioreflejos.com.ar\/2021\/preven-que-la-temporada-record-se-extendera-a-febrero-y-marzo\/#primaryimage\"},\"image\":{\"@id\":\"https:\/\/www.noticiasradioreflejos.com.ar\/2021\/preven-que-la-temporada-record-se-extendera-a-febrero-y-marzo\/#primaryimage\"},\"thumbnailUrl\":\"https:\/\/www.telam.com.ar\/thumbs\/bluesteel\/advf\/imagenes\/2022\/01\/61f5b28db7b26_900.jpg\",\"datePublished\":\"2022-02-02T21:38:39+00:00\",\"author\":{\"@id\":\"https:\/\/www.noticiasradioreflejos.com.ar\/2021\/#\/schema\/person\/ad82545263dcc5ec0996818884fd5fb1\"},\"breadcrumb\":{\"@id\":\"https:\/\/www.noticiasradioreflejos.com.ar\/2021\/preven-que-la-temporada-record-se-extendera-a-febrero-y-marzo\/#breadcrumb\"},\"inLanguage\":\"es\",\"potentialAction\":[{\"@type\":\"ReadAction\",\"target\":[\"https:\/\/www.noticiasradioreflejos.com.ar\/2021\/preven-que-la-temporada-record-se-extendera-a-febrero-y-marzo\/\"]}]},{\"@type\":\"ImageObject\",\"inLanguage\":\"es\",\"@id\":\"https:\/\/www.noticiasradioreflejos.com.ar\/2021\/preven-que-la-temporada-record-se-extendera-a-febrero-y-marzo\/#primaryimage\",\"url\":\"https:\/\/www.telam.com.ar\/thumbs\/bluesteel\/advf\/imagenes\/2022\/01\/61f5b28db7b26_900.jpg\",\"contentUrl\":\"https:\/\/www.telam.com.ar\/thumbs\/bluesteel\/advf\/imagenes\/2022\/01\/61f5b28db7b26_900.jpg\"},{\"@type\":\"BreadcrumbList\",\"@id\":\"https:\/\/www.noticiasradioreflejos.com.ar\/2021\/preven-que-la-temporada-record-se-extendera-a-febrero-y-marzo\/#breadcrumb\",\"itemListElement\":[{\"@type\":\"ListItem\",\"position\":1,\"name\":\"Portada\",\"item\":\"https:\/\/www.noticiasradioreflejos.com.ar\/2021\/\"},{\"@type\":\"ListItem\",\"position\":2,\"name\":\"Prev\u00e9n que la temporada r\u00e9cord se extender\u00e1 a febrero y marzo\"}]},{\"@type\":\"WebSite\",\"@id\":\"https:\/\/www.noticiasradioreflejos.com.ar\/2021\/#website\",\"url\":\"https:\/\/www.noticiasradioreflejos.com.ar\/2021\/\",\"name\":\"Noticias Radio Reflejos\",\"description\":\"Las noticias de mi comarca\",\"potentialAction\":[{\"@type\":\"SearchAction\",\"target\":{\"@type\":\"EntryPoint\",\"urlTemplate\":\"https:\/\/www.noticiasradioreflejos.com.ar\/2021\/?s={search_term_string}\"},\"query-input\":{\"@type\":\"PropertyValueSpecification\",\"valueRequired\":true,\"valueName\":\"search_term_string\"}}],\"inLanguage\":\"es\"},{\"@type\":\"Person\",\"@id\":\"https:\/\/www.noticiasradioreflejos.com.ar\/2021\/#\/schema\/person\/ad82545263dcc5ec0996818884fd5fb1\",\"name\":\"Arnaldo Botto\",\"image\":{\"@type\":\"ImageObject\",\"inLanguage\":\"es\",\"@id\":\"https:\/\/www.noticiasradioreflejos.com.ar\/2021\/#\/schema\/person\/image\/\",\"url\":\"https:\/\/secure.gravatar.com\/avatar\/55cb5e37c1efa326397366e6974cb338056df65cb50e7d64d1cf314e87504837?s=96&d=mm&r=g\",\"contentUrl\":\"https:\/\/secure.gravatar.com\/avatar\/55cb5e37c1efa326397366e6974cb338056df65cb50e7d64d1cf314e87504837?s=96&d=mm&r=g\",\"caption\":\"Arnaldo Botto\"},\"url\":\"https:\/\/www.noticiasradioreflejos.com.ar\/2021\/author\/arnaldo\/\"}]}<\/script>\n<!-- \/ Yoast SEO plugin. -->","yoast_head_json":{"title":"Prev\u00e9n que la temporada r\u00e9cord se extender\u00e1 a febrero y marzo - Noticias Radio Reflejos","robots":{"index":"index","follow":"follow","max-snippet":"max-snippet:-1","max-image-preview":"max-image-preview:large","max-video-preview":"max-video-preview:-1"},"canonical":"https:\/\/www.noticiasradioreflejos.com.ar\/2021\/preven-que-la-temporada-record-se-extendera-a-febrero-y-marzo\/","og_locale":"es_ES","og_type":"article","og_title":"Prev\u00e9n que la temporada r\u00e9cord se extender\u00e1 a febrero y marzo - Noticias Radio Reflejos","og_description":"La C\u00e1mara Argentina de Turismo hizo un balance tras el cierre del primer mes de la temporada. Destacaron el PreViaje y el trabajo en conjunto con las provincias.","og_url":"https:\/\/www.noticiasradioreflejos.com.ar\/2021\/preven-que-la-temporada-record-se-extendera-a-febrero-y-marzo\/","og_site_name":"Noticias Radio Reflejos","article_published_time":"2022-02-02T21:38:39+00:00","og_image":[{"url":"https:\/\/www.telam.com.ar\/thumbs\/bluesteel\/advf\/imagenes\/2022\/01\/61f5b28db7b26_900.jpg","type":"","width":"","height":""}],"author":"Arnaldo Botto","twitter_card":"summary_large_image","schema":{"@context":"https:\/\/schema.org","@graph":[{"@type":"WebPage","@id":"https:\/\/www.noticiasradioreflejos.com.ar\/2021\/preven-que-la-temporada-record-se-extendera-a-febrero-y-marzo\/","url":"https:\/\/www.noticiasradioreflejos.com.ar\/2021\/preven-que-la-temporada-record-se-extendera-a-febrero-y-marzo\/","name":"Prev\u00e9n que la temporada r\u00e9cord se extender\u00e1 a febrero y marzo - Noticias Radio Reflejos","isPartOf":{"@id":"https:\/\/www.noticiasradioreflejos.com.ar\/2021\/#website"},"primaryImageOfPage":{"@id":"https:\/\/www.noticiasradioreflejos.com.ar\/2021\/preven-que-la-temporada-record-se-extendera-a-febrero-y-marzo\/#primaryimage"},"image":{"@id":"https:\/\/www.noticiasradioreflejos.com.ar\/2021\/preven-que-la-temporada-record-se-extendera-a-febrero-y-marzo\/#primaryimage"},"thumbnailUrl":"https:\/\/www.telam.com.ar\/thumbs\/bluesteel\/advf\/imagenes\/2022\/01\/61f5b28db7b26_900.jpg","datePublished":"2022-02-02T21:38:39+00:00","author":{"@id":"https:\/\/www.noticiasradioreflejos.com.ar\/2021\/#\/schema\/person\/ad82545263dcc5ec0996818884fd5fb1"},"breadcrumb":{"@id":"https:\/\/www.noticiasradioreflejos.com.ar\/2021\/preven-que-la-temporada-record-se-extendera-a-febrero-y-marzo\/#breadcrumb"},"inLanguage":"es","potentialAction":[{"@type":"ReadAction","target":["https:\/\/www.noticiasradioreflejos.com.ar\/2021\/preven-que-la-temporada-record-se-extendera-a-febrero-y-marzo\/"]}]},{"@type":"ImageObject","inLanguage":"es","@id":"https:\/\/www.noticiasradioreflejos.com.ar\/2021\/preven-que-la-temporada-record-se-extendera-a-febrero-y-marzo\/#primaryimage","url":"https:\/\/www.telam.com.ar\/thumbs\/bluesteel\/advf\/imagenes\/2022\/01\/61f5b28db7b26_900.jpg","contentUrl":"https:\/\/www.telam.com.ar\/thumbs\/bluesteel\/advf\/imagenes\/2022\/01\/61f5b28db7b26_900.jpg"},{"@type":"BreadcrumbList","@id":"https:\/\/www.noticiasradioreflejos.com.ar\/2021\/preven-que-la-temporada-record-se-extendera-a-febrero-y-marzo\/#breadcrumb","itemListElement":[{"@type":"ListItem","position":1,"name":"Portada","item":"https:\/\/www.noticiasradioreflejos.com.ar\/2021\/"},{"@type":"ListItem","position":2,"name":"Prev\u00e9n que la temporada r\u00e9cord se extender\u00e1 a febrero y marzo"}]},{"@type":"WebSite","@id":"https:\/\/www.noticiasradioreflejos.com.ar\/2021\/#website","url":"https:\/\/www.noticiasradioreflejos.com.ar\/2021\/","name":"Noticias Radio Reflejos","description":"Las noticias de mi comarca","potentialAction":[{"@type":"SearchAction","target":{"@type":"EntryPoint","urlTemplate":"https:\/\/www.noticiasradioreflejos.com.ar\/2021\/?s={search_term_string}"},"query-input":{"@type":"PropertyValueSpecification","valueRequired":true,"valueName":"search_term_string"}}],"inLanguage":"es"},{"@type":"Person","@id":"https:\/\/www.noticiasradioreflejos.com.ar\/2021\/#\/schema\/person\/ad82545263dcc5ec0996818884fd5fb1","name":"Arnaldo Botto","image":{"@type":"ImageObject","inLanguage":"es","@id":"https:\/\/www.noticiasradioreflejos.com.ar\/2021\/#\/schema\/person\/image\/","url":"https:\/\/secure.gravatar.com\/avatar\/55cb5e37c1efa326397366e6974cb338056df65cb50e7d64d1cf314e87504837?s=96&d=mm&r=g","contentUrl":"https:\/\/secure.gravatar.com\/avatar\/55cb5e37c1efa326397366e6974cb338056df65cb50e7d64d1cf314e87504837?s=96&d=mm&r=g","caption":"Arnaldo Botto"},"url":"https:\/\/www.noticiasradioreflejos.com.ar\/2021\/author\/arnaldo\/"}]}},"_links":{"self":[{"href":"https:\/\/www.noticiasradioreflejos.com.ar\/2021\/wp-json\/wp\/v2\/posts\/67820","targetHints":{"allow":["GET"]}}],"collection":[{"href":"https:\/\/www.noticiasradioreflejos.com.ar\/2021\/wp-json\/wp\/v2\/posts"}],"about":[{"href":"https:\/\/www.noticiasradioreflejos.com.ar\/2021\/wp-json\/wp\/v2\/types\/post"}],"author":[{"embeddable":true,"href":"https:\/\/www.noticiasradioreflejos.com.ar\/2021\/wp-json\/wp\/v2\/users\/3"}],"replies":[{"embeddable":true,"href":"https:\/\/www.noticiasradioreflejos.com.ar\/2021\/wp-json\/wp\/v2\/comments?post=67820"}],"version-history":[{"count":1,"href":"https:\/\/www.noticiasradioreflejos.com.ar\/2021\/wp-json\/wp\/v2\/posts\/67820\/revisions"}],"predecessor-version":[{"id":67822,"href":"https:\/\/www.noticiasradioreflejos.com.ar\/2021\/wp-json\/wp\/v2\/posts\/67820\/revisions\/67822"}],"wp:attachment":[{"href":"https:\/\/www.noticiasradioreflejos.com.ar\/2021\/wp-json\/wp\/v2\/media?parent=67820"}],"wp:term":[{"taxonomy":"category","embeddable":true,"href":"https:\/\/www.noticiasradioreflejos.com.ar\/2021\/wp-json\/wp\/v2\/categories?post=67820"},{"taxonomy":"post_tag","embeddable":true,"href":"https:\/\/www.noticiasradioreflejos.com.ar\/2021\/wp-json\/wp\/v2\/tags?post=67820"}],"curies":[{"name":"wp","href":"https:\/\/api.w.org\/{rel}","templated":true}]}}