{"id":67815,"date":"2022-02-02T21:33:15","date_gmt":"2022-02-02T21:33:15","guid":{"rendered":"http:\/\/www.noticiasradioreflejos.com.ar\/2021\/?p=67815"},"modified":"2022-02-02T21:33:15","modified_gmt":"2022-02-02T21:33:15","slug":"segun-una-especialista-podrian-haber-cortado-la-droga-con-estricnina","status":"publish","type":"post","link":"https:\/\/www.noticiasradioreflejos.com.ar\/2021\/segun-una-especialista-podrian-haber-cortado-la-droga-con-estricnina\/","title":{"rendered":"Seg\u00fan una especialista, podr\u00edan haber \u00abcortado\u00bb la droga con estricnina"},"content":{"rendered":"<p>\u00abCon lo que la cortaron, por ejemplo, con alg\u00fan opi\u00e1ceo o estricnina, a baja dosis, puede haber provocado un paro card\u00edaco o respiratorio como causa de muerte\u00bb, explic\u00f3 Silvia Cabrerizo, m\u00e9dica de la Unidad de Toxicolog\u00eda del Hospital de Ni\u00f1os Ricardo Guti\u00e9rrez.<!--more--><\/p>\n<div class=\"wrapper-editable-content\">\n<div class=\"wrapper-info-note\">\n<div class=\"col-md-12\">\n<div class=\"wrapper-author-social\">\n<div class=\"author-box mb-4\">\n<div class=\"info\">\n<div class=\"time\"><\/div>\n<\/div>\n<\/div>\n<\/div>\n<\/div>\n<\/div>\n<div>\n<div class=\"wrapper-editable-content\">\n<div>\n<div class=\"container-md\">\n<div class=\"row\">\n<div class=\"col-md-12 speak\">\n<div class=\"paragraph\">\n<figure class=\"mb-3\"><img decoding=\"async\" src=\"https:\/\/www.telam.com.ar\/thumbs\/bluesteel\/advf\/imagenes\/2022\/02\/61fad6d838a67_900.jpg\" alt=\"Foto Eliana Obregon\" width=\"100%\" height=\"100%\" \/><\/figure>\n<\/div>\n<\/div>\n<\/div>\n<\/div>\n<\/div>\n<\/div>\n<\/div>\n<\/div>\n<div class=\"media-icons\"><\/div>\n<p>Foto: Eliana Obregon<\/p>\n<p>Silvia Cabrerizo, m\u00e9dica de la Unidad de Toxicolog\u00eda del Hospital de Ni\u00f1os Ricardo Guti\u00e9rrez, afirm\u00f3 este mi\u00e9rcoles que \u00ablos s\u00edntomas previos a la muerte sirven para identificar con qu\u00e9 estaba cortada la coca\u00edna\u00bb, al ser consultada sobre el fallecimiento de al menos ocho personas por la ingesta de esa sustancia \u00abcortada\u00bb con alg\u00fan producto a\u00fan desconocido.<\/p>\n<p>En este caso, \u00abla coca\u00edna debe haber estado cortada con alguna sustancia que tiene una baja dosis letal, o sea que con menos dosis de la sustancia se puede llegar a la muerte\u00bb, explic\u00f3 Cabrerizo.<\/p>\n<p>La toxic\u00f3loga agreg\u00f3 que \u00abser\u00eda importante saber de qu\u00e9 forma muri\u00f3 cada v\u00edctima, es decir qu\u00e9 otros s\u00edntomas presentaron en el cuadro letal\u00bb.<\/p>\n<p>Y explic\u00f3 que \u00absi tuvieron rigidez, depresi\u00f3n respiratoria, hipotermia o baja frecuencia card\u00edaca, ayuda a determinar con qu\u00e9 se mezcl\u00f3 la droga y nos acerca a una presunci\u00f3n diagn\u00f3stica que se ratificar\u00eda con una muestra biol\u00f3gica, que determinar\u00eda la sustancia\u00bb, usada en la mezcla con la coca\u00edna.<\/p>\n<p>Cabrerizo afirm\u00f3 a T\u00e9lam que no recuerda un caso similar, sin embargo aclar\u00f3 que \u00abla adulteraci\u00f3n de la droga es com\u00fan\u00bb.<\/p>\n<p>\u00abEn este caso estaba cortada con alguna dosis que alcanz\u00f3 la medida de la letalidad. La coca\u00edna siempre est\u00e1 cortada para que rinda m\u00e1s. En este caso, evidentemente la cortaron con una sustancia que tiene una dosis letal baja. Es decir que con lo que la cortaron, por ejemplo, con alg\u00fan opi\u00e1ceo o estricnina, a baja dosis, puede haber provocado un paro card\u00edaco o respiratorio como causa de muerte\u00bb, explic\u00f3.<\/p>\n<p>La profesional agreg\u00f3 que \u00abel clorhidrato de coca\u00edna puede ser adulterado con distintas sustancias como bicarbonato, talco, maicena, bicarbonato, etc. En este caso se adulter\u00f3 con una sustancia m\u00e1s letal como puede ser la estricnina o alg\u00fan opi\u00e1ceo como el fentanilo\u00bb.<\/p>\n<p>Como antecedentes de decesos masivos, record\u00f3 lo ocurrido con el consumo de drogas sint\u00e9ticas en lo que se llam\u00f3 la Tragedia de Time Warp, ocurrida en la noche del 15 y 16 de abril de 2016 en Costa Salguero, ubicada en la Ciudad de Buenos Aires, durante un festival electr\u00f3nico donde murieron 5 personas y decenas debieron ser hospitalizadas, entre ellas seis en terapia intensiva.<\/p>\n<p>Y la intoxicaci\u00f3n masiva con vino, ocurrida en 1993, con el consumo de dos marcas, Soy Cuyano y Mansero, que fueron adulterados con metanol y provocaron la muerte de al menos 26 personas y ceguera e invalidez a muchas otras.<\/p>\n<p>Con un \u00e1nimo preventivo, Cabrerizo advirti\u00f3, que \u00abla coca\u00edna en s\u00ed es t\u00f3xica, y si bien el adulterante en este caso fue mortal, no hay que perder de vista que la coca\u00edna, en s\u00ed misma, tambi\u00e9n puede provocar sobredosis que termina en muerte\u00bb.<\/p>\n","protected":false},"excerpt":{"rendered":"<p>\u00abCon lo que la cortaron, por ejemplo, con alg\u00fan opi\u00e1ceo o estricnina, a baja dosis, puede haber provocado un paro card\u00edaco o respiratorio como causa de muerte\u00bb, explic\u00f3 Silvia Cabrerizo, m\u00e9dica de la Unidad de Toxicolog\u00eda del Hospital de Ni\u00f1os Ricardo Guti\u00e9rrez.<\/p>\n","protected":false},"author":3,"featured_media":0,"comment_status":"closed","ping_status":"closed","sticky":false,"template":"","format":"standard","meta":{"footnotes":""},"categories":[24,30],"tags":[],"class_list":["post-67815","post","type-post","status-publish","format-standard","hentry","category-politica","category-salud"],"yoast_head":"<!-- This site is optimized with the Yoast SEO plugin v25.9 - https:\/\/yoast.com\/wordpress\/plugins\/seo\/ -->\n<title>Seg\u00fan una especialista, podr\u00edan haber &quot;cortado&quot; la droga con estricnina - Noticias Radio Reflejos<\/title>\n<meta name=\"robots\" content=\"index, follow, max-snippet:-1, max-image-preview:large, max-video-preview:-1\" \/>\n<link rel=\"canonical\" href=\"https:\/\/www.noticiasradioreflejos.com.ar\/2021\/segun-una-especialista-podrian-haber-cortado-la-droga-con-estricnina\/\" \/>\n<meta property=\"og:locale\" content=\"es_ES\" \/>\n<meta property=\"og:type\" content=\"article\" \/>\n<meta property=\"og:title\" content=\"Seg\u00fan una especialista, podr\u00edan haber &quot;cortado&quot; la droga con estricnina - Noticias Radio Reflejos\" \/>\n<meta property=\"og:description\" content=\"\u00abCon lo que la cortaron, por ejemplo, con alg\u00fan opi\u00e1ceo o estricnina, a baja dosis, puede haber provocado un paro card\u00edaco o respiratorio como causa de muerte\u00bb, explic\u00f3 Silvia Cabrerizo, m\u00e9dica de la Unidad de Toxicolog\u00eda del Hospital de Ni\u00f1os Ricardo Guti\u00e9rrez.\" \/>\n<meta property=\"og:url\" content=\"https:\/\/www.noticiasradioreflejos.com.ar\/2021\/segun-una-especialista-podrian-haber-cortado-la-droga-con-estricnina\/\" \/>\n<meta property=\"og:site_name\" content=\"Noticias Radio Reflejos\" \/>\n<meta property=\"article:published_time\" content=\"2022-02-02T21:33:15+00:00\" \/>\n<meta property=\"og:image\" content=\"https:\/\/www.telam.com.ar\/thumbs\/bluesteel\/advf\/imagenes\/2022\/02\/61fad6d838a67_900.jpg\" \/>\n<meta name=\"author\" content=\"Arnaldo Botto\" \/>\n<meta name=\"twitter:card\" content=\"summary_large_image\" \/>\n<script type=\"application\/ld+json\" class=\"yoast-schema-graph\">{\"@context\":\"https:\/\/schema.org\",\"@graph\":[{\"@type\":\"WebPage\",\"@id\":\"https:\/\/www.noticiasradioreflejos.com.ar\/2021\/segun-una-especialista-podrian-haber-cortado-la-droga-con-estricnina\/\",\"url\":\"https:\/\/www.noticiasradioreflejos.com.ar\/2021\/segun-una-especialista-podrian-haber-cortado-la-droga-con-estricnina\/\",\"name\":\"Seg\u00fan una especialista, podr\u00edan haber \\\"cortado\\\" la droga con estricnina - Noticias Radio Reflejos\",\"isPartOf\":{\"@id\":\"https:\/\/www.noticiasradioreflejos.com.ar\/2021\/#website\"},\"primaryImageOfPage\":{\"@id\":\"https:\/\/www.noticiasradioreflejos.com.ar\/2021\/segun-una-especialista-podrian-haber-cortado-la-droga-con-estricnina\/#primaryimage\"},\"image\":{\"@id\":\"https:\/\/www.noticiasradioreflejos.com.ar\/2021\/segun-una-especialista-podrian-haber-cortado-la-droga-con-estricnina\/#primaryimage\"},\"thumbnailUrl\":\"https:\/\/www.telam.com.ar\/thumbs\/bluesteel\/advf\/imagenes\/2022\/02\/61fad6d838a67_900.jpg\",\"datePublished\":\"2022-02-02T21:33:15+00:00\",\"author\":{\"@id\":\"https:\/\/www.noticiasradioreflejos.com.ar\/2021\/#\/schema\/person\/ad82545263dcc5ec0996818884fd5fb1\"},\"breadcrumb\":{\"@id\":\"https:\/\/www.noticiasradioreflejos.com.ar\/2021\/segun-una-especialista-podrian-haber-cortado-la-droga-con-estricnina\/#breadcrumb\"},\"inLanguage\":\"es\",\"potentialAction\":[{\"@type\":\"ReadAction\",\"target\":[\"https:\/\/www.noticiasradioreflejos.com.ar\/2021\/segun-una-especialista-podrian-haber-cortado-la-droga-con-estricnina\/\"]}]},{\"@type\":\"ImageObject\",\"inLanguage\":\"es\",\"@id\":\"https:\/\/www.noticiasradioreflejos.com.ar\/2021\/segun-una-especialista-podrian-haber-cortado-la-droga-con-estricnina\/#primaryimage\",\"url\":\"https:\/\/www.telam.com.ar\/thumbs\/bluesteel\/advf\/imagenes\/2022\/02\/61fad6d838a67_900.jpg\",\"contentUrl\":\"https:\/\/www.telam.com.ar\/thumbs\/bluesteel\/advf\/imagenes\/2022\/02\/61fad6d838a67_900.jpg\"},{\"@type\":\"BreadcrumbList\",\"@id\":\"https:\/\/www.noticiasradioreflejos.com.ar\/2021\/segun-una-especialista-podrian-haber-cortado-la-droga-con-estricnina\/#breadcrumb\",\"itemListElement\":[{\"@type\":\"ListItem\",\"position\":1,\"name\":\"Portada\",\"item\":\"https:\/\/www.noticiasradioreflejos.com.ar\/2021\/\"},{\"@type\":\"ListItem\",\"position\":2,\"name\":\"Seg\u00fan una especialista, podr\u00edan haber \u00abcortado\u00bb la droga con estricnina\"}]},{\"@type\":\"WebSite\",\"@id\":\"https:\/\/www.noticiasradioreflejos.com.ar\/2021\/#website\",\"url\":\"https:\/\/www.noticiasradioreflejos.com.ar\/2021\/\",\"name\":\"Noticias Radio Reflejos\",\"description\":\"Las noticias de mi comarca\",\"potentialAction\":[{\"@type\":\"SearchAction\",\"target\":{\"@type\":\"EntryPoint\",\"urlTemplate\":\"https:\/\/www.noticiasradioreflejos.com.ar\/2021\/?s={search_term_string}\"},\"query-input\":{\"@type\":\"PropertyValueSpecification\",\"valueRequired\":true,\"valueName\":\"search_term_string\"}}],\"inLanguage\":\"es\"},{\"@type\":\"Person\",\"@id\":\"https:\/\/www.noticiasradioreflejos.com.ar\/2021\/#\/schema\/person\/ad82545263dcc5ec0996818884fd5fb1\",\"name\":\"Arnaldo Botto\",\"image\":{\"@type\":\"ImageObject\",\"inLanguage\":\"es\",\"@id\":\"https:\/\/www.noticiasradioreflejos.com.ar\/2021\/#\/schema\/person\/image\/\",\"url\":\"https:\/\/secure.gravatar.com\/avatar\/55cb5e37c1efa326397366e6974cb338056df65cb50e7d64d1cf314e87504837?s=96&d=mm&r=g\",\"contentUrl\":\"https:\/\/secure.gravatar.com\/avatar\/55cb5e37c1efa326397366e6974cb338056df65cb50e7d64d1cf314e87504837?s=96&d=mm&r=g\",\"caption\":\"Arnaldo Botto\"},\"url\":\"https:\/\/www.noticiasradioreflejos.com.ar\/2021\/author\/arnaldo\/\"}]}<\/script>\n<!-- \/ Yoast SEO plugin. -->","yoast_head_json":{"title":"Seg\u00fan una especialista, podr\u00edan haber \"cortado\" la droga con estricnina - Noticias Radio Reflejos","robots":{"index":"index","follow":"follow","max-snippet":"max-snippet:-1","max-image-preview":"max-image-preview:large","max-video-preview":"max-video-preview:-1"},"canonical":"https:\/\/www.noticiasradioreflejos.com.ar\/2021\/segun-una-especialista-podrian-haber-cortado-la-droga-con-estricnina\/","og_locale":"es_ES","og_type":"article","og_title":"Seg\u00fan una especialista, podr\u00edan haber \"cortado\" la droga con estricnina - Noticias Radio Reflejos","og_description":"\u00abCon lo que la cortaron, por ejemplo, con alg\u00fan opi\u00e1ceo o estricnina, a baja dosis, puede haber provocado un paro card\u00edaco o respiratorio como causa de muerte\u00bb, explic\u00f3 Silvia Cabrerizo, m\u00e9dica de la Unidad de Toxicolog\u00eda del Hospital de Ni\u00f1os Ricardo Guti\u00e9rrez.","og_url":"https:\/\/www.noticiasradioreflejos.com.ar\/2021\/segun-una-especialista-podrian-haber-cortado-la-droga-con-estricnina\/","og_site_name":"Noticias Radio Reflejos","article_published_time":"2022-02-02T21:33:15+00:00","og_image":[{"url":"https:\/\/www.telam.com.ar\/thumbs\/bluesteel\/advf\/imagenes\/2022\/02\/61fad6d838a67_900.jpg","type":"","width":"","height":""}],"author":"Arnaldo Botto","twitter_card":"summary_large_image","schema":{"@context":"https:\/\/schema.org","@graph":[{"@type":"WebPage","@id":"https:\/\/www.noticiasradioreflejos.com.ar\/2021\/segun-una-especialista-podrian-haber-cortado-la-droga-con-estricnina\/","url":"https:\/\/www.noticiasradioreflejos.com.ar\/2021\/segun-una-especialista-podrian-haber-cortado-la-droga-con-estricnina\/","name":"Seg\u00fan una especialista, podr\u00edan haber \"cortado\" la droga con estricnina - Noticias Radio Reflejos","isPartOf":{"@id":"https:\/\/www.noticiasradioreflejos.com.ar\/2021\/#website"},"primaryImageOfPage":{"@id":"https:\/\/www.noticiasradioreflejos.com.ar\/2021\/segun-una-especialista-podrian-haber-cortado-la-droga-con-estricnina\/#primaryimage"},"image":{"@id":"https:\/\/www.noticiasradioreflejos.com.ar\/2021\/segun-una-especialista-podrian-haber-cortado-la-droga-con-estricnina\/#primaryimage"},"thumbnailUrl":"https:\/\/www.telam.com.ar\/thumbs\/bluesteel\/advf\/imagenes\/2022\/02\/61fad6d838a67_900.jpg","datePublished":"2022-02-02T21:33:15+00:00","author":{"@id":"https:\/\/www.noticiasradioreflejos.com.ar\/2021\/#\/schema\/person\/ad82545263dcc5ec0996818884fd5fb1"},"breadcrumb":{"@id":"https:\/\/www.noticiasradioreflejos.com.ar\/2021\/segun-una-especialista-podrian-haber-cortado-la-droga-con-estricnina\/#breadcrumb"},"inLanguage":"es","potentialAction":[{"@type":"ReadAction","target":["https:\/\/www.noticiasradioreflejos.com.ar\/2021\/segun-una-especialista-podrian-haber-cortado-la-droga-con-estricnina\/"]}]},{"@type":"ImageObject","inLanguage":"es","@id":"https:\/\/www.noticiasradioreflejos.com.ar\/2021\/segun-una-especialista-podrian-haber-cortado-la-droga-con-estricnina\/#primaryimage","url":"https:\/\/www.telam.com.ar\/thumbs\/bluesteel\/advf\/imagenes\/2022\/02\/61fad6d838a67_900.jpg","contentUrl":"https:\/\/www.telam.com.ar\/thumbs\/bluesteel\/advf\/imagenes\/2022\/02\/61fad6d838a67_900.jpg"},{"@type":"BreadcrumbList","@id":"https:\/\/www.noticiasradioreflejos.com.ar\/2021\/segun-una-especialista-podrian-haber-cortado-la-droga-con-estricnina\/#breadcrumb","itemListElement":[{"@type":"ListItem","position":1,"name":"Portada","item":"https:\/\/www.noticiasradioreflejos.com.ar\/2021\/"},{"@type":"ListItem","position":2,"name":"Seg\u00fan una especialista, podr\u00edan haber \u00abcortado\u00bb la droga con estricnina"}]},{"@type":"WebSite","@id":"https:\/\/www.noticiasradioreflejos.com.ar\/2021\/#website","url":"https:\/\/www.noticiasradioreflejos.com.ar\/2021\/","name":"Noticias Radio Reflejos","description":"Las noticias de mi comarca","potentialAction":[{"@type":"SearchAction","target":{"@type":"EntryPoint","urlTemplate":"https:\/\/www.noticiasradioreflejos.com.ar\/2021\/?s={search_term_string}"},"query-input":{"@type":"PropertyValueSpecification","valueRequired":true,"valueName":"search_term_string"}}],"inLanguage":"es"},{"@type":"Person","@id":"https:\/\/www.noticiasradioreflejos.com.ar\/2021\/#\/schema\/person\/ad82545263dcc5ec0996818884fd5fb1","name":"Arnaldo Botto","image":{"@type":"ImageObject","inLanguage":"es","@id":"https:\/\/www.noticiasradioreflejos.com.ar\/2021\/#\/schema\/person\/image\/","url":"https:\/\/secure.gravatar.com\/avatar\/55cb5e37c1efa326397366e6974cb338056df65cb50e7d64d1cf314e87504837?s=96&d=mm&r=g","contentUrl":"https:\/\/secure.gravatar.com\/avatar\/55cb5e37c1efa326397366e6974cb338056df65cb50e7d64d1cf314e87504837?s=96&d=mm&r=g","caption":"Arnaldo Botto"},"url":"https:\/\/www.noticiasradioreflejos.com.ar\/2021\/author\/arnaldo\/"}]}},"_links":{"self":[{"href":"https:\/\/www.noticiasradioreflejos.com.ar\/2021\/wp-json\/wp\/v2\/posts\/67815","targetHints":{"allow":["GET"]}}],"collection":[{"href":"https:\/\/www.noticiasradioreflejos.com.ar\/2021\/wp-json\/wp\/v2\/posts"}],"about":[{"href":"https:\/\/www.noticiasradioreflejos.com.ar\/2021\/wp-json\/wp\/v2\/types\/post"}],"author":[{"embeddable":true,"href":"https:\/\/www.noticiasradioreflejos.com.ar\/2021\/wp-json\/wp\/v2\/users\/3"}],"replies":[{"embeddable":true,"href":"https:\/\/www.noticiasradioreflejos.com.ar\/2021\/wp-json\/wp\/v2\/comments?post=67815"}],"version-history":[{"count":1,"href":"https:\/\/www.noticiasradioreflejos.com.ar\/2021\/wp-json\/wp\/v2\/posts\/67815\/revisions"}],"predecessor-version":[{"id":67817,"href":"https:\/\/www.noticiasradioreflejos.com.ar\/2021\/wp-json\/wp\/v2\/posts\/67815\/revisions\/67817"}],"wp:attachment":[{"href":"https:\/\/www.noticiasradioreflejos.com.ar\/2021\/wp-json\/wp\/v2\/media?parent=67815"}],"wp:term":[{"taxonomy":"category","embeddable":true,"href":"https:\/\/www.noticiasradioreflejos.com.ar\/2021\/wp-json\/wp\/v2\/categories?post=67815"},{"taxonomy":"post_tag","embeddable":true,"href":"https:\/\/www.noticiasradioreflejos.com.ar\/2021\/wp-json\/wp\/v2\/tags?post=67815"}],"curies":[{"name":"wp","href":"https:\/\/api.w.org\/{rel}","templated":true}]}}