{"id":67806,"date":"2022-02-02T21:29:40","date_gmt":"2022-02-02T21:29:40","guid":{"rendered":"http:\/\/www.noticiasradioreflejos.com.ar\/2021\/?p=67806"},"modified":"2022-02-02T21:35:26","modified_gmt":"2022-02-02T21:35:26","slug":"informe-del-hcd-por-el-arbolado-hay-que-disminuir-los-riesgos-y-lo-que-se-puede-hacer-es-hacer-que-esos-espacios-sean-de-paso-y-no-sean-de-permanencia","status":"publish","type":"post","link":"https:\/\/www.noticiasradioreflejos.com.ar\/2021\/informe-del-hcd-por-el-arbolado-hay-que-disminuir-los-riesgos-y-lo-que-se-puede-hacer-es-hacer-que-esos-espacios-sean-de-paso-y-no-sean-de-permanencia\/","title":{"rendered":"Informe del HCD por el arbolado: \u00abHay que disminuir los riesgos. Y lo que se puede hacer es hacer que esos espacios sean de paso y no sean de permanencia\u00bb"},"content":{"rendered":"<p>El concejal y presidente del bloque de Juntos, expone en el programa de radio cu\u00e1l es el criterio formal que se establece,\u00a0 a trav\u00e9s del informe t\u00e9cnico que el HCD presenta al intendente, para resolver la problem\u00e1tica del <strong>arbolado p\u00fablico del Parque Lineal<\/strong>.<!--more--><\/p>\n<p>\u00abEn <a href=\"http:\/\/www.noticiasradioreflejos.com.ar\/2021\/el-concejo-deliberante-elaboro-un-informe-sobre-los-arboles-del-parque-lineal\/\"><span style=\"color: #ff0000;\"><strong>el informe<\/strong><\/span><\/a> el ingeniero deja claro que hay 4 eucaliptos que est\u00e1n viejos y que hay que intervenir, porque se est\u00e1n pudriendo o est\u00e1n secos. Tambi\u00e9n habr\u00eda que intervenir 2 o 3 \u00e1rboles mal porque est\u00e1n en mal estado\u00bb fue el resumen que comparti\u00f3 Luis sobre el relevamiento t\u00e9cnico del arbolado del Parque Lineal.<\/p>\n<p>El mismo informe, adem\u00e1s de hacer un relevamiento, tambi\u00e9n propone algunas medidas a la problem\u00e1tica. \u00abSi el relevamiento marca que, si las ramas est\u00e1n en buen estado, hacer una poda har\u00eda que esas ramas crezcan m\u00e1s d\u00e9bil todav\u00eda\u00bb mencion\u00f3 el concejal. Agreg\u00f3 que una de las intensiones del bloque, a ra\u00edz del asesoramiento del ingeniero forestal, no es realizar la tala basal que sugiere el Municipio de Tornquist. \u00abHay que disminuir los riesgos. Y lo que se puede hacer es hacer que esos espacios sean de paso y no sean de permanencia\u00bb.<\/p>\n<p>\u00abNosotros el 3 de enero le pedimos al intendente municipal que aplace la intervenci\u00f3n un mes para que nosotros podamos realizar los relevamientos. Nosotros cumplimos, hoy es 2 de febrero y ya presentamos todos los informes. M\u00e1s all\u00e1 de estar en desacuerdo, tambi\u00e9n est\u00e1 bueno proponer\u00bb expres\u00f3 Luis en relaci\u00f3n la incertidumbre de cu\u00e1l ser\u00e1 la decisi\u00f3n que se tomar\u00e1 desde el ejecutivo con la problem\u00e1tica.<\/p>\n<p>Finalmente, Luis comparte que, seg\u00fan \u00e9l, habr\u00eda que tomar intervenci\u00f3n con estas problem\u00e1ticas y pensar estrategias a largo plazo, ya que expresa que \u00absi hay algo que sobra en este distrito, son los \u00e1rboles\u00bb.<\/p>\n<p>&nbsp;<\/p>\n<p>Nota completa a continuaci\u00f3n:<br \/>\n<iframe loading=\"lazy\" src=\"https:\/\/w.soundcloud.com\/player\/?url=https%3A\/\/api.soundcloud.com\/tracks\/1208448103&amp;color=%23ff5500&amp;auto_play=false&amp;hide_related=false&amp;show_comments=true&amp;show_user=true&amp;show_reposts=false&amp;show_teaser=true\" width=\"100%\" height=\"166\" frameborder=\"no\" scrolling=\"no\"><\/iframe><\/p>\n<div style=\"font-size: 10px; color: #cccccc; line-break: anywhere; word-break: normal; overflow: hidden; white-space: nowrap; text-overflow: ellipsis; font-family: Interstate,Lucida Grande,Lucida Sans Unicode,Lucida Sans,Garuda,Verdana,Tahoma,sans-serif; font-weight: 100;\"><a style=\"color: #cccccc; text-decoration: none;\" title=\"fmreflejos 103.7\" href=\"https:\/\/soundcloud.com\/fmreflejos-103-7\" target=\"_blank\" rel=\"noopener\">fmreflejos 103.7<\/a> \u00b7 <a style=\"color: #cccccc; text-decoration: none;\" title=\"Luis Castro\" href=\"https:\/\/soundcloud.com\/fmreflejos-103-7\/luis-castro-8\" target=\"_blank\" rel=\"noopener\">Luis Castro<\/a><\/div>\n","protected":false},"excerpt":{"rendered":"<p>El concejal y presidente del bloque de Juntos, expone en el programa de radio cu\u00e1l es el criterio formal que se establece,\u00a0 a trav\u00e9s del informe t\u00e9cnico que el HCD presenta al intendente, para resolver la problem\u00e1tica del arbolado p\u00fablico del Parque Lineal.<\/p>\n","protected":false},"author":3,"featured_media":0,"comment_status":"closed","ping_status":"closed","sticky":false,"template":"","format":"standard","meta":{"footnotes":""},"categories":[28,24],"tags":[48],"class_list":["post-67806","post","type-post","status-publish","format-standard","hentry","category-municipales","category-politica","tag-destacada"],"yoast_head":"<!-- This site is optimized with the Yoast SEO plugin v25.9 - https:\/\/yoast.com\/wordpress\/plugins\/seo\/ -->\n<title>Informe del HCD por el arbolado: &quot;Hay que disminuir los riesgos. Y lo que se puede hacer es hacer que esos espacios sean de paso y no sean de permanencia&quot; - Noticias Radio Reflejos<\/title>\n<meta name=\"robots\" content=\"index, follow, max-snippet:-1, max-image-preview:large, max-video-preview:-1\" \/>\n<link rel=\"canonical\" href=\"https:\/\/www.noticiasradioreflejos.com.ar\/2021\/informe-del-hcd-por-el-arbolado-hay-que-disminuir-los-riesgos-y-lo-que-se-puede-hacer-es-hacer-que-esos-espacios-sean-de-paso-y-no-sean-de-permanencia\/\" \/>\n<meta property=\"og:locale\" content=\"es_ES\" \/>\n<meta property=\"og:type\" content=\"article\" \/>\n<meta property=\"og:title\" content=\"Informe del HCD por el arbolado: &quot;Hay que disminuir los riesgos. Y lo que se puede hacer es hacer que esos espacios sean de paso y no sean de permanencia&quot; - Noticias Radio Reflejos\" \/>\n<meta property=\"og:description\" content=\"El concejal y presidente del bloque de Juntos, expone en el programa de radio cu\u00e1l es el criterio formal que se establece,\u00a0 a trav\u00e9s del informe t\u00e9cnico que el HCD presenta al intendente, para resolver la problem\u00e1tica del arbolado p\u00fablico del Parque Lineal.\" \/>\n<meta property=\"og:url\" content=\"https:\/\/www.noticiasradioreflejos.com.ar\/2021\/informe-del-hcd-por-el-arbolado-hay-que-disminuir-los-riesgos-y-lo-que-se-puede-hacer-es-hacer-que-esos-espacios-sean-de-paso-y-no-sean-de-permanencia\/\" \/>\n<meta property=\"og:site_name\" content=\"Noticias Radio Reflejos\" \/>\n<meta property=\"article:published_time\" content=\"2022-02-02T21:29:40+00:00\" \/>\n<meta property=\"article:modified_time\" content=\"2022-02-02T21:35:26+00:00\" \/>\n<meta property=\"og:image\" content=\"https:\/\/www.noticiasradioreflejos.com.ar\/2021\/wp-content\/uploads\/2021\/07\/logosol300x200.png\" \/>\n\t<meta property=\"og:image:width\" content=\"300\" \/>\n\t<meta property=\"og:image:height\" content=\"200\" \/>\n\t<meta property=\"og:image:type\" content=\"image\/png\" \/>\n<meta name=\"author\" content=\"Arnaldo Botto\" \/>\n<meta name=\"twitter:card\" content=\"summary_large_image\" \/>\n<script type=\"application\/ld+json\" class=\"yoast-schema-graph\">{\"@context\":\"https:\/\/schema.org\",\"@graph\":[{\"@type\":\"WebPage\",\"@id\":\"https:\/\/www.noticiasradioreflejos.com.ar\/2021\/informe-del-hcd-por-el-arbolado-hay-que-disminuir-los-riesgos-y-lo-que-se-puede-hacer-es-hacer-que-esos-espacios-sean-de-paso-y-no-sean-de-permanencia\/\",\"url\":\"https:\/\/www.noticiasradioreflejos.com.ar\/2021\/informe-del-hcd-por-el-arbolado-hay-que-disminuir-los-riesgos-y-lo-que-se-puede-hacer-es-hacer-que-esos-espacios-sean-de-paso-y-no-sean-de-permanencia\/\",\"name\":\"Informe del HCD por el arbolado: \\\"Hay que disminuir los riesgos. Y lo que se puede hacer es hacer que esos espacios sean de paso y no sean de permanencia\\\" - Noticias Radio Reflejos\",\"isPartOf\":{\"@id\":\"https:\/\/www.noticiasradioreflejos.com.ar\/2021\/#website\"},\"datePublished\":\"2022-02-02T21:29:40+00:00\",\"dateModified\":\"2022-02-02T21:35:26+00:00\",\"author\":{\"@id\":\"https:\/\/www.noticiasradioreflejos.com.ar\/2021\/#\/schema\/person\/ad82545263dcc5ec0996818884fd5fb1\"},\"breadcrumb\":{\"@id\":\"https:\/\/www.noticiasradioreflejos.com.ar\/2021\/informe-del-hcd-por-el-arbolado-hay-que-disminuir-los-riesgos-y-lo-que-se-puede-hacer-es-hacer-que-esos-espacios-sean-de-paso-y-no-sean-de-permanencia\/#breadcrumb\"},\"inLanguage\":\"es\",\"potentialAction\":[{\"@type\":\"ReadAction\",\"target\":[\"https:\/\/www.noticiasradioreflejos.com.ar\/2021\/informe-del-hcd-por-el-arbolado-hay-que-disminuir-los-riesgos-y-lo-que-se-puede-hacer-es-hacer-que-esos-espacios-sean-de-paso-y-no-sean-de-permanencia\/\"]}]},{\"@type\":\"BreadcrumbList\",\"@id\":\"https:\/\/www.noticiasradioreflejos.com.ar\/2021\/informe-del-hcd-por-el-arbolado-hay-que-disminuir-los-riesgos-y-lo-que-se-puede-hacer-es-hacer-que-esos-espacios-sean-de-paso-y-no-sean-de-permanencia\/#breadcrumb\",\"itemListElement\":[{\"@type\":\"ListItem\",\"position\":1,\"name\":\"Portada\",\"item\":\"https:\/\/www.noticiasradioreflejos.com.ar\/2021\/\"},{\"@type\":\"ListItem\",\"position\":2,\"name\":\"Informe del HCD por el arbolado: \u00abHay que disminuir los riesgos. Y lo que se puede hacer es hacer que esos espacios sean de paso y no sean de permanencia\u00bb\"}]},{\"@type\":\"WebSite\",\"@id\":\"https:\/\/www.noticiasradioreflejos.com.ar\/2021\/#website\",\"url\":\"https:\/\/www.noticiasradioreflejos.com.ar\/2021\/\",\"name\":\"Noticias Radio Reflejos\",\"description\":\"Las noticias de mi comarca\",\"potentialAction\":[{\"@type\":\"SearchAction\",\"target\":{\"@type\":\"EntryPoint\",\"urlTemplate\":\"https:\/\/www.noticiasradioreflejos.com.ar\/2021\/?s={search_term_string}\"},\"query-input\":{\"@type\":\"PropertyValueSpecification\",\"valueRequired\":true,\"valueName\":\"search_term_string\"}}],\"inLanguage\":\"es\"},{\"@type\":\"Person\",\"@id\":\"https:\/\/www.noticiasradioreflejos.com.ar\/2021\/#\/schema\/person\/ad82545263dcc5ec0996818884fd5fb1\",\"name\":\"Arnaldo Botto\",\"image\":{\"@type\":\"ImageObject\",\"inLanguage\":\"es\",\"@id\":\"https:\/\/www.noticiasradioreflejos.com.ar\/2021\/#\/schema\/person\/image\/\",\"url\":\"https:\/\/secure.gravatar.com\/avatar\/55cb5e37c1efa326397366e6974cb338056df65cb50e7d64d1cf314e87504837?s=96&d=mm&r=g\",\"contentUrl\":\"https:\/\/secure.gravatar.com\/avatar\/55cb5e37c1efa326397366e6974cb338056df65cb50e7d64d1cf314e87504837?s=96&d=mm&r=g\",\"caption\":\"Arnaldo Botto\"},\"url\":\"https:\/\/www.noticiasradioreflejos.com.ar\/2021\/author\/arnaldo\/\"}]}<\/script>\n<!-- \/ Yoast SEO plugin. -->","yoast_head_json":{"title":"Informe del HCD por el arbolado: \"Hay que disminuir los riesgos. Y lo que se puede hacer es hacer que esos espacios sean de paso y no sean de permanencia\" - Noticias Radio Reflejos","robots":{"index":"index","follow":"follow","max-snippet":"max-snippet:-1","max-image-preview":"max-image-preview:large","max-video-preview":"max-video-preview:-1"},"canonical":"https:\/\/www.noticiasradioreflejos.com.ar\/2021\/informe-del-hcd-por-el-arbolado-hay-que-disminuir-los-riesgos-y-lo-que-se-puede-hacer-es-hacer-que-esos-espacios-sean-de-paso-y-no-sean-de-permanencia\/","og_locale":"es_ES","og_type":"article","og_title":"Informe del HCD por el arbolado: \"Hay que disminuir los riesgos. Y lo que se puede hacer es hacer que esos espacios sean de paso y no sean de permanencia\" - Noticias Radio Reflejos","og_description":"El concejal y presidente del bloque de Juntos, expone en el programa de radio cu\u00e1l es el criterio formal que se establece,\u00a0 a trav\u00e9s del informe t\u00e9cnico que el HCD presenta al intendente, para resolver la problem\u00e1tica del arbolado p\u00fablico del Parque Lineal.","og_url":"https:\/\/www.noticiasradioreflejos.com.ar\/2021\/informe-del-hcd-por-el-arbolado-hay-que-disminuir-los-riesgos-y-lo-que-se-puede-hacer-es-hacer-que-esos-espacios-sean-de-paso-y-no-sean-de-permanencia\/","og_site_name":"Noticias Radio Reflejos","article_published_time":"2022-02-02T21:29:40+00:00","article_modified_time":"2022-02-02T21:35:26+00:00","og_image":[{"width":300,"height":200,"url":"https:\/\/www.noticiasradioreflejos.com.ar\/2021\/wp-content\/uploads\/2021\/07\/logosol300x200.png","type":"image\/png"}],"author":"Arnaldo Botto","twitter_card":"summary_large_image","schema":{"@context":"https:\/\/schema.org","@graph":[{"@type":"WebPage","@id":"https:\/\/www.noticiasradioreflejos.com.ar\/2021\/informe-del-hcd-por-el-arbolado-hay-que-disminuir-los-riesgos-y-lo-que-se-puede-hacer-es-hacer-que-esos-espacios-sean-de-paso-y-no-sean-de-permanencia\/","url":"https:\/\/www.noticiasradioreflejos.com.ar\/2021\/informe-del-hcd-por-el-arbolado-hay-que-disminuir-los-riesgos-y-lo-que-se-puede-hacer-es-hacer-que-esos-espacios-sean-de-paso-y-no-sean-de-permanencia\/","name":"Informe del HCD por el arbolado: \"Hay que disminuir los riesgos. Y lo que se puede hacer es hacer que esos espacios sean de paso y no sean de permanencia\" - Noticias Radio Reflejos","isPartOf":{"@id":"https:\/\/www.noticiasradioreflejos.com.ar\/2021\/#website"},"datePublished":"2022-02-02T21:29:40+00:00","dateModified":"2022-02-02T21:35:26+00:00","author":{"@id":"https:\/\/www.noticiasradioreflejos.com.ar\/2021\/#\/schema\/person\/ad82545263dcc5ec0996818884fd5fb1"},"breadcrumb":{"@id":"https:\/\/www.noticiasradioreflejos.com.ar\/2021\/informe-del-hcd-por-el-arbolado-hay-que-disminuir-los-riesgos-y-lo-que-se-puede-hacer-es-hacer-que-esos-espacios-sean-de-paso-y-no-sean-de-permanencia\/#breadcrumb"},"inLanguage":"es","potentialAction":[{"@type":"ReadAction","target":["https:\/\/www.noticiasradioreflejos.com.ar\/2021\/informe-del-hcd-por-el-arbolado-hay-que-disminuir-los-riesgos-y-lo-que-se-puede-hacer-es-hacer-que-esos-espacios-sean-de-paso-y-no-sean-de-permanencia\/"]}]},{"@type":"BreadcrumbList","@id":"https:\/\/www.noticiasradioreflejos.com.ar\/2021\/informe-del-hcd-por-el-arbolado-hay-que-disminuir-los-riesgos-y-lo-que-se-puede-hacer-es-hacer-que-esos-espacios-sean-de-paso-y-no-sean-de-permanencia\/#breadcrumb","itemListElement":[{"@type":"ListItem","position":1,"name":"Portada","item":"https:\/\/www.noticiasradioreflejos.com.ar\/2021\/"},{"@type":"ListItem","position":2,"name":"Informe del HCD por el arbolado: \u00abHay que disminuir los riesgos. Y lo que se puede hacer es hacer que esos espacios sean de paso y no sean de permanencia\u00bb"}]},{"@type":"WebSite","@id":"https:\/\/www.noticiasradioreflejos.com.ar\/2021\/#website","url":"https:\/\/www.noticiasradioreflejos.com.ar\/2021\/","name":"Noticias Radio Reflejos","description":"Las noticias de mi comarca","potentialAction":[{"@type":"SearchAction","target":{"@type":"EntryPoint","urlTemplate":"https:\/\/www.noticiasradioreflejos.com.ar\/2021\/?s={search_term_string}"},"query-input":{"@type":"PropertyValueSpecification","valueRequired":true,"valueName":"search_term_string"}}],"inLanguage":"es"},{"@type":"Person","@id":"https:\/\/www.noticiasradioreflejos.com.ar\/2021\/#\/schema\/person\/ad82545263dcc5ec0996818884fd5fb1","name":"Arnaldo Botto","image":{"@type":"ImageObject","inLanguage":"es","@id":"https:\/\/www.noticiasradioreflejos.com.ar\/2021\/#\/schema\/person\/image\/","url":"https:\/\/secure.gravatar.com\/avatar\/55cb5e37c1efa326397366e6974cb338056df65cb50e7d64d1cf314e87504837?s=96&d=mm&r=g","contentUrl":"https:\/\/secure.gravatar.com\/avatar\/55cb5e37c1efa326397366e6974cb338056df65cb50e7d64d1cf314e87504837?s=96&d=mm&r=g","caption":"Arnaldo Botto"},"url":"https:\/\/www.noticiasradioreflejos.com.ar\/2021\/author\/arnaldo\/"}]}},"_links":{"self":[{"href":"https:\/\/www.noticiasradioreflejos.com.ar\/2021\/wp-json\/wp\/v2\/posts\/67806","targetHints":{"allow":["GET"]}}],"collection":[{"href":"https:\/\/www.noticiasradioreflejos.com.ar\/2021\/wp-json\/wp\/v2\/posts"}],"about":[{"href":"https:\/\/www.noticiasradioreflejos.com.ar\/2021\/wp-json\/wp\/v2\/types\/post"}],"author":[{"embeddable":true,"href":"https:\/\/www.noticiasradioreflejos.com.ar\/2021\/wp-json\/wp\/v2\/users\/3"}],"replies":[{"embeddable":true,"href":"https:\/\/www.noticiasradioreflejos.com.ar\/2021\/wp-json\/wp\/v2\/comments?post=67806"}],"version-history":[{"count":4,"href":"https:\/\/www.noticiasradioreflejos.com.ar\/2021\/wp-json\/wp\/v2\/posts\/67806\/revisions"}],"predecessor-version":[{"id":67819,"href":"https:\/\/www.noticiasradioreflejos.com.ar\/2021\/wp-json\/wp\/v2\/posts\/67806\/revisions\/67819"}],"wp:attachment":[{"href":"https:\/\/www.noticiasradioreflejos.com.ar\/2021\/wp-json\/wp\/v2\/media?parent=67806"}],"wp:term":[{"taxonomy":"category","embeddable":true,"href":"https:\/\/www.noticiasradioreflejos.com.ar\/2021\/wp-json\/wp\/v2\/categories?post=67806"},{"taxonomy":"post_tag","embeddable":true,"href":"https:\/\/www.noticiasradioreflejos.com.ar\/2021\/wp-json\/wp\/v2\/tags?post=67806"}],"curies":[{"name":"wp","href":"https:\/\/api.w.org\/{rel}","templated":true}]}}