{"id":67802,"date":"2022-02-02T21:22:47","date_gmt":"2022-02-02T21:22:47","guid":{"rendered":"http:\/\/www.noticiasradioreflejos.com.ar\/2021\/?p=67802"},"modified":"2022-02-02T21:22:47","modified_gmt":"2022-02-02T21:22:47","slug":"vehiculos-electricos-y-drones-responsabilidad-las-leyes-que-encuadran-su-uso-y-penas-a-los-infractores","status":"publish","type":"post","link":"https:\/\/www.noticiasradioreflejos.com.ar\/2021\/vehiculos-electricos-y-drones-responsabilidad-las-leyes-que-encuadran-su-uso-y-penas-a-los-infractores\/","title":{"rendered":"Veh\u00edculos el\u00e9ctricos y drones: Responsabilidad, las leyes que encuadran su uso y penas a los infractores."},"content":{"rendered":"<p>Drones en el cielo usurpando el espacio a\u00e9reo y espiando, patinetas el\u00e9ctricas, carritos de golf y otros veh\u00edculos fuera de la ley y con plena vigencia de uso en calles. Que normativas encuadran su uso, las responsabilidades y los problemas de quienes manejan. El Dr. Picardi aborda el tema y define dudas. <!--more--><\/p>\n<p>\u00abPrimero hay que diferenciar los pilotos que est\u00e1n registrados como corresponde, y la persona que se compra un drones para jugar\u00bb explic\u00f3 Leandro la tem\u00e1tica de los drones.<\/p>\n<p>\u00abPor otro lado, tambi\u00e9n hay que ver la cantidad de gente que usa drones. Hoy en d\u00eda, alguien puede ver exactamente lo que pasa dentro de una casa con el simple hecho de posicionar el drones en la ventana\u00bb comparti\u00f3 el abogado.<\/p>\n<p>Leandro resalta esta cuesti\u00f3n de la regularizaci\u00f3n de los drones, los cuales son \u00fanicamente los que est\u00e1n registrados de manera correspondiente los que est\u00e1n contemplados para actuar ante denuncias.<\/p>\n<p>Leandro tambi\u00e9n estuvo d\u00e1ndonos asesoramiento en cuanto a los veh\u00edculos no regularizados, como por ejemplo, los carritos de golf. \u00abMientras no suceda ning\u00fan accidente, se pueden seguir utilizando, no se debe. Los veh\u00edculos que no est\u00e1n registrados pueden generar una responsabilidad enorme porque no est\u00e1n pensados para circular en la calle\u00bb.<\/p>\n<p>El abogado sostiene que es fundamental una pronta legislaci\u00f3n que permite circular o no con estos veh\u00edculos. Tambi\u00e9n aprovecha a ejemplificar con los famosos monopatines el\u00e9ctricos, m\u00f3viles que est\u00e1n muy de moda \u00faltimamente, pero que tampoco est\u00e1n autorizados para moverse en la calle.<\/p>\n<p>Nota completa a continuaci\u00f3n:<br \/>\n<iframe loading=\"lazy\" src=\"https:\/\/w.soundcloud.com\/player\/?url=https%3A\/\/api.soundcloud.com\/tracks\/1208421748&amp;color=%23ff5500&amp;auto_play=false&amp;hide_related=false&amp;show_comments=true&amp;show_user=true&amp;show_reposts=false&amp;show_teaser=true\" width=\"100%\" height=\"166\" frameborder=\"no\" scrolling=\"no\"><\/iframe><\/p>\n<div style=\"font-size: 10px; color: #cccccc; line-break: anywhere; word-break: normal; overflow: hidden; white-space: nowrap; text-overflow: ellipsis; font-family: Interstate,Lucida Grande,Lucida Sans Unicode,Lucida Sans,Garuda,Verdana,Tahoma,sans-serif; font-weight: 100;\"><a style=\"color: #cccccc; text-decoration: none;\" title=\"fmreflejos 103.7\" href=\"https:\/\/soundcloud.com\/fmreflejos-103-7\" target=\"_blank\" rel=\"noopener\">fmreflejos 103.7<\/a> \u00b7 <a style=\"color: #cccccc; text-decoration: none;\" title=\"Leandro Picardi\" href=\"https:\/\/soundcloud.com\/fmreflejos-103-7\/leandro-picardi-8\" target=\"_blank\" rel=\"noopener\">Leandro Picardi<\/a><\/div>\n","protected":false},"excerpt":{"rendered":"<p>Drones en el cielo usurpando el espacio a\u00e9reo y espiando, patinetas el\u00e9ctricas, carritos de golf y otros veh\u00edculos fuera de la ley y con plena vigencia de uso en calles. Que normativas encuadran su uso, las responsabilidades y los problemas de quienes manejan. El Dr. Picardi aborda el tema y define dudas.<\/p>\n","protected":false},"author":3,"featured_media":0,"comment_status":"closed","ping_status":"closed","sticky":false,"template":"","format":"standard","meta":{"footnotes":""},"categories":[46,26],"tags":[48],"class_list":["post-67802","post","type-post","status-publish","format-standard","hentry","category-ciencia-y-tecnologia","category-sociedad","tag-destacada"],"yoast_head":"<!-- This site is optimized with the Yoast SEO plugin v25.9 - https:\/\/yoast.com\/wordpress\/plugins\/seo\/ -->\n<title>Veh\u00edculos el\u00e9ctricos y drones: Responsabilidad, las leyes que encuadran su uso y penas a los infractores. - Noticias Radio Reflejos<\/title>\n<meta name=\"robots\" content=\"index, follow, max-snippet:-1, max-image-preview:large, max-video-preview:-1\" \/>\n<link rel=\"canonical\" href=\"https:\/\/www.noticiasradioreflejos.com.ar\/2021\/vehiculos-electricos-y-drones-responsabilidad-las-leyes-que-encuadran-su-uso-y-penas-a-los-infractores\/\" \/>\n<meta property=\"og:locale\" content=\"es_ES\" \/>\n<meta property=\"og:type\" content=\"article\" \/>\n<meta property=\"og:title\" content=\"Veh\u00edculos el\u00e9ctricos y drones: Responsabilidad, las leyes que encuadran su uso y penas a los infractores. - Noticias Radio Reflejos\" \/>\n<meta property=\"og:description\" content=\"Drones en el cielo usurpando el espacio a\u00e9reo y espiando, patinetas el\u00e9ctricas, carritos de golf y otros veh\u00edculos fuera de la ley y con plena vigencia de uso en calles. Que normativas encuadran su uso, las responsabilidades y los problemas de quienes manejan. El Dr. Picardi aborda el tema y define dudas.\" \/>\n<meta property=\"og:url\" content=\"https:\/\/www.noticiasradioreflejos.com.ar\/2021\/vehiculos-electricos-y-drones-responsabilidad-las-leyes-que-encuadran-su-uso-y-penas-a-los-infractores\/\" \/>\n<meta property=\"og:site_name\" content=\"Noticias Radio Reflejos\" \/>\n<meta property=\"article:published_time\" content=\"2022-02-02T21:22:47+00:00\" \/>\n<meta property=\"og:image\" content=\"https:\/\/www.noticiasradioreflejos.com.ar\/2021\/wp-content\/uploads\/2021\/07\/logosol300x200.png\" \/>\n\t<meta property=\"og:image:width\" content=\"300\" \/>\n\t<meta property=\"og:image:height\" content=\"200\" \/>\n\t<meta property=\"og:image:type\" content=\"image\/png\" \/>\n<meta name=\"author\" content=\"Arnaldo Botto\" \/>\n<meta name=\"twitter:card\" content=\"summary_large_image\" \/>\n<script type=\"application\/ld+json\" class=\"yoast-schema-graph\">{\"@context\":\"https:\/\/schema.org\",\"@graph\":[{\"@type\":\"WebPage\",\"@id\":\"https:\/\/www.noticiasradioreflejos.com.ar\/2021\/vehiculos-electricos-y-drones-responsabilidad-las-leyes-que-encuadran-su-uso-y-penas-a-los-infractores\/\",\"url\":\"https:\/\/www.noticiasradioreflejos.com.ar\/2021\/vehiculos-electricos-y-drones-responsabilidad-las-leyes-que-encuadran-su-uso-y-penas-a-los-infractores\/\",\"name\":\"Veh\u00edculos el\u00e9ctricos y drones: Responsabilidad, las leyes que encuadran su uso y penas a los infractores. - Noticias Radio Reflejos\",\"isPartOf\":{\"@id\":\"https:\/\/www.noticiasradioreflejos.com.ar\/2021\/#website\"},\"datePublished\":\"2022-02-02T21:22:47+00:00\",\"author\":{\"@id\":\"https:\/\/www.noticiasradioreflejos.com.ar\/2021\/#\/schema\/person\/ad82545263dcc5ec0996818884fd5fb1\"},\"breadcrumb\":{\"@id\":\"https:\/\/www.noticiasradioreflejos.com.ar\/2021\/vehiculos-electricos-y-drones-responsabilidad-las-leyes-que-encuadran-su-uso-y-penas-a-los-infractores\/#breadcrumb\"},\"inLanguage\":\"es\",\"potentialAction\":[{\"@type\":\"ReadAction\",\"target\":[\"https:\/\/www.noticiasradioreflejos.com.ar\/2021\/vehiculos-electricos-y-drones-responsabilidad-las-leyes-que-encuadran-su-uso-y-penas-a-los-infractores\/\"]}]},{\"@type\":\"BreadcrumbList\",\"@id\":\"https:\/\/www.noticiasradioreflejos.com.ar\/2021\/vehiculos-electricos-y-drones-responsabilidad-las-leyes-que-encuadran-su-uso-y-penas-a-los-infractores\/#breadcrumb\",\"itemListElement\":[{\"@type\":\"ListItem\",\"position\":1,\"name\":\"Portada\",\"item\":\"https:\/\/www.noticiasradioreflejos.com.ar\/2021\/\"},{\"@type\":\"ListItem\",\"position\":2,\"name\":\"Veh\u00edculos el\u00e9ctricos y drones: Responsabilidad, las leyes que encuadran su uso y penas a los infractores.\"}]},{\"@type\":\"WebSite\",\"@id\":\"https:\/\/www.noticiasradioreflejos.com.ar\/2021\/#website\",\"url\":\"https:\/\/www.noticiasradioreflejos.com.ar\/2021\/\",\"name\":\"Noticias Radio Reflejos\",\"description\":\"Las noticias de mi comarca\",\"potentialAction\":[{\"@type\":\"SearchAction\",\"target\":{\"@type\":\"EntryPoint\",\"urlTemplate\":\"https:\/\/www.noticiasradioreflejos.com.ar\/2021\/?s={search_term_string}\"},\"query-input\":{\"@type\":\"PropertyValueSpecification\",\"valueRequired\":true,\"valueName\":\"search_term_string\"}}],\"inLanguage\":\"es\"},{\"@type\":\"Person\",\"@id\":\"https:\/\/www.noticiasradioreflejos.com.ar\/2021\/#\/schema\/person\/ad82545263dcc5ec0996818884fd5fb1\",\"name\":\"Arnaldo Botto\",\"image\":{\"@type\":\"ImageObject\",\"inLanguage\":\"es\",\"@id\":\"https:\/\/www.noticiasradioreflejos.com.ar\/2021\/#\/schema\/person\/image\/\",\"url\":\"https:\/\/secure.gravatar.com\/avatar\/55cb5e37c1efa326397366e6974cb338056df65cb50e7d64d1cf314e87504837?s=96&d=mm&r=g\",\"contentUrl\":\"https:\/\/secure.gravatar.com\/avatar\/55cb5e37c1efa326397366e6974cb338056df65cb50e7d64d1cf314e87504837?s=96&d=mm&r=g\",\"caption\":\"Arnaldo Botto\"},\"url\":\"https:\/\/www.noticiasradioreflejos.com.ar\/2021\/author\/arnaldo\/\"}]}<\/script>\n<!-- \/ Yoast SEO plugin. -->","yoast_head_json":{"title":"Veh\u00edculos el\u00e9ctricos y drones: Responsabilidad, las leyes que encuadran su uso y penas a los infractores. - Noticias Radio Reflejos","robots":{"index":"index","follow":"follow","max-snippet":"max-snippet:-1","max-image-preview":"max-image-preview:large","max-video-preview":"max-video-preview:-1"},"canonical":"https:\/\/www.noticiasradioreflejos.com.ar\/2021\/vehiculos-electricos-y-drones-responsabilidad-las-leyes-que-encuadran-su-uso-y-penas-a-los-infractores\/","og_locale":"es_ES","og_type":"article","og_title":"Veh\u00edculos el\u00e9ctricos y drones: Responsabilidad, las leyes que encuadran su uso y penas a los infractores. - Noticias Radio Reflejos","og_description":"Drones en el cielo usurpando el espacio a\u00e9reo y espiando, patinetas el\u00e9ctricas, carritos de golf y otros veh\u00edculos fuera de la ley y con plena vigencia de uso en calles. Que normativas encuadran su uso, las responsabilidades y los problemas de quienes manejan. El Dr. Picardi aborda el tema y define dudas.","og_url":"https:\/\/www.noticiasradioreflejos.com.ar\/2021\/vehiculos-electricos-y-drones-responsabilidad-las-leyes-que-encuadran-su-uso-y-penas-a-los-infractores\/","og_site_name":"Noticias Radio Reflejos","article_published_time":"2022-02-02T21:22:47+00:00","og_image":[{"width":300,"height":200,"url":"https:\/\/www.noticiasradioreflejos.com.ar\/2021\/wp-content\/uploads\/2021\/07\/logosol300x200.png","type":"image\/png"}],"author":"Arnaldo Botto","twitter_card":"summary_large_image","schema":{"@context":"https:\/\/schema.org","@graph":[{"@type":"WebPage","@id":"https:\/\/www.noticiasradioreflejos.com.ar\/2021\/vehiculos-electricos-y-drones-responsabilidad-las-leyes-que-encuadran-su-uso-y-penas-a-los-infractores\/","url":"https:\/\/www.noticiasradioreflejos.com.ar\/2021\/vehiculos-electricos-y-drones-responsabilidad-las-leyes-que-encuadran-su-uso-y-penas-a-los-infractores\/","name":"Veh\u00edculos el\u00e9ctricos y drones: Responsabilidad, las leyes que encuadran su uso y penas a los infractores. - Noticias Radio Reflejos","isPartOf":{"@id":"https:\/\/www.noticiasradioreflejos.com.ar\/2021\/#website"},"datePublished":"2022-02-02T21:22:47+00:00","author":{"@id":"https:\/\/www.noticiasradioreflejos.com.ar\/2021\/#\/schema\/person\/ad82545263dcc5ec0996818884fd5fb1"},"breadcrumb":{"@id":"https:\/\/www.noticiasradioreflejos.com.ar\/2021\/vehiculos-electricos-y-drones-responsabilidad-las-leyes-que-encuadran-su-uso-y-penas-a-los-infractores\/#breadcrumb"},"inLanguage":"es","potentialAction":[{"@type":"ReadAction","target":["https:\/\/www.noticiasradioreflejos.com.ar\/2021\/vehiculos-electricos-y-drones-responsabilidad-las-leyes-que-encuadran-su-uso-y-penas-a-los-infractores\/"]}]},{"@type":"BreadcrumbList","@id":"https:\/\/www.noticiasradioreflejos.com.ar\/2021\/vehiculos-electricos-y-drones-responsabilidad-las-leyes-que-encuadran-su-uso-y-penas-a-los-infractores\/#breadcrumb","itemListElement":[{"@type":"ListItem","position":1,"name":"Portada","item":"https:\/\/www.noticiasradioreflejos.com.ar\/2021\/"},{"@type":"ListItem","position":2,"name":"Veh\u00edculos el\u00e9ctricos y drones: Responsabilidad, las leyes que encuadran su uso y penas a los infractores."}]},{"@type":"WebSite","@id":"https:\/\/www.noticiasradioreflejos.com.ar\/2021\/#website","url":"https:\/\/www.noticiasradioreflejos.com.ar\/2021\/","name":"Noticias Radio Reflejos","description":"Las noticias de mi comarca","potentialAction":[{"@type":"SearchAction","target":{"@type":"EntryPoint","urlTemplate":"https:\/\/www.noticiasradioreflejos.com.ar\/2021\/?s={search_term_string}"},"query-input":{"@type":"PropertyValueSpecification","valueRequired":true,"valueName":"search_term_string"}}],"inLanguage":"es"},{"@type":"Person","@id":"https:\/\/www.noticiasradioreflejos.com.ar\/2021\/#\/schema\/person\/ad82545263dcc5ec0996818884fd5fb1","name":"Arnaldo Botto","image":{"@type":"ImageObject","inLanguage":"es","@id":"https:\/\/www.noticiasradioreflejos.com.ar\/2021\/#\/schema\/person\/image\/","url":"https:\/\/secure.gravatar.com\/avatar\/55cb5e37c1efa326397366e6974cb338056df65cb50e7d64d1cf314e87504837?s=96&d=mm&r=g","contentUrl":"https:\/\/secure.gravatar.com\/avatar\/55cb5e37c1efa326397366e6974cb338056df65cb50e7d64d1cf314e87504837?s=96&d=mm&r=g","caption":"Arnaldo Botto"},"url":"https:\/\/www.noticiasradioreflejos.com.ar\/2021\/author\/arnaldo\/"}]}},"_links":{"self":[{"href":"https:\/\/www.noticiasradioreflejos.com.ar\/2021\/wp-json\/wp\/v2\/posts\/67802","targetHints":{"allow":["GET"]}}],"collection":[{"href":"https:\/\/www.noticiasradioreflejos.com.ar\/2021\/wp-json\/wp\/v2\/posts"}],"about":[{"href":"https:\/\/www.noticiasradioreflejos.com.ar\/2021\/wp-json\/wp\/v2\/types\/post"}],"author":[{"embeddable":true,"href":"https:\/\/www.noticiasradioreflejos.com.ar\/2021\/wp-json\/wp\/v2\/users\/3"}],"replies":[{"embeddable":true,"href":"https:\/\/www.noticiasradioreflejos.com.ar\/2021\/wp-json\/wp\/v2\/comments?post=67802"}],"version-history":[{"count":2,"href":"https:\/\/www.noticiasradioreflejos.com.ar\/2021\/wp-json\/wp\/v2\/posts\/67802\/revisions"}],"predecessor-version":[{"id":67813,"href":"https:\/\/www.noticiasradioreflejos.com.ar\/2021\/wp-json\/wp\/v2\/posts\/67802\/revisions\/67813"}],"wp:attachment":[{"href":"https:\/\/www.noticiasradioreflejos.com.ar\/2021\/wp-json\/wp\/v2\/media?parent=67802"}],"wp:term":[{"taxonomy":"category","embeddable":true,"href":"https:\/\/www.noticiasradioreflejos.com.ar\/2021\/wp-json\/wp\/v2\/categories?post=67802"},{"taxonomy":"post_tag","embeddable":true,"href":"https:\/\/www.noticiasradioreflejos.com.ar\/2021\/wp-json\/wp\/v2\/tags?post=67802"}],"curies":[{"name":"wp","href":"https:\/\/api.w.org\/{rel}","templated":true}]}}