{"id":67800,"date":"2022-02-02T17:53:56","date_gmt":"2022-02-02T17:53:56","guid":{"rendered":"http:\/\/www.noticiasradioreflejos.com.ar\/2021\/?p=67800"},"modified":"2022-02-02T17:53:56","modified_gmt":"2022-02-02T17:53:56","slug":"megamineria-en-andalgala-es-un-gran-negocio-a-costa-de-nuestra-salud","status":"publish","type":"post","link":"https:\/\/www.noticiasradioreflejos.com.ar\/2021\/megamineria-en-andalgala-es-un-gran-negocio-a-costa-de-nuestra-salud\/","title":{"rendered":"Megaminer\u00eda en Andalgal\u00e1: \u201cEs un gran negocio a costa de nuestra salud\u00bb"},"content":{"rendered":"<div class=\"wrapper-header\">\n<div class=\"container-xl\">\n<div class=\"row\">\n<div class=\"col-12\">\n<div class=\"head-content mb-4\">\n<div class=\"my-3\">\n<div class=\"social mt-3\">La explotaci\u00f3n minera a cielo abierto de \u201cAgua Rica\u201d, operada por la empresa canadiense Yamana Gold, contamina el medio ambiente. Los diagn\u00f3sticos m\u00e9dicos son la prueba del costo humano, en una ciudad d\u00f3nde hay dos muertes por c\u00e1ncer cada semana.<\/div>\n<\/div>\n<\/div>\n<\/div>\n<\/div>\n<\/div>\n<\/div>\n<p><!--more--><\/p>\n<div class=\"wrapper-editable-content\">\n<div>\n<div class=\"wrapper-editable-content\">\n<div>\n<div class=\"container-md\">\n<div class=\"row\">\n<div class=\"col-md-12 speak\">\n<div class=\"paragraph\"><strong>Producci\u00f3n de texto y fotos:\u00a0Magal\u00ed Druscovich<\/strong><\/p>\n<figure class=\"mb-3\"><img decoding=\"async\" src=\"https:\/\/www.telam.com.ar\/thumbs\/bluesteel\/advf\/imagenes\/2022\/02\/61faa0c6a07e6_900.jpg\" alt=\"Lidia 8 mira el cerro nevado que esconde entre sus montaas a la minera causante de la contaminacin del agua en su pueblo en Catamarca\" width=\"100%\" height=\"100%\" \/><\/p>\n<div class=\"media-icons\"><\/div><figcaption>Lidia, 8, mira el cerro nevado que esconde entre sus monta\u00f1as a la minera causante de la contaminaci\u00f3n del agua en su pueblo en Catamarca.<\/figcaption><\/figure>\n<p>La gente de Andalgal\u00e1 no tiene nada que ver con Wall Street pero sabe lo que vale el agua. Aprendi\u00f3 a lavar los guardapolvos con agua amarilla, a defender el r\u00edo por el que pasa -aunque est\u00e9 prohibido- un mineroducto y a disfrutar la lluvia como a un gol de Maradona. Llevan 15 a\u00f1os denunciando el impacto ambiental de la miner\u00eda en su tierra. Ahora tuvieron que volver a presentar un amparo contra el gobierno de Catamarca, que en diciembre habilit\u00f3 la actividad pese a estar prohibida por fallos anteriores. Los diagn\u00f3sticos m\u00e9dicos son la prueba del costo humano, y la impunidad de<strong>\u00a0Agua Rica<\/strong>\u00a0evidencia\u00a0<strong>c\u00f3mo operan las multinacionales extractivistas en Am\u00e9rica Latina<\/strong>.<\/p>\n<p>En el pasado, los tumores malignos eran raros en el pueblo. Ahora son parte de la rutina. Hay\u00a0<strong>dos muertes por c\u00e1ncer cada semana<\/strong>. Los principales son los que afectan el tracto digestivo: lengua, garganta, est\u00f3mago, h\u00edgado. Tambi\u00e9n est\u00e1n en alza los casos de diabetes, lupus e hipertiroidismo.<\/p>\n<figure class=\"mb-3\"><img decoding=\"async\" src=\"https:\/\/www.telam.com.ar\/thumbs\/bluesteel\/advf\/imagenes\/2022\/02\/61faa0c694292_900.jpg\" alt=\"Nieves 64 pequeo agricultor trabaja en su tierra con el poco agua que llega cada tres das para los animales y las plantaciones en Catamarca\" width=\"100%\" height=\"100%\" \/><\/p>\n<div class=\"media-icons\"><\/div><figcaption>Nieves, 64, peque\u00f1o agricultor, trabaja en su tierra con el poco agua que llega cada tres d\u00edas para los animales y las plantaciones en Catamarca.<\/figcaption><\/figure>\n<p>En el 2010, un grupo de cient\u00edficos catamarque\u00f1os present\u00f3 un informe que les llev\u00f3 cinco a\u00f1os de estudio. Detallaron la aparici\u00f3n de enfermedades raras para la zona, y compararon su incidencia a nivel pa\u00eds. \u201cEl c\u00e1ncer de hueso es tres veces m\u00e1s alto. La incidencia de Esclerosis M\u00faltiple, 500% m\u00e1s alta. Los casos de c\u00e1ncer son 800% m\u00e1s frecuentes. Las respiratorias en ni\u00f1os son superiores al 300%.\u201d Conclusi\u00f3n: la explotaci\u00f3n minera a cielo abierto, en actividad desde los \u00faltimos 12 a\u00f1os, contamina el medio ambiente. Los diagn\u00f3sticos m\u00e9dicos son la evidencia.<\/p>\n<figure class=\"mb-3\"><img decoding=\"async\" src=\"https:\/\/www.telam.com.ar\/thumbs\/bluesteel\/advf\/imagenes\/2022\/02\/61faa0c686533_900.jpg\" alt=\"Cementerio de Andalgal\" width=\"100%\" height=\"100%\" \/><\/p>\n<div class=\"media-icons\"><\/div><figcaption>Cementerio de Andalgal\u00e1.<\/figcaption><\/figure>\n<p>\u201cEs un gran negocio a costa de nuestra salud\u201d, explica Griselda \u2018Chela\u2019 Igna, l\u00edder de la asamblea que re\u00fane a los vecinos contra la miner\u00eda. Ella sufre de lupus e hipertiroidismo. En el 2016, un equipo del CONICET liderado por Margarita Diana Do Campo investig\u00f3 los componentes hidroqu\u00edmicos de cinco r\u00edos del departamento de Andalgal\u00e1. El informe mostr\u00f3 que \u201clos niveles de Cobre, Cromo y Plomo exceden los niveles gu\u00eda de calidad de agua para protecci\u00f3n de vida acu\u00e1tica\u201d. Y que tres de esos r\u00edos, los que por ser de mayor caudal abastecen al pueblo de agua potable y riego, presentan Manganeso \u201cen valores que exceden los m\u00e1ximos permitidos para agua de consumo humano del c\u00f3digo alimentario argentino\u201d.<\/p>\n<figure class=\"mb-3\"><img decoding=\"async\" src=\"https:\/\/www.telam.com.ar\/thumbs\/bluesteel\/advf\/imagenes\/2022\/02\/61faa0c70bbde_900.jpg\" alt=\"Vida silvestre en Andalgal la falta de agua afecta directamente a la vegetacin\" width=\"100%\" height=\"100%\" \/><\/p>\n<div class=\"media-icons\"><\/div><figcaption>Vida silvestre en Andalgal\u00e1, la falta de agua afecta directamente a la vegetaci\u00f3n.<\/figcaption><\/figure>\n<p><strong>La lucha de los vecinos tiene un objetivo claro: no permitir el avance de otra minera en la regi\u00f3n \u201cAgua Rica\u201d<\/strong>, operada por la empresa canadiense Yamana Gold, a 17 km de Andalgal\u00e1, lleg\u00f3 en 2006. Despu\u00e9s de 15 a\u00f1os de activismo ambiental, el grupo de abogados que representa a los residentes obtuvo una orden judicial que frena el trabajo en la minera. Pero la medida fue ignorada por la empresa, que sigue con las excavaciones respaldada por el gobierno provincial. El caso lleg\u00f3 a la Corte Suprema de Justicia:\u00a0<strong>\u201cLos vecinos de Andalgal\u00e1 tienen derecho a vivir en un ambiente sano (..). En cuestiones de medio ambiente, cuando se persigue la tutela del bien colectivo, tiene prioridad absoluta la prevenci\u00f3n del da\u00f1o futuro\u201d<\/strong>. El caso de Andalgal\u00e1 es un patr\u00f3n de c\u00f3mo operan las multinacionales extractivistas en Am\u00e9rica Latina.<\/p>\n<p>\u201cSi se abre la mina, me voy de ac\u00e1. Mi hija no puede crecer as\u00ed\u201d, dice Renata Ayel\u00e9n cansada de tener que tomar agua embotellada y extremar los cuidados al ducharse y cocinar.<\/p>\n<p>Esa regi\u00f3n de Catamarca tiene una alta concentraci\u00f3n de granjas, en su mayor\u00eda peque\u00f1as. La fruticultura y la ganader\u00eda son las mayores actividades econ\u00f3micas de las que depende Andalgal\u00e1. Si la obra de \u201cAgua Rica\u201d se activa al 100%, los agricultores se ver\u00e1n privados de agua por completo. La compa\u00f1\u00eda consumir\u00eda 300 millones de litros por d\u00eda, es seis veces m\u00e1s de lo que usa el pueblo.<\/p>\n<figure class=\"mb-3\"><img decoding=\"async\" src=\"https:\/\/www.telam.com.ar\/thumbs\/bluesteel\/advf\/imagenes\/2022\/02\/61faa7878e938_900.jpg\" alt=\"Somos agua y memoria uno de las tantas pintadas en el centro de Andalgal\" width=\"100%\" height=\"100%\" \/><\/p>\n<div class=\"media-icons\"><\/div><figcaption>\u201cSomos agua y memoria\u201d uno de las tantas pintadas en el centro de Andalgal\u00e1.<\/figcaption><\/figure>\n<figure class=\"mb-3\"><img decoding=\"async\" src=\"https:\/\/www.telam.com.ar\/thumbs\/bluesteel\/advf\/imagenes\/2022\/02\/61faa78782754_900.jpg\" alt=\"Conjunto de fotografas tomadas por un ex minero en la explotacion La Alumbrera\" width=\"100%\" height=\"100%\" \/><\/p>\n<div class=\"media-icons\"><\/div><figcaption>Conjunto de fotograf\u00edas tomadas por un ex minero en la explotacion \u201cLa Alumbrera\u201d.<\/figcaption><\/figure>\n<figure class=\"mb-3\"><img decoding=\"async\" src=\"https:\/\/www.telam.com.ar\/thumbs\/bluesteel\/advf\/imagenes\/2022\/02\/61faa0c6ae0fc_900.jpg\" alt=\"Roxana Guerrero 41 toma un bao en la desembocadura del Ro Andalgal que se encuentra a 15km de la explotacin minera\" width=\"100%\" height=\"100%\" \/><\/p>\n<div class=\"media-icons\"><\/div><figcaption>Roxana Guerrero, 41, toma un ba\u00f1o en la desembocadura del R\u00edo Andalgal\u00e1 que se encuentra a 15km de la explotaci\u00f3n minera.<\/figcaption><\/figure>\n<figure class=\"mb-3\"><img decoding=\"async\" src=\"https:\/\/www.telam.com.ar\/thumbs\/bluesteel\/advf\/imagenes\/2022\/02\/61faa0c6e79f5_900.jpg\" alt=\"Juan Colica ingeniero agrnomo posa para una fotografa junto a su esposa Mara Fernanda quien est en tratamiento por cncer de boca\" width=\"100%\" height=\"100%\" \/><\/p>\n<div class=\"media-icons\"><\/div><figcaption>Juan Colica, ingeniero agr\u00f3nomo, posa para una fotograf\u00eda junto a su esposa Mar\u00eda Fernanda quien est\u00e1 en tratamiento por c\u00e1ncer de boca.<\/figcaption><\/figure>\n<figure class=\"mb-3\"><img decoding=\"async\" src=\"https:\/\/www.telam.com.ar\/thumbs\/bluesteel\/advf\/imagenes\/2022\/02\/61faa0c6ba165_900.jpg\" alt=\"Chela cocina para su familia La familia de Chela es una de las ms involucrada en la lucha contra la minera y la contaminacin de agua en Catamarca\" width=\"100%\" height=\"100%\" \/><\/p>\n<div class=\"media-icons\"><\/div><figcaption>Chela cocina para su familia. La familia de Chela es una de las m\u00e1s involucrada en la lucha contra la minera y la contaminaci\u00f3n de agua en Catamarca<\/figcaption><\/figure>\n<figure class=\"mb-3\"><img decoding=\"async\" src=\"https:\/\/www.telam.com.ar\/thumbs\/bluesteel\/advf\/imagenes\/2022\/02\/61faa0c6c5f48_900.jpg\" alt=\"Chela y su nieto arreglan la luz en la casa\" width=\"100%\" height=\"100%\" \/><\/p>\n<div class=\"media-icons\"><\/div><figcaption>Chela y su nieto arreglan la luz en la casa.<\/figcaption><\/figure>\n<figure class=\"mb-3\"><img decoding=\"async\" src=\"https:\/\/www.telam.com.ar\/thumbs\/bluesteel\/advf\/imagenes\/2022\/02\/61faa0c6d0f43_900.jpg\" alt=\"Blanca Moreno toca un cuerno de cabra en la plaza central de Andalgal durante la manifestacin pacifica que organizan los vecinos en contra de la minera todos los sbados\" width=\"100%\" height=\"100%\" \/><\/p>\n<div class=\"media-icons\"><\/div><figcaption>Blanca Moreno, toca un cuerno de cabra en la plaza central de Andalgal\u00e1 durante la manifestaci\u00f3n pacifica que organizan los vecinos en contra de la minera todos los s\u00e1bados.<\/figcaption><\/figure>\n<figure class=\"mb-3\"><img decoding=\"async\" src=\"https:\/\/www.telam.com.ar\/thumbs\/bluesteel\/advf\/imagenes\/2022\/02\/61faa0c6dc521_900.jpg\" alt=\"Juan Colica ingeniero agrnomo posa para una fotografa junto a su esposa Mara Fernanda quien est en tratamiento por cncer de boca\" width=\"100%\" height=\"100%\" \/><\/p>\n<div class=\"media-icons\"><\/div><figcaption>Juan Colica, ingeniero agr\u00f3nomo, posa para una fotograf\u00eda junto a su esposa Mar\u00eda Fernanda quien est\u00e1 en tratamiento por c\u00e1ncer de boca.<\/figcaption><\/figure>\n<figure class=\"mb-3\"><img decoding=\"async\" src=\"https:\/\/www.telam.com.ar\/thumbs\/bluesteel\/advf\/imagenes\/2022\/02\/61faa0c6f2ef5_900.jpg\" alt=\"Bajo la consigna la vida vale ms que el oro Chela marcha en la protesta de todos los sbados junto con ms vecinos contra la minera y la contaminacin del agua\" width=\"100%\" height=\"100%\" \/><\/p>\n<div class=\"media-icons\"><\/div><figcaption>Bajo la consigna \u00abla vida vale m\u00e1s que el oro\u00bb, Chela marcha en la protesta de todos los s\u00e1bados junto con m\u00e1s vecinos contra la minera y la contaminaci\u00f3n del agua.<\/figcaption><\/figure>\n<figure class=\"mb-3\"><img decoding=\"async\" src=\"https:\/\/www.telam.com.ar\/thumbs\/bluesteel\/advf\/imagenes\/2022\/02\/61faa0c7191fa_900.jpg\" alt=\"Nino Moreno 84 sostiene una foto de su nieto quien a los 18 aos falleci de esclerosis mltiple\" width=\"100%\" height=\"100%\" \/><\/p>\n<div class=\"media-icons\"><\/div><figcaption>Nino Moreno, 84, sostiene una foto de su nieto quien a los 18 a\u00f1os falleci\u00f3 de esclerosis m\u00faltiple.<\/figcaption><\/figure>\n<figure class=\"mb-3\"><img decoding=\"async\" src=\"https:\/\/www.telam.com.ar\/thumbs\/bluesteel\/advf\/imagenes\/2022\/02\/61faa0c725711_900.jpg\" alt=\"Dos nios se refrescan con agua en un da de 40 en Catamarca\" width=\"100%\" height=\"100%\" \/><\/p>\n<div class=\"media-icons\"><\/div><figcaption>Dos ni\u00f1os se refrescan con agua en un d\u00eda de 40\u00b0 en Catamarca.<\/figcaption><\/figure>\n<figure class=\"mb-3\"><img decoding=\"async\" src=\"https:\/\/www.telam.com.ar\/thumbs\/bluesteel\/advf\/imagenes\/2022\/02\/61faa0c7321bf_900.jpg\" alt=\"La Sierra del Aconquija es la divisin natural entre las provincias argentinas de Catamarca y Tucumn\" width=\"100%\" height=\"100%\" \/><\/p>\n<div class=\"media-icons\"><\/div><figcaption>La Sierra del Aconquija es la divisi\u00f3n natural entre las provincias argentinas de Catamarca y Tucum\u00e1n.<\/figcaption><\/figure>\n<figure class=\"mb-3\"><img decoding=\"async\" src=\"https:\/\/www.telam.com.ar\/thumbs\/bluesteel\/advf\/imagenes\/2022\/02\/61faa0c73ed33_900.jpg\" alt=\"Chela posa para un retrato junto a su marido Su familia es una de las ms involucrada en la lucha contra la minera y la contaminacin de agua\" width=\"100%\" height=\"100%\" \/><\/p>\n<div class=\"media-icons\"><\/div><figcaption>Chela, posa para un retrato junto a su marido. Su familia es una de las m\u00e1s involucrada en la lucha contra la minera y la contaminaci\u00f3n de agua.<\/figcaption><\/figure>\n<figure class=\"mb-3\"><img decoding=\"async\" src=\"https:\/\/www.telam.com.ar\/thumbs\/bluesteel\/advf\/imagenes\/2022\/02\/61faa0c7576f2_900.jpg\" alt=\"Viviana Guerrero 43 juega con su hija Ftima de 10 meses quien naci con sndrome de Down\" width=\"100%\" height=\"100%\" \/><\/p>\n<div class=\"media-icons\"><\/div><figcaption>Viviana Guerrero, 43, juega con su hija F\u00e1tima de 10 meses quien naci\u00f3 con s\u00edndrome de Down.<\/figcaption><\/figure>\n<figure class=\"mb-3\"><img decoding=\"async\" src=\"https:\/\/www.telam.com.ar\/thumbs\/bluesteel\/advf\/imagenes\/2022\/02\/61faa0c765996_900.jpg\" alt=\"Ruth Vega 42 seala un filtro de agua luego de dos semanas de uso\" width=\"100%\" height=\"100%\" \/><\/p>\n<div class=\"media-icons\"><\/div><figcaption>Ruth Vega, 42, se\u00f1ala un filtro de agua luego de dos semanas de uso.<\/figcaption><\/figure>\n<figure class=\"mb-3\"><img decoding=\"async\" src=\"https:\/\/www.telam.com.ar\/thumbs\/bluesteel\/advf\/imagenes\/2022\/02\/61faa0c77089a_900.jpg\" alt=\"Fiesta de graduacin de una de las tres escuelas secundarias de Andalgal\" width=\"100%\" height=\"100%\" \/><\/p>\n<div class=\"media-icons\"><\/div><figcaption>Fiesta de graduaci\u00f3n de una de las tres escuelas secundarias de Andalgal\u00e1.<\/figcaption><\/figure>\n<figure class=\"mb-3\"><img decoding=\"async\" src=\"https:\/\/www.telam.com.ar\/thumbs\/bluesteel\/advf\/imagenes\/2022\/02\/61faa7877649c_900.jpg\" alt=\"Ayelen Disiaca 27 visita la tumba de su madre quien falleci repentinamente por cncer de estmago en diciembre\" width=\"100%\" height=\"100%\" \/><\/p>\n<div class=\"media-icons\"><\/div><figcaption>Ayelen Disiaca, 27, visita la tumba de su madre quien falleci\u00f3 repentinamente por c\u00e1ncer de est\u00f3mago en diciembre.<\/figcaption><\/figure>\n<figure class=\"mb-3\"><img decoding=\"async\" src=\"https:\/\/www.telam.com.ar\/thumbs\/bluesteel\/advf\/imagenes\/2022\/02\/61faa787a7114_900.jpg\" alt=\"Chela referente de la lucha contra la minera en Andalgal riega su tierra en su casa en Andalgal\" width=\"100%\" height=\"100%\" \/><\/p>\n<div class=\"media-icons\"><\/div><figcaption>Chela, referente de la lucha contra la miner\u00eda en Andalgal\u00e1, riega su tierra en su casa en Andalgal\u00e1.<\/figcaption><\/figure>\n<figure class=\"mb-3\"><img decoding=\"async\" src=\"https:\/\/www.telam.com.ar\/thumbs\/bluesteel\/advf\/imagenes\/2022\/02\/61faa787b510e_900.jpg\" alt=\"Melina Figueroa 32 posa para una fotografa en su cuarto Melina est en tratamiento por lupus e hipertiroidismo Su padre de 59 su hermana mayor de 35 y su hermana menor de 30 tambin tienen hipertiroidismo\" width=\"100%\" height=\"100%\" \/><\/p>\n<div class=\"media-icons\"><\/div><figcaption>Melina Figueroa, 32, posa para una fotograf\u00eda en su cuarto. Melina est\u00e1 en tratamiento por lupus e hipertiroidismo. Su padre de 59, su hermana mayor de 35 y su hermana menor de 30 tambi\u00e9n tienen hipertiroidismo.<\/figcaption><\/figure>\n<figure class=\"mb-3\"><img decoding=\"async\" src=\"https:\/\/www.telam.com.ar\/thumbs\/bluesteel\/advf\/imagenes\/2022\/02\/61faa78752868_900.jpg\" alt=\"Bajo la consigna la vida vale ms que el oro los vecinos organizan una marcha contra la minera y la contaminacin del agua\" width=\"100%\" height=\"100%\" \/><\/p>\n<div class=\"media-icons\"><\/div><figcaption>Bajo la consigna \u00abla vida vale m\u00e1s que el oro\u00bb, los vecinos organizan una marcha contra la minera y la contaminaci\u00f3n del agua.<\/figcaption><\/figure>\n<figure class=\"mb-3\"><img decoding=\"async\" src=\"https:\/\/www.telam.com.ar\/thumbs\/bluesteel\/advf\/imagenes\/2022\/02\/61faa7875eccd_900.jpg\" alt=\"Nieves 64 pequeo agricultor trabaja en su tierra con el poco agua que llega cada tres das para los animales y las plantaciones\" width=\"100%\" height=\"100%\" \/><\/p>\n<div class=\"media-icons\"><\/div><figcaption>Nieves, 64, peque\u00f1o agricultor, trabaja en su tierra con el poco agua que llega cada tres d\u00edas para los animales y las plantaciones.<\/figcaption><\/figure>\n<\/div>\n<\/div>\n<\/div>\n<\/div>\n<\/div>\n<\/div>\n<\/div>\n<\/div>\n","protected":false},"excerpt":{"rendered":"<p>La explotaci\u00f3n minera a cielo abierto de \u201cAgua Rica\u201d, operada por la empresa canadiense Yamana Gold, contamina el medio ambiente. Los diagn\u00f3sticos m\u00e9dicos son la prueba del costo humano, en una ciudad d\u00f3nde hay dos muertes por c\u00e1ncer cada semana.<\/p>\n","protected":false},"author":3,"featured_media":0,"comment_status":"closed","ping_status":"closed","sticky":false,"template":"","format":"standard","meta":{"footnotes":""},"categories":[24,30,26],"tags":[],"class_list":["post-67800","post","type-post","status-publish","format-standard","hentry","category-politica","category-salud","category-sociedad"],"yoast_head":"<!-- This site is optimized with the Yoast SEO plugin v25.9 - https:\/\/yoast.com\/wordpress\/plugins\/seo\/ -->\n<title>Megaminer\u00eda en Andalgal\u00e1: \u201cEs un gran negocio a costa de nuestra salud&quot; - Noticias Radio Reflejos<\/title>\n<meta name=\"robots\" content=\"index, follow, max-snippet:-1, max-image-preview:large, max-video-preview:-1\" \/>\n<link rel=\"canonical\" href=\"https:\/\/www.noticiasradioreflejos.com.ar\/2021\/megamineria-en-andalgala-es-un-gran-negocio-a-costa-de-nuestra-salud\/\" \/>\n<meta property=\"og:locale\" content=\"es_ES\" \/>\n<meta property=\"og:type\" content=\"article\" \/>\n<meta property=\"og:title\" content=\"Megaminer\u00eda en Andalgal\u00e1: \u201cEs un gran negocio a costa de nuestra salud&quot; - Noticias Radio Reflejos\" \/>\n<meta property=\"og:description\" content=\"La explotaci\u00f3n minera a cielo abierto de \u201cAgua Rica\u201d, operada por la empresa canadiense Yamana Gold, contamina el medio ambiente. Los diagn\u00f3sticos m\u00e9dicos son la prueba del costo humano, en una ciudad d\u00f3nde hay dos muertes por c\u00e1ncer cada semana.\" \/>\n<meta property=\"og:url\" content=\"https:\/\/www.noticiasradioreflejos.com.ar\/2021\/megamineria-en-andalgala-es-un-gran-negocio-a-costa-de-nuestra-salud\/\" \/>\n<meta property=\"og:site_name\" content=\"Noticias Radio Reflejos\" \/>\n<meta property=\"article:published_time\" content=\"2022-02-02T17:53:56+00:00\" \/>\n<meta property=\"og:image\" content=\"https:\/\/www.telam.com.ar\/thumbs\/bluesteel\/advf\/imagenes\/2022\/02\/61faa0c6a07e6_900.jpg\" \/>\n<meta name=\"author\" content=\"Arnaldo Botto\" \/>\n<meta name=\"twitter:card\" content=\"summary_large_image\" \/>\n<script type=\"application\/ld+json\" class=\"yoast-schema-graph\">{\"@context\":\"https:\/\/schema.org\",\"@graph\":[{\"@type\":\"WebPage\",\"@id\":\"https:\/\/www.noticiasradioreflejos.com.ar\/2021\/megamineria-en-andalgala-es-un-gran-negocio-a-costa-de-nuestra-salud\/\",\"url\":\"https:\/\/www.noticiasradioreflejos.com.ar\/2021\/megamineria-en-andalgala-es-un-gran-negocio-a-costa-de-nuestra-salud\/\",\"name\":\"Megaminer\u00eda en Andalgal\u00e1: \u201cEs un gran negocio a costa de nuestra salud\\\" - Noticias Radio Reflejos\",\"isPartOf\":{\"@id\":\"https:\/\/www.noticiasradioreflejos.com.ar\/2021\/#website\"},\"primaryImageOfPage\":{\"@id\":\"https:\/\/www.noticiasradioreflejos.com.ar\/2021\/megamineria-en-andalgala-es-un-gran-negocio-a-costa-de-nuestra-salud\/#primaryimage\"},\"image\":{\"@id\":\"https:\/\/www.noticiasradioreflejos.com.ar\/2021\/megamineria-en-andalgala-es-un-gran-negocio-a-costa-de-nuestra-salud\/#primaryimage\"},\"thumbnailUrl\":\"https:\/\/www.telam.com.ar\/thumbs\/bluesteel\/advf\/imagenes\/2022\/02\/61faa0c6a07e6_900.jpg\",\"datePublished\":\"2022-02-02T17:53:56+00:00\",\"author\":{\"@id\":\"https:\/\/www.noticiasradioreflejos.com.ar\/2021\/#\/schema\/person\/ad82545263dcc5ec0996818884fd5fb1\"},\"breadcrumb\":{\"@id\":\"https:\/\/www.noticiasradioreflejos.com.ar\/2021\/megamineria-en-andalgala-es-un-gran-negocio-a-costa-de-nuestra-salud\/#breadcrumb\"},\"inLanguage\":\"es\",\"potentialAction\":[{\"@type\":\"ReadAction\",\"target\":[\"https:\/\/www.noticiasradioreflejos.com.ar\/2021\/megamineria-en-andalgala-es-un-gran-negocio-a-costa-de-nuestra-salud\/\"]}]},{\"@type\":\"ImageObject\",\"inLanguage\":\"es\",\"@id\":\"https:\/\/www.noticiasradioreflejos.com.ar\/2021\/megamineria-en-andalgala-es-un-gran-negocio-a-costa-de-nuestra-salud\/#primaryimage\",\"url\":\"https:\/\/www.telam.com.ar\/thumbs\/bluesteel\/advf\/imagenes\/2022\/02\/61faa0c6a07e6_900.jpg\",\"contentUrl\":\"https:\/\/www.telam.com.ar\/thumbs\/bluesteel\/advf\/imagenes\/2022\/02\/61faa0c6a07e6_900.jpg\"},{\"@type\":\"BreadcrumbList\",\"@id\":\"https:\/\/www.noticiasradioreflejos.com.ar\/2021\/megamineria-en-andalgala-es-un-gran-negocio-a-costa-de-nuestra-salud\/#breadcrumb\",\"itemListElement\":[{\"@type\":\"ListItem\",\"position\":1,\"name\":\"Portada\",\"item\":\"https:\/\/www.noticiasradioreflejos.com.ar\/2021\/\"},{\"@type\":\"ListItem\",\"position\":2,\"name\":\"Megaminer\u00eda en Andalgal\u00e1: \u201cEs un gran negocio a costa de nuestra salud\u00bb\"}]},{\"@type\":\"WebSite\",\"@id\":\"https:\/\/www.noticiasradioreflejos.com.ar\/2021\/#website\",\"url\":\"https:\/\/www.noticiasradioreflejos.com.ar\/2021\/\",\"name\":\"Noticias Radio Reflejos\",\"description\":\"Las noticias de mi comarca\",\"potentialAction\":[{\"@type\":\"SearchAction\",\"target\":{\"@type\":\"EntryPoint\",\"urlTemplate\":\"https:\/\/www.noticiasradioreflejos.com.ar\/2021\/?s={search_term_string}\"},\"query-input\":{\"@type\":\"PropertyValueSpecification\",\"valueRequired\":true,\"valueName\":\"search_term_string\"}}],\"inLanguage\":\"es\"},{\"@type\":\"Person\",\"@id\":\"https:\/\/www.noticiasradioreflejos.com.ar\/2021\/#\/schema\/person\/ad82545263dcc5ec0996818884fd5fb1\",\"name\":\"Arnaldo Botto\",\"image\":{\"@type\":\"ImageObject\",\"inLanguage\":\"es\",\"@id\":\"https:\/\/www.noticiasradioreflejos.com.ar\/2021\/#\/schema\/person\/image\/\",\"url\":\"https:\/\/secure.gravatar.com\/avatar\/55cb5e37c1efa326397366e6974cb338056df65cb50e7d64d1cf314e87504837?s=96&d=mm&r=g\",\"contentUrl\":\"https:\/\/secure.gravatar.com\/avatar\/55cb5e37c1efa326397366e6974cb338056df65cb50e7d64d1cf314e87504837?s=96&d=mm&r=g\",\"caption\":\"Arnaldo Botto\"},\"url\":\"https:\/\/www.noticiasradioreflejos.com.ar\/2021\/author\/arnaldo\/\"}]}<\/script>\n<!-- \/ Yoast SEO plugin. -->","yoast_head_json":{"title":"Megaminer\u00eda en Andalgal\u00e1: \u201cEs un gran negocio a costa de nuestra salud\" - Noticias Radio Reflejos","robots":{"index":"index","follow":"follow","max-snippet":"max-snippet:-1","max-image-preview":"max-image-preview:large","max-video-preview":"max-video-preview:-1"},"canonical":"https:\/\/www.noticiasradioreflejos.com.ar\/2021\/megamineria-en-andalgala-es-un-gran-negocio-a-costa-de-nuestra-salud\/","og_locale":"es_ES","og_type":"article","og_title":"Megaminer\u00eda en Andalgal\u00e1: \u201cEs un gran negocio a costa de nuestra salud\" - Noticias Radio Reflejos","og_description":"La explotaci\u00f3n minera a cielo abierto de \u201cAgua Rica\u201d, operada por la empresa canadiense Yamana Gold, contamina el medio ambiente. Los diagn\u00f3sticos m\u00e9dicos son la prueba del costo humano, en una ciudad d\u00f3nde hay dos muertes por c\u00e1ncer cada semana.","og_url":"https:\/\/www.noticiasradioreflejos.com.ar\/2021\/megamineria-en-andalgala-es-un-gran-negocio-a-costa-de-nuestra-salud\/","og_site_name":"Noticias Radio Reflejos","article_published_time":"2022-02-02T17:53:56+00:00","og_image":[{"url":"https:\/\/www.telam.com.ar\/thumbs\/bluesteel\/advf\/imagenes\/2022\/02\/61faa0c6a07e6_900.jpg","type":"","width":"","height":""}],"author":"Arnaldo Botto","twitter_card":"summary_large_image","schema":{"@context":"https:\/\/schema.org","@graph":[{"@type":"WebPage","@id":"https:\/\/www.noticiasradioreflejos.com.ar\/2021\/megamineria-en-andalgala-es-un-gran-negocio-a-costa-de-nuestra-salud\/","url":"https:\/\/www.noticiasradioreflejos.com.ar\/2021\/megamineria-en-andalgala-es-un-gran-negocio-a-costa-de-nuestra-salud\/","name":"Megaminer\u00eda en Andalgal\u00e1: \u201cEs un gran negocio a costa de nuestra salud\" - Noticias Radio Reflejos","isPartOf":{"@id":"https:\/\/www.noticiasradioreflejos.com.ar\/2021\/#website"},"primaryImageOfPage":{"@id":"https:\/\/www.noticiasradioreflejos.com.ar\/2021\/megamineria-en-andalgala-es-un-gran-negocio-a-costa-de-nuestra-salud\/#primaryimage"},"image":{"@id":"https:\/\/www.noticiasradioreflejos.com.ar\/2021\/megamineria-en-andalgala-es-un-gran-negocio-a-costa-de-nuestra-salud\/#primaryimage"},"thumbnailUrl":"https:\/\/www.telam.com.ar\/thumbs\/bluesteel\/advf\/imagenes\/2022\/02\/61faa0c6a07e6_900.jpg","datePublished":"2022-02-02T17:53:56+00:00","author":{"@id":"https:\/\/www.noticiasradioreflejos.com.ar\/2021\/#\/schema\/person\/ad82545263dcc5ec0996818884fd5fb1"},"breadcrumb":{"@id":"https:\/\/www.noticiasradioreflejos.com.ar\/2021\/megamineria-en-andalgala-es-un-gran-negocio-a-costa-de-nuestra-salud\/#breadcrumb"},"inLanguage":"es","potentialAction":[{"@type":"ReadAction","target":["https:\/\/www.noticiasradioreflejos.com.ar\/2021\/megamineria-en-andalgala-es-un-gran-negocio-a-costa-de-nuestra-salud\/"]}]},{"@type":"ImageObject","inLanguage":"es","@id":"https:\/\/www.noticiasradioreflejos.com.ar\/2021\/megamineria-en-andalgala-es-un-gran-negocio-a-costa-de-nuestra-salud\/#primaryimage","url":"https:\/\/www.telam.com.ar\/thumbs\/bluesteel\/advf\/imagenes\/2022\/02\/61faa0c6a07e6_900.jpg","contentUrl":"https:\/\/www.telam.com.ar\/thumbs\/bluesteel\/advf\/imagenes\/2022\/02\/61faa0c6a07e6_900.jpg"},{"@type":"BreadcrumbList","@id":"https:\/\/www.noticiasradioreflejos.com.ar\/2021\/megamineria-en-andalgala-es-un-gran-negocio-a-costa-de-nuestra-salud\/#breadcrumb","itemListElement":[{"@type":"ListItem","position":1,"name":"Portada","item":"https:\/\/www.noticiasradioreflejos.com.ar\/2021\/"},{"@type":"ListItem","position":2,"name":"Megaminer\u00eda en Andalgal\u00e1: \u201cEs un gran negocio a costa de nuestra salud\u00bb"}]},{"@type":"WebSite","@id":"https:\/\/www.noticiasradioreflejos.com.ar\/2021\/#website","url":"https:\/\/www.noticiasradioreflejos.com.ar\/2021\/","name":"Noticias Radio Reflejos","description":"Las noticias de mi comarca","potentialAction":[{"@type":"SearchAction","target":{"@type":"EntryPoint","urlTemplate":"https:\/\/www.noticiasradioreflejos.com.ar\/2021\/?s={search_term_string}"},"query-input":{"@type":"PropertyValueSpecification","valueRequired":true,"valueName":"search_term_string"}}],"inLanguage":"es"},{"@type":"Person","@id":"https:\/\/www.noticiasradioreflejos.com.ar\/2021\/#\/schema\/person\/ad82545263dcc5ec0996818884fd5fb1","name":"Arnaldo Botto","image":{"@type":"ImageObject","inLanguage":"es","@id":"https:\/\/www.noticiasradioreflejos.com.ar\/2021\/#\/schema\/person\/image\/","url":"https:\/\/secure.gravatar.com\/avatar\/55cb5e37c1efa326397366e6974cb338056df65cb50e7d64d1cf314e87504837?s=96&d=mm&r=g","contentUrl":"https:\/\/secure.gravatar.com\/avatar\/55cb5e37c1efa326397366e6974cb338056df65cb50e7d64d1cf314e87504837?s=96&d=mm&r=g","caption":"Arnaldo Botto"},"url":"https:\/\/www.noticiasradioreflejos.com.ar\/2021\/author\/arnaldo\/"}]}},"_links":{"self":[{"href":"https:\/\/www.noticiasradioreflejos.com.ar\/2021\/wp-json\/wp\/v2\/posts\/67800","targetHints":{"allow":["GET"]}}],"collection":[{"href":"https:\/\/www.noticiasradioreflejos.com.ar\/2021\/wp-json\/wp\/v2\/posts"}],"about":[{"href":"https:\/\/www.noticiasradioreflejos.com.ar\/2021\/wp-json\/wp\/v2\/types\/post"}],"author":[{"embeddable":true,"href":"https:\/\/www.noticiasradioreflejos.com.ar\/2021\/wp-json\/wp\/v2\/users\/3"}],"replies":[{"embeddable":true,"href":"https:\/\/www.noticiasradioreflejos.com.ar\/2021\/wp-json\/wp\/v2\/comments?post=67800"}],"version-history":[{"count":1,"href":"https:\/\/www.noticiasradioreflejos.com.ar\/2021\/wp-json\/wp\/v2\/posts\/67800\/revisions"}],"predecessor-version":[{"id":67804,"href":"https:\/\/www.noticiasradioreflejos.com.ar\/2021\/wp-json\/wp\/v2\/posts\/67800\/revisions\/67804"}],"wp:attachment":[{"href":"https:\/\/www.noticiasradioreflejos.com.ar\/2021\/wp-json\/wp\/v2\/media?parent=67800"}],"wp:term":[{"taxonomy":"category","embeddable":true,"href":"https:\/\/www.noticiasradioreflejos.com.ar\/2021\/wp-json\/wp\/v2\/categories?post=67800"},{"taxonomy":"post_tag","embeddable":true,"href":"https:\/\/www.noticiasradioreflejos.com.ar\/2021\/wp-json\/wp\/v2\/tags?post=67800"}],"curies":[{"name":"wp","href":"https:\/\/api.w.org\/{rel}","templated":true}]}}