{"id":67730,"date":"2022-02-01T23:30:06","date_gmt":"2022-02-01T23:30:06","guid":{"rendered":"http:\/\/www.noticiasradioreflejos.com.ar\/2021\/?p=67730"},"modified":"2022-02-01T23:56:41","modified_gmt":"2022-02-01T23:56:41","slug":"referentes-politicos-del-distrtito-de-tornquist-analizan-la-situacion-generada-a-partir-de-la-renuncia-de-maximo-kirchner-en-diputados-y-el-acuerdo-con-el-fmi","status":"publish","type":"post","link":"https:\/\/www.noticiasradioreflejos.com.ar\/2021\/referentes-politicos-del-distrtito-de-tornquist-analizan-la-situacion-generada-a-partir-de-la-renuncia-de-maximo-kirchner-en-diputados-y-el-acuerdo-con-el-fmi\/","title":{"rendered":"Referentes pol\u00edticos del distrito de Tornquist analizan la situaci\u00f3n generada a partir de la renuncia de M\u00e1ximo Kirchner en diputados y el acuerdo con el FMI"},"content":{"rendered":"<p>Dirigentes pol\u00edticos del distrito se expresaron esta ma\u00f1ana en el programa \u00abUn mate y un Caf\u00e9\u00bb, donde dieron sus puntos de vista sobre la renuncia de M\u00e1ximo Kirchner, el acuerdo con el FMI y la situaci\u00f3n del Gobierno del Frente de todos ante estos hechos.<!--more--><\/p>\n<p><b>Bruno Zacconi: <\/b>El actual concejal de Acci\u00f3n por Tornquist inici\u00f3 la ronda de opiniones\u00a0con una cr\u00edtica muy fuerte al gobierno de alberto Fernandez.<\/p>\n<p>\u00abLa verdad que es un hecho que va a quedar en la historia moderna como un quiebre en lo que es el gobierno de Alberto Fern\u00e1ndez. Uno nunca puede salir a festejar que tuvo que salir a hacer un arreglo con el FMI, porque eso significa que va a haber un control sobre la macroeconom\u00eda argentina. Pero, m\u00e1s all\u00e1 de eso, el presidente no puede salir a decir que es el mejor acuerdo de la historia\u00bb. Para finalizar, agreg\u00f3 \u00abcreo que hay que hacer cumplir lo que se firma, es inviable un pa\u00eds donde recurrentemente tengamos, hace 15 a\u00f1os, un d\u00e9ficit fiscal por arriba de los 2 puntos\u00bb.<\/p>\n<p><iframe loading=\"lazy\" src=\"https:\/\/w.soundcloud.com\/player\/?url=https%3A\/\/api.soundcloud.com\/tracks\/1207806541&amp;color=%23ff5500&amp;auto_play=false&amp;hide_related=false&amp;show_comments=true&amp;show_user=true&amp;show_reposts=false&amp;show_teaser=true\" width=\"100%\" height=\"166\" frameborder=\"no\" scrolling=\"no\"><\/iframe><\/p>\n<div style=\"font-size: 10px; color: #cccccc; line-break: anywhere; word-break: normal; overflow: hidden; white-space: nowrap; text-overflow: ellipsis; font-family: Interstate,Lucida Grande,Lucida Sans Unicode,Lucida Sans,Garuda,Verdana,Tahoma,sans-serif; font-weight: 100;\"><a style=\"color: #cccccc; text-decoration: none;\" title=\"fmreflejos 103.7\" href=\"https:\/\/soundcloud.com\/fmreflejos-103-7\" target=\"_blank\" rel=\"noopener\">fmreflejos 103.7<\/a> \u00b7 <a style=\"color: #cccccc; text-decoration: none;\" title=\"Bruno Zaconni\" href=\"https:\/\/soundcloud.com\/fmreflejos-103-7\/bruno-zaconni-4\" target=\"_blank\" rel=\"noopener\">Bruno Zaconni<\/a><\/div>\n<p><strong>Jorge Canolik:<\/strong> Militante y representante del Partido Intransigente de Buenos Aires ve la situaci\u00f3n como \u00abUn alboroto en el Gallinero\u00bb, aunque no dej\u00f3 de cargar culpas a los dirigentes del Frente de todos por los manejos que no logran la unidad.<\/p>\n<p><a title=\"Canolik Axel\" href=\"https:\/\/www.flickr.com\/photos\/182279889@N02\/51857687490\/in\/dateposted-public\/\" data-flickr-embed=\"true\"><img loading=\"lazy\" decoding=\"async\" src=\"https:\/\/live.staticflickr.com\/65535\/51857687490_84437440bd.jpg\" alt=\"Canolik Axel\" width=\"500\" height=\"500\" \/><\/a><script async src=\"\/\/embedr.flickr.com\/assets\/client-code.js\" charset=\"utf-8\"><\/script><\/p>\n<p>\u00abA\u00fan Nestor Kirchner, en aquel momento que era brav\u00edsimo, se sent\u00f3 a negociar, pero tuvo la habilidad para sacarse de encima al FMI. Lamentablemente, la anterior gesti\u00f3n nos volvi\u00f3 a poner la cabeza en la guillotina, y Fern\u00e1ndez, que hizo campa\u00f1a criticando los conceptos a voluntad a deuda externa, nunca pensamos que esta iba a tener esta manera de encarar el gran salvavidas de hormig\u00f3n que nos dej\u00f3 el presidente anterior. Esta claro que los manejos fueron muy turbios y, realmente, sentarse a negociar con un Fondo que trasgredi\u00f3 sus propias normas internas para otorgar semejante cantidad de dinero&#8230; \u00bfD\u00f3nde est\u00e1 la soberan\u00eda?\u00bb.<\/p>\n<p><iframe loading=\"lazy\" src=\"https:\/\/w.soundcloud.com\/player\/?url=https%3A\/\/api.soundcloud.com\/tracks\/1207806994&amp;color=%23ff5500&amp;auto_play=false&amp;hide_related=false&amp;show_comments=true&amp;show_user=true&amp;show_reposts=false&amp;show_teaser=true\" width=\"100%\" height=\"166\" frameborder=\"no\" scrolling=\"no\"><\/iframe><\/p>\n<div style=\"font-size: 10px; color: #cccccc; line-break: anywhere; word-break: normal; overflow: hidden; white-space: nowrap; text-overflow: ellipsis; font-family: Interstate,Lucida Grande,Lucida Sans Unicode,Lucida Sans,Garuda,Verdana,Tahoma,sans-serif; font-weight: 100;\"><a style=\"color: #cccccc; text-decoration: none;\" title=\"fmreflejos 103.7\" href=\"https:\/\/soundcloud.com\/fmreflejos-103-7\" target=\"_blank\" rel=\"noopener\">fmreflejos 103.7<\/a> \u00b7 <a style=\"color: #cccccc; text-decoration: none;\" title=\"Jorge Canolik\" href=\"https:\/\/soundcloud.com\/fmreflejos-103-7\/jorge-canolik-8\" target=\"_blank\" rel=\"noopener\">Jorge Canolik<\/a><\/div>\n<p><strong>Gustavo Trankels:<\/strong> El ex intendente y actual Jefe de Vialidad no ve inconvenientes en el manejo del gobierno por parte del actual presidente y asegura que las obras tendr\u00e1n un protagonismo trascendental en los pr\u00f3ximos a\u00f1os si verse afectadas por el acuerdo con el Fondo Monetario.<\/p>\n<p><a title=\"Trankels Fernandez\" href=\"https:\/\/www.flickr.com\/photos\/182279889@N02\/51857669545\/in\/dateposted-public\/\" data-flickr-embed=\"true\"><img loading=\"lazy\" decoding=\"async\" src=\"https:\/\/live.staticflickr.com\/65535\/51857669545_996deffecb_c.jpg\" alt=\"Trankels Fernandez\" width=\"800\" height=\"600\" \/><\/a><script async src=\"\/\/embedr.flickr.com\/assets\/client-code.js\" charset=\"utf-8\"><\/script><\/p>\n<p>\u00abA mi me parece que est\u00e1 bien la decisi\u00f3n que toma M\u00e1ximo porque es una decisi\u00f3n sincera por sobre todas las cosas, me parece muy valioso y que fortalece al Frente de Todos. Creo que Alberto es un gran dirigente, por algo fue elegido. Estamos hablando de un gran dirigente que le tocaron momentos dificil\u00edsimos, primero, a partir de la situaci\u00f3n econ\u00f3mica que es heredada y como si eso fuera poco, le toc\u00f3 la pandemia. Creo que merece el apoyo de todos los argentinos\u00bb.<\/p>\n<p><iframe loading=\"lazy\" src=\"https:\/\/w.soundcloud.com\/player\/?url=https%3A\/\/api.soundcloud.com\/tracks\/1207812034&amp;color=%23ff5500&amp;auto_play=false&amp;hide_related=false&amp;show_comments=true&amp;show_user=true&amp;show_reposts=false&amp;show_teaser=true\" width=\"100%\" height=\"166\" frameborder=\"no\" scrolling=\"no\"><\/iframe><\/p>\n<div style=\"font-size: 10px; color: #cccccc; line-break: anywhere; word-break: normal; overflow: hidden; white-space: nowrap; text-overflow: ellipsis; font-family: Interstate,Lucida Grande,Lucida Sans Unicode,Lucida Sans,Garuda,Verdana,Tahoma,sans-serif; font-weight: 100;\"><a style=\"color: #cccccc; text-decoration: none;\" title=\"fmreflejos 103.7\" href=\"https:\/\/soundcloud.com\/fmreflejos-103-7\" target=\"_blank\" rel=\"noopener\">fmreflejos 103.7<\/a> \u00b7 <a style=\"color: #cccccc; text-decoration: none;\" title=\"Gustavo Trankels\" href=\"https:\/\/soundcloud.com\/fmreflejos-103-7\/gustavo-trankels-491619310\" target=\"_blank\" rel=\"noopener\">Gustavo Trankels<\/a><\/div>\n<p><strong>Jos\u00e9 Luis Medina:<\/strong> El dirigente justicialista y militante del Kirchnerismo no estuvo de acuerdo con Bruno Zacconi y es optimista en el manejo de la situaci\u00f3n por parte del Alberto Fernandez y su gente.<\/p>\n<p><a title=\"Medina Zannini\" href=\"https:\/\/www.flickr.com\/photos\/182279889@N02\/51857013086\/in\/dateposted-public\/\" data-flickr-embed=\"true\"><img loading=\"lazy\" decoding=\"async\" src=\"https:\/\/live.staticflickr.com\/65535\/51857013086_6013b05321_c.jpg\" alt=\"Medina Zannini\" width=\"800\" height=\"600\" \/><\/a><script async src=\"\/\/embedr.flickr.com\/assets\/client-code.js\" charset=\"utf-8\"><\/script><\/p>\n<p>\u00abCreo que \u00e9l le da la oportunidad a otro compa\u00f1ero que est\u00e9 m\u00e1s de acuerdo con la negociaci\u00f3n que tiene Alberto con el Fondo Monetario. Los peronistas siempre nos tuvimos que hacer cargo de los desastres que dejaron este tipo de gobiernos, neoliberales. Lo escuchaba a Zacconi y no estoy de acuerdo, la argentina va a seguir creciendo y no va a caer en default. Creo que esto fortalece al Frente de Todos. Creo que la oposici\u00f3n, m\u00e1s que una opini\u00f3n tiene una expresi\u00f3n de deseo de que a este gobierno le vaya mal\u00bb.<\/p>\n<p><iframe loading=\"lazy\" src=\"https:\/\/w.soundcloud.com\/player\/?url=https%3A\/\/api.soundcloud.com\/tracks\/1207830115&amp;color=%23ff5500&amp;auto_play=false&amp;hide_related=false&amp;show_comments=true&amp;show_user=true&amp;show_reposts=false&amp;show_teaser=true\" width=\"100%\" height=\"166\" frameborder=\"no\" scrolling=\"no\"><\/iframe><\/p>\n<div style=\"font-size: 10px; color: #cccccc; line-break: anywhere; word-break: normal; overflow: hidden; white-space: nowrap; text-overflow: ellipsis; font-family: Interstate,Lucida Grande,Lucida Sans Unicode,Lucida Sans,Garuda,Verdana,Tahoma,sans-serif; font-weight: 100;\"><a style=\"color: #cccccc; text-decoration: none;\" title=\"fmreflejos 103.7\" href=\"https:\/\/soundcloud.com\/fmreflejos-103-7\" target=\"_blank\" rel=\"noopener\">fmreflejos 103.7<\/a> \u00b7 <a style=\"color: #cccccc; text-decoration: none;\" title=\"Jos\u00e9 Luis Medina\" href=\"https:\/\/soundcloud.com\/fmreflejos-103-7\/jose-luis-medina-2\" target=\"_blank\" rel=\"noopener\">Jos\u00e9 Luis Medina<\/a><\/div>\n","protected":false},"excerpt":{"rendered":"<p>Dirigentes pol\u00edticos del distrito se expresaron esta ma\u00f1ana en el programa \u00abUn mate y un Caf\u00e9\u00bb, donde dieron sus puntos de vista sobre la renuncia de M\u00e1ximo Kirchner, el acuerdo con el FMI y la situaci\u00f3n del Gobierno del Frente de todos ante estos hechos.<\/p>\n","protected":false},"author":3,"featured_media":0,"comment_status":"closed","ping_status":"closed","sticky":false,"template":"","format":"standard","meta":{"footnotes":""},"categories":[24],"tags":[48],"class_list":["post-67730","post","type-post","status-publish","format-standard","hentry","category-politica","tag-destacada"],"yoast_head":"<!-- This site is optimized with the Yoast SEO plugin v25.9 - https:\/\/yoast.com\/wordpress\/plugins\/seo\/ -->\n<title>Referentes pol\u00edticos del distrito de Tornquist analizan la situaci\u00f3n generada a partir de la renuncia de M\u00e1ximo Kirchner en diputados y el acuerdo con el FMI - Noticias Radio Reflejos<\/title>\n<meta name=\"robots\" content=\"index, follow, max-snippet:-1, max-image-preview:large, max-video-preview:-1\" \/>\n<link rel=\"canonical\" href=\"https:\/\/www.noticiasradioreflejos.com.ar\/2021\/referentes-politicos-del-distrtito-de-tornquist-analizan-la-situacion-generada-a-partir-de-la-renuncia-de-maximo-kirchner-en-diputados-y-el-acuerdo-con-el-fmi\/\" \/>\n<meta property=\"og:locale\" content=\"es_ES\" \/>\n<meta property=\"og:type\" content=\"article\" \/>\n<meta property=\"og:title\" content=\"Referentes pol\u00edticos del distrito de Tornquist analizan la situaci\u00f3n generada a partir de la renuncia de M\u00e1ximo Kirchner en diputados y el acuerdo con el FMI - Noticias Radio Reflejos\" \/>\n<meta property=\"og:description\" content=\"Dirigentes pol\u00edticos del distrito se expresaron esta ma\u00f1ana en el programa \u00abUn mate y un Caf\u00e9\u00bb, donde dieron sus puntos de vista sobre la renuncia de M\u00e1ximo Kirchner, el acuerdo con el FMI y la situaci\u00f3n del Gobierno del Frente de todos ante estos hechos.\" \/>\n<meta property=\"og:url\" content=\"https:\/\/www.noticiasradioreflejos.com.ar\/2021\/referentes-politicos-del-distrtito-de-tornquist-analizan-la-situacion-generada-a-partir-de-la-renuncia-de-maximo-kirchner-en-diputados-y-el-acuerdo-con-el-fmi\/\" \/>\n<meta property=\"og:site_name\" content=\"Noticias Radio Reflejos\" \/>\n<meta property=\"article:published_time\" content=\"2022-02-01T23:30:06+00:00\" \/>\n<meta property=\"article:modified_time\" content=\"2022-02-01T23:56:41+00:00\" \/>\n<meta property=\"og:image\" content=\"https:\/\/live.staticflickr.com\/65535\/51857687490_84437440bd.jpg\" \/>\n<meta name=\"author\" content=\"Arnaldo Botto\" \/>\n<meta name=\"twitter:card\" content=\"summary_large_image\" \/>\n<script type=\"application\/ld+json\" class=\"yoast-schema-graph\">{\"@context\":\"https:\/\/schema.org\",\"@graph\":[{\"@type\":\"WebPage\",\"@id\":\"https:\/\/www.noticiasradioreflejos.com.ar\/2021\/referentes-politicos-del-distrtito-de-tornquist-analizan-la-situacion-generada-a-partir-de-la-renuncia-de-maximo-kirchner-en-diputados-y-el-acuerdo-con-el-fmi\/\",\"url\":\"https:\/\/www.noticiasradioreflejos.com.ar\/2021\/referentes-politicos-del-distrtito-de-tornquist-analizan-la-situacion-generada-a-partir-de-la-renuncia-de-maximo-kirchner-en-diputados-y-el-acuerdo-con-el-fmi\/\",\"name\":\"Referentes pol\u00edticos del distrito de Tornquist analizan la situaci\u00f3n generada a partir de la renuncia de M\u00e1ximo Kirchner en diputados y el acuerdo con el FMI - Noticias Radio Reflejos\",\"isPartOf\":{\"@id\":\"https:\/\/www.noticiasradioreflejos.com.ar\/2021\/#website\"},\"primaryImageOfPage\":{\"@id\":\"https:\/\/www.noticiasradioreflejos.com.ar\/2021\/referentes-politicos-del-distrtito-de-tornquist-analizan-la-situacion-generada-a-partir-de-la-renuncia-de-maximo-kirchner-en-diputados-y-el-acuerdo-con-el-fmi\/#primaryimage\"},\"image\":{\"@id\":\"https:\/\/www.noticiasradioreflejos.com.ar\/2021\/referentes-politicos-del-distrtito-de-tornquist-analizan-la-situacion-generada-a-partir-de-la-renuncia-de-maximo-kirchner-en-diputados-y-el-acuerdo-con-el-fmi\/#primaryimage\"},\"thumbnailUrl\":\"https:\/\/live.staticflickr.com\/65535\/51857687490_84437440bd.jpg\",\"datePublished\":\"2022-02-01T23:30:06+00:00\",\"dateModified\":\"2022-02-01T23:56:41+00:00\",\"author\":{\"@id\":\"https:\/\/www.noticiasradioreflejos.com.ar\/2021\/#\/schema\/person\/ad82545263dcc5ec0996818884fd5fb1\"},\"breadcrumb\":{\"@id\":\"https:\/\/www.noticiasradioreflejos.com.ar\/2021\/referentes-politicos-del-distrtito-de-tornquist-analizan-la-situacion-generada-a-partir-de-la-renuncia-de-maximo-kirchner-en-diputados-y-el-acuerdo-con-el-fmi\/#breadcrumb\"},\"inLanguage\":\"es\",\"potentialAction\":[{\"@type\":\"ReadAction\",\"target\":[\"https:\/\/www.noticiasradioreflejos.com.ar\/2021\/referentes-politicos-del-distrtito-de-tornquist-analizan-la-situacion-generada-a-partir-de-la-renuncia-de-maximo-kirchner-en-diputados-y-el-acuerdo-con-el-fmi\/\"]}]},{\"@type\":\"ImageObject\",\"inLanguage\":\"es\",\"@id\":\"https:\/\/www.noticiasradioreflejos.com.ar\/2021\/referentes-politicos-del-distrtito-de-tornquist-analizan-la-situacion-generada-a-partir-de-la-renuncia-de-maximo-kirchner-en-diputados-y-el-acuerdo-con-el-fmi\/#primaryimage\",\"url\":\"https:\/\/live.staticflickr.com\/65535\/51857687490_84437440bd.jpg\",\"contentUrl\":\"https:\/\/live.staticflickr.com\/65535\/51857687490_84437440bd.jpg\"},{\"@type\":\"BreadcrumbList\",\"@id\":\"https:\/\/www.noticiasradioreflejos.com.ar\/2021\/referentes-politicos-del-distrtito-de-tornquist-analizan-la-situacion-generada-a-partir-de-la-renuncia-de-maximo-kirchner-en-diputados-y-el-acuerdo-con-el-fmi\/#breadcrumb\",\"itemListElement\":[{\"@type\":\"ListItem\",\"position\":1,\"name\":\"Portada\",\"item\":\"https:\/\/www.noticiasradioreflejos.com.ar\/2021\/\"},{\"@type\":\"ListItem\",\"position\":2,\"name\":\"Referentes pol\u00edticos del distrito de Tornquist analizan la situaci\u00f3n generada a partir de la renuncia de M\u00e1ximo Kirchner en diputados y el acuerdo con el FMI\"}]},{\"@type\":\"WebSite\",\"@id\":\"https:\/\/www.noticiasradioreflejos.com.ar\/2021\/#website\",\"url\":\"https:\/\/www.noticiasradioreflejos.com.ar\/2021\/\",\"name\":\"Noticias Radio Reflejos\",\"description\":\"Las noticias de mi comarca\",\"potentialAction\":[{\"@type\":\"SearchAction\",\"target\":{\"@type\":\"EntryPoint\",\"urlTemplate\":\"https:\/\/www.noticiasradioreflejos.com.ar\/2021\/?s={search_term_string}\"},\"query-input\":{\"@type\":\"PropertyValueSpecification\",\"valueRequired\":true,\"valueName\":\"search_term_string\"}}],\"inLanguage\":\"es\"},{\"@type\":\"Person\",\"@id\":\"https:\/\/www.noticiasradioreflejos.com.ar\/2021\/#\/schema\/person\/ad82545263dcc5ec0996818884fd5fb1\",\"name\":\"Arnaldo Botto\",\"image\":{\"@type\":\"ImageObject\",\"inLanguage\":\"es\",\"@id\":\"https:\/\/www.noticiasradioreflejos.com.ar\/2021\/#\/schema\/person\/image\/\",\"url\":\"https:\/\/secure.gravatar.com\/avatar\/55cb5e37c1efa326397366e6974cb338056df65cb50e7d64d1cf314e87504837?s=96&d=mm&r=g\",\"contentUrl\":\"https:\/\/secure.gravatar.com\/avatar\/55cb5e37c1efa326397366e6974cb338056df65cb50e7d64d1cf314e87504837?s=96&d=mm&r=g\",\"caption\":\"Arnaldo Botto\"},\"url\":\"https:\/\/www.noticiasradioreflejos.com.ar\/2021\/author\/arnaldo\/\"}]}<\/script>\n<!-- \/ Yoast SEO plugin. -->","yoast_head_json":{"title":"Referentes pol\u00edticos del distrito de Tornquist analizan la situaci\u00f3n generada a partir de la renuncia de M\u00e1ximo Kirchner en diputados y el acuerdo con el FMI - Noticias Radio Reflejos","robots":{"index":"index","follow":"follow","max-snippet":"max-snippet:-1","max-image-preview":"max-image-preview:large","max-video-preview":"max-video-preview:-1"},"canonical":"https:\/\/www.noticiasradioreflejos.com.ar\/2021\/referentes-politicos-del-distrtito-de-tornquist-analizan-la-situacion-generada-a-partir-de-la-renuncia-de-maximo-kirchner-en-diputados-y-el-acuerdo-con-el-fmi\/","og_locale":"es_ES","og_type":"article","og_title":"Referentes pol\u00edticos del distrito de Tornquist analizan la situaci\u00f3n generada a partir de la renuncia de M\u00e1ximo Kirchner en diputados y el acuerdo con el FMI - Noticias Radio Reflejos","og_description":"Dirigentes pol\u00edticos del distrito se expresaron esta ma\u00f1ana en el programa \u00abUn mate y un Caf\u00e9\u00bb, donde dieron sus puntos de vista sobre la renuncia de M\u00e1ximo Kirchner, el acuerdo con el FMI y la situaci\u00f3n del Gobierno del Frente de todos ante estos hechos.","og_url":"https:\/\/www.noticiasradioreflejos.com.ar\/2021\/referentes-politicos-del-distrtito-de-tornquist-analizan-la-situacion-generada-a-partir-de-la-renuncia-de-maximo-kirchner-en-diputados-y-el-acuerdo-con-el-fmi\/","og_site_name":"Noticias Radio Reflejos","article_published_time":"2022-02-01T23:30:06+00:00","article_modified_time":"2022-02-01T23:56:41+00:00","og_image":[{"url":"https:\/\/live.staticflickr.com\/65535\/51857687490_84437440bd.jpg","type":"","width":"","height":""}],"author":"Arnaldo Botto","twitter_card":"summary_large_image","schema":{"@context":"https:\/\/schema.org","@graph":[{"@type":"WebPage","@id":"https:\/\/www.noticiasradioreflejos.com.ar\/2021\/referentes-politicos-del-distrtito-de-tornquist-analizan-la-situacion-generada-a-partir-de-la-renuncia-de-maximo-kirchner-en-diputados-y-el-acuerdo-con-el-fmi\/","url":"https:\/\/www.noticiasradioreflejos.com.ar\/2021\/referentes-politicos-del-distrtito-de-tornquist-analizan-la-situacion-generada-a-partir-de-la-renuncia-de-maximo-kirchner-en-diputados-y-el-acuerdo-con-el-fmi\/","name":"Referentes pol\u00edticos del distrito de Tornquist analizan la situaci\u00f3n generada a partir de la renuncia de M\u00e1ximo Kirchner en diputados y el acuerdo con el FMI - Noticias Radio Reflejos","isPartOf":{"@id":"https:\/\/www.noticiasradioreflejos.com.ar\/2021\/#website"},"primaryImageOfPage":{"@id":"https:\/\/www.noticiasradioreflejos.com.ar\/2021\/referentes-politicos-del-distrtito-de-tornquist-analizan-la-situacion-generada-a-partir-de-la-renuncia-de-maximo-kirchner-en-diputados-y-el-acuerdo-con-el-fmi\/#primaryimage"},"image":{"@id":"https:\/\/www.noticiasradioreflejos.com.ar\/2021\/referentes-politicos-del-distrtito-de-tornquist-analizan-la-situacion-generada-a-partir-de-la-renuncia-de-maximo-kirchner-en-diputados-y-el-acuerdo-con-el-fmi\/#primaryimage"},"thumbnailUrl":"https:\/\/live.staticflickr.com\/65535\/51857687490_84437440bd.jpg","datePublished":"2022-02-01T23:30:06+00:00","dateModified":"2022-02-01T23:56:41+00:00","author":{"@id":"https:\/\/www.noticiasradioreflejos.com.ar\/2021\/#\/schema\/person\/ad82545263dcc5ec0996818884fd5fb1"},"breadcrumb":{"@id":"https:\/\/www.noticiasradioreflejos.com.ar\/2021\/referentes-politicos-del-distrtito-de-tornquist-analizan-la-situacion-generada-a-partir-de-la-renuncia-de-maximo-kirchner-en-diputados-y-el-acuerdo-con-el-fmi\/#breadcrumb"},"inLanguage":"es","potentialAction":[{"@type":"ReadAction","target":["https:\/\/www.noticiasradioreflejos.com.ar\/2021\/referentes-politicos-del-distrtito-de-tornquist-analizan-la-situacion-generada-a-partir-de-la-renuncia-de-maximo-kirchner-en-diputados-y-el-acuerdo-con-el-fmi\/"]}]},{"@type":"ImageObject","inLanguage":"es","@id":"https:\/\/www.noticiasradioreflejos.com.ar\/2021\/referentes-politicos-del-distrtito-de-tornquist-analizan-la-situacion-generada-a-partir-de-la-renuncia-de-maximo-kirchner-en-diputados-y-el-acuerdo-con-el-fmi\/#primaryimage","url":"https:\/\/live.staticflickr.com\/65535\/51857687490_84437440bd.jpg","contentUrl":"https:\/\/live.staticflickr.com\/65535\/51857687490_84437440bd.jpg"},{"@type":"BreadcrumbList","@id":"https:\/\/www.noticiasradioreflejos.com.ar\/2021\/referentes-politicos-del-distrtito-de-tornquist-analizan-la-situacion-generada-a-partir-de-la-renuncia-de-maximo-kirchner-en-diputados-y-el-acuerdo-con-el-fmi\/#breadcrumb","itemListElement":[{"@type":"ListItem","position":1,"name":"Portada","item":"https:\/\/www.noticiasradioreflejos.com.ar\/2021\/"},{"@type":"ListItem","position":2,"name":"Referentes pol\u00edticos del distrito de Tornquist analizan la situaci\u00f3n generada a partir de la renuncia de M\u00e1ximo Kirchner en diputados y el acuerdo con el FMI"}]},{"@type":"WebSite","@id":"https:\/\/www.noticiasradioreflejos.com.ar\/2021\/#website","url":"https:\/\/www.noticiasradioreflejos.com.ar\/2021\/","name":"Noticias Radio Reflejos","description":"Las noticias de mi comarca","potentialAction":[{"@type":"SearchAction","target":{"@type":"EntryPoint","urlTemplate":"https:\/\/www.noticiasradioreflejos.com.ar\/2021\/?s={search_term_string}"},"query-input":{"@type":"PropertyValueSpecification","valueRequired":true,"valueName":"search_term_string"}}],"inLanguage":"es"},{"@type":"Person","@id":"https:\/\/www.noticiasradioreflejos.com.ar\/2021\/#\/schema\/person\/ad82545263dcc5ec0996818884fd5fb1","name":"Arnaldo Botto","image":{"@type":"ImageObject","inLanguage":"es","@id":"https:\/\/www.noticiasradioreflejos.com.ar\/2021\/#\/schema\/person\/image\/","url":"https:\/\/secure.gravatar.com\/avatar\/55cb5e37c1efa326397366e6974cb338056df65cb50e7d64d1cf314e87504837?s=96&d=mm&r=g","contentUrl":"https:\/\/secure.gravatar.com\/avatar\/55cb5e37c1efa326397366e6974cb338056df65cb50e7d64d1cf314e87504837?s=96&d=mm&r=g","caption":"Arnaldo Botto"},"url":"https:\/\/www.noticiasradioreflejos.com.ar\/2021\/author\/arnaldo\/"}]}},"_links":{"self":[{"href":"https:\/\/www.noticiasradioreflejos.com.ar\/2021\/wp-json\/wp\/v2\/posts\/67730","targetHints":{"allow":["GET"]}}],"collection":[{"href":"https:\/\/www.noticiasradioreflejos.com.ar\/2021\/wp-json\/wp\/v2\/posts"}],"about":[{"href":"https:\/\/www.noticiasradioreflejos.com.ar\/2021\/wp-json\/wp\/v2\/types\/post"}],"author":[{"embeddable":true,"href":"https:\/\/www.noticiasradioreflejos.com.ar\/2021\/wp-json\/wp\/v2\/users\/3"}],"replies":[{"embeddable":true,"href":"https:\/\/www.noticiasradioreflejos.com.ar\/2021\/wp-json\/wp\/v2\/comments?post=67730"}],"version-history":[{"count":5,"href":"https:\/\/www.noticiasradioreflejos.com.ar\/2021\/wp-json\/wp\/v2\/posts\/67730\/revisions"}],"predecessor-version":[{"id":67747,"href":"https:\/\/www.noticiasradioreflejos.com.ar\/2021\/wp-json\/wp\/v2\/posts\/67730\/revisions\/67747"}],"wp:attachment":[{"href":"https:\/\/www.noticiasradioreflejos.com.ar\/2021\/wp-json\/wp\/v2\/media?parent=67730"}],"wp:term":[{"taxonomy":"category","embeddable":true,"href":"https:\/\/www.noticiasradioreflejos.com.ar\/2021\/wp-json\/wp\/v2\/categories?post=67730"},{"taxonomy":"post_tag","embeddable":true,"href":"https:\/\/www.noticiasradioreflejos.com.ar\/2021\/wp-json\/wp\/v2\/tags?post=67730"}],"curies":[{"name":"wp","href":"https:\/\/api.w.org\/{rel}","templated":true}]}}