{"id":67724,"date":"2022-02-01T19:50:52","date_gmt":"2022-02-01T19:50:52","guid":{"rendered":"http:\/\/www.noticiasradioreflejos.com.ar\/2021\/?p=67724"},"modified":"2022-02-01T19:50:52","modified_gmt":"2022-02-01T19:50:52","slug":"enero-cerro-con-una-ocupacion-promedio-del-70-en-el-distrito","status":"publish","type":"post","link":"https:\/\/www.noticiasradioreflejos.com.ar\/2021\/enero-cerro-con-una-ocupacion-promedio-del-70-en-el-distrito\/","title":{"rendered":"Enero cerr\u00f3 con una ocupaci\u00f3n promedio del 70% en el distrito."},"content":{"rendered":"<p>La informaci\u00f3n la suministr\u00f3 a nuestro medio la Secretar\u00eda de Turismo local durante la tarde de hoy.<!--more--><\/p>\n<p>Esta ma\u00f1ana desde Telam, daban a conocer los datos del turismo a nivel total de la provincia de Buenos Aires donde hubo lugares que tuvieron la ocupaci\u00f3n hotelera en mas del 90 % durante los meses de Diciembre y Enero, donde el n\u00famero total de viajeros dentro del \u00e1mbito bonaerense super\u00f3 los 6 millones.<\/p>\n<p>De acuerdo a la Direcci\u00f3n de Datos Tur\u00edsticos de la Subsecretar\u00eda de Turismo de la provincia de Buenos Aires y a estimaciones propias en base a Aubasa, Certificados Turismo y Encuesta de Viajes y Turismo de los Hogares del Ministerio de Turismo y Deportes, hubo en el mes de diciembre 2.617.051 turistas y en enero fueron 3.418.940.<\/p>\n<p>Los partidos que recibieron m\u00e1s veraneantes fueron: La Costa (1.378.390), General Pueyrred\u00f3n (1.293.603), Villa Gesell (723.225), Pinamar (595.559),\u00a0<strong>Monte Hermoso (308.327)<\/strong>, General Alvarado (231.904), Mar Chiquita (178.181), Necochea (171.726), Tandil (103.289), Chascom\u00fas (94.073), Coronel Rosales (87.014), Tres Arroyos (86.941)<strong>, Tornquist (84.174)<\/strong>, San Pedro (36.794) y Lobos (34.045).<\/p>\n<p>De acuerdo a los datos oficiales, la ocupaci\u00f3n hotelera en enero fue en la costa: Coronel Rosales 99,6%;\u00a0<strong>Monte Hermoso 99%<\/strong>; Pinamar 97,6%, Villa Gesell 96,9%, Mar Chiquita 96,3%; La Costa 95,3%; General Alvarado 95%; General Pueyrred\u00f3n 87%; y Necochea 85,3%.<\/p>\n<p>En las zonas de r\u00edos y lagunas, Lobos tuvo 89,8%; Tigre 83%; Chascom\u00fas 81,3%; Jun\u00edn 80%; Adolfo Alsina 80%; San Antonio de Areco 77,5%; mientras que en Tandil, destino de sierras, esas cifras ascienden a 69,6%.<\/p>\n<p>En horas de la tarde de hoy, el <strong>Secretario de Turismo de Tornquist Gustavo Sandoval,<\/strong> nos informaba sobre los totales de ocupaci\u00f3n dentro de nuestra comarca y son los siguientes:<\/p>\n<p>&nbsp;<\/p>\n<p>OCUPACI\u00d3N PROMEDIO MES DE ENERO 2022: 70%<br \/>\n\u2022 OCUPACI\u00d3N PROMEDIO SEMANA: 66%<br \/>\n\u2022 OCUPACI\u00d3N PROMEDIO FIN DE SEMANA: 74%<\/p>\n","protected":false},"excerpt":{"rendered":"<p>La informaci\u00f3n la suministr\u00f3 a nuestro medio la Secretar\u00eda de Turismo local durante la tarde de hoy.<\/p>\n","protected":false},"author":3,"featured_media":65808,"comment_status":"closed","ping_status":"closed","sticky":false,"template":"","format":"standard","meta":{"footnotes":""},"categories":[33],"tags":[48],"class_list":["post-67724","post","type-post","status-publish","format-standard","has-post-thumbnail","hentry","category-turismo","tag-destacada"],"yoast_head":"<!-- This site is optimized with the Yoast SEO plugin v25.9 - https:\/\/yoast.com\/wordpress\/plugins\/seo\/ -->\n<title>Enero cerr\u00f3 con una ocupaci\u00f3n promedio del 70% en el distrito. - Noticias Radio Reflejos<\/title>\n<meta name=\"robots\" content=\"index, follow, max-snippet:-1, max-image-preview:large, max-video-preview:-1\" \/>\n<link rel=\"canonical\" href=\"https:\/\/www.noticiasradioreflejos.com.ar\/2021\/enero-cerro-con-una-ocupacion-promedio-del-70-en-el-distrito\/\" \/>\n<meta property=\"og:locale\" content=\"es_ES\" \/>\n<meta property=\"og:type\" content=\"article\" \/>\n<meta property=\"og:title\" content=\"Enero cerr\u00f3 con una ocupaci\u00f3n promedio del 70% en el distrito. - Noticias Radio Reflejos\" \/>\n<meta property=\"og:description\" content=\"La informaci\u00f3n la suministr\u00f3 a nuestro medio la Secretar\u00eda de Turismo local durante la tarde de hoy.\" \/>\n<meta property=\"og:url\" content=\"https:\/\/www.noticiasradioreflejos.com.ar\/2021\/enero-cerro-con-una-ocupacion-promedio-del-70-en-el-distrito\/\" \/>\n<meta property=\"og:site_name\" content=\"Noticias Radio Reflejos\" \/>\n<meta property=\"article:published_time\" content=\"2022-02-01T19:50:52+00:00\" \/>\n<meta property=\"og:image\" content=\"https:\/\/www.noticiasradioreflejos.com.ar\/2021\/wp-content\/uploads\/2021\/12\/Diquesito.jpg\" \/>\n\t<meta property=\"og:image:width\" content=\"1440\" \/>\n\t<meta property=\"og:image:height\" content=\"810\" \/>\n\t<meta property=\"og:image:type\" content=\"image\/jpeg\" \/>\n<meta name=\"author\" content=\"Arnaldo Botto\" \/>\n<meta name=\"twitter:card\" content=\"summary_large_image\" \/>\n<script type=\"application\/ld+json\" class=\"yoast-schema-graph\">{\"@context\":\"https:\/\/schema.org\",\"@graph\":[{\"@type\":\"WebPage\",\"@id\":\"https:\/\/www.noticiasradioreflejos.com.ar\/2021\/enero-cerro-con-una-ocupacion-promedio-del-70-en-el-distrito\/\",\"url\":\"https:\/\/www.noticiasradioreflejos.com.ar\/2021\/enero-cerro-con-una-ocupacion-promedio-del-70-en-el-distrito\/\",\"name\":\"Enero cerr\u00f3 con una ocupaci\u00f3n promedio del 70% en el distrito. - Noticias Radio Reflejos\",\"isPartOf\":{\"@id\":\"https:\/\/www.noticiasradioreflejos.com.ar\/2021\/#website\"},\"primaryImageOfPage\":{\"@id\":\"https:\/\/www.noticiasradioreflejos.com.ar\/2021\/enero-cerro-con-una-ocupacion-promedio-del-70-en-el-distrito\/#primaryimage\"},\"image\":{\"@id\":\"https:\/\/www.noticiasradioreflejos.com.ar\/2021\/enero-cerro-con-una-ocupacion-promedio-del-70-en-el-distrito\/#primaryimage\"},\"thumbnailUrl\":\"https:\/\/www.noticiasradioreflejos.com.ar\/2021\/wp-content\/uploads\/2021\/12\/Diquesito.jpg\",\"datePublished\":\"2022-02-01T19:50:52+00:00\",\"author\":{\"@id\":\"https:\/\/www.noticiasradioreflejos.com.ar\/2021\/#\/schema\/person\/ad82545263dcc5ec0996818884fd5fb1\"},\"breadcrumb\":{\"@id\":\"https:\/\/www.noticiasradioreflejos.com.ar\/2021\/enero-cerro-con-una-ocupacion-promedio-del-70-en-el-distrito\/#breadcrumb\"},\"inLanguage\":\"es\",\"potentialAction\":[{\"@type\":\"ReadAction\",\"target\":[\"https:\/\/www.noticiasradioreflejos.com.ar\/2021\/enero-cerro-con-una-ocupacion-promedio-del-70-en-el-distrito\/\"]}]},{\"@type\":\"ImageObject\",\"inLanguage\":\"es\",\"@id\":\"https:\/\/www.noticiasradioreflejos.com.ar\/2021\/enero-cerro-con-una-ocupacion-promedio-del-70-en-el-distrito\/#primaryimage\",\"url\":\"https:\/\/www.noticiasradioreflejos.com.ar\/2021\/wp-content\/uploads\/2021\/12\/Diquesito.jpg\",\"contentUrl\":\"https:\/\/www.noticiasradioreflejos.com.ar\/2021\/wp-content\/uploads\/2021\/12\/Diquesito.jpg\",\"width\":1440,\"height\":810},{\"@type\":\"BreadcrumbList\",\"@id\":\"https:\/\/www.noticiasradioreflejos.com.ar\/2021\/enero-cerro-con-una-ocupacion-promedio-del-70-en-el-distrito\/#breadcrumb\",\"itemListElement\":[{\"@type\":\"ListItem\",\"position\":1,\"name\":\"Portada\",\"item\":\"https:\/\/www.noticiasradioreflejos.com.ar\/2021\/\"},{\"@type\":\"ListItem\",\"position\":2,\"name\":\"Enero cerr\u00f3 con una ocupaci\u00f3n promedio del 70% en el distrito.\"}]},{\"@type\":\"WebSite\",\"@id\":\"https:\/\/www.noticiasradioreflejos.com.ar\/2021\/#website\",\"url\":\"https:\/\/www.noticiasradioreflejos.com.ar\/2021\/\",\"name\":\"Noticias Radio Reflejos\",\"description\":\"Las noticias de mi comarca\",\"potentialAction\":[{\"@type\":\"SearchAction\",\"target\":{\"@type\":\"EntryPoint\",\"urlTemplate\":\"https:\/\/www.noticiasradioreflejos.com.ar\/2021\/?s={search_term_string}\"},\"query-input\":{\"@type\":\"PropertyValueSpecification\",\"valueRequired\":true,\"valueName\":\"search_term_string\"}}],\"inLanguage\":\"es\"},{\"@type\":\"Person\",\"@id\":\"https:\/\/www.noticiasradioreflejos.com.ar\/2021\/#\/schema\/person\/ad82545263dcc5ec0996818884fd5fb1\",\"name\":\"Arnaldo Botto\",\"image\":{\"@type\":\"ImageObject\",\"inLanguage\":\"es\",\"@id\":\"https:\/\/www.noticiasradioreflejos.com.ar\/2021\/#\/schema\/person\/image\/\",\"url\":\"https:\/\/secure.gravatar.com\/avatar\/55cb5e37c1efa326397366e6974cb338056df65cb50e7d64d1cf314e87504837?s=96&d=mm&r=g\",\"contentUrl\":\"https:\/\/secure.gravatar.com\/avatar\/55cb5e37c1efa326397366e6974cb338056df65cb50e7d64d1cf314e87504837?s=96&d=mm&r=g\",\"caption\":\"Arnaldo Botto\"},\"url\":\"https:\/\/www.noticiasradioreflejos.com.ar\/2021\/author\/arnaldo\/\"}]}<\/script>\n<!-- \/ Yoast SEO plugin. -->","yoast_head_json":{"title":"Enero cerr\u00f3 con una ocupaci\u00f3n promedio del 70% en el distrito. - Noticias Radio Reflejos","robots":{"index":"index","follow":"follow","max-snippet":"max-snippet:-1","max-image-preview":"max-image-preview:large","max-video-preview":"max-video-preview:-1"},"canonical":"https:\/\/www.noticiasradioreflejos.com.ar\/2021\/enero-cerro-con-una-ocupacion-promedio-del-70-en-el-distrito\/","og_locale":"es_ES","og_type":"article","og_title":"Enero cerr\u00f3 con una ocupaci\u00f3n promedio del 70% en el distrito. - Noticias Radio Reflejos","og_description":"La informaci\u00f3n la suministr\u00f3 a nuestro medio la Secretar\u00eda de Turismo local durante la tarde de hoy.","og_url":"https:\/\/www.noticiasradioreflejos.com.ar\/2021\/enero-cerro-con-una-ocupacion-promedio-del-70-en-el-distrito\/","og_site_name":"Noticias Radio Reflejos","article_published_time":"2022-02-01T19:50:52+00:00","og_image":[{"width":1440,"height":810,"url":"https:\/\/www.noticiasradioreflejos.com.ar\/2021\/wp-content\/uploads\/2021\/12\/Diquesito.jpg","type":"image\/jpeg"}],"author":"Arnaldo Botto","twitter_card":"summary_large_image","schema":{"@context":"https:\/\/schema.org","@graph":[{"@type":"WebPage","@id":"https:\/\/www.noticiasradioreflejos.com.ar\/2021\/enero-cerro-con-una-ocupacion-promedio-del-70-en-el-distrito\/","url":"https:\/\/www.noticiasradioreflejos.com.ar\/2021\/enero-cerro-con-una-ocupacion-promedio-del-70-en-el-distrito\/","name":"Enero cerr\u00f3 con una ocupaci\u00f3n promedio del 70% en el distrito. - Noticias Radio Reflejos","isPartOf":{"@id":"https:\/\/www.noticiasradioreflejos.com.ar\/2021\/#website"},"primaryImageOfPage":{"@id":"https:\/\/www.noticiasradioreflejos.com.ar\/2021\/enero-cerro-con-una-ocupacion-promedio-del-70-en-el-distrito\/#primaryimage"},"image":{"@id":"https:\/\/www.noticiasradioreflejos.com.ar\/2021\/enero-cerro-con-una-ocupacion-promedio-del-70-en-el-distrito\/#primaryimage"},"thumbnailUrl":"https:\/\/www.noticiasradioreflejos.com.ar\/2021\/wp-content\/uploads\/2021\/12\/Diquesito.jpg","datePublished":"2022-02-01T19:50:52+00:00","author":{"@id":"https:\/\/www.noticiasradioreflejos.com.ar\/2021\/#\/schema\/person\/ad82545263dcc5ec0996818884fd5fb1"},"breadcrumb":{"@id":"https:\/\/www.noticiasradioreflejos.com.ar\/2021\/enero-cerro-con-una-ocupacion-promedio-del-70-en-el-distrito\/#breadcrumb"},"inLanguage":"es","potentialAction":[{"@type":"ReadAction","target":["https:\/\/www.noticiasradioreflejos.com.ar\/2021\/enero-cerro-con-una-ocupacion-promedio-del-70-en-el-distrito\/"]}]},{"@type":"ImageObject","inLanguage":"es","@id":"https:\/\/www.noticiasradioreflejos.com.ar\/2021\/enero-cerro-con-una-ocupacion-promedio-del-70-en-el-distrito\/#primaryimage","url":"https:\/\/www.noticiasradioreflejos.com.ar\/2021\/wp-content\/uploads\/2021\/12\/Diquesito.jpg","contentUrl":"https:\/\/www.noticiasradioreflejos.com.ar\/2021\/wp-content\/uploads\/2021\/12\/Diquesito.jpg","width":1440,"height":810},{"@type":"BreadcrumbList","@id":"https:\/\/www.noticiasradioreflejos.com.ar\/2021\/enero-cerro-con-una-ocupacion-promedio-del-70-en-el-distrito\/#breadcrumb","itemListElement":[{"@type":"ListItem","position":1,"name":"Portada","item":"https:\/\/www.noticiasradioreflejos.com.ar\/2021\/"},{"@type":"ListItem","position":2,"name":"Enero cerr\u00f3 con una ocupaci\u00f3n promedio del 70% en el distrito."}]},{"@type":"WebSite","@id":"https:\/\/www.noticiasradioreflejos.com.ar\/2021\/#website","url":"https:\/\/www.noticiasradioreflejos.com.ar\/2021\/","name":"Noticias Radio Reflejos","description":"Las noticias de mi comarca","potentialAction":[{"@type":"SearchAction","target":{"@type":"EntryPoint","urlTemplate":"https:\/\/www.noticiasradioreflejos.com.ar\/2021\/?s={search_term_string}"},"query-input":{"@type":"PropertyValueSpecification","valueRequired":true,"valueName":"search_term_string"}}],"inLanguage":"es"},{"@type":"Person","@id":"https:\/\/www.noticiasradioreflejos.com.ar\/2021\/#\/schema\/person\/ad82545263dcc5ec0996818884fd5fb1","name":"Arnaldo Botto","image":{"@type":"ImageObject","inLanguage":"es","@id":"https:\/\/www.noticiasradioreflejos.com.ar\/2021\/#\/schema\/person\/image\/","url":"https:\/\/secure.gravatar.com\/avatar\/55cb5e37c1efa326397366e6974cb338056df65cb50e7d64d1cf314e87504837?s=96&d=mm&r=g","contentUrl":"https:\/\/secure.gravatar.com\/avatar\/55cb5e37c1efa326397366e6974cb338056df65cb50e7d64d1cf314e87504837?s=96&d=mm&r=g","caption":"Arnaldo Botto"},"url":"https:\/\/www.noticiasradioreflejos.com.ar\/2021\/author\/arnaldo\/"}]}},"_links":{"self":[{"href":"https:\/\/www.noticiasradioreflejos.com.ar\/2021\/wp-json\/wp\/v2\/posts\/67724","targetHints":{"allow":["GET"]}}],"collection":[{"href":"https:\/\/www.noticiasradioreflejos.com.ar\/2021\/wp-json\/wp\/v2\/posts"}],"about":[{"href":"https:\/\/www.noticiasradioreflejos.com.ar\/2021\/wp-json\/wp\/v2\/types\/post"}],"author":[{"embeddable":true,"href":"https:\/\/www.noticiasradioreflejos.com.ar\/2021\/wp-json\/wp\/v2\/users\/3"}],"replies":[{"embeddable":true,"href":"https:\/\/www.noticiasradioreflejos.com.ar\/2021\/wp-json\/wp\/v2\/comments?post=67724"}],"version-history":[{"count":1,"href":"https:\/\/www.noticiasradioreflejos.com.ar\/2021\/wp-json\/wp\/v2\/posts\/67724\/revisions"}],"predecessor-version":[{"id":67725,"href":"https:\/\/www.noticiasradioreflejos.com.ar\/2021\/wp-json\/wp\/v2\/posts\/67724\/revisions\/67725"}],"wp:featuredmedia":[{"embeddable":true,"href":"https:\/\/www.noticiasradioreflejos.com.ar\/2021\/wp-json\/wp\/v2\/media\/65808"}],"wp:attachment":[{"href":"https:\/\/www.noticiasradioreflejos.com.ar\/2021\/wp-json\/wp\/v2\/media?parent=67724"}],"wp:term":[{"taxonomy":"category","embeddable":true,"href":"https:\/\/www.noticiasradioreflejos.com.ar\/2021\/wp-json\/wp\/v2\/categories?post=67724"},{"taxonomy":"post_tag","embeddable":true,"href":"https:\/\/www.noticiasradioreflejos.com.ar\/2021\/wp-json\/wp\/v2\/tags?post=67724"}],"curies":[{"name":"wp","href":"https:\/\/api.w.org\/{rel}","templated":true}]}}