{"id":67722,"date":"2022-02-01T19:40:38","date_gmt":"2022-02-01T19:40:38","guid":{"rendered":"http:\/\/www.noticiasradioreflejos.com.ar\/2021\/?p=67722"},"modified":"2022-02-01T19:40:38","modified_gmt":"2022-02-01T19:40:38","slug":"el-turismo-interno-aumento-un-58-en-lo-que-va-de-la-temporada","status":"publish","type":"post","link":"https:\/\/www.noticiasradioreflejos.com.ar\/2021\/el-turismo-interno-aumento-un-58-en-lo-que-va-de-la-temporada\/","title":{"rendered":"El turismo interno aument\u00f3 un 58% en lo que va de la temporada"},"content":{"rendered":"<p>Seg\u00fan el informe que dio a conocer la Confederaci\u00f3n Argentina de la Mediana Empresa, la cifra de turistas alcanza los 40,8 millones de personas si se suman a los excursionistas que hacen viajes m\u00e1s cercanos y estad\u00edas m\u00e1s breves.<\/p>\n<div>\n<div class=\"wrapper-editable-content\">\n<div>\n<div class=\"container-md\">\n<div class=\"row\">\n<div class=\"col-md-12 speak\">\n<div class=\"paragraph\">\n<figure class=\"mb-3\"><img decoding=\"async\" src=\"https:\/\/www.telam.com.ar\/thumbs\/bluesteel\/advf\/imagenes\/2022\/01\/61f5b203647f4_900.jpg\" alt=\"Una postal de la playa en Mar del Plata Foto Diego Izquierdo \" width=\"100%\" height=\"100%\" \/><\/figure>\n<\/div>\n<\/div>\n<\/div>\n<\/div>\n<\/div>\n<\/div>\n<\/div>\n<div class=\"media-icons\"><\/div>\n<p>Una postal de la playa en Mar del Plata. Foto: Diego Izquierdo.<\/p>\n<p>La cantidad de turistas que eligieron destinos dentro del pa\u00eds alcanz\u00f3 a\u00a0<strong>19,7 millones de personas en el per\u00edodo comprendido entre la segunda quincena de diciembre y fines de enero,<\/strong>\u00a0un 58% m\u00e1s que en el mismo per\u00edodo de la temporada anterior y 0,7% m\u00e1s que en la previa a la pandemia, inform\u00f3 este martes la Confederaci\u00f3n Argentina de la Mediana Empresa (CAME).<\/p>\n<p>En relaci\u00f3n a este r\u00e9cord tur\u00edstico de enero, el ministro de Turismo y Deportes (Minturdep), Mat\u00edas Lammens, destac\u00f3 que<strong>\u00a0\u00abestos 20 millones de turistas movilizados confirman las expectativas que ten\u00edamos\u00bb<\/strong>, y asegur\u00f3 que \u00abesta temporada va a ser una de las m\u00e1s importantes de la \u00faltima d\u00e9cada\u00bb.<\/p>\n<p>Lammens valor\u00f3 el trabajo del equipo del Minturdep en el Programa PreViaje, y subray\u00f3 que \u00abnos llena de orgullo su impulso, que lo que permiti\u00f3 fue que millones de compatriotas pudieran viajar en sus vacaciones y que al mismo tiempo una industria clave de nuestro pa\u00eds, como es el turismo, se pusiera en marcha\u00bb.<\/p>\n<p>\u00abEstos n\u00fameros de reactivaci\u00f3n -continu\u00f3- se reflejan en el crecimiento del empleo en el sector tur\u00edstico, que es de los rubros que m\u00e1s crecieron en materia laboral en los \u00faltimos meses\u00bb.<\/p>\n<p>En ese sentido, indic\u00f3 que desde el Minturdep estaban convencidos de \u00abque durante febrero y el fin de semana de carnaval se va a consolidar lo que ya es una temporada hist\u00f3rica\u00bb.<\/p>\n<p>En el informe de la CAME<strong>\u00a0la cifra de turistas se incrementa a 40,8 millones de personas si se suman a los excursionistas (que optan por viajes m\u00e1s cercanos y estad\u00edas m\u00e1s breves).<\/strong><\/p>\n<figure class=\"mb-3\"><img decoding=\"async\" src=\"https:\/\/www.telam.com.ar\/thumbs\/bluesteel\/advf\/imagenes\/2021\/11\/6198ed6f56ed9_900.jpg\" alt=\"San Luis y el atractivo de los paisajes \" width=\"100%\" height=\"100%\" \/><\/p>\n<div class=\"media-icons\"><\/div><figcaption>San Luis y el atractivo de los paisajes.<\/figcaption><\/figure>\n<p>La entidad destac\u00f3 en un comunicado que \u00abel programa PreViaje fue determinante\u00bb para que se concretase ese incremento en el n\u00famero de turistas, que realizaron gastos por $342.830,4 millones, con un incremento a precios constantes del 93,1% en la comparaci\u00f3n interanual y del 1,2% en la bianual.<\/p>\n<p>El gasto de turistas y excursionistas sumados alcanz\u00f3 a $375.900 millones en el per\u00edodo analizado.<\/p>\n<p>La costa atl\u00e1ntica volvi\u00f3 a ser el destino preferido, al concentrar el 11,2% de los viajes, con 2,2 millones de visitantes.<\/p>\n<p>De acuerdo con los datos de CAME, los indicadores de turismo interno no solo superan a los de la temporada 2020\/21, afectada por el coronavirus, sino tambi\u00e9n a la de 2019\/20, previa a la aparici\u00f3n de las restricciones a la movilidad por la irrupci\u00f3n de la pandemia.<\/p>\n<p>\u00abEl tipo de cambio alto, los tr\u00e1mites sanitarios para ingresar a otros pa\u00edses, sumado a la incertidumbre sobre la tendencia futura del Covid-19, favorecieron a los destinos nacionales, que fueron priorizados por sobre Brasil, Uruguay, Chile y Miami, destinos que compiten con los argentinos en los sectores de la poblaci\u00f3n con ingresos medios y altos\u00bb, se destac\u00f3.<\/p>\n<p>Por su parte, Alfredo Gonz\u00e1lez, quien preside la entidad, declar\u00f3 que \u00abel r\u00e9cord de contagios de Covid-19 por la variante \u00d3micron, que gener\u00f3 una nueva ola de casos en todo el pa\u00eds, motiv\u00f3 que los turistas eligieran viajar a lugares m\u00e1s cercanos, pero optando por estad\u00edas m\u00e1s prolongadas en relaci\u00f3n al comportamiento hist\u00f3rico\u00bb.<\/p>\n<p>De todas maneras,\u00a0<strong>la CAME asegur\u00f3 que \u00abel Covid pr\u00e1cticamente no incidi\u00f3 en la cancelaci\u00f3n de viajes,<\/strong>\u00a0pero s\u00ed fueron frecuentes los casos de turistas que debieron estar algunos d\u00edas en resguardo por tener el virus\u00bb.<\/p>\n<figure class=\"mb-3\"><img decoding=\"async\" src=\"https:\/\/www.telam.com.ar\/thumbs\/bluesteel\/advf\/imagenes\/2022\/01\/61e1d71558122_900.jpg\" alt=\"Ros y arroyos la opcin para refrescarse en Crdoba Foto Laura Lescano \" width=\"100%\" height=\"100%\" \/><\/p>\n<div class=\"media-icons\"><\/div><figcaption>R\u00edos y arroyos, la opci\u00f3n para refrescarse en C\u00f3rdoba. Foto: Laura Lescano.<\/figcaption><\/figure>\n<p>El informe de la Confederaci\u00f3n Argentina de la Mediana Empresa, en base a datos propios, del Ministerio de Turismo y Deportes e informaci\u00f3n de C\u00e1maras y Federaciones regionales, detalla, entre otros \u00edtems, que el Partido de la Costa, Mar del Plata, Pinamar, Villa Gesell, Bariloche, Mendoza, Villa Carlos Paz, Monte Hermoso, San Mart\u00edn de los Andes, Salta, Federaci\u00f3n y San Rafael, fueron algunas de las ciudades con mayor caudal tur\u00edstico.<\/p>\n<p>Por otra parte,\u00a0<strong>las plazas hoteleras, caba\u00f1as y departamentos quedaron colmados, con ocupaci\u00f3n<\/strong>\u00a0casi plena los fines de semana en much\u00edsimas ciudades, y fue muy dif\u00edcil llegar a destino sin reservas.<\/p>\n<p>Lo que m\u00e1s se busc\u00f3 fueron las zonas de playas (mar, r\u00edo, arroyos), seguidas por las zonas de termas y monta\u00f1as, tambi\u00e9n hubo mucho turismo que fue detr\u00e1s de las propuestas culturales, recreativas y deportivas, que cada vez tienen m\u00e1s impacto en las decisiones de viajes.<\/p>\n<p>\u00abComo viene ocurriendo todos los a\u00f1os, en 2022 se continuaron sumando nuevos destinos al circuito tur\u00edstico nacional, e incluso se observa un flujo muy activo de gente en ciudades que sol\u00edan tener sus temporadas fuertes en otras \u00e9pocas del a\u00f1o y ahora la tienen tambi\u00e9n en verano\u00bb, se precis\u00f3.<\/p>\n<p>Un caso espec\u00edfico fue<strong>\u00a0Bariloche,<\/strong>\u00a0que<strong>\u00a0con el impulso del PreViaje vivi\u00f3 enero como si fuera su temporada alta<\/strong>, y lo mismo sucedi\u00f3 en otros destinos de la Patagonia, que fueron los m\u00e1s favorecidos de ese programa.<\/p>\n<p>Asimismo, en el informe se destac\u00f3 que \u00abla variedad de destinos que ofrece la el pa\u00eds, m\u00e1s el incremento en la oferta de servicios y la mejora en la calidad de la infraestructura, en la atenci\u00f3n al visitante y en las propuestas recreativas, son un atractivo para retener al residente nacional y atraer al extranjero\u00bb.<\/p>\n","protected":false},"excerpt":{"rendered":"<p>Seg\u00fan el informe que dio a conocer la Confederaci\u00f3n Argentina de la Mediana Empresa, la cifra de turistas alcanza los 40,8 millones de personas si se suman a los excursionistas que hacen viajes m\u00e1s cercanos y estad\u00edas m\u00e1s breves. Una postal de la playa en Mar del Plata. Foto: Diego Izquierdo. La cantidad de turistas [&hellip;]<\/p>\n","protected":false},"author":3,"featured_media":66634,"comment_status":"closed","ping_status":"closed","sticky":false,"template":"","format":"standard","meta":{"footnotes":""},"categories":[26,33],"tags":[],"class_list":["post-67722","post","type-post","status-publish","format-standard","has-post-thumbnail","hentry","category-sociedad","category-turismo"],"yoast_head":"<!-- This site is optimized with the Yoast SEO plugin v25.9 - https:\/\/yoast.com\/wordpress\/plugins\/seo\/ -->\n<title>El turismo interno aument\u00f3 un 58% en lo que va de la temporada - Noticias Radio Reflejos<\/title>\n<meta name=\"robots\" content=\"index, follow, max-snippet:-1, max-image-preview:large, max-video-preview:-1\" \/>\n<link rel=\"canonical\" href=\"https:\/\/www.noticiasradioreflejos.com.ar\/2021\/el-turismo-interno-aumento-un-58-en-lo-que-va-de-la-temporada\/\" \/>\n<meta property=\"og:locale\" content=\"es_ES\" \/>\n<meta property=\"og:type\" content=\"article\" \/>\n<meta property=\"og:title\" content=\"El turismo interno aument\u00f3 un 58% en lo que va de la temporada - Noticias Radio Reflejos\" \/>\n<meta property=\"og:description\" content=\"Seg\u00fan el informe que dio a conocer la Confederaci\u00f3n Argentina de la Mediana Empresa, la cifra de turistas alcanza los 40,8 millones de personas si se suman a los excursionistas que hacen viajes m\u00e1s cercanos y estad\u00edas m\u00e1s breves. Una postal de la playa en Mar del Plata. Foto: Diego Izquierdo. La cantidad de turistas [&hellip;]\" \/>\n<meta property=\"og:url\" content=\"https:\/\/www.noticiasradioreflejos.com.ar\/2021\/el-turismo-interno-aumento-un-58-en-lo-que-va-de-la-temporada\/\" \/>\n<meta property=\"og:site_name\" content=\"Noticias Radio Reflejos\" \/>\n<meta property=\"article:published_time\" content=\"2022-02-01T19:40:38+00:00\" \/>\n<meta property=\"og:image\" content=\"https:\/\/www.noticiasradioreflejos.com.ar\/2021\/wp-content\/uploads\/2022\/01\/Piletones-sierras-grandes.jpg\" \/>\n\t<meta property=\"og:image:width\" content=\"960\" \/>\n\t<meta property=\"og:image:height\" content=\"720\" \/>\n\t<meta property=\"og:image:type\" content=\"image\/jpeg\" \/>\n<meta name=\"author\" content=\"Arnaldo Botto\" \/>\n<meta name=\"twitter:card\" content=\"summary_large_image\" \/>\n<script type=\"application\/ld+json\" class=\"yoast-schema-graph\">{\"@context\":\"https:\/\/schema.org\",\"@graph\":[{\"@type\":\"WebPage\",\"@id\":\"https:\/\/www.noticiasradioreflejos.com.ar\/2021\/el-turismo-interno-aumento-un-58-en-lo-que-va-de-la-temporada\/\",\"url\":\"https:\/\/www.noticiasradioreflejos.com.ar\/2021\/el-turismo-interno-aumento-un-58-en-lo-que-va-de-la-temporada\/\",\"name\":\"El turismo interno aument\u00f3 un 58% en lo que va de la temporada - Noticias Radio Reflejos\",\"isPartOf\":{\"@id\":\"https:\/\/www.noticiasradioreflejos.com.ar\/2021\/#website\"},\"primaryImageOfPage\":{\"@id\":\"https:\/\/www.noticiasradioreflejos.com.ar\/2021\/el-turismo-interno-aumento-un-58-en-lo-que-va-de-la-temporada\/#primaryimage\"},\"image\":{\"@id\":\"https:\/\/www.noticiasradioreflejos.com.ar\/2021\/el-turismo-interno-aumento-un-58-en-lo-que-va-de-la-temporada\/#primaryimage\"},\"thumbnailUrl\":\"https:\/\/www.noticiasradioreflejos.com.ar\/2021\/wp-content\/uploads\/2022\/01\/Piletones-sierras-grandes.jpg\",\"datePublished\":\"2022-02-01T19:40:38+00:00\",\"author\":{\"@id\":\"https:\/\/www.noticiasradioreflejos.com.ar\/2021\/#\/schema\/person\/ad82545263dcc5ec0996818884fd5fb1\"},\"breadcrumb\":{\"@id\":\"https:\/\/www.noticiasradioreflejos.com.ar\/2021\/el-turismo-interno-aumento-un-58-en-lo-que-va-de-la-temporada\/#breadcrumb\"},\"inLanguage\":\"es\",\"potentialAction\":[{\"@type\":\"ReadAction\",\"target\":[\"https:\/\/www.noticiasradioreflejos.com.ar\/2021\/el-turismo-interno-aumento-un-58-en-lo-que-va-de-la-temporada\/\"]}]},{\"@type\":\"ImageObject\",\"inLanguage\":\"es\",\"@id\":\"https:\/\/www.noticiasradioreflejos.com.ar\/2021\/el-turismo-interno-aumento-un-58-en-lo-que-va-de-la-temporada\/#primaryimage\",\"url\":\"https:\/\/www.noticiasradioreflejos.com.ar\/2021\/wp-content\/uploads\/2022\/01\/Piletones-sierras-grandes.jpg\",\"contentUrl\":\"https:\/\/www.noticiasradioreflejos.com.ar\/2021\/wp-content\/uploads\/2022\/01\/Piletones-sierras-grandes.jpg\",\"width\":960,\"height\":720},{\"@type\":\"BreadcrumbList\",\"@id\":\"https:\/\/www.noticiasradioreflejos.com.ar\/2021\/el-turismo-interno-aumento-un-58-en-lo-que-va-de-la-temporada\/#breadcrumb\",\"itemListElement\":[{\"@type\":\"ListItem\",\"position\":1,\"name\":\"Portada\",\"item\":\"https:\/\/www.noticiasradioreflejos.com.ar\/2021\/\"},{\"@type\":\"ListItem\",\"position\":2,\"name\":\"El turismo interno aument\u00f3 un 58% en lo que va de la temporada\"}]},{\"@type\":\"WebSite\",\"@id\":\"https:\/\/www.noticiasradioreflejos.com.ar\/2021\/#website\",\"url\":\"https:\/\/www.noticiasradioreflejos.com.ar\/2021\/\",\"name\":\"Noticias Radio Reflejos\",\"description\":\"Las noticias de mi comarca\",\"potentialAction\":[{\"@type\":\"SearchAction\",\"target\":{\"@type\":\"EntryPoint\",\"urlTemplate\":\"https:\/\/www.noticiasradioreflejos.com.ar\/2021\/?s={search_term_string}\"},\"query-input\":{\"@type\":\"PropertyValueSpecification\",\"valueRequired\":true,\"valueName\":\"search_term_string\"}}],\"inLanguage\":\"es\"},{\"@type\":\"Person\",\"@id\":\"https:\/\/www.noticiasradioreflejos.com.ar\/2021\/#\/schema\/person\/ad82545263dcc5ec0996818884fd5fb1\",\"name\":\"Arnaldo Botto\",\"image\":{\"@type\":\"ImageObject\",\"inLanguage\":\"es\",\"@id\":\"https:\/\/www.noticiasradioreflejos.com.ar\/2021\/#\/schema\/person\/image\/\",\"url\":\"https:\/\/secure.gravatar.com\/avatar\/55cb5e37c1efa326397366e6974cb338056df65cb50e7d64d1cf314e87504837?s=96&d=mm&r=g\",\"contentUrl\":\"https:\/\/secure.gravatar.com\/avatar\/55cb5e37c1efa326397366e6974cb338056df65cb50e7d64d1cf314e87504837?s=96&d=mm&r=g\",\"caption\":\"Arnaldo Botto\"},\"url\":\"https:\/\/www.noticiasradioreflejos.com.ar\/2021\/author\/arnaldo\/\"}]}<\/script>\n<!-- \/ Yoast SEO plugin. -->","yoast_head_json":{"title":"El turismo interno aument\u00f3 un 58% en lo que va de la temporada - Noticias Radio Reflejos","robots":{"index":"index","follow":"follow","max-snippet":"max-snippet:-1","max-image-preview":"max-image-preview:large","max-video-preview":"max-video-preview:-1"},"canonical":"https:\/\/www.noticiasradioreflejos.com.ar\/2021\/el-turismo-interno-aumento-un-58-en-lo-que-va-de-la-temporada\/","og_locale":"es_ES","og_type":"article","og_title":"El turismo interno aument\u00f3 un 58% en lo que va de la temporada - Noticias Radio Reflejos","og_description":"Seg\u00fan el informe que dio a conocer la Confederaci\u00f3n Argentina de la Mediana Empresa, la cifra de turistas alcanza los 40,8 millones de personas si se suman a los excursionistas que hacen viajes m\u00e1s cercanos y estad\u00edas m\u00e1s breves. Una postal de la playa en Mar del Plata. Foto: Diego Izquierdo. La cantidad de turistas [&hellip;]","og_url":"https:\/\/www.noticiasradioreflejos.com.ar\/2021\/el-turismo-interno-aumento-un-58-en-lo-que-va-de-la-temporada\/","og_site_name":"Noticias Radio Reflejos","article_published_time":"2022-02-01T19:40:38+00:00","og_image":[{"width":960,"height":720,"url":"https:\/\/www.noticiasradioreflejos.com.ar\/2021\/wp-content\/uploads\/2022\/01\/Piletones-sierras-grandes.jpg","type":"image\/jpeg"}],"author":"Arnaldo Botto","twitter_card":"summary_large_image","schema":{"@context":"https:\/\/schema.org","@graph":[{"@type":"WebPage","@id":"https:\/\/www.noticiasradioreflejos.com.ar\/2021\/el-turismo-interno-aumento-un-58-en-lo-que-va-de-la-temporada\/","url":"https:\/\/www.noticiasradioreflejos.com.ar\/2021\/el-turismo-interno-aumento-un-58-en-lo-que-va-de-la-temporada\/","name":"El turismo interno aument\u00f3 un 58% en lo que va de la temporada - Noticias Radio Reflejos","isPartOf":{"@id":"https:\/\/www.noticiasradioreflejos.com.ar\/2021\/#website"},"primaryImageOfPage":{"@id":"https:\/\/www.noticiasradioreflejos.com.ar\/2021\/el-turismo-interno-aumento-un-58-en-lo-que-va-de-la-temporada\/#primaryimage"},"image":{"@id":"https:\/\/www.noticiasradioreflejos.com.ar\/2021\/el-turismo-interno-aumento-un-58-en-lo-que-va-de-la-temporada\/#primaryimage"},"thumbnailUrl":"https:\/\/www.noticiasradioreflejos.com.ar\/2021\/wp-content\/uploads\/2022\/01\/Piletones-sierras-grandes.jpg","datePublished":"2022-02-01T19:40:38+00:00","author":{"@id":"https:\/\/www.noticiasradioreflejos.com.ar\/2021\/#\/schema\/person\/ad82545263dcc5ec0996818884fd5fb1"},"breadcrumb":{"@id":"https:\/\/www.noticiasradioreflejos.com.ar\/2021\/el-turismo-interno-aumento-un-58-en-lo-que-va-de-la-temporada\/#breadcrumb"},"inLanguage":"es","potentialAction":[{"@type":"ReadAction","target":["https:\/\/www.noticiasradioreflejos.com.ar\/2021\/el-turismo-interno-aumento-un-58-en-lo-que-va-de-la-temporada\/"]}]},{"@type":"ImageObject","inLanguage":"es","@id":"https:\/\/www.noticiasradioreflejos.com.ar\/2021\/el-turismo-interno-aumento-un-58-en-lo-que-va-de-la-temporada\/#primaryimage","url":"https:\/\/www.noticiasradioreflejos.com.ar\/2021\/wp-content\/uploads\/2022\/01\/Piletones-sierras-grandes.jpg","contentUrl":"https:\/\/www.noticiasradioreflejos.com.ar\/2021\/wp-content\/uploads\/2022\/01\/Piletones-sierras-grandes.jpg","width":960,"height":720},{"@type":"BreadcrumbList","@id":"https:\/\/www.noticiasradioreflejos.com.ar\/2021\/el-turismo-interno-aumento-un-58-en-lo-que-va-de-la-temporada\/#breadcrumb","itemListElement":[{"@type":"ListItem","position":1,"name":"Portada","item":"https:\/\/www.noticiasradioreflejos.com.ar\/2021\/"},{"@type":"ListItem","position":2,"name":"El turismo interno aument\u00f3 un 58% en lo que va de la temporada"}]},{"@type":"WebSite","@id":"https:\/\/www.noticiasradioreflejos.com.ar\/2021\/#website","url":"https:\/\/www.noticiasradioreflejos.com.ar\/2021\/","name":"Noticias Radio Reflejos","description":"Las noticias de mi comarca","potentialAction":[{"@type":"SearchAction","target":{"@type":"EntryPoint","urlTemplate":"https:\/\/www.noticiasradioreflejos.com.ar\/2021\/?s={search_term_string}"},"query-input":{"@type":"PropertyValueSpecification","valueRequired":true,"valueName":"search_term_string"}}],"inLanguage":"es"},{"@type":"Person","@id":"https:\/\/www.noticiasradioreflejos.com.ar\/2021\/#\/schema\/person\/ad82545263dcc5ec0996818884fd5fb1","name":"Arnaldo Botto","image":{"@type":"ImageObject","inLanguage":"es","@id":"https:\/\/www.noticiasradioreflejos.com.ar\/2021\/#\/schema\/person\/image\/","url":"https:\/\/secure.gravatar.com\/avatar\/55cb5e37c1efa326397366e6974cb338056df65cb50e7d64d1cf314e87504837?s=96&d=mm&r=g","contentUrl":"https:\/\/secure.gravatar.com\/avatar\/55cb5e37c1efa326397366e6974cb338056df65cb50e7d64d1cf314e87504837?s=96&d=mm&r=g","caption":"Arnaldo Botto"},"url":"https:\/\/www.noticiasradioreflejos.com.ar\/2021\/author\/arnaldo\/"}]}},"_links":{"self":[{"href":"https:\/\/www.noticiasradioreflejos.com.ar\/2021\/wp-json\/wp\/v2\/posts\/67722","targetHints":{"allow":["GET"]}}],"collection":[{"href":"https:\/\/www.noticiasradioreflejos.com.ar\/2021\/wp-json\/wp\/v2\/posts"}],"about":[{"href":"https:\/\/www.noticiasradioreflejos.com.ar\/2021\/wp-json\/wp\/v2\/types\/post"}],"author":[{"embeddable":true,"href":"https:\/\/www.noticiasradioreflejos.com.ar\/2021\/wp-json\/wp\/v2\/users\/3"}],"replies":[{"embeddable":true,"href":"https:\/\/www.noticiasradioreflejos.com.ar\/2021\/wp-json\/wp\/v2\/comments?post=67722"}],"version-history":[{"count":1,"href":"https:\/\/www.noticiasradioreflejos.com.ar\/2021\/wp-json\/wp\/v2\/posts\/67722\/revisions"}],"predecessor-version":[{"id":67723,"href":"https:\/\/www.noticiasradioreflejos.com.ar\/2021\/wp-json\/wp\/v2\/posts\/67722\/revisions\/67723"}],"wp:featuredmedia":[{"embeddable":true,"href":"https:\/\/www.noticiasradioreflejos.com.ar\/2021\/wp-json\/wp\/v2\/media\/66634"}],"wp:attachment":[{"href":"https:\/\/www.noticiasradioreflejos.com.ar\/2021\/wp-json\/wp\/v2\/media?parent=67722"}],"wp:term":[{"taxonomy":"category","embeddable":true,"href":"https:\/\/www.noticiasradioreflejos.com.ar\/2021\/wp-json\/wp\/v2\/categories?post=67722"},{"taxonomy":"post_tag","embeddable":true,"href":"https:\/\/www.noticiasradioreflejos.com.ar\/2021\/wp-json\/wp\/v2\/tags?post=67722"}],"curies":[{"name":"wp","href":"https:\/\/api.w.org\/{rel}","templated":true}]}}