{"id":67720,"date":"2022-02-01T19:37:35","date_gmt":"2022-02-01T19:37:35","guid":{"rendered":"http:\/\/www.noticiasradioreflejos.com.ar\/2021\/?p=67720"},"modified":"2022-02-01T19:37:35","modified_gmt":"2022-02-01T19:37:35","slug":"en-enero-se-registro-un-femicidio-cada-31-horas","status":"publish","type":"post","link":"https:\/\/www.noticiasradioreflejos.com.ar\/2021\/en-enero-se-registro-un-femicidio-cada-31-horas\/","title":{"rendered":"En enero se registr\u00f3 un femicidio cada 31 horas"},"content":{"rendered":"<p>El dato surge del informe que elabora mensualmente\u00a0\u00a0la organizaci\u00f3n feminista MuMal\u00e1-Mujeres de la Matria Latinoamericana, que dio cuenta de que se produjeron 24 asesinatos, entre ellos tres vinculados y dos transfemicidios.\u00bb<!--more--><\/p>\n<div>\n<div class=\"wrapper-editable-content\">\n<div>\n<div class=\"container-md\">\n<div class=\"row\">\n<div class=\"col-md-12 speak\">\n<div class=\"paragraph\">\n<figure class=\"mb-3\"><img decoding=\"async\" src=\"https:\/\/www.telam.com.ar\/thumbs\/bluesteel\/advf\/imagenes\/2022\/01\/61f82a4a6628d_900.jpg\" alt=\"Una marcha en Jujuy para pedir justicia por el crimen de Dafne Morena que fue encontrada asesinada en su casa de Humahuaca Foto Edgardo Varela \" width=\"100%\" height=\"100%\" \/><\/p>\n<div class=\"media-icons\"><\/div><figcaption>Una marcha en Jujuy para pedir justicia por el crimen de Dafne Morena que fue encontrada asesinada en su casa de Humahuaca. Foto: Edgardo Varela.<\/figcaption><\/figure>\n<p>Un total de<strong>\u00a024 femicidios, entre ellos tres vinculados y dos transfemicidios,<\/strong>\u00a0se registraron durante el primer mes del a\u00f1o en la Argentina, lo que promedia un crimen cada 31 horas y lo que provoc\u00f3 que 29 ni\u00f1os, ni\u00f1as y adolescentes se quedaran sin su madre, seg\u00fan un informe de<strong>\u00a0la organizaci\u00f3n feminista MuMal\u00e1-Mujeres de la Matria Latinoamericana,<\/strong>\u00a0que confecciona todos los meses estad\u00edsticas de asesinatos relacionados a violencia de g\u00e9nero.<\/p>\n<p>Si bien las cifras oficiales del 2022 son elaboradas por la Corte Suprema de Justicia y reci\u00e9n ser\u00e1n divulgadas a comienzos del a\u00f1o siguiente, distintas organizaciones de la sociedad civil -en este caso MuMal\u00e1- elaboran sus propias estad\u00edsticas actualizadas mes por mes, las cuales realizan con criterios propios y, por ese motivo, difieren en la cantidad de v\u00edctimas, como por ejemplo, el Observatorio Luc\u00eda P\u00e9rez, que contabiliz\u00f3 36 femicidios y transfemicidios durante el mes de enero.<\/p>\n<p>De acuerdo al informe elaborado por MuMal\u00e1 sobre los hechos ocurridos entre el 1 de enero y el 30 de enero \u00faltimo, el\u00a0<strong>55 % de los femicidios fue cometido por parejas o exparejas de la v\u00edctima<\/strong>, mientras que\u00a0<strong>el 35% de los femicidas eran familiares o conocidos.<\/strong><\/p>\n<p>Por otro lado, teniendo en cuenta la modalidad del hecho, la organizaci\u00f3n se\u00f1ala que\u00a0<strong>el 70% de las mujeres muri\u00f3 a causa de una herida con arma blanca, en tanto que el 20 % fueron asfixiadas o asesinadas a golpes y el 10% restante fue consecuencia de un disparo de un arma de fuego.<\/strong><\/p>\n<p>En cuanto al lugar f\u00edsico del femicidio, el 65% de los casos ocurrieron en la vivienda de la v\u00edctima, mientras que el 25% de los asesinatos fue en descampados o en la v\u00eda p\u00fablica.<\/p>\n<p>El informe de MuMaL\u00e1 tambi\u00e9n destaca que, como consecuencia directa de los femicidios, 29 ni\u00f1as, ni\u00f1os y adolescentes perdieron a su madre y que la edad promedio de las v\u00edctimas fue de 36 a\u00f1os.<\/p>\n<p>Otro dato que agrega el relevamiento es que\u00a0<strong>el 20 % de mujeres v\u00edctimas de femicidios hab\u00eda denunciado a su agresor<\/strong>\u00a0previamente y que, de ese porcentaje, el 75 % ten\u00eda orden de restricci\u00f3n perimetral y el 25% bot\u00f3n antip\u00e1nico.<\/p>\n<p>Seg\u00fan MuMaL\u00e1, en lo referido a los victimarios, en<strong>\u00a0el 100% de los casos est\u00e1n identificados,\u00a0<\/strong>aunque el 10% permanece pr\u00f3fugo, en tanto que el 20 % de los femicidas se suicid\u00f3 tras cometer el hecho.<\/p>\n<p>A su vez,<strong>\u00a0el 10% ten\u00edan antecedentes por violencia de g\u00e9nero, mientras que el 5% pertenec\u00eda a una fuerza de seguridad.<\/strong><\/p>\n<p>En el 15% de los casos, el femicida asesin\u00f3 a una tercera persona, ya sea porque qued\u00f3 en el medio del hecho violento -femicidio vinculado por interposici\u00f3n- o para ocasionar un da\u00f1o irreparable y culpa a estas mujeres -femicidio vinculado-.<\/p>\n<p>Los distritos con mayor \u00edndice de casos fueron C\u00f3rdoba (6 casos), la provincia de Buenos Aires (5 casos) y Santa Fe (4 casos).<\/p>\n<p>En cuanto a los<strong>\u00a0transfemicidios,<\/strong>\u00a0durante los primeros 30 d\u00edas del a\u00f1o MuMal\u00e1 registr\u00f3<strong>\u00a0dos casos<\/strong>: uno fue el de Aldana Lorens, una mujer trans de 35 a\u00f1os que falleci\u00f3 luego de estar internada durante diez d\u00edas en un hospital de la ciudad de Santa Fe tras recibir un golpe en la cabeza, por el que los investigadores se\u00f1alan a uno de sus hermanos como el responsable.<\/p>\n<p>Mientras que el otro caso ocurri\u00f3 el 14 de enero en B\u00e9ccar,\u00a0<strong>donde una mujer trans de 46 a\u00f1os de apellido Giacobbi fue hallada en su domicilio asesinada de dos heridas de arma blanca.<\/strong><\/p>\n<p>Por su parte, MuMal\u00e1 registr\u00f3 tres suicidios feminicidas durante el mes de enero, los cuales son definidos por la organizaci\u00f3n como \u201caquellos suicidios como posible efecto del abuso de poder cr\u00f3nico basado en motivos de odio o menosprecio a la condici\u00f3n de mujer e identidades feminizadas, o contexto de violencia de g\u00e9nero\u201d.<\/p>\n<p>Por \u00faltimo, la organizaci\u00f3n pidi\u00f3\u00a0<strong>\u201cla declaraci\u00f3n de la Emergencia #NiUnaMenos\u201d\u00a0<\/strong>y exigi\u00f3 al Estado Nacional \u201cmayor compromiso, presupuesto acorde y eficiencia en la intervenci\u00f3n de las instituciones en el abordaje de las violencias machistas\u201d.<\/p>\n<p>El mecanismo de relevamiento de MuMal\u00e1 se realiza \u201ca partir del an\u00e1lisis y monitoreo de medios digitales y gr\u00e1ficos de todo el pa\u00eds, buscadores, sistema de alertas, seguimiento de organizaciones, portales especializados en g\u00e9nero, feminismo, DDHH y policiales\/forense\u201d.<\/p>\n<ul>\n<li>\n<h3>Atenci\u00f3n, contenci\u00f3n y asesoramiento en situaciones de violencia de g\u00e9nero<\/h3>\n<\/li>\n<li>Por llamada gratuita las 24 hs L\u00ednea 144<\/li>\n<li>Por WhatsApp +5491127716463<\/li>\n<li>Por mail a\u00a0<a href=\"mailto:linea144@mingeneros.gob.ar\">linea144@mingeneros.gob.ar<\/a><\/li>\n<li>Descargando la\u00a0<a href=\"https:\/\/www.argentina.gob.ar\/aplicaciones\/linea-144-atencion-mujeres-y-LGBTI\">app<\/a><\/li>\n<\/ul>\n<\/div>\n<\/div>\n<\/div>\n<\/div>\n<\/div>\n<\/div>\n<\/div>\n","protected":false},"excerpt":{"rendered":"<p>El dato surge del informe que elabora mensualmente\u00a0\u00a0la organizaci\u00f3n feminista MuMal\u00e1-Mujeres de la Matria Latinoamericana, que dio cuenta de que se produjeron 24 asesinatos, entre ellos tres vinculados y dos transfemicidios.\u00bb<\/p>\n","protected":false},"author":3,"featured_media":0,"comment_status":"closed","ping_status":"closed","sticky":false,"template":"","format":"standard","meta":{"footnotes":""},"categories":[29,24,26],"tags":[],"class_list":["post-67720","post","type-post","status-publish","format-standard","hentry","category-policiales","category-politica","category-sociedad"],"yoast_head":"<!-- This site is optimized with the Yoast SEO plugin v25.9 - https:\/\/yoast.com\/wordpress\/plugins\/seo\/ -->\n<title>En enero se registr\u00f3 un femicidio cada 31 horas - Noticias Radio Reflejos<\/title>\n<meta name=\"robots\" content=\"index, follow, max-snippet:-1, max-image-preview:large, max-video-preview:-1\" \/>\n<link rel=\"canonical\" href=\"https:\/\/www.noticiasradioreflejos.com.ar\/2021\/en-enero-se-registro-un-femicidio-cada-31-horas\/\" \/>\n<meta property=\"og:locale\" content=\"es_ES\" \/>\n<meta property=\"og:type\" content=\"article\" \/>\n<meta property=\"og:title\" content=\"En enero se registr\u00f3 un femicidio cada 31 horas - Noticias Radio Reflejos\" \/>\n<meta property=\"og:description\" content=\"El dato surge del informe que elabora mensualmente\u00a0\u00a0la organizaci\u00f3n feminista MuMal\u00e1-Mujeres de la Matria Latinoamericana, que dio cuenta de que se produjeron 24 asesinatos, entre ellos tres vinculados y dos transfemicidios.\u00bb\" \/>\n<meta property=\"og:url\" content=\"https:\/\/www.noticiasradioreflejos.com.ar\/2021\/en-enero-se-registro-un-femicidio-cada-31-horas\/\" \/>\n<meta property=\"og:site_name\" content=\"Noticias Radio Reflejos\" \/>\n<meta property=\"article:published_time\" content=\"2022-02-01T19:37:35+00:00\" \/>\n<meta property=\"og:image\" content=\"https:\/\/www.telam.com.ar\/thumbs\/bluesteel\/advf\/imagenes\/2022\/01\/61f82a4a6628d_900.jpg\" \/>\n<meta name=\"author\" content=\"Arnaldo Botto\" \/>\n<meta name=\"twitter:card\" content=\"summary_large_image\" \/>\n<script type=\"application\/ld+json\" class=\"yoast-schema-graph\">{\"@context\":\"https:\/\/schema.org\",\"@graph\":[{\"@type\":\"WebPage\",\"@id\":\"https:\/\/www.noticiasradioreflejos.com.ar\/2021\/en-enero-se-registro-un-femicidio-cada-31-horas\/\",\"url\":\"https:\/\/www.noticiasradioreflejos.com.ar\/2021\/en-enero-se-registro-un-femicidio-cada-31-horas\/\",\"name\":\"En enero se registr\u00f3 un femicidio cada 31 horas - Noticias Radio Reflejos\",\"isPartOf\":{\"@id\":\"https:\/\/www.noticiasradioreflejos.com.ar\/2021\/#website\"},\"primaryImageOfPage\":{\"@id\":\"https:\/\/www.noticiasradioreflejos.com.ar\/2021\/en-enero-se-registro-un-femicidio-cada-31-horas\/#primaryimage\"},\"image\":{\"@id\":\"https:\/\/www.noticiasradioreflejos.com.ar\/2021\/en-enero-se-registro-un-femicidio-cada-31-horas\/#primaryimage\"},\"thumbnailUrl\":\"https:\/\/www.telam.com.ar\/thumbs\/bluesteel\/advf\/imagenes\/2022\/01\/61f82a4a6628d_900.jpg\",\"datePublished\":\"2022-02-01T19:37:35+00:00\",\"author\":{\"@id\":\"https:\/\/www.noticiasradioreflejos.com.ar\/2021\/#\/schema\/person\/ad82545263dcc5ec0996818884fd5fb1\"},\"breadcrumb\":{\"@id\":\"https:\/\/www.noticiasradioreflejos.com.ar\/2021\/en-enero-se-registro-un-femicidio-cada-31-horas\/#breadcrumb\"},\"inLanguage\":\"es\",\"potentialAction\":[{\"@type\":\"ReadAction\",\"target\":[\"https:\/\/www.noticiasradioreflejos.com.ar\/2021\/en-enero-se-registro-un-femicidio-cada-31-horas\/\"]}]},{\"@type\":\"ImageObject\",\"inLanguage\":\"es\",\"@id\":\"https:\/\/www.noticiasradioreflejos.com.ar\/2021\/en-enero-se-registro-un-femicidio-cada-31-horas\/#primaryimage\",\"url\":\"https:\/\/www.telam.com.ar\/thumbs\/bluesteel\/advf\/imagenes\/2022\/01\/61f82a4a6628d_900.jpg\",\"contentUrl\":\"https:\/\/www.telam.com.ar\/thumbs\/bluesteel\/advf\/imagenes\/2022\/01\/61f82a4a6628d_900.jpg\"},{\"@type\":\"BreadcrumbList\",\"@id\":\"https:\/\/www.noticiasradioreflejos.com.ar\/2021\/en-enero-se-registro-un-femicidio-cada-31-horas\/#breadcrumb\",\"itemListElement\":[{\"@type\":\"ListItem\",\"position\":1,\"name\":\"Portada\",\"item\":\"https:\/\/www.noticiasradioreflejos.com.ar\/2021\/\"},{\"@type\":\"ListItem\",\"position\":2,\"name\":\"En enero se registr\u00f3 un femicidio cada 31 horas\"}]},{\"@type\":\"WebSite\",\"@id\":\"https:\/\/www.noticiasradioreflejos.com.ar\/2021\/#website\",\"url\":\"https:\/\/www.noticiasradioreflejos.com.ar\/2021\/\",\"name\":\"Noticias Radio Reflejos\",\"description\":\"Las noticias de mi comarca\",\"potentialAction\":[{\"@type\":\"SearchAction\",\"target\":{\"@type\":\"EntryPoint\",\"urlTemplate\":\"https:\/\/www.noticiasradioreflejos.com.ar\/2021\/?s={search_term_string}\"},\"query-input\":{\"@type\":\"PropertyValueSpecification\",\"valueRequired\":true,\"valueName\":\"search_term_string\"}}],\"inLanguage\":\"es\"},{\"@type\":\"Person\",\"@id\":\"https:\/\/www.noticiasradioreflejos.com.ar\/2021\/#\/schema\/person\/ad82545263dcc5ec0996818884fd5fb1\",\"name\":\"Arnaldo Botto\",\"image\":{\"@type\":\"ImageObject\",\"inLanguage\":\"es\",\"@id\":\"https:\/\/www.noticiasradioreflejos.com.ar\/2021\/#\/schema\/person\/image\/\",\"url\":\"https:\/\/secure.gravatar.com\/avatar\/55cb5e37c1efa326397366e6974cb338056df65cb50e7d64d1cf314e87504837?s=96&d=mm&r=g\",\"contentUrl\":\"https:\/\/secure.gravatar.com\/avatar\/55cb5e37c1efa326397366e6974cb338056df65cb50e7d64d1cf314e87504837?s=96&d=mm&r=g\",\"caption\":\"Arnaldo Botto\"},\"url\":\"https:\/\/www.noticiasradioreflejos.com.ar\/2021\/author\/arnaldo\/\"}]}<\/script>\n<!-- \/ Yoast SEO plugin. -->","yoast_head_json":{"title":"En enero se registr\u00f3 un femicidio cada 31 horas - Noticias Radio Reflejos","robots":{"index":"index","follow":"follow","max-snippet":"max-snippet:-1","max-image-preview":"max-image-preview:large","max-video-preview":"max-video-preview:-1"},"canonical":"https:\/\/www.noticiasradioreflejos.com.ar\/2021\/en-enero-se-registro-un-femicidio-cada-31-horas\/","og_locale":"es_ES","og_type":"article","og_title":"En enero se registr\u00f3 un femicidio cada 31 horas - Noticias Radio Reflejos","og_description":"El dato surge del informe que elabora mensualmente\u00a0\u00a0la organizaci\u00f3n feminista MuMal\u00e1-Mujeres de la Matria Latinoamericana, que dio cuenta de que se produjeron 24 asesinatos, entre ellos tres vinculados y dos transfemicidios.\u00bb","og_url":"https:\/\/www.noticiasradioreflejos.com.ar\/2021\/en-enero-se-registro-un-femicidio-cada-31-horas\/","og_site_name":"Noticias Radio Reflejos","article_published_time":"2022-02-01T19:37:35+00:00","og_image":[{"url":"https:\/\/www.telam.com.ar\/thumbs\/bluesteel\/advf\/imagenes\/2022\/01\/61f82a4a6628d_900.jpg","type":"","width":"","height":""}],"author":"Arnaldo Botto","twitter_card":"summary_large_image","schema":{"@context":"https:\/\/schema.org","@graph":[{"@type":"WebPage","@id":"https:\/\/www.noticiasradioreflejos.com.ar\/2021\/en-enero-se-registro-un-femicidio-cada-31-horas\/","url":"https:\/\/www.noticiasradioreflejos.com.ar\/2021\/en-enero-se-registro-un-femicidio-cada-31-horas\/","name":"En enero se registr\u00f3 un femicidio cada 31 horas - Noticias Radio Reflejos","isPartOf":{"@id":"https:\/\/www.noticiasradioreflejos.com.ar\/2021\/#website"},"primaryImageOfPage":{"@id":"https:\/\/www.noticiasradioreflejos.com.ar\/2021\/en-enero-se-registro-un-femicidio-cada-31-horas\/#primaryimage"},"image":{"@id":"https:\/\/www.noticiasradioreflejos.com.ar\/2021\/en-enero-se-registro-un-femicidio-cada-31-horas\/#primaryimage"},"thumbnailUrl":"https:\/\/www.telam.com.ar\/thumbs\/bluesteel\/advf\/imagenes\/2022\/01\/61f82a4a6628d_900.jpg","datePublished":"2022-02-01T19:37:35+00:00","author":{"@id":"https:\/\/www.noticiasradioreflejos.com.ar\/2021\/#\/schema\/person\/ad82545263dcc5ec0996818884fd5fb1"},"breadcrumb":{"@id":"https:\/\/www.noticiasradioreflejos.com.ar\/2021\/en-enero-se-registro-un-femicidio-cada-31-horas\/#breadcrumb"},"inLanguage":"es","potentialAction":[{"@type":"ReadAction","target":["https:\/\/www.noticiasradioreflejos.com.ar\/2021\/en-enero-se-registro-un-femicidio-cada-31-horas\/"]}]},{"@type":"ImageObject","inLanguage":"es","@id":"https:\/\/www.noticiasradioreflejos.com.ar\/2021\/en-enero-se-registro-un-femicidio-cada-31-horas\/#primaryimage","url":"https:\/\/www.telam.com.ar\/thumbs\/bluesteel\/advf\/imagenes\/2022\/01\/61f82a4a6628d_900.jpg","contentUrl":"https:\/\/www.telam.com.ar\/thumbs\/bluesteel\/advf\/imagenes\/2022\/01\/61f82a4a6628d_900.jpg"},{"@type":"BreadcrumbList","@id":"https:\/\/www.noticiasradioreflejos.com.ar\/2021\/en-enero-se-registro-un-femicidio-cada-31-horas\/#breadcrumb","itemListElement":[{"@type":"ListItem","position":1,"name":"Portada","item":"https:\/\/www.noticiasradioreflejos.com.ar\/2021\/"},{"@type":"ListItem","position":2,"name":"En enero se registr\u00f3 un femicidio cada 31 horas"}]},{"@type":"WebSite","@id":"https:\/\/www.noticiasradioreflejos.com.ar\/2021\/#website","url":"https:\/\/www.noticiasradioreflejos.com.ar\/2021\/","name":"Noticias Radio Reflejos","description":"Las noticias de mi comarca","potentialAction":[{"@type":"SearchAction","target":{"@type":"EntryPoint","urlTemplate":"https:\/\/www.noticiasradioreflejos.com.ar\/2021\/?s={search_term_string}"},"query-input":{"@type":"PropertyValueSpecification","valueRequired":true,"valueName":"search_term_string"}}],"inLanguage":"es"},{"@type":"Person","@id":"https:\/\/www.noticiasradioreflejos.com.ar\/2021\/#\/schema\/person\/ad82545263dcc5ec0996818884fd5fb1","name":"Arnaldo Botto","image":{"@type":"ImageObject","inLanguage":"es","@id":"https:\/\/www.noticiasradioreflejos.com.ar\/2021\/#\/schema\/person\/image\/","url":"https:\/\/secure.gravatar.com\/avatar\/55cb5e37c1efa326397366e6974cb338056df65cb50e7d64d1cf314e87504837?s=96&d=mm&r=g","contentUrl":"https:\/\/secure.gravatar.com\/avatar\/55cb5e37c1efa326397366e6974cb338056df65cb50e7d64d1cf314e87504837?s=96&d=mm&r=g","caption":"Arnaldo Botto"},"url":"https:\/\/www.noticiasradioreflejos.com.ar\/2021\/author\/arnaldo\/"}]}},"_links":{"self":[{"href":"https:\/\/www.noticiasradioreflejos.com.ar\/2021\/wp-json\/wp\/v2\/posts\/67720","targetHints":{"allow":["GET"]}}],"collection":[{"href":"https:\/\/www.noticiasradioreflejos.com.ar\/2021\/wp-json\/wp\/v2\/posts"}],"about":[{"href":"https:\/\/www.noticiasradioreflejos.com.ar\/2021\/wp-json\/wp\/v2\/types\/post"}],"author":[{"embeddable":true,"href":"https:\/\/www.noticiasradioreflejos.com.ar\/2021\/wp-json\/wp\/v2\/users\/3"}],"replies":[{"embeddable":true,"href":"https:\/\/www.noticiasradioreflejos.com.ar\/2021\/wp-json\/wp\/v2\/comments?post=67720"}],"version-history":[{"count":1,"href":"https:\/\/www.noticiasradioreflejos.com.ar\/2021\/wp-json\/wp\/v2\/posts\/67720\/revisions"}],"predecessor-version":[{"id":67721,"href":"https:\/\/www.noticiasradioreflejos.com.ar\/2021\/wp-json\/wp\/v2\/posts\/67720\/revisions\/67721"}],"wp:attachment":[{"href":"https:\/\/www.noticiasradioreflejos.com.ar\/2021\/wp-json\/wp\/v2\/media?parent=67720"}],"wp:term":[{"taxonomy":"category","embeddable":true,"href":"https:\/\/www.noticiasradioreflejos.com.ar\/2021\/wp-json\/wp\/v2\/categories?post=67720"},{"taxonomy":"post_tag","embeddable":true,"href":"https:\/\/www.noticiasradioreflejos.com.ar\/2021\/wp-json\/wp\/v2\/tags?post=67720"}],"curies":[{"name":"wp","href":"https:\/\/api.w.org\/{rel}","templated":true}]}}