{"id":67715,"date":"2022-02-01T23:12:04","date_gmt":"2022-02-01T23:12:04","guid":{"rendered":"http:\/\/www.noticiasradioreflejos.com.ar\/2021\/?p=67715"},"modified":"2022-02-02T10:42:39","modified_gmt":"2022-02-02T10:42:39","slug":"elecciones-sindicales-en-tornquist-e-tenemos-maneras-de-pensar-totalmente-distintas-por-eso-se-conforma-otra-lista","status":"publish","type":"post","link":"https:\/\/www.noticiasradioreflejos.com.ar\/2021\/elecciones-sindicales-en-tornquist-e-tenemos-maneras-de-pensar-totalmente-distintas-por-eso-se-conforma-otra-lista\/","title":{"rendered":"Elecciones sindicales en Tornquist: \u00abTenemos maneras de pensar totalmente distintas, por eso se conforma otra lista\u00bb"},"content":{"rendered":"<p>El empleado municipal se postula como adjunto de la lista celeste y blanca que encabeza<strong> Carlos Bartolini<\/strong> y se presentar\u00e1 en las elecciones del Sindicato de Empleados Municipales de Tornquist. En esta nota, Daniel nos comparte su punto de vista y su propuesta para conducir el gremio.<!--more--><\/p>\n<p>\u00abEstoy convencido de que tenemos maneras de pensar totalmente distintas, por eso se conforma otra lista\u00bb mencion\u00f3 el simpatizante de la oposici\u00f3n a la c\u00fapula que lidera el sindicato el d\u00eda de hoy. \u00abCreemos que hay cosas que se pueden mejorar y vamos a trabajar para eso\u00bb.<\/p>\n<p>Daniel expuso cu\u00e1les son aquellos \u00edtems en los que es cr\u00edtico con el manejo del sindicato: \u00abLo que reproch\u00e9 siempre es que las decisiones, como los aumentos, se sigan aceptando en una asamblea. Creo que lo que se puede lograr, tiene que salir del consenso de la gente\u00bb.<\/p>\n<p>\u00abM\u00e1s all\u00e1 de las diferencias y las maneras de pensar y actuar, me parece que en la recta final lo que tenemos que hacer es unirnos e intentar conseguir m\u00e1s logros\/beneficios para el empleado municipal\u00bb expres\u00f3 Daniel.<\/p>\n<p>\u00abQueremos algo federal, porque cada localidad tiene necesidades distintas y al empleado municipal le pasa lo mismo\u00bb expuso Daniel una de sus propuestas. \u00abBuscamos una lista federal justamente para que cada uno conozca el problema de su lugar\u00bb continu\u00f3.<\/p>\n<p>Las elecciones tomar\u00e1n lugar el d\u00eda viernes 4 de febrero.<\/p>\n<p>Nota completa a continuaci\u00f3n:<br \/>\n<iframe loading=\"lazy\" src=\"https:\/\/w.soundcloud.com\/player\/?url=https%3A\/\/api.soundcloud.com\/tracks\/1207864297&amp;color=%23ff5500&amp;auto_play=false&amp;hide_related=false&amp;show_comments=true&amp;show_user=true&amp;show_reposts=false&amp;show_teaser=true\" width=\"100%\" height=\"166\" frameborder=\"no\" scrolling=\"no\"><\/iframe><\/p>\n<div style=\"font-size: 10px; color: #cccccc; line-break: anywhere; word-break: normal; overflow: hidden; white-space: nowrap; text-overflow: ellipsis; font-family: Interstate,Lucida Grande,Lucida Sans Unicode,Lucida Sans,Garuda,Verdana,Tahoma,sans-serif; font-weight: 100;\"><a style=\"color: #cccccc; text-decoration: none;\" title=\"fmreflejos 103.7\" href=\"https:\/\/soundcloud.com\/fmreflejos-103-7\" target=\"_blank\" rel=\"noopener\">fmreflejos 103.7<\/a> \u00b7 <a style=\"color: #cccccc; text-decoration: none;\" title=\"Daniel Lagos\" href=\"https:\/\/soundcloud.com\/fmreflejos-103-7\/daniel-lagos\" target=\"_blank\" rel=\"noopener\">Daniel Lagos<\/a><\/div>\n<p><a title=\"LISTA-CELESTE-Y-BLANCA-1024x777\" href=\"https:\/\/www.flickr.com\/photos\/182279889@N02\/51858026114\/in\/dateposted-public\/\" data-flickr-embed=\"true\"><img loading=\"lazy\" decoding=\"async\" src=\"https:\/\/live.staticflickr.com\/65535\/51858026114_eb1770761b.jpg\" alt=\"LISTA-CELESTE-Y-BLANCA-1024x777\" width=\"500\" height=\"379\" \/><\/a><script async src=\"\/\/embedr.flickr.com\/assets\/client-code.js\" charset=\"utf-8\"><\/script><\/p>\n","protected":false},"excerpt":{"rendered":"<p>El empleado municipal se postula como adjunto de la lista celeste y blanca que encabeza Carlos Bartolini y se presentar\u00e1 en las elecciones del Sindicato de Empleados Municipales de Tornquist. En esta nota, Daniel nos comparte su punto de vista y su propuesta para conducir el gremio.<\/p>\n","protected":false},"author":3,"featured_media":0,"comment_status":"closed","ping_status":"closed","sticky":false,"template":"","format":"standard","meta":{"footnotes":""},"categories":[24],"tags":[48],"class_list":["post-67715","post","type-post","status-publish","format-standard","hentry","category-politica","tag-destacada"],"yoast_head":"<!-- This site is optimized with the Yoast SEO plugin v25.9 - https:\/\/yoast.com\/wordpress\/plugins\/seo\/ -->\n<title>Elecciones sindicales en Tornquist: &quot;Tenemos maneras de pensar totalmente distintas, por eso se conforma otra lista&quot; - Noticias Radio Reflejos<\/title>\n<meta name=\"robots\" content=\"index, follow, max-snippet:-1, max-image-preview:large, max-video-preview:-1\" \/>\n<link rel=\"canonical\" href=\"https:\/\/www.noticiasradioreflejos.com.ar\/2021\/elecciones-sindicales-en-tornquist-e-tenemos-maneras-de-pensar-totalmente-distintas-por-eso-se-conforma-otra-lista\/\" \/>\n<meta property=\"og:locale\" content=\"es_ES\" \/>\n<meta property=\"og:type\" content=\"article\" \/>\n<meta property=\"og:title\" content=\"Elecciones sindicales en Tornquist: &quot;Tenemos maneras de pensar totalmente distintas, por eso se conforma otra lista&quot; - Noticias Radio Reflejos\" \/>\n<meta property=\"og:description\" content=\"El empleado municipal se postula como adjunto de la lista celeste y blanca que encabeza Carlos Bartolini y se presentar\u00e1 en las elecciones del Sindicato de Empleados Municipales de Tornquist. En esta nota, Daniel nos comparte su punto de vista y su propuesta para conducir el gremio.\" \/>\n<meta property=\"og:url\" content=\"https:\/\/www.noticiasradioreflejos.com.ar\/2021\/elecciones-sindicales-en-tornquist-e-tenemos-maneras-de-pensar-totalmente-distintas-por-eso-se-conforma-otra-lista\/\" \/>\n<meta property=\"og:site_name\" content=\"Noticias Radio Reflejos\" \/>\n<meta property=\"article:published_time\" content=\"2022-02-01T23:12:04+00:00\" \/>\n<meta property=\"article:modified_time\" content=\"2022-02-02T10:42:39+00:00\" \/>\n<meta property=\"og:image\" content=\"https:\/\/live.staticflickr.com\/65535\/51858026114_eb1770761b.jpg\" \/>\n<meta name=\"author\" content=\"Arnaldo Botto\" \/>\n<meta name=\"twitter:card\" content=\"summary_large_image\" \/>\n<script type=\"application\/ld+json\" class=\"yoast-schema-graph\">{\"@context\":\"https:\/\/schema.org\",\"@graph\":[{\"@type\":\"WebPage\",\"@id\":\"https:\/\/www.noticiasradioreflejos.com.ar\/2021\/elecciones-sindicales-en-tornquist-e-tenemos-maneras-de-pensar-totalmente-distintas-por-eso-se-conforma-otra-lista\/\",\"url\":\"https:\/\/www.noticiasradioreflejos.com.ar\/2021\/elecciones-sindicales-en-tornquist-e-tenemos-maneras-de-pensar-totalmente-distintas-por-eso-se-conforma-otra-lista\/\",\"name\":\"Elecciones sindicales en Tornquist: \\\"Tenemos maneras de pensar totalmente distintas, por eso se conforma otra lista\\\" - Noticias Radio Reflejos\",\"isPartOf\":{\"@id\":\"https:\/\/www.noticiasradioreflejos.com.ar\/2021\/#website\"},\"primaryImageOfPage\":{\"@id\":\"https:\/\/www.noticiasradioreflejos.com.ar\/2021\/elecciones-sindicales-en-tornquist-e-tenemos-maneras-de-pensar-totalmente-distintas-por-eso-se-conforma-otra-lista\/#primaryimage\"},\"image\":{\"@id\":\"https:\/\/www.noticiasradioreflejos.com.ar\/2021\/elecciones-sindicales-en-tornquist-e-tenemos-maneras-de-pensar-totalmente-distintas-por-eso-se-conforma-otra-lista\/#primaryimage\"},\"thumbnailUrl\":\"https:\/\/live.staticflickr.com\/65535\/51858026114_eb1770761b.jpg\",\"datePublished\":\"2022-02-01T23:12:04+00:00\",\"dateModified\":\"2022-02-02T10:42:39+00:00\",\"author\":{\"@id\":\"https:\/\/www.noticiasradioreflejos.com.ar\/2021\/#\/schema\/person\/ad82545263dcc5ec0996818884fd5fb1\"},\"breadcrumb\":{\"@id\":\"https:\/\/www.noticiasradioreflejos.com.ar\/2021\/elecciones-sindicales-en-tornquist-e-tenemos-maneras-de-pensar-totalmente-distintas-por-eso-se-conforma-otra-lista\/#breadcrumb\"},\"inLanguage\":\"es\",\"potentialAction\":[{\"@type\":\"ReadAction\",\"target\":[\"https:\/\/www.noticiasradioreflejos.com.ar\/2021\/elecciones-sindicales-en-tornquist-e-tenemos-maneras-de-pensar-totalmente-distintas-por-eso-se-conforma-otra-lista\/\"]}]},{\"@type\":\"ImageObject\",\"inLanguage\":\"es\",\"@id\":\"https:\/\/www.noticiasradioreflejos.com.ar\/2021\/elecciones-sindicales-en-tornquist-e-tenemos-maneras-de-pensar-totalmente-distintas-por-eso-se-conforma-otra-lista\/#primaryimage\",\"url\":\"https:\/\/live.staticflickr.com\/65535\/51858026114_eb1770761b.jpg\",\"contentUrl\":\"https:\/\/live.staticflickr.com\/65535\/51858026114_eb1770761b.jpg\"},{\"@type\":\"BreadcrumbList\",\"@id\":\"https:\/\/www.noticiasradioreflejos.com.ar\/2021\/elecciones-sindicales-en-tornquist-e-tenemos-maneras-de-pensar-totalmente-distintas-por-eso-se-conforma-otra-lista\/#breadcrumb\",\"itemListElement\":[{\"@type\":\"ListItem\",\"position\":1,\"name\":\"Portada\",\"item\":\"https:\/\/www.noticiasradioreflejos.com.ar\/2021\/\"},{\"@type\":\"ListItem\",\"position\":2,\"name\":\"Elecciones sindicales en Tornquist: \u00abTenemos maneras de pensar totalmente distintas, por eso se conforma otra lista\u00bb\"}]},{\"@type\":\"WebSite\",\"@id\":\"https:\/\/www.noticiasradioreflejos.com.ar\/2021\/#website\",\"url\":\"https:\/\/www.noticiasradioreflejos.com.ar\/2021\/\",\"name\":\"Noticias Radio Reflejos\",\"description\":\"Las noticias de mi comarca\",\"potentialAction\":[{\"@type\":\"SearchAction\",\"target\":{\"@type\":\"EntryPoint\",\"urlTemplate\":\"https:\/\/www.noticiasradioreflejos.com.ar\/2021\/?s={search_term_string}\"},\"query-input\":{\"@type\":\"PropertyValueSpecification\",\"valueRequired\":true,\"valueName\":\"search_term_string\"}}],\"inLanguage\":\"es\"},{\"@type\":\"Person\",\"@id\":\"https:\/\/www.noticiasradioreflejos.com.ar\/2021\/#\/schema\/person\/ad82545263dcc5ec0996818884fd5fb1\",\"name\":\"Arnaldo Botto\",\"image\":{\"@type\":\"ImageObject\",\"inLanguage\":\"es\",\"@id\":\"https:\/\/www.noticiasradioreflejos.com.ar\/2021\/#\/schema\/person\/image\/\",\"url\":\"https:\/\/secure.gravatar.com\/avatar\/55cb5e37c1efa326397366e6974cb338056df65cb50e7d64d1cf314e87504837?s=96&d=mm&r=g\",\"contentUrl\":\"https:\/\/secure.gravatar.com\/avatar\/55cb5e37c1efa326397366e6974cb338056df65cb50e7d64d1cf314e87504837?s=96&d=mm&r=g\",\"caption\":\"Arnaldo Botto\"},\"url\":\"https:\/\/www.noticiasradioreflejos.com.ar\/2021\/author\/arnaldo\/\"}]}<\/script>\n<!-- \/ Yoast SEO plugin. -->","yoast_head_json":{"title":"Elecciones sindicales en Tornquist: \"Tenemos maneras de pensar totalmente distintas, por eso se conforma otra lista\" - Noticias Radio Reflejos","robots":{"index":"index","follow":"follow","max-snippet":"max-snippet:-1","max-image-preview":"max-image-preview:large","max-video-preview":"max-video-preview:-1"},"canonical":"https:\/\/www.noticiasradioreflejos.com.ar\/2021\/elecciones-sindicales-en-tornquist-e-tenemos-maneras-de-pensar-totalmente-distintas-por-eso-se-conforma-otra-lista\/","og_locale":"es_ES","og_type":"article","og_title":"Elecciones sindicales en Tornquist: \"Tenemos maneras de pensar totalmente distintas, por eso se conforma otra lista\" - Noticias Radio Reflejos","og_description":"El empleado municipal se postula como adjunto de la lista celeste y blanca que encabeza Carlos Bartolini y se presentar\u00e1 en las elecciones del Sindicato de Empleados Municipales de Tornquist. En esta nota, Daniel nos comparte su punto de vista y su propuesta para conducir el gremio.","og_url":"https:\/\/www.noticiasradioreflejos.com.ar\/2021\/elecciones-sindicales-en-tornquist-e-tenemos-maneras-de-pensar-totalmente-distintas-por-eso-se-conforma-otra-lista\/","og_site_name":"Noticias Radio Reflejos","article_published_time":"2022-02-01T23:12:04+00:00","article_modified_time":"2022-02-02T10:42:39+00:00","og_image":[{"url":"https:\/\/live.staticflickr.com\/65535\/51858026114_eb1770761b.jpg","type":"","width":"","height":""}],"author":"Arnaldo Botto","twitter_card":"summary_large_image","schema":{"@context":"https:\/\/schema.org","@graph":[{"@type":"WebPage","@id":"https:\/\/www.noticiasradioreflejos.com.ar\/2021\/elecciones-sindicales-en-tornquist-e-tenemos-maneras-de-pensar-totalmente-distintas-por-eso-se-conforma-otra-lista\/","url":"https:\/\/www.noticiasradioreflejos.com.ar\/2021\/elecciones-sindicales-en-tornquist-e-tenemos-maneras-de-pensar-totalmente-distintas-por-eso-se-conforma-otra-lista\/","name":"Elecciones sindicales en Tornquist: \"Tenemos maneras de pensar totalmente distintas, por eso se conforma otra lista\" - Noticias Radio Reflejos","isPartOf":{"@id":"https:\/\/www.noticiasradioreflejos.com.ar\/2021\/#website"},"primaryImageOfPage":{"@id":"https:\/\/www.noticiasradioreflejos.com.ar\/2021\/elecciones-sindicales-en-tornquist-e-tenemos-maneras-de-pensar-totalmente-distintas-por-eso-se-conforma-otra-lista\/#primaryimage"},"image":{"@id":"https:\/\/www.noticiasradioreflejos.com.ar\/2021\/elecciones-sindicales-en-tornquist-e-tenemos-maneras-de-pensar-totalmente-distintas-por-eso-se-conforma-otra-lista\/#primaryimage"},"thumbnailUrl":"https:\/\/live.staticflickr.com\/65535\/51858026114_eb1770761b.jpg","datePublished":"2022-02-01T23:12:04+00:00","dateModified":"2022-02-02T10:42:39+00:00","author":{"@id":"https:\/\/www.noticiasradioreflejos.com.ar\/2021\/#\/schema\/person\/ad82545263dcc5ec0996818884fd5fb1"},"breadcrumb":{"@id":"https:\/\/www.noticiasradioreflejos.com.ar\/2021\/elecciones-sindicales-en-tornquist-e-tenemos-maneras-de-pensar-totalmente-distintas-por-eso-se-conforma-otra-lista\/#breadcrumb"},"inLanguage":"es","potentialAction":[{"@type":"ReadAction","target":["https:\/\/www.noticiasradioreflejos.com.ar\/2021\/elecciones-sindicales-en-tornquist-e-tenemos-maneras-de-pensar-totalmente-distintas-por-eso-se-conforma-otra-lista\/"]}]},{"@type":"ImageObject","inLanguage":"es","@id":"https:\/\/www.noticiasradioreflejos.com.ar\/2021\/elecciones-sindicales-en-tornquist-e-tenemos-maneras-de-pensar-totalmente-distintas-por-eso-se-conforma-otra-lista\/#primaryimage","url":"https:\/\/live.staticflickr.com\/65535\/51858026114_eb1770761b.jpg","contentUrl":"https:\/\/live.staticflickr.com\/65535\/51858026114_eb1770761b.jpg"},{"@type":"BreadcrumbList","@id":"https:\/\/www.noticiasradioreflejos.com.ar\/2021\/elecciones-sindicales-en-tornquist-e-tenemos-maneras-de-pensar-totalmente-distintas-por-eso-se-conforma-otra-lista\/#breadcrumb","itemListElement":[{"@type":"ListItem","position":1,"name":"Portada","item":"https:\/\/www.noticiasradioreflejos.com.ar\/2021\/"},{"@type":"ListItem","position":2,"name":"Elecciones sindicales en Tornquist: \u00abTenemos maneras de pensar totalmente distintas, por eso se conforma otra lista\u00bb"}]},{"@type":"WebSite","@id":"https:\/\/www.noticiasradioreflejos.com.ar\/2021\/#website","url":"https:\/\/www.noticiasradioreflejos.com.ar\/2021\/","name":"Noticias Radio Reflejos","description":"Las noticias de mi comarca","potentialAction":[{"@type":"SearchAction","target":{"@type":"EntryPoint","urlTemplate":"https:\/\/www.noticiasradioreflejos.com.ar\/2021\/?s={search_term_string}"},"query-input":{"@type":"PropertyValueSpecification","valueRequired":true,"valueName":"search_term_string"}}],"inLanguage":"es"},{"@type":"Person","@id":"https:\/\/www.noticiasradioreflejos.com.ar\/2021\/#\/schema\/person\/ad82545263dcc5ec0996818884fd5fb1","name":"Arnaldo Botto","image":{"@type":"ImageObject","inLanguage":"es","@id":"https:\/\/www.noticiasradioreflejos.com.ar\/2021\/#\/schema\/person\/image\/","url":"https:\/\/secure.gravatar.com\/avatar\/55cb5e37c1efa326397366e6974cb338056df65cb50e7d64d1cf314e87504837?s=96&d=mm&r=g","contentUrl":"https:\/\/secure.gravatar.com\/avatar\/55cb5e37c1efa326397366e6974cb338056df65cb50e7d64d1cf314e87504837?s=96&d=mm&r=g","caption":"Arnaldo Botto"},"url":"https:\/\/www.noticiasradioreflejos.com.ar\/2021\/author\/arnaldo\/"}]}},"_links":{"self":[{"href":"https:\/\/www.noticiasradioreflejos.com.ar\/2021\/wp-json\/wp\/v2\/posts\/67715","targetHints":{"allow":["GET"]}}],"collection":[{"href":"https:\/\/www.noticiasradioreflejos.com.ar\/2021\/wp-json\/wp\/v2\/posts"}],"about":[{"href":"https:\/\/www.noticiasradioreflejos.com.ar\/2021\/wp-json\/wp\/v2\/types\/post"}],"author":[{"embeddable":true,"href":"https:\/\/www.noticiasradioreflejos.com.ar\/2021\/wp-json\/wp\/v2\/users\/3"}],"replies":[{"embeddable":true,"href":"https:\/\/www.noticiasradioreflejos.com.ar\/2021\/wp-json\/wp\/v2\/comments?post=67715"}],"version-history":[{"count":5,"href":"https:\/\/www.noticiasradioreflejos.com.ar\/2021\/wp-json\/wp\/v2\/posts\/67715\/revisions"}],"predecessor-version":[{"id":67760,"href":"https:\/\/www.noticiasradioreflejos.com.ar\/2021\/wp-json\/wp\/v2\/posts\/67715\/revisions\/67760"}],"wp:attachment":[{"href":"https:\/\/www.noticiasradioreflejos.com.ar\/2021\/wp-json\/wp\/v2\/media?parent=67715"}],"wp:term":[{"taxonomy":"category","embeddable":true,"href":"https:\/\/www.noticiasradioreflejos.com.ar\/2021\/wp-json\/wp\/v2\/categories?post=67715"},{"taxonomy":"post_tag","embeddable":true,"href":"https:\/\/www.noticiasradioreflejos.com.ar\/2021\/wp-json\/wp\/v2\/tags?post=67715"}],"curies":[{"name":"wp","href":"https:\/\/api.w.org\/{rel}","templated":true}]}}