{"id":67705,"date":"2022-02-01T17:19:27","date_gmt":"2022-02-01T17:19:27","guid":{"rendered":"http:\/\/www.noticiasradioreflejos.com.ar\/2021\/?p=67705"},"modified":"2022-02-02T10:54:28","modified_gmt":"2022-02-02T10:54:28","slug":"elecciones-en-el-sindicato-de-empleados-municipales-denuncian-que-en-la-lista-opositora-hay-irregularidades","status":"publish","type":"post","link":"https:\/\/www.noticiasradioreflejos.com.ar\/2021\/elecciones-en-el-sindicato-de-empleados-municipales-denuncian-que-en-la-lista-opositora-hay-irregularidades\/","title":{"rendered":"Elecciones en el Sindicato de Empleados municipales: Denuncian que en la lista opositora hay irregularidades."},"content":{"rendered":"<p>El actual secretario gremial del <strong>Sindicato de empelados municipales de Tornquis<\/strong>t, aseguro en conferencia de prensa que la lista opositora esta denunciada por irregularidades ante la fiscal\u00eda. <!--more--><\/p>\n<p>El actual secretario del Sindicato de empleados municipales de Tornquist brind\u00f3 esta ma\u00f1ana una conferencia de prensa para alertar a sus afiliados que en las elecciones del pr\u00f3ximo viernes 4 de febrero, la lista que encabeza <strong>Carlos Bartolini<\/strong> tiene una irregularidad y que ha sido denunciada en la justicia.<\/p>\n<p>\u00abEncontramos ciertas irregularidades que fueron denunciadas en la delegaci\u00f3n\u00a0 Ministerio de Trabajo de la Regi\u00f3n Bah\u00eda Blanca\u00bb comenz\u00f3 lanzando Lencinas en el comienzo de la conferencia.<\/p>\n<p>Ademas asegura que \u00abfueron alertadas todas las Asociaciones Sindicales para que tomen intervenci\u00f3n\u00bb, en relaci\u00f3n a lo denunciado por el actual secretario.<\/p>\n<p>Lencina explica en su alocuci\u00f3n que \u00abDespu\u00e9s va a haber una denuncia judicial que perjudica a una compa\u00f1era de trabajo\u00bb, indicando que no lo han hecho todav\u00eda \u00abporque van siguiendo los pasos correlativos a lo que tiene que ver con la elecciones\u00bb.<\/p>\n<p>Seg\u00fan el actual secretario, la junta electoral oficializ\u00f3 las listas el d\u00eda 5 de diciembre pasado, y es ah\u00ed donde la actual comisi\u00f3n detecta la irregularidad, centrada en <strong>una firma ap\u00f3crifa, invitando a la damnificada a hacer un descaro para verificar si es su firma o no.\u00a0<\/strong><\/p>\n<p>De acuerdo a lo expresado por Lencinas, <strong>el apoderado de la lista Celeste y Blanca (opositora a la actual conducci\u00f3n) asegura que la firma es leg\u00edtima.<\/strong><\/p>\n<p>\u00abAnte esto, la actual conducci\u00f3n tom\u00f3 intervenci\u00f3n para que todo esto se aclare\u00bb asegura el sindicalista a la vez que indica a <strong>Carolina Oro\u00f1o<\/strong> como damnificada en la maniobra fraudulenta.<\/p>\n<p>La lista Celeste y Blanca se contact\u00f3 con la junta electoral ante esta denuncia, y les permitieron enmendar la falla d\u00e1ndoles unos d\u00edas de plazo para hacerlo, de acuerdo a lo expresado por Claudio en la conferencia.<\/p>\n<p>De momento el pr\u00f3ximo viernes 4 de febrero entre las 8 y las 18 hs se realizar\u00e1 la elecci\u00f3n donde los afiliados podr\u00e1n elegir entre la lista Verde que representa al oficialismo y la Celeste y blanco que va por la oposici\u00f3n.<\/p>\n<p><iframe loading=\"lazy\" src=\"https:\/\/w.soundcloud.com\/player\/?url=https%3A\/\/api.soundcloud.com\/tracks\/1207894582&amp;color=%23ff5500&amp;auto_play=false&amp;hide_related=false&amp;show_comments=true&amp;show_user=true&amp;show_reposts=false&amp;show_teaser=true\" width=\"100%\" height=\"166\" frameborder=\"no\" scrolling=\"no\"><\/iframe><\/p>\n<div style=\"font-size: 10px; color: #cccccc; line-break: anywhere; word-break: normal; overflow: hidden; white-space: nowrap; text-overflow: ellipsis; font-family: Interstate,Lucida Grande,Lucida Sans Unicode,Lucida Sans,Garuda,Verdana,Tahoma,sans-serif; font-weight: 100;\"><a style=\"color: #cccccc; text-decoration: none;\" title=\"fmreflejos 103.7\" href=\"https:\/\/soundcloud.com\/fmreflejos-103-7\" target=\"_blank\" rel=\"noopener\">fmreflejos 103.7<\/a> \u00b7 <a style=\"color: #cccccc; text-decoration: none;\" title=\"Claudio Lencinas Denuncia Irregularidades en La Lista Opositora.\" href=\"https:\/\/soundcloud.com\/fmreflejos-103-7\/claudio-lencinas-denuncia-irregularidades-en-la-lista-opositora\" target=\"_blank\" rel=\"noopener\">Claudio Lencinas Denuncia Irregularidades en La Lista Opositora.<\/a><\/div>\n<p><a title=\"LISTA-CELESTE-Y-BLANCA-1024x777\" href=\"https:\/\/www.flickr.com\/photos\/182279889@N02\/51858026114\/in\/dateposted-public\/\" data-flickr-embed=\"true\"><img loading=\"lazy\" decoding=\"async\" src=\"https:\/\/live.staticflickr.com\/65535\/51858026114_eb1770761b.jpg\" alt=\"LISTA-CELESTE-Y-BLANCA-1024x777\" width=\"500\" height=\"379\" \/><\/a><script async src=\"\/\/embedr.flickr.com\/assets\/client-code.js\" charset=\"utf-8\"><\/script><\/p>\n<p><a title=\"LISTA-VERDE-1024x803\" href=\"https:\/\/www.flickr.com\/photos\/182279889@N02\/51858026129\/in\/dateposted-public\/\" data-flickr-embed=\"true\"><img loading=\"lazy\" decoding=\"async\" src=\"https:\/\/live.staticflickr.com\/65535\/51858026129_11be9ba3d9.jpg\" alt=\"LISTA-VERDE-1024x803\" width=\"500\" height=\"392\" \/><\/a><script async src=\"\/\/embedr.flickr.com\/assets\/client-code.js\" charset=\"utf-8\"><\/script><\/p>\n","protected":false},"excerpt":{"rendered":"<p>El actual secretario gremial del Sindicato de empelados municipales de Tornquist, aseguro en conferencia de prensa que la lista opositora esta denunciada por irregularidades ante la fiscal\u00eda.<\/p>\n","protected":false},"author":3,"featured_media":0,"comment_status":"closed","ping_status":"closed","sticky":false,"template":"","format":"standard","meta":{"footnotes":""},"categories":[24,26],"tags":[48],"class_list":["post-67705","post","type-post","status-publish","format-standard","hentry","category-politica","category-sociedad","tag-destacada"],"yoast_head":"<!-- This site is optimized with the Yoast SEO plugin v25.9 - https:\/\/yoast.com\/wordpress\/plugins\/seo\/ -->\n<title>Elecciones en el Sindicato de Empleados municipales: Denuncian que en la lista opositora hay irregularidades. - Noticias Radio Reflejos<\/title>\n<meta name=\"robots\" content=\"index, follow, max-snippet:-1, max-image-preview:large, max-video-preview:-1\" \/>\n<link rel=\"canonical\" href=\"https:\/\/www.noticiasradioreflejos.com.ar\/2021\/elecciones-en-el-sindicato-de-empleados-municipales-denuncian-que-en-la-lista-opositora-hay-irregularidades\/\" \/>\n<meta property=\"og:locale\" content=\"es_ES\" \/>\n<meta property=\"og:type\" content=\"article\" \/>\n<meta property=\"og:title\" content=\"Elecciones en el Sindicato de Empleados municipales: Denuncian que en la lista opositora hay irregularidades. - Noticias Radio Reflejos\" \/>\n<meta property=\"og:description\" content=\"El actual secretario gremial del Sindicato de empelados municipales de Tornquist, aseguro en conferencia de prensa que la lista opositora esta denunciada por irregularidades ante la fiscal\u00eda.\" \/>\n<meta property=\"og:url\" content=\"https:\/\/www.noticiasradioreflejos.com.ar\/2021\/elecciones-en-el-sindicato-de-empleados-municipales-denuncian-que-en-la-lista-opositora-hay-irregularidades\/\" \/>\n<meta property=\"og:site_name\" content=\"Noticias Radio Reflejos\" \/>\n<meta property=\"article:published_time\" content=\"2022-02-01T17:19:27+00:00\" \/>\n<meta property=\"article:modified_time\" content=\"2022-02-02T10:54:28+00:00\" \/>\n<meta property=\"og:image\" content=\"https:\/\/live.staticflickr.com\/65535\/51858026114_eb1770761b.jpg\" \/>\n<meta name=\"author\" content=\"Arnaldo Botto\" \/>\n<meta name=\"twitter:card\" content=\"summary_large_image\" \/>\n<script type=\"application\/ld+json\" class=\"yoast-schema-graph\">{\"@context\":\"https:\/\/schema.org\",\"@graph\":[{\"@type\":\"WebPage\",\"@id\":\"https:\/\/www.noticiasradioreflejos.com.ar\/2021\/elecciones-en-el-sindicato-de-empleados-municipales-denuncian-que-en-la-lista-opositora-hay-irregularidades\/\",\"url\":\"https:\/\/www.noticiasradioreflejos.com.ar\/2021\/elecciones-en-el-sindicato-de-empleados-municipales-denuncian-que-en-la-lista-opositora-hay-irregularidades\/\",\"name\":\"Elecciones en el Sindicato de Empleados municipales: Denuncian que en la lista opositora hay irregularidades. - Noticias Radio Reflejos\",\"isPartOf\":{\"@id\":\"https:\/\/www.noticiasradioreflejos.com.ar\/2021\/#website\"},\"primaryImageOfPage\":{\"@id\":\"https:\/\/www.noticiasradioreflejos.com.ar\/2021\/elecciones-en-el-sindicato-de-empleados-municipales-denuncian-que-en-la-lista-opositora-hay-irregularidades\/#primaryimage\"},\"image\":{\"@id\":\"https:\/\/www.noticiasradioreflejos.com.ar\/2021\/elecciones-en-el-sindicato-de-empleados-municipales-denuncian-que-en-la-lista-opositora-hay-irregularidades\/#primaryimage\"},\"thumbnailUrl\":\"https:\/\/live.staticflickr.com\/65535\/51858026114_eb1770761b.jpg\",\"datePublished\":\"2022-02-01T17:19:27+00:00\",\"dateModified\":\"2022-02-02T10:54:28+00:00\",\"author\":{\"@id\":\"https:\/\/www.noticiasradioreflejos.com.ar\/2021\/#\/schema\/person\/ad82545263dcc5ec0996818884fd5fb1\"},\"breadcrumb\":{\"@id\":\"https:\/\/www.noticiasradioreflejos.com.ar\/2021\/elecciones-en-el-sindicato-de-empleados-municipales-denuncian-que-en-la-lista-opositora-hay-irregularidades\/#breadcrumb\"},\"inLanguage\":\"es\",\"potentialAction\":[{\"@type\":\"ReadAction\",\"target\":[\"https:\/\/www.noticiasradioreflejos.com.ar\/2021\/elecciones-en-el-sindicato-de-empleados-municipales-denuncian-que-en-la-lista-opositora-hay-irregularidades\/\"]}]},{\"@type\":\"ImageObject\",\"inLanguage\":\"es\",\"@id\":\"https:\/\/www.noticiasradioreflejos.com.ar\/2021\/elecciones-en-el-sindicato-de-empleados-municipales-denuncian-que-en-la-lista-opositora-hay-irregularidades\/#primaryimage\",\"url\":\"https:\/\/live.staticflickr.com\/65535\/51858026114_eb1770761b.jpg\",\"contentUrl\":\"https:\/\/live.staticflickr.com\/65535\/51858026114_eb1770761b.jpg\"},{\"@type\":\"BreadcrumbList\",\"@id\":\"https:\/\/www.noticiasradioreflejos.com.ar\/2021\/elecciones-en-el-sindicato-de-empleados-municipales-denuncian-que-en-la-lista-opositora-hay-irregularidades\/#breadcrumb\",\"itemListElement\":[{\"@type\":\"ListItem\",\"position\":1,\"name\":\"Portada\",\"item\":\"https:\/\/www.noticiasradioreflejos.com.ar\/2021\/\"},{\"@type\":\"ListItem\",\"position\":2,\"name\":\"Elecciones en el Sindicato de Empleados municipales: Denuncian que en la lista opositora hay irregularidades.\"}]},{\"@type\":\"WebSite\",\"@id\":\"https:\/\/www.noticiasradioreflejos.com.ar\/2021\/#website\",\"url\":\"https:\/\/www.noticiasradioreflejos.com.ar\/2021\/\",\"name\":\"Noticias Radio Reflejos\",\"description\":\"Las noticias de mi comarca\",\"potentialAction\":[{\"@type\":\"SearchAction\",\"target\":{\"@type\":\"EntryPoint\",\"urlTemplate\":\"https:\/\/www.noticiasradioreflejos.com.ar\/2021\/?s={search_term_string}\"},\"query-input\":{\"@type\":\"PropertyValueSpecification\",\"valueRequired\":true,\"valueName\":\"search_term_string\"}}],\"inLanguage\":\"es\"},{\"@type\":\"Person\",\"@id\":\"https:\/\/www.noticiasradioreflejos.com.ar\/2021\/#\/schema\/person\/ad82545263dcc5ec0996818884fd5fb1\",\"name\":\"Arnaldo Botto\",\"image\":{\"@type\":\"ImageObject\",\"inLanguage\":\"es\",\"@id\":\"https:\/\/www.noticiasradioreflejos.com.ar\/2021\/#\/schema\/person\/image\/\",\"url\":\"https:\/\/secure.gravatar.com\/avatar\/55cb5e37c1efa326397366e6974cb338056df65cb50e7d64d1cf314e87504837?s=96&d=mm&r=g\",\"contentUrl\":\"https:\/\/secure.gravatar.com\/avatar\/55cb5e37c1efa326397366e6974cb338056df65cb50e7d64d1cf314e87504837?s=96&d=mm&r=g\",\"caption\":\"Arnaldo Botto\"},\"url\":\"https:\/\/www.noticiasradioreflejos.com.ar\/2021\/author\/arnaldo\/\"}]}<\/script>\n<!-- \/ Yoast SEO plugin. -->","yoast_head_json":{"title":"Elecciones en el Sindicato de Empleados municipales: Denuncian que en la lista opositora hay irregularidades. - Noticias Radio Reflejos","robots":{"index":"index","follow":"follow","max-snippet":"max-snippet:-1","max-image-preview":"max-image-preview:large","max-video-preview":"max-video-preview:-1"},"canonical":"https:\/\/www.noticiasradioreflejos.com.ar\/2021\/elecciones-en-el-sindicato-de-empleados-municipales-denuncian-que-en-la-lista-opositora-hay-irregularidades\/","og_locale":"es_ES","og_type":"article","og_title":"Elecciones en el Sindicato de Empleados municipales: Denuncian que en la lista opositora hay irregularidades. - Noticias Radio Reflejos","og_description":"El actual secretario gremial del Sindicato de empelados municipales de Tornquist, aseguro en conferencia de prensa que la lista opositora esta denunciada por irregularidades ante la fiscal\u00eda.","og_url":"https:\/\/www.noticiasradioreflejos.com.ar\/2021\/elecciones-en-el-sindicato-de-empleados-municipales-denuncian-que-en-la-lista-opositora-hay-irregularidades\/","og_site_name":"Noticias Radio Reflejos","article_published_time":"2022-02-01T17:19:27+00:00","article_modified_time":"2022-02-02T10:54:28+00:00","og_image":[{"url":"https:\/\/live.staticflickr.com\/65535\/51858026114_eb1770761b.jpg","type":"","width":"","height":""}],"author":"Arnaldo Botto","twitter_card":"summary_large_image","schema":{"@context":"https:\/\/schema.org","@graph":[{"@type":"WebPage","@id":"https:\/\/www.noticiasradioreflejos.com.ar\/2021\/elecciones-en-el-sindicato-de-empleados-municipales-denuncian-que-en-la-lista-opositora-hay-irregularidades\/","url":"https:\/\/www.noticiasradioreflejos.com.ar\/2021\/elecciones-en-el-sindicato-de-empleados-municipales-denuncian-que-en-la-lista-opositora-hay-irregularidades\/","name":"Elecciones en el Sindicato de Empleados municipales: Denuncian que en la lista opositora hay irregularidades. - Noticias Radio Reflejos","isPartOf":{"@id":"https:\/\/www.noticiasradioreflejos.com.ar\/2021\/#website"},"primaryImageOfPage":{"@id":"https:\/\/www.noticiasradioreflejos.com.ar\/2021\/elecciones-en-el-sindicato-de-empleados-municipales-denuncian-que-en-la-lista-opositora-hay-irregularidades\/#primaryimage"},"image":{"@id":"https:\/\/www.noticiasradioreflejos.com.ar\/2021\/elecciones-en-el-sindicato-de-empleados-municipales-denuncian-que-en-la-lista-opositora-hay-irregularidades\/#primaryimage"},"thumbnailUrl":"https:\/\/live.staticflickr.com\/65535\/51858026114_eb1770761b.jpg","datePublished":"2022-02-01T17:19:27+00:00","dateModified":"2022-02-02T10:54:28+00:00","author":{"@id":"https:\/\/www.noticiasradioreflejos.com.ar\/2021\/#\/schema\/person\/ad82545263dcc5ec0996818884fd5fb1"},"breadcrumb":{"@id":"https:\/\/www.noticiasradioreflejos.com.ar\/2021\/elecciones-en-el-sindicato-de-empleados-municipales-denuncian-que-en-la-lista-opositora-hay-irregularidades\/#breadcrumb"},"inLanguage":"es","potentialAction":[{"@type":"ReadAction","target":["https:\/\/www.noticiasradioreflejos.com.ar\/2021\/elecciones-en-el-sindicato-de-empleados-municipales-denuncian-que-en-la-lista-opositora-hay-irregularidades\/"]}]},{"@type":"ImageObject","inLanguage":"es","@id":"https:\/\/www.noticiasradioreflejos.com.ar\/2021\/elecciones-en-el-sindicato-de-empleados-municipales-denuncian-que-en-la-lista-opositora-hay-irregularidades\/#primaryimage","url":"https:\/\/live.staticflickr.com\/65535\/51858026114_eb1770761b.jpg","contentUrl":"https:\/\/live.staticflickr.com\/65535\/51858026114_eb1770761b.jpg"},{"@type":"BreadcrumbList","@id":"https:\/\/www.noticiasradioreflejos.com.ar\/2021\/elecciones-en-el-sindicato-de-empleados-municipales-denuncian-que-en-la-lista-opositora-hay-irregularidades\/#breadcrumb","itemListElement":[{"@type":"ListItem","position":1,"name":"Portada","item":"https:\/\/www.noticiasradioreflejos.com.ar\/2021\/"},{"@type":"ListItem","position":2,"name":"Elecciones en el Sindicato de Empleados municipales: Denuncian que en la lista opositora hay irregularidades."}]},{"@type":"WebSite","@id":"https:\/\/www.noticiasradioreflejos.com.ar\/2021\/#website","url":"https:\/\/www.noticiasradioreflejos.com.ar\/2021\/","name":"Noticias Radio Reflejos","description":"Las noticias de mi comarca","potentialAction":[{"@type":"SearchAction","target":{"@type":"EntryPoint","urlTemplate":"https:\/\/www.noticiasradioreflejos.com.ar\/2021\/?s={search_term_string}"},"query-input":{"@type":"PropertyValueSpecification","valueRequired":true,"valueName":"search_term_string"}}],"inLanguage":"es"},{"@type":"Person","@id":"https:\/\/www.noticiasradioreflejos.com.ar\/2021\/#\/schema\/person\/ad82545263dcc5ec0996818884fd5fb1","name":"Arnaldo Botto","image":{"@type":"ImageObject","inLanguage":"es","@id":"https:\/\/www.noticiasradioreflejos.com.ar\/2021\/#\/schema\/person\/image\/","url":"https:\/\/secure.gravatar.com\/avatar\/55cb5e37c1efa326397366e6974cb338056df65cb50e7d64d1cf314e87504837?s=96&d=mm&r=g","contentUrl":"https:\/\/secure.gravatar.com\/avatar\/55cb5e37c1efa326397366e6974cb338056df65cb50e7d64d1cf314e87504837?s=96&d=mm&r=g","caption":"Arnaldo Botto"},"url":"https:\/\/www.noticiasradioreflejos.com.ar\/2021\/author\/arnaldo\/"}]}},"_links":{"self":[{"href":"https:\/\/www.noticiasradioreflejos.com.ar\/2021\/wp-json\/wp\/v2\/posts\/67705","targetHints":{"allow":["GET"]}}],"collection":[{"href":"https:\/\/www.noticiasradioreflejos.com.ar\/2021\/wp-json\/wp\/v2\/posts"}],"about":[{"href":"https:\/\/www.noticiasradioreflejos.com.ar\/2021\/wp-json\/wp\/v2\/types\/post"}],"author":[{"embeddable":true,"href":"https:\/\/www.noticiasradioreflejos.com.ar\/2021\/wp-json\/wp\/v2\/users\/3"}],"replies":[{"embeddable":true,"href":"https:\/\/www.noticiasradioreflejos.com.ar\/2021\/wp-json\/wp\/v2\/comments?post=67705"}],"version-history":[{"count":2,"href":"https:\/\/www.noticiasradioreflejos.com.ar\/2021\/wp-json\/wp\/v2\/posts\/67705\/revisions"}],"predecessor-version":[{"id":67761,"href":"https:\/\/www.noticiasradioreflejos.com.ar\/2021\/wp-json\/wp\/v2\/posts\/67705\/revisions\/67761"}],"wp:attachment":[{"href":"https:\/\/www.noticiasradioreflejos.com.ar\/2021\/wp-json\/wp\/v2\/media?parent=67705"}],"wp:term":[{"taxonomy":"category","embeddable":true,"href":"https:\/\/www.noticiasradioreflejos.com.ar\/2021\/wp-json\/wp\/v2\/categories?post=67705"},{"taxonomy":"post_tag","embeddable":true,"href":"https:\/\/www.noticiasradioreflejos.com.ar\/2021\/wp-json\/wp\/v2\/tags?post=67705"}],"curies":[{"name":"wp","href":"https:\/\/api.w.org\/{rel}","templated":true}]}}