{"id":67695,"date":"2022-02-01T15:10:52","date_gmt":"2022-02-01T15:10:52","guid":{"rendered":"http:\/\/www.noticiasradioreflejos.com.ar\/2021\/?p=67695"},"modified":"2022-02-01T15:17:08","modified_gmt":"2022-02-01T15:17:08","slug":"mas-de-6-millones-de-turistas-visitaron-destinos-bonaerenses-desde-diciembre","status":"publish","type":"post","link":"https:\/\/www.noticiasradioreflejos.com.ar\/2021\/mas-de-6-millones-de-turistas-visitaron-destinos-bonaerenses-desde-diciembre\/","title":{"rendered":"M\u00e1s de 6 millones de turistas visitaron destinos bonaerenses desde diciembre"},"content":{"rendered":"<p>Entre el 1\u00b0 de diciembre pasado y el 31 de enero de 2022, un total de 6.035.991 de turistas visitaron los destinos bonaerenses, inform\u00f3 a trav\u00e9s de un comunicado el Ministerio de Producci\u00f3n de la provincia de Buenos Aires.<!--more--><\/p>\n<p>Hubo, adem\u00e1s, 4.023.994 de excursionistas, que son quienes visitan un destino un s\u00f3lo d\u00eda, con lo que el total de visitantes asciende a 10.059.985 y ello significa un 19,5% m\u00e1s que el promedio de los \u00faltimos 5 a\u00f1os.<\/p>\n<p>De acuerdo a la Direcci\u00f3n de Datos Tur\u00edsticos de la Subsecretar\u00eda de Turismo de la provincia de Buenos Aires y a estimaciones propias en base a Aubasa, Certificados Turismo y Encuesta de Viajes y Turismo de los Hogares del Ministerio de Turismo y Deportes, hubo en el mes de diciembre 2.617.051 turistas y en enero fueron 3.418.940.<\/p>\n<p>Los partidos que recibieron m\u00e1s veraneantes fueron: La Costa (1.378.390), General Pueyrred\u00f3n (1.293.603), Villa Gesell (723.225), Pinamar (595.559), <strong><span style=\"color: #008000;\">Monte Hermoso (308.327)<\/span><\/strong>, General Alvarado (231.904), Mar Chiquita (178.181), Necochea (171.726), Tandil (103.289), Chascom\u00fas (94.073), Coronel Rosales (87.014), Tres Arroyos (86.941)<span style=\"color: #008000;\"><strong>, Tornquist (84.174)<\/strong><\/span>, San Pedro (36.794) y Lobos (34.045).<\/p>\n<p>De acuerdo a los datos oficiales, la ocupaci\u00f3n hotelera en enero fue en la costa: Coronel Rosales 99,6%; <span style=\"color: #008000;\"><strong>Monte Hermoso 99%<\/strong><\/span>; Pinamar 97,6%, Villa Gesell 96,9%, Mar Chiquita 96,3%; La Costa 95,3%; General Alvarado 95%; General Pueyrred\u00f3n 87%; y Necochea 85,3%.<\/p>\n<p>En las zonas de r\u00edos y lagunas, Lobos tuvo 89,8%; Tigre 83%; Chascom\u00fas 81,3%; Jun\u00edn 80%; Adolfo Alsina 80%; San Antonio de Areco 77,5%; mientras que en Tandil, destino de sierras, esas cifras ascienden a 69,6%.<\/p>\n<p>En cuanto al perfil del veraneante, se grafic\u00f3 que el 55% eran bonaerenses; el 19,1% porte\u00f1os; el 8,2% santafesinos; y el resto personas de Mendoza, C\u00f3rdoba, Tucum\u00e1n, Entre R\u00edos, San Juan, San Luis y otros (sin especificar porcentajes).<\/p>\n<p>El 65,3% viaj\u00f3 en veh\u00edculo particular; el 26,9% en colectivo; y el resto en tren, avi\u00f3n o auto alquilado; a la vez que el 38% se hosped\u00f3 en inmueble alquilado; el 28,9% en un inmueble propio y el 27,6% en hoteles.<\/p>\n","protected":false},"excerpt":{"rendered":"<p>Entre el 1\u00b0 de diciembre pasado y el 31 de enero de 2022, un total de 6.035.991 de turistas visitaron los destinos bonaerenses, inform\u00f3 a trav\u00e9s de un comunicado el Ministerio de Producci\u00f3n de la provincia de Buenos Aires.<\/p>\n","protected":false},"author":3,"featured_media":60391,"comment_status":"closed","ping_status":"closed","sticky":false,"template":"","format":"standard","meta":{"footnotes":""},"categories":[1],"tags":[],"class_list":["post-67695","post","type-post","status-publish","format-standard","has-post-thumbnail","hentry","category-sin-categoria"],"yoast_head":"<!-- This site is optimized with the Yoast SEO plugin v25.9 - https:\/\/yoast.com\/wordpress\/plugins\/seo\/ -->\n<title>M\u00e1s de 6 millones de turistas visitaron destinos bonaerenses desde diciembre - Noticias Radio Reflejos<\/title>\n<meta name=\"robots\" content=\"index, follow, max-snippet:-1, max-image-preview:large, max-video-preview:-1\" \/>\n<link rel=\"canonical\" href=\"https:\/\/www.noticiasradioreflejos.com.ar\/2021\/mas-de-6-millones-de-turistas-visitaron-destinos-bonaerenses-desde-diciembre\/\" \/>\n<meta property=\"og:locale\" content=\"es_ES\" \/>\n<meta property=\"og:type\" content=\"article\" \/>\n<meta property=\"og:title\" content=\"M\u00e1s de 6 millones de turistas visitaron destinos bonaerenses desde diciembre - Noticias Radio Reflejos\" \/>\n<meta property=\"og:description\" content=\"Entre el 1\u00b0 de diciembre pasado y el 31 de enero de 2022, un total de 6.035.991 de turistas visitaron los destinos bonaerenses, inform\u00f3 a trav\u00e9s de un comunicado el Ministerio de Producci\u00f3n de la provincia de Buenos Aires.\" \/>\n<meta property=\"og:url\" content=\"https:\/\/www.noticiasradioreflejos.com.ar\/2021\/mas-de-6-millones-de-turistas-visitaron-destinos-bonaerenses-desde-diciembre\/\" \/>\n<meta property=\"og:site_name\" content=\"Noticias Radio Reflejos\" \/>\n<meta property=\"article:published_time\" content=\"2022-02-01T15:10:52+00:00\" \/>\n<meta property=\"article:modified_time\" content=\"2022-02-01T15:17:08+00:00\" \/>\n<meta property=\"og:image\" content=\"https:\/\/www.noticiasradioreflejos.com.ar\/2021\/wp-content\/uploads\/2021\/07\/Turismo-Domingo-18-14.jpg\" \/>\n\t<meta property=\"og:image:width\" content=\"2304\" \/>\n\t<meta property=\"og:image:height\" content=\"1296\" \/>\n\t<meta property=\"og:image:type\" content=\"image\/jpeg\" \/>\n<meta name=\"author\" content=\"Arnaldo Botto\" \/>\n<meta name=\"twitter:card\" content=\"summary_large_image\" \/>\n<script type=\"application\/ld+json\" class=\"yoast-schema-graph\">{\"@context\":\"https:\/\/schema.org\",\"@graph\":[{\"@type\":\"WebPage\",\"@id\":\"https:\/\/www.noticiasradioreflejos.com.ar\/2021\/mas-de-6-millones-de-turistas-visitaron-destinos-bonaerenses-desde-diciembre\/\",\"url\":\"https:\/\/www.noticiasradioreflejos.com.ar\/2021\/mas-de-6-millones-de-turistas-visitaron-destinos-bonaerenses-desde-diciembre\/\",\"name\":\"M\u00e1s de 6 millones de turistas visitaron destinos bonaerenses desde diciembre - Noticias Radio Reflejos\",\"isPartOf\":{\"@id\":\"https:\/\/www.noticiasradioreflejos.com.ar\/2021\/#website\"},\"primaryImageOfPage\":{\"@id\":\"https:\/\/www.noticiasradioreflejos.com.ar\/2021\/mas-de-6-millones-de-turistas-visitaron-destinos-bonaerenses-desde-diciembre\/#primaryimage\"},\"image\":{\"@id\":\"https:\/\/www.noticiasradioreflejos.com.ar\/2021\/mas-de-6-millones-de-turistas-visitaron-destinos-bonaerenses-desde-diciembre\/#primaryimage\"},\"thumbnailUrl\":\"https:\/\/www.noticiasradioreflejos.com.ar\/2021\/wp-content\/uploads\/2021\/07\/Turismo-Domingo-18-14.jpg\",\"datePublished\":\"2022-02-01T15:10:52+00:00\",\"dateModified\":\"2022-02-01T15:17:08+00:00\",\"author\":{\"@id\":\"https:\/\/www.noticiasradioreflejos.com.ar\/2021\/#\/schema\/person\/ad82545263dcc5ec0996818884fd5fb1\"},\"breadcrumb\":{\"@id\":\"https:\/\/www.noticiasradioreflejos.com.ar\/2021\/mas-de-6-millones-de-turistas-visitaron-destinos-bonaerenses-desde-diciembre\/#breadcrumb\"},\"inLanguage\":\"es\",\"potentialAction\":[{\"@type\":\"ReadAction\",\"target\":[\"https:\/\/www.noticiasradioreflejos.com.ar\/2021\/mas-de-6-millones-de-turistas-visitaron-destinos-bonaerenses-desde-diciembre\/\"]}]},{\"@type\":\"ImageObject\",\"inLanguage\":\"es\",\"@id\":\"https:\/\/www.noticiasradioreflejos.com.ar\/2021\/mas-de-6-millones-de-turistas-visitaron-destinos-bonaerenses-desde-diciembre\/#primaryimage\",\"url\":\"https:\/\/www.noticiasradioreflejos.com.ar\/2021\/wp-content\/uploads\/2021\/07\/Turismo-Domingo-18-14.jpg\",\"contentUrl\":\"https:\/\/www.noticiasradioreflejos.com.ar\/2021\/wp-content\/uploads\/2021\/07\/Turismo-Domingo-18-14.jpg\",\"width\":2304,\"height\":1296},{\"@type\":\"BreadcrumbList\",\"@id\":\"https:\/\/www.noticiasradioreflejos.com.ar\/2021\/mas-de-6-millones-de-turistas-visitaron-destinos-bonaerenses-desde-diciembre\/#breadcrumb\",\"itemListElement\":[{\"@type\":\"ListItem\",\"position\":1,\"name\":\"Portada\",\"item\":\"https:\/\/www.noticiasradioreflejos.com.ar\/2021\/\"},{\"@type\":\"ListItem\",\"position\":2,\"name\":\"M\u00e1s de 6 millones de turistas visitaron destinos bonaerenses desde diciembre\"}]},{\"@type\":\"WebSite\",\"@id\":\"https:\/\/www.noticiasradioreflejos.com.ar\/2021\/#website\",\"url\":\"https:\/\/www.noticiasradioreflejos.com.ar\/2021\/\",\"name\":\"Noticias Radio Reflejos\",\"description\":\"Las noticias de mi comarca\",\"potentialAction\":[{\"@type\":\"SearchAction\",\"target\":{\"@type\":\"EntryPoint\",\"urlTemplate\":\"https:\/\/www.noticiasradioreflejos.com.ar\/2021\/?s={search_term_string}\"},\"query-input\":{\"@type\":\"PropertyValueSpecification\",\"valueRequired\":true,\"valueName\":\"search_term_string\"}}],\"inLanguage\":\"es\"},{\"@type\":\"Person\",\"@id\":\"https:\/\/www.noticiasradioreflejos.com.ar\/2021\/#\/schema\/person\/ad82545263dcc5ec0996818884fd5fb1\",\"name\":\"Arnaldo Botto\",\"image\":{\"@type\":\"ImageObject\",\"inLanguage\":\"es\",\"@id\":\"https:\/\/www.noticiasradioreflejos.com.ar\/2021\/#\/schema\/person\/image\/\",\"url\":\"https:\/\/secure.gravatar.com\/avatar\/55cb5e37c1efa326397366e6974cb338056df65cb50e7d64d1cf314e87504837?s=96&d=mm&r=g\",\"contentUrl\":\"https:\/\/secure.gravatar.com\/avatar\/55cb5e37c1efa326397366e6974cb338056df65cb50e7d64d1cf314e87504837?s=96&d=mm&r=g\",\"caption\":\"Arnaldo Botto\"},\"url\":\"https:\/\/www.noticiasradioreflejos.com.ar\/2021\/author\/arnaldo\/\"}]}<\/script>\n<!-- \/ Yoast SEO plugin. -->","yoast_head_json":{"title":"M\u00e1s de 6 millones de turistas visitaron destinos bonaerenses desde diciembre - Noticias Radio Reflejos","robots":{"index":"index","follow":"follow","max-snippet":"max-snippet:-1","max-image-preview":"max-image-preview:large","max-video-preview":"max-video-preview:-1"},"canonical":"https:\/\/www.noticiasradioreflejos.com.ar\/2021\/mas-de-6-millones-de-turistas-visitaron-destinos-bonaerenses-desde-diciembre\/","og_locale":"es_ES","og_type":"article","og_title":"M\u00e1s de 6 millones de turistas visitaron destinos bonaerenses desde diciembre - Noticias Radio Reflejos","og_description":"Entre el 1\u00b0 de diciembre pasado y el 31 de enero de 2022, un total de 6.035.991 de turistas visitaron los destinos bonaerenses, inform\u00f3 a trav\u00e9s de un comunicado el Ministerio de Producci\u00f3n de la provincia de Buenos Aires.","og_url":"https:\/\/www.noticiasradioreflejos.com.ar\/2021\/mas-de-6-millones-de-turistas-visitaron-destinos-bonaerenses-desde-diciembre\/","og_site_name":"Noticias Radio Reflejos","article_published_time":"2022-02-01T15:10:52+00:00","article_modified_time":"2022-02-01T15:17:08+00:00","og_image":[{"width":2304,"height":1296,"url":"https:\/\/www.noticiasradioreflejos.com.ar\/2021\/wp-content\/uploads\/2021\/07\/Turismo-Domingo-18-14.jpg","type":"image\/jpeg"}],"author":"Arnaldo Botto","twitter_card":"summary_large_image","schema":{"@context":"https:\/\/schema.org","@graph":[{"@type":"WebPage","@id":"https:\/\/www.noticiasradioreflejos.com.ar\/2021\/mas-de-6-millones-de-turistas-visitaron-destinos-bonaerenses-desde-diciembre\/","url":"https:\/\/www.noticiasradioreflejos.com.ar\/2021\/mas-de-6-millones-de-turistas-visitaron-destinos-bonaerenses-desde-diciembre\/","name":"M\u00e1s de 6 millones de turistas visitaron destinos bonaerenses desde diciembre - Noticias Radio Reflejos","isPartOf":{"@id":"https:\/\/www.noticiasradioreflejos.com.ar\/2021\/#website"},"primaryImageOfPage":{"@id":"https:\/\/www.noticiasradioreflejos.com.ar\/2021\/mas-de-6-millones-de-turistas-visitaron-destinos-bonaerenses-desde-diciembre\/#primaryimage"},"image":{"@id":"https:\/\/www.noticiasradioreflejos.com.ar\/2021\/mas-de-6-millones-de-turistas-visitaron-destinos-bonaerenses-desde-diciembre\/#primaryimage"},"thumbnailUrl":"https:\/\/www.noticiasradioreflejos.com.ar\/2021\/wp-content\/uploads\/2021\/07\/Turismo-Domingo-18-14.jpg","datePublished":"2022-02-01T15:10:52+00:00","dateModified":"2022-02-01T15:17:08+00:00","author":{"@id":"https:\/\/www.noticiasradioreflejos.com.ar\/2021\/#\/schema\/person\/ad82545263dcc5ec0996818884fd5fb1"},"breadcrumb":{"@id":"https:\/\/www.noticiasradioreflejos.com.ar\/2021\/mas-de-6-millones-de-turistas-visitaron-destinos-bonaerenses-desde-diciembre\/#breadcrumb"},"inLanguage":"es","potentialAction":[{"@type":"ReadAction","target":["https:\/\/www.noticiasradioreflejos.com.ar\/2021\/mas-de-6-millones-de-turistas-visitaron-destinos-bonaerenses-desde-diciembre\/"]}]},{"@type":"ImageObject","inLanguage":"es","@id":"https:\/\/www.noticiasradioreflejos.com.ar\/2021\/mas-de-6-millones-de-turistas-visitaron-destinos-bonaerenses-desde-diciembre\/#primaryimage","url":"https:\/\/www.noticiasradioreflejos.com.ar\/2021\/wp-content\/uploads\/2021\/07\/Turismo-Domingo-18-14.jpg","contentUrl":"https:\/\/www.noticiasradioreflejos.com.ar\/2021\/wp-content\/uploads\/2021\/07\/Turismo-Domingo-18-14.jpg","width":2304,"height":1296},{"@type":"BreadcrumbList","@id":"https:\/\/www.noticiasradioreflejos.com.ar\/2021\/mas-de-6-millones-de-turistas-visitaron-destinos-bonaerenses-desde-diciembre\/#breadcrumb","itemListElement":[{"@type":"ListItem","position":1,"name":"Portada","item":"https:\/\/www.noticiasradioreflejos.com.ar\/2021\/"},{"@type":"ListItem","position":2,"name":"M\u00e1s de 6 millones de turistas visitaron destinos bonaerenses desde diciembre"}]},{"@type":"WebSite","@id":"https:\/\/www.noticiasradioreflejos.com.ar\/2021\/#website","url":"https:\/\/www.noticiasradioreflejos.com.ar\/2021\/","name":"Noticias Radio Reflejos","description":"Las noticias de mi comarca","potentialAction":[{"@type":"SearchAction","target":{"@type":"EntryPoint","urlTemplate":"https:\/\/www.noticiasradioreflejos.com.ar\/2021\/?s={search_term_string}"},"query-input":{"@type":"PropertyValueSpecification","valueRequired":true,"valueName":"search_term_string"}}],"inLanguage":"es"},{"@type":"Person","@id":"https:\/\/www.noticiasradioreflejos.com.ar\/2021\/#\/schema\/person\/ad82545263dcc5ec0996818884fd5fb1","name":"Arnaldo Botto","image":{"@type":"ImageObject","inLanguage":"es","@id":"https:\/\/www.noticiasradioreflejos.com.ar\/2021\/#\/schema\/person\/image\/","url":"https:\/\/secure.gravatar.com\/avatar\/55cb5e37c1efa326397366e6974cb338056df65cb50e7d64d1cf314e87504837?s=96&d=mm&r=g","contentUrl":"https:\/\/secure.gravatar.com\/avatar\/55cb5e37c1efa326397366e6974cb338056df65cb50e7d64d1cf314e87504837?s=96&d=mm&r=g","caption":"Arnaldo Botto"},"url":"https:\/\/www.noticiasradioreflejos.com.ar\/2021\/author\/arnaldo\/"}]}},"_links":{"self":[{"href":"https:\/\/www.noticiasradioreflejos.com.ar\/2021\/wp-json\/wp\/v2\/posts\/67695","targetHints":{"allow":["GET"]}}],"collection":[{"href":"https:\/\/www.noticiasradioreflejos.com.ar\/2021\/wp-json\/wp\/v2\/posts"}],"about":[{"href":"https:\/\/www.noticiasradioreflejos.com.ar\/2021\/wp-json\/wp\/v2\/types\/post"}],"author":[{"embeddable":true,"href":"https:\/\/www.noticiasradioreflejos.com.ar\/2021\/wp-json\/wp\/v2\/users\/3"}],"replies":[{"embeddable":true,"href":"https:\/\/www.noticiasradioreflejos.com.ar\/2021\/wp-json\/wp\/v2\/comments?post=67695"}],"version-history":[{"count":3,"href":"https:\/\/www.noticiasradioreflejos.com.ar\/2021\/wp-json\/wp\/v2\/posts\/67695\/revisions"}],"predecessor-version":[{"id":67698,"href":"https:\/\/www.noticiasradioreflejos.com.ar\/2021\/wp-json\/wp\/v2\/posts\/67695\/revisions\/67698"}],"wp:featuredmedia":[{"embeddable":true,"href":"https:\/\/www.noticiasradioreflejos.com.ar\/2021\/wp-json\/wp\/v2\/media\/60391"}],"wp:attachment":[{"href":"https:\/\/www.noticiasradioreflejos.com.ar\/2021\/wp-json\/wp\/v2\/media?parent=67695"}],"wp:term":[{"taxonomy":"category","embeddable":true,"href":"https:\/\/www.noticiasradioreflejos.com.ar\/2021\/wp-json\/wp\/v2\/categories?post=67695"},{"taxonomy":"post_tag","embeddable":true,"href":"https:\/\/www.noticiasradioreflejos.com.ar\/2021\/wp-json\/wp\/v2\/tags?post=67695"}],"curies":[{"name":"wp","href":"https:\/\/api.w.org\/{rel}","templated":true}]}}