{"id":67687,"date":"2022-02-01T13:15:03","date_gmt":"2022-02-01T13:15:03","guid":{"rendered":"http:\/\/www.noticiasradioreflejos.com.ar\/2021\/?p=67687"},"modified":"2022-02-01T13:51:29","modified_gmt":"2022-02-01T13:51:29","slug":"recambio-turistico-es-intenso-el-transito-en-las-rutas-nacionales-y-los-accesos-a-caba","status":"publish","type":"post","link":"https:\/\/www.noticiasradioreflejos.com.ar\/2021\/recambio-turistico-es-intenso-el-transito-en-las-rutas-nacionales-y-los-accesos-a-caba\/","title":{"rendered":"Recambio tur\u00edstico: Es intenso el tr\u00e1nsito en las rutas nacionales y los accesos a CABA"},"content":{"rendered":"<p>En la Autov\u00eda 2 y los caminos bonaerenses, la marcha no presenta inconvenientes para quienes se desplazan a las ciudades de la Costa Atl\u00e1ntica en el comienzo de febrero.<!--more--><\/p>\n<div class=\"wrapper-editable-content\">\n<div>\n<div class=\"container-md\">\n<div class=\"row\">\n<div class=\"col-md-12 speak\">\n<div class=\"paragraph\">\n<figure class=\"mb-3\"><img decoding=\"async\" src=\"https:\/\/www.telam.com.ar\/thumbs\/bluesteel\/advf\/imagenes\/2021\/11\/619808790d01c_900.jpg\" alt=\"Foto Eva Cabrera\" width=\"100%\" height=\"100%\" \/><\/p>\n<div class=\"media-icons\"><\/div><figcaption>Foto Eva Cabrera<\/figcaption><\/figure>\n<p>Las autopistas y principales avenidas de ingreso a la ciudad de Buenos Aires registraban esta ma\u00f1ana marcha vehicular intensa, pero sin inconvenientes de relevancia, al igual que en las rutas nacionales m\u00e1s transitadas del pa\u00eds, seg\u00fan informaron fuentes viales.<\/p>\n<p>En tanto, en la Autov\u00eda 2 y las rutas atl\u00e1nticas bonaerenses el tr\u00e1nsito era intenso con destino a las ciudades de la Costa Atl\u00e1ntica por el desplazamiento de turistas que se dirigen a disfrutar las playas desde el comienzo de febrero.<\/p>\n<p>Adem\u00e1s,\u00a0<strong>el ingreso al aeropuerto internacional de Ezeiza, en su \u00fanico acceso vehicular sobre la autopista Riccheri, se presentaba sin inconvenientes y los principales puentes que cruzan el Riachuelo<\/strong>\u00a0(Puente Pueyrred\u00f3n, Nicol\u00e1s Avellaneda, Ezequiel Demonty, Ol\u00edmpico y de la Noria) registraban tr\u00e1nsito normal.<\/p>\n<p>Pasadas las 7.00, el tr\u00e1nsito en las principales rutas nacionales 3, 5, 7, 8, 9, 12, 14, 205 y 40 se observaba con marcha fluida en ambos sentidos de circulaci\u00f3n,<\/p>\n<p><strong>El Paso internacional Cristo Redentor (Argentina-Chile) se encuentra habilitado las 24 horas exclusivamente para transportes de cargas mientras que para el resto de los veh\u00edculos particulares de 8 a 14.<\/strong><\/p>\n<p>En tanto, en el Paso Pehuenche el horario de circulaci\u00f3n es de 9 a 17 solo para transportes de cargas peligrosas.<\/p>\n<p>Las l\u00edneas ferroviarias, Roca, Sarmiento, San Mart\u00edn, Mitre, Urquiza, Belgrano Norte, Belgrano Sur y el Tren de la Costa, funcionaban a horario, lo mismo que todas las l\u00edneas de subtes y el Premetro.<\/p>\n<\/div>\n<\/div>\n<\/div>\n<\/div>\n<\/div>\n<\/div>\n","protected":false},"excerpt":{"rendered":"<p>En la Autov\u00eda 2 y los caminos bonaerenses, la marcha no presenta inconvenientes para quienes se desplazan a las ciudades de la Costa Atl\u00e1ntica en el comienzo de febrero.<\/p>\n","protected":false},"author":3,"featured_media":0,"comment_status":"closed","ping_status":"closed","sticky":false,"template":"","format":"standard","meta":{"footnotes":""},"categories":[26,33],"tags":[],"class_list":["post-67687","post","type-post","status-publish","format-standard","hentry","category-sociedad","category-turismo"],"yoast_head":"<!-- This site is optimized with the Yoast SEO plugin v25.9 - https:\/\/yoast.com\/wordpress\/plugins\/seo\/ -->\n<title>Recambio tur\u00edstico: Es intenso el tr\u00e1nsito en las rutas nacionales y los accesos a CABA - Noticias Radio Reflejos<\/title>\n<meta name=\"robots\" content=\"index, follow, max-snippet:-1, max-image-preview:large, max-video-preview:-1\" \/>\n<link rel=\"canonical\" href=\"https:\/\/www.noticiasradioreflejos.com.ar\/2021\/recambio-turistico-es-intenso-el-transito-en-las-rutas-nacionales-y-los-accesos-a-caba\/\" \/>\n<meta property=\"og:locale\" content=\"es_ES\" \/>\n<meta property=\"og:type\" content=\"article\" \/>\n<meta property=\"og:title\" content=\"Recambio tur\u00edstico: Es intenso el tr\u00e1nsito en las rutas nacionales y los accesos a CABA - Noticias Radio Reflejos\" \/>\n<meta property=\"og:description\" content=\"En la Autov\u00eda 2 y los caminos bonaerenses, la marcha no presenta inconvenientes para quienes se desplazan a las ciudades de la Costa Atl\u00e1ntica en el comienzo de febrero.\" \/>\n<meta property=\"og:url\" content=\"https:\/\/www.noticiasradioreflejos.com.ar\/2021\/recambio-turistico-es-intenso-el-transito-en-las-rutas-nacionales-y-los-accesos-a-caba\/\" \/>\n<meta property=\"og:site_name\" content=\"Noticias Radio Reflejos\" \/>\n<meta property=\"article:published_time\" content=\"2022-02-01T13:15:03+00:00\" \/>\n<meta property=\"article:modified_time\" content=\"2022-02-01T13:51:29+00:00\" \/>\n<meta property=\"og:image\" content=\"https:\/\/www.telam.com.ar\/thumbs\/bluesteel\/advf\/imagenes\/2021\/11\/619808790d01c_900.jpg\" \/>\n<meta name=\"author\" content=\"Arnaldo Botto\" \/>\n<meta name=\"twitter:card\" content=\"summary_large_image\" \/>\n<script type=\"application\/ld+json\" class=\"yoast-schema-graph\">{\"@context\":\"https:\/\/schema.org\",\"@graph\":[{\"@type\":\"WebPage\",\"@id\":\"https:\/\/www.noticiasradioreflejos.com.ar\/2021\/recambio-turistico-es-intenso-el-transito-en-las-rutas-nacionales-y-los-accesos-a-caba\/\",\"url\":\"https:\/\/www.noticiasradioreflejos.com.ar\/2021\/recambio-turistico-es-intenso-el-transito-en-las-rutas-nacionales-y-los-accesos-a-caba\/\",\"name\":\"Recambio tur\u00edstico: Es intenso el tr\u00e1nsito en las rutas nacionales y los accesos a CABA - Noticias Radio Reflejos\",\"isPartOf\":{\"@id\":\"https:\/\/www.noticiasradioreflejos.com.ar\/2021\/#website\"},\"primaryImageOfPage\":{\"@id\":\"https:\/\/www.noticiasradioreflejos.com.ar\/2021\/recambio-turistico-es-intenso-el-transito-en-las-rutas-nacionales-y-los-accesos-a-caba\/#primaryimage\"},\"image\":{\"@id\":\"https:\/\/www.noticiasradioreflejos.com.ar\/2021\/recambio-turistico-es-intenso-el-transito-en-las-rutas-nacionales-y-los-accesos-a-caba\/#primaryimage\"},\"thumbnailUrl\":\"https:\/\/www.telam.com.ar\/thumbs\/bluesteel\/advf\/imagenes\/2021\/11\/619808790d01c_900.jpg\",\"datePublished\":\"2022-02-01T13:15:03+00:00\",\"dateModified\":\"2022-02-01T13:51:29+00:00\",\"author\":{\"@id\":\"https:\/\/www.noticiasradioreflejos.com.ar\/2021\/#\/schema\/person\/ad82545263dcc5ec0996818884fd5fb1\"},\"breadcrumb\":{\"@id\":\"https:\/\/www.noticiasradioreflejos.com.ar\/2021\/recambio-turistico-es-intenso-el-transito-en-las-rutas-nacionales-y-los-accesos-a-caba\/#breadcrumb\"},\"inLanguage\":\"es\",\"potentialAction\":[{\"@type\":\"ReadAction\",\"target\":[\"https:\/\/www.noticiasradioreflejos.com.ar\/2021\/recambio-turistico-es-intenso-el-transito-en-las-rutas-nacionales-y-los-accesos-a-caba\/\"]}]},{\"@type\":\"ImageObject\",\"inLanguage\":\"es\",\"@id\":\"https:\/\/www.noticiasradioreflejos.com.ar\/2021\/recambio-turistico-es-intenso-el-transito-en-las-rutas-nacionales-y-los-accesos-a-caba\/#primaryimage\",\"url\":\"https:\/\/www.telam.com.ar\/thumbs\/bluesteel\/advf\/imagenes\/2021\/11\/619808790d01c_900.jpg\",\"contentUrl\":\"https:\/\/www.telam.com.ar\/thumbs\/bluesteel\/advf\/imagenes\/2021\/11\/619808790d01c_900.jpg\"},{\"@type\":\"BreadcrumbList\",\"@id\":\"https:\/\/www.noticiasradioreflejos.com.ar\/2021\/recambio-turistico-es-intenso-el-transito-en-las-rutas-nacionales-y-los-accesos-a-caba\/#breadcrumb\",\"itemListElement\":[{\"@type\":\"ListItem\",\"position\":1,\"name\":\"Portada\",\"item\":\"https:\/\/www.noticiasradioreflejos.com.ar\/2021\/\"},{\"@type\":\"ListItem\",\"position\":2,\"name\":\"Recambio tur\u00edstico: Es intenso el tr\u00e1nsito en las rutas nacionales y los accesos a CABA\"}]},{\"@type\":\"WebSite\",\"@id\":\"https:\/\/www.noticiasradioreflejos.com.ar\/2021\/#website\",\"url\":\"https:\/\/www.noticiasradioreflejos.com.ar\/2021\/\",\"name\":\"Noticias Radio Reflejos\",\"description\":\"Las noticias de mi comarca\",\"potentialAction\":[{\"@type\":\"SearchAction\",\"target\":{\"@type\":\"EntryPoint\",\"urlTemplate\":\"https:\/\/www.noticiasradioreflejos.com.ar\/2021\/?s={search_term_string}\"},\"query-input\":{\"@type\":\"PropertyValueSpecification\",\"valueRequired\":true,\"valueName\":\"search_term_string\"}}],\"inLanguage\":\"es\"},{\"@type\":\"Person\",\"@id\":\"https:\/\/www.noticiasradioreflejos.com.ar\/2021\/#\/schema\/person\/ad82545263dcc5ec0996818884fd5fb1\",\"name\":\"Arnaldo Botto\",\"image\":{\"@type\":\"ImageObject\",\"inLanguage\":\"es\",\"@id\":\"https:\/\/www.noticiasradioreflejos.com.ar\/2021\/#\/schema\/person\/image\/\",\"url\":\"https:\/\/secure.gravatar.com\/avatar\/55cb5e37c1efa326397366e6974cb338056df65cb50e7d64d1cf314e87504837?s=96&d=mm&r=g\",\"contentUrl\":\"https:\/\/secure.gravatar.com\/avatar\/55cb5e37c1efa326397366e6974cb338056df65cb50e7d64d1cf314e87504837?s=96&d=mm&r=g\",\"caption\":\"Arnaldo Botto\"},\"url\":\"https:\/\/www.noticiasradioreflejos.com.ar\/2021\/author\/arnaldo\/\"}]}<\/script>\n<!-- \/ Yoast SEO plugin. -->","yoast_head_json":{"title":"Recambio tur\u00edstico: Es intenso el tr\u00e1nsito en las rutas nacionales y los accesos a CABA - Noticias Radio Reflejos","robots":{"index":"index","follow":"follow","max-snippet":"max-snippet:-1","max-image-preview":"max-image-preview:large","max-video-preview":"max-video-preview:-1"},"canonical":"https:\/\/www.noticiasradioreflejos.com.ar\/2021\/recambio-turistico-es-intenso-el-transito-en-las-rutas-nacionales-y-los-accesos-a-caba\/","og_locale":"es_ES","og_type":"article","og_title":"Recambio tur\u00edstico: Es intenso el tr\u00e1nsito en las rutas nacionales y los accesos a CABA - Noticias Radio Reflejos","og_description":"En la Autov\u00eda 2 y los caminos bonaerenses, la marcha no presenta inconvenientes para quienes se desplazan a las ciudades de la Costa Atl\u00e1ntica en el comienzo de febrero.","og_url":"https:\/\/www.noticiasradioreflejos.com.ar\/2021\/recambio-turistico-es-intenso-el-transito-en-las-rutas-nacionales-y-los-accesos-a-caba\/","og_site_name":"Noticias Radio Reflejos","article_published_time":"2022-02-01T13:15:03+00:00","article_modified_time":"2022-02-01T13:51:29+00:00","og_image":[{"url":"https:\/\/www.telam.com.ar\/thumbs\/bluesteel\/advf\/imagenes\/2021\/11\/619808790d01c_900.jpg","type":"","width":"","height":""}],"author":"Arnaldo Botto","twitter_card":"summary_large_image","schema":{"@context":"https:\/\/schema.org","@graph":[{"@type":"WebPage","@id":"https:\/\/www.noticiasradioreflejos.com.ar\/2021\/recambio-turistico-es-intenso-el-transito-en-las-rutas-nacionales-y-los-accesos-a-caba\/","url":"https:\/\/www.noticiasradioreflejos.com.ar\/2021\/recambio-turistico-es-intenso-el-transito-en-las-rutas-nacionales-y-los-accesos-a-caba\/","name":"Recambio tur\u00edstico: Es intenso el tr\u00e1nsito en las rutas nacionales y los accesos a CABA - Noticias Radio Reflejos","isPartOf":{"@id":"https:\/\/www.noticiasradioreflejos.com.ar\/2021\/#website"},"primaryImageOfPage":{"@id":"https:\/\/www.noticiasradioreflejos.com.ar\/2021\/recambio-turistico-es-intenso-el-transito-en-las-rutas-nacionales-y-los-accesos-a-caba\/#primaryimage"},"image":{"@id":"https:\/\/www.noticiasradioreflejos.com.ar\/2021\/recambio-turistico-es-intenso-el-transito-en-las-rutas-nacionales-y-los-accesos-a-caba\/#primaryimage"},"thumbnailUrl":"https:\/\/www.telam.com.ar\/thumbs\/bluesteel\/advf\/imagenes\/2021\/11\/619808790d01c_900.jpg","datePublished":"2022-02-01T13:15:03+00:00","dateModified":"2022-02-01T13:51:29+00:00","author":{"@id":"https:\/\/www.noticiasradioreflejos.com.ar\/2021\/#\/schema\/person\/ad82545263dcc5ec0996818884fd5fb1"},"breadcrumb":{"@id":"https:\/\/www.noticiasradioreflejos.com.ar\/2021\/recambio-turistico-es-intenso-el-transito-en-las-rutas-nacionales-y-los-accesos-a-caba\/#breadcrumb"},"inLanguage":"es","potentialAction":[{"@type":"ReadAction","target":["https:\/\/www.noticiasradioreflejos.com.ar\/2021\/recambio-turistico-es-intenso-el-transito-en-las-rutas-nacionales-y-los-accesos-a-caba\/"]}]},{"@type":"ImageObject","inLanguage":"es","@id":"https:\/\/www.noticiasradioreflejos.com.ar\/2021\/recambio-turistico-es-intenso-el-transito-en-las-rutas-nacionales-y-los-accesos-a-caba\/#primaryimage","url":"https:\/\/www.telam.com.ar\/thumbs\/bluesteel\/advf\/imagenes\/2021\/11\/619808790d01c_900.jpg","contentUrl":"https:\/\/www.telam.com.ar\/thumbs\/bluesteel\/advf\/imagenes\/2021\/11\/619808790d01c_900.jpg"},{"@type":"BreadcrumbList","@id":"https:\/\/www.noticiasradioreflejos.com.ar\/2021\/recambio-turistico-es-intenso-el-transito-en-las-rutas-nacionales-y-los-accesos-a-caba\/#breadcrumb","itemListElement":[{"@type":"ListItem","position":1,"name":"Portada","item":"https:\/\/www.noticiasradioreflejos.com.ar\/2021\/"},{"@type":"ListItem","position":2,"name":"Recambio tur\u00edstico: Es intenso el tr\u00e1nsito en las rutas nacionales y los accesos a CABA"}]},{"@type":"WebSite","@id":"https:\/\/www.noticiasradioreflejos.com.ar\/2021\/#website","url":"https:\/\/www.noticiasradioreflejos.com.ar\/2021\/","name":"Noticias Radio Reflejos","description":"Las noticias de mi comarca","potentialAction":[{"@type":"SearchAction","target":{"@type":"EntryPoint","urlTemplate":"https:\/\/www.noticiasradioreflejos.com.ar\/2021\/?s={search_term_string}"},"query-input":{"@type":"PropertyValueSpecification","valueRequired":true,"valueName":"search_term_string"}}],"inLanguage":"es"},{"@type":"Person","@id":"https:\/\/www.noticiasradioreflejos.com.ar\/2021\/#\/schema\/person\/ad82545263dcc5ec0996818884fd5fb1","name":"Arnaldo Botto","image":{"@type":"ImageObject","inLanguage":"es","@id":"https:\/\/www.noticiasradioreflejos.com.ar\/2021\/#\/schema\/person\/image\/","url":"https:\/\/secure.gravatar.com\/avatar\/55cb5e37c1efa326397366e6974cb338056df65cb50e7d64d1cf314e87504837?s=96&d=mm&r=g","contentUrl":"https:\/\/secure.gravatar.com\/avatar\/55cb5e37c1efa326397366e6974cb338056df65cb50e7d64d1cf314e87504837?s=96&d=mm&r=g","caption":"Arnaldo Botto"},"url":"https:\/\/www.noticiasradioreflejos.com.ar\/2021\/author\/arnaldo\/"}]}},"_links":{"self":[{"href":"https:\/\/www.noticiasradioreflejos.com.ar\/2021\/wp-json\/wp\/v2\/posts\/67687","targetHints":{"allow":["GET"]}}],"collection":[{"href":"https:\/\/www.noticiasradioreflejos.com.ar\/2021\/wp-json\/wp\/v2\/posts"}],"about":[{"href":"https:\/\/www.noticiasradioreflejos.com.ar\/2021\/wp-json\/wp\/v2\/types\/post"}],"author":[{"embeddable":true,"href":"https:\/\/www.noticiasradioreflejos.com.ar\/2021\/wp-json\/wp\/v2\/users\/3"}],"replies":[{"embeddable":true,"href":"https:\/\/www.noticiasradioreflejos.com.ar\/2021\/wp-json\/wp\/v2\/comments?post=67687"}],"version-history":[{"count":1,"href":"https:\/\/www.noticiasradioreflejos.com.ar\/2021\/wp-json\/wp\/v2\/posts\/67687\/revisions"}],"predecessor-version":[{"id":67688,"href":"https:\/\/www.noticiasradioreflejos.com.ar\/2021\/wp-json\/wp\/v2\/posts\/67687\/revisions\/67688"}],"wp:attachment":[{"href":"https:\/\/www.noticiasradioreflejos.com.ar\/2021\/wp-json\/wp\/v2\/media?parent=67687"}],"wp:term":[{"taxonomy":"category","embeddable":true,"href":"https:\/\/www.noticiasradioreflejos.com.ar\/2021\/wp-json\/wp\/v2\/categories?post=67687"},{"taxonomy":"post_tag","embeddable":true,"href":"https:\/\/www.noticiasradioreflejos.com.ar\/2021\/wp-json\/wp\/v2\/tags?post=67687"}],"curies":[{"name":"wp","href":"https:\/\/api.w.org\/{rel}","templated":true}]}}