{"id":67678,"date":"2022-02-01T11:52:49","date_gmt":"2022-02-01T11:52:49","guid":{"rendered":"http:\/\/www.noticiasradioreflejos.com.ar\/2021\/?p=67678"},"modified":"2022-02-01T13:00:36","modified_gmt":"2022-02-01T13:00:36","slug":"villa-la-arcadia-turistas-reclaman-por-el-estado-de-la-pasarela-del-puente-negro","status":"publish","type":"post","link":"https:\/\/www.noticiasradioreflejos.com.ar\/2021\/villa-la-arcadia-turistas-reclaman-por-el-estado-de-la-pasarela-del-puente-negro\/","title":{"rendered":"Villa La Arcadia; Turistas reclaman por el estado de la pasarela del Puente Negro"},"content":{"rendered":"<p>Hola: estuve en enero 2022 en la comarca, de paseo con mi familia y disfrutando de la vista de las sierras y todo lo que ofrece ese lugar,pero me permito hacer una observaci\u00f3n sobre el estado de los tablones de la escalera de acceso y la pasarela del t\u00fanel ferroviario (Puente Negro, icono de la comarca),<!--more--> los mismos est\u00e1n muy deteriorados y <strong>se tornan muy peligros<\/strong>, sub\u00ed con mis nietos, extremando el cuidado para no sufrir un accidente, la mayor\u00eda de los turistas que pasean por Villa Arcadia, buscan subir por ese lugar.<\/p>\n<p>Hace algunos a\u00f1os me comunique con la radio para avisar de un problema similar en el \u00abdeck\u00bb mirador del Cerro Ventana y por su intermedio lo repararon r\u00e1pidamente; quiz\u00e1s Uds. puedan interceder para el recambio de los tablones en el puente.<\/p>\n<p>Los saludo muy atte. Carlos Rodriguez de Luis Guill\u00f3n<\/p>\n<p><a title=\"Escalera puente negro\" href=\"https:\/\/www.flickr.com\/photos\/182279889@N02\/51856365609\/in\/dateposted-public\/\" data-flickr-embed=\"true\"><img loading=\"lazy\" decoding=\"async\" src=\"https:\/\/live.staticflickr.com\/65535\/51856365609_9929c77b9c_o.jpg\" alt=\"Escalera puente negro\" width=\"492\" height=\"280\" \/><\/a><script async src=\"\/\/embedr.flickr.com\/assets\/client-code.js\" charset=\"utf-8\"><\/script><\/p>\n<p><strong><em><span style=\"color: #ff9900;\">La foto enviada por el turista muestra el estado de la escalera de acceso al puente desde Villa La Arcadia<\/span><\/em><\/strong><\/p>\n","protected":false},"excerpt":{"rendered":"<p>Hola: estuve en enero 2022 en la comarca, de paseo con mi familia y disfrutando de la vista de las sierras y todo lo que ofrece ese lugar,pero me permito hacer una observaci\u00f3n sobre el estado de los tablones de la escalera de acceso y la pasarela del t\u00fanel ferroviario (Puente Negro, icono de la [&hellip;]<\/p>\n","protected":false},"author":3,"featured_media":63508,"comment_status":"closed","ping_status":"closed","sticky":false,"template":"","format":"standard","meta":{"footnotes":""},"categories":[26,33],"tags":[48],"class_list":["post-67678","post","type-post","status-publish","format-standard","has-post-thumbnail","hentry","category-sociedad","category-turismo","tag-destacada"],"yoast_head":"<!-- This site is optimized with the Yoast SEO plugin v25.9 - https:\/\/yoast.com\/wordpress\/plugins\/seo\/ -->\n<title>Villa La Arcadia; Turistas reclaman por el estado de la pasarela del Puente Negro - Noticias Radio Reflejos<\/title>\n<meta name=\"robots\" content=\"index, follow, max-snippet:-1, max-image-preview:large, max-video-preview:-1\" \/>\n<link rel=\"canonical\" href=\"https:\/\/www.noticiasradioreflejos.com.ar\/2021\/villa-la-arcadia-turistas-reclaman-por-el-estado-de-la-pasarela-del-puente-negro\/\" \/>\n<meta property=\"og:locale\" content=\"es_ES\" \/>\n<meta property=\"og:type\" content=\"article\" \/>\n<meta property=\"og:title\" content=\"Villa La Arcadia; Turistas reclaman por el estado de la pasarela del Puente Negro - Noticias Radio Reflejos\" \/>\n<meta property=\"og:description\" content=\"Hola: estuve en enero 2022 en la comarca, de paseo con mi familia y disfrutando de la vista de las sierras y todo lo que ofrece ese lugar,pero me permito hacer una observaci\u00f3n sobre el estado de los tablones de la escalera de acceso y la pasarela del t\u00fanel ferroviario (Puente Negro, icono de la [&hellip;]\" \/>\n<meta property=\"og:url\" content=\"https:\/\/www.noticiasradioreflejos.com.ar\/2021\/villa-la-arcadia-turistas-reclaman-por-el-estado-de-la-pasarela-del-puente-negro\/\" \/>\n<meta property=\"og:site_name\" content=\"Noticias Radio Reflejos\" \/>\n<meta property=\"article:published_time\" content=\"2022-02-01T11:52:49+00:00\" \/>\n<meta property=\"article:modified_time\" content=\"2022-02-01T13:00:36+00:00\" \/>\n<meta property=\"og:image\" content=\"https:\/\/www.noticiasradioreflejos.com.ar\/2021\/wp-content\/uploads\/2021\/10\/Puente-Negro.jpg\" \/>\n\t<meta property=\"og:image:width\" content=\"1200\" \/>\n\t<meta property=\"og:image:height\" content=\"800\" \/>\n\t<meta property=\"og:image:type\" content=\"image\/jpeg\" \/>\n<meta name=\"author\" content=\"Arnaldo Botto\" \/>\n<meta name=\"twitter:card\" content=\"summary_large_image\" \/>\n<script type=\"application\/ld+json\" class=\"yoast-schema-graph\">{\"@context\":\"https:\/\/schema.org\",\"@graph\":[{\"@type\":\"WebPage\",\"@id\":\"https:\/\/www.noticiasradioreflejos.com.ar\/2021\/villa-la-arcadia-turistas-reclaman-por-el-estado-de-la-pasarela-del-puente-negro\/\",\"url\":\"https:\/\/www.noticiasradioreflejos.com.ar\/2021\/villa-la-arcadia-turistas-reclaman-por-el-estado-de-la-pasarela-del-puente-negro\/\",\"name\":\"Villa La Arcadia; Turistas reclaman por el estado de la pasarela del Puente Negro - Noticias Radio Reflejos\",\"isPartOf\":{\"@id\":\"https:\/\/www.noticiasradioreflejos.com.ar\/2021\/#website\"},\"primaryImageOfPage\":{\"@id\":\"https:\/\/www.noticiasradioreflejos.com.ar\/2021\/villa-la-arcadia-turistas-reclaman-por-el-estado-de-la-pasarela-del-puente-negro\/#primaryimage\"},\"image\":{\"@id\":\"https:\/\/www.noticiasradioreflejos.com.ar\/2021\/villa-la-arcadia-turistas-reclaman-por-el-estado-de-la-pasarela-del-puente-negro\/#primaryimage\"},\"thumbnailUrl\":\"https:\/\/www.noticiasradioreflejos.com.ar\/2021\/wp-content\/uploads\/2021\/10\/Puente-Negro.jpg\",\"datePublished\":\"2022-02-01T11:52:49+00:00\",\"dateModified\":\"2022-02-01T13:00:36+00:00\",\"author\":{\"@id\":\"https:\/\/www.noticiasradioreflejos.com.ar\/2021\/#\/schema\/person\/ad82545263dcc5ec0996818884fd5fb1\"},\"breadcrumb\":{\"@id\":\"https:\/\/www.noticiasradioreflejos.com.ar\/2021\/villa-la-arcadia-turistas-reclaman-por-el-estado-de-la-pasarela-del-puente-negro\/#breadcrumb\"},\"inLanguage\":\"es\",\"potentialAction\":[{\"@type\":\"ReadAction\",\"target\":[\"https:\/\/www.noticiasradioreflejos.com.ar\/2021\/villa-la-arcadia-turistas-reclaman-por-el-estado-de-la-pasarela-del-puente-negro\/\"]}]},{\"@type\":\"ImageObject\",\"inLanguage\":\"es\",\"@id\":\"https:\/\/www.noticiasradioreflejos.com.ar\/2021\/villa-la-arcadia-turistas-reclaman-por-el-estado-de-la-pasarela-del-puente-negro\/#primaryimage\",\"url\":\"https:\/\/www.noticiasradioreflejos.com.ar\/2021\/wp-content\/uploads\/2021\/10\/Puente-Negro.jpg\",\"contentUrl\":\"https:\/\/www.noticiasradioreflejos.com.ar\/2021\/wp-content\/uploads\/2021\/10\/Puente-Negro.jpg\",\"width\":1200,\"height\":800},{\"@type\":\"BreadcrumbList\",\"@id\":\"https:\/\/www.noticiasradioreflejos.com.ar\/2021\/villa-la-arcadia-turistas-reclaman-por-el-estado-de-la-pasarela-del-puente-negro\/#breadcrumb\",\"itemListElement\":[{\"@type\":\"ListItem\",\"position\":1,\"name\":\"Portada\",\"item\":\"https:\/\/www.noticiasradioreflejos.com.ar\/2021\/\"},{\"@type\":\"ListItem\",\"position\":2,\"name\":\"Villa La Arcadia; Turistas reclaman por el estado de la pasarela del Puente Negro\"}]},{\"@type\":\"WebSite\",\"@id\":\"https:\/\/www.noticiasradioreflejos.com.ar\/2021\/#website\",\"url\":\"https:\/\/www.noticiasradioreflejos.com.ar\/2021\/\",\"name\":\"Noticias Radio Reflejos\",\"description\":\"Las noticias de mi comarca\",\"potentialAction\":[{\"@type\":\"SearchAction\",\"target\":{\"@type\":\"EntryPoint\",\"urlTemplate\":\"https:\/\/www.noticiasradioreflejos.com.ar\/2021\/?s={search_term_string}\"},\"query-input\":{\"@type\":\"PropertyValueSpecification\",\"valueRequired\":true,\"valueName\":\"search_term_string\"}}],\"inLanguage\":\"es\"},{\"@type\":\"Person\",\"@id\":\"https:\/\/www.noticiasradioreflejos.com.ar\/2021\/#\/schema\/person\/ad82545263dcc5ec0996818884fd5fb1\",\"name\":\"Arnaldo Botto\",\"image\":{\"@type\":\"ImageObject\",\"inLanguage\":\"es\",\"@id\":\"https:\/\/www.noticiasradioreflejos.com.ar\/2021\/#\/schema\/person\/image\/\",\"url\":\"https:\/\/secure.gravatar.com\/avatar\/55cb5e37c1efa326397366e6974cb338056df65cb50e7d64d1cf314e87504837?s=96&d=mm&r=g\",\"contentUrl\":\"https:\/\/secure.gravatar.com\/avatar\/55cb5e37c1efa326397366e6974cb338056df65cb50e7d64d1cf314e87504837?s=96&d=mm&r=g\",\"caption\":\"Arnaldo Botto\"},\"url\":\"https:\/\/www.noticiasradioreflejos.com.ar\/2021\/author\/arnaldo\/\"}]}<\/script>\n<!-- \/ Yoast SEO plugin. -->","yoast_head_json":{"title":"Villa La Arcadia; Turistas reclaman por el estado de la pasarela del Puente Negro - Noticias Radio Reflejos","robots":{"index":"index","follow":"follow","max-snippet":"max-snippet:-1","max-image-preview":"max-image-preview:large","max-video-preview":"max-video-preview:-1"},"canonical":"https:\/\/www.noticiasradioreflejos.com.ar\/2021\/villa-la-arcadia-turistas-reclaman-por-el-estado-de-la-pasarela-del-puente-negro\/","og_locale":"es_ES","og_type":"article","og_title":"Villa La Arcadia; Turistas reclaman por el estado de la pasarela del Puente Negro - Noticias Radio Reflejos","og_description":"Hola: estuve en enero 2022 en la comarca, de paseo con mi familia y disfrutando de la vista de las sierras y todo lo que ofrece ese lugar,pero me permito hacer una observaci\u00f3n sobre el estado de los tablones de la escalera de acceso y la pasarela del t\u00fanel ferroviario (Puente Negro, icono de la [&hellip;]","og_url":"https:\/\/www.noticiasradioreflejos.com.ar\/2021\/villa-la-arcadia-turistas-reclaman-por-el-estado-de-la-pasarela-del-puente-negro\/","og_site_name":"Noticias Radio Reflejos","article_published_time":"2022-02-01T11:52:49+00:00","article_modified_time":"2022-02-01T13:00:36+00:00","og_image":[{"width":1200,"height":800,"url":"https:\/\/www.noticiasradioreflejos.com.ar\/2021\/wp-content\/uploads\/2021\/10\/Puente-Negro.jpg","type":"image\/jpeg"}],"author":"Arnaldo Botto","twitter_card":"summary_large_image","schema":{"@context":"https:\/\/schema.org","@graph":[{"@type":"WebPage","@id":"https:\/\/www.noticiasradioreflejos.com.ar\/2021\/villa-la-arcadia-turistas-reclaman-por-el-estado-de-la-pasarela-del-puente-negro\/","url":"https:\/\/www.noticiasradioreflejos.com.ar\/2021\/villa-la-arcadia-turistas-reclaman-por-el-estado-de-la-pasarela-del-puente-negro\/","name":"Villa La Arcadia; Turistas reclaman por el estado de la pasarela del Puente Negro - Noticias Radio Reflejos","isPartOf":{"@id":"https:\/\/www.noticiasradioreflejos.com.ar\/2021\/#website"},"primaryImageOfPage":{"@id":"https:\/\/www.noticiasradioreflejos.com.ar\/2021\/villa-la-arcadia-turistas-reclaman-por-el-estado-de-la-pasarela-del-puente-negro\/#primaryimage"},"image":{"@id":"https:\/\/www.noticiasradioreflejos.com.ar\/2021\/villa-la-arcadia-turistas-reclaman-por-el-estado-de-la-pasarela-del-puente-negro\/#primaryimage"},"thumbnailUrl":"https:\/\/www.noticiasradioreflejos.com.ar\/2021\/wp-content\/uploads\/2021\/10\/Puente-Negro.jpg","datePublished":"2022-02-01T11:52:49+00:00","dateModified":"2022-02-01T13:00:36+00:00","author":{"@id":"https:\/\/www.noticiasradioreflejos.com.ar\/2021\/#\/schema\/person\/ad82545263dcc5ec0996818884fd5fb1"},"breadcrumb":{"@id":"https:\/\/www.noticiasradioreflejos.com.ar\/2021\/villa-la-arcadia-turistas-reclaman-por-el-estado-de-la-pasarela-del-puente-negro\/#breadcrumb"},"inLanguage":"es","potentialAction":[{"@type":"ReadAction","target":["https:\/\/www.noticiasradioreflejos.com.ar\/2021\/villa-la-arcadia-turistas-reclaman-por-el-estado-de-la-pasarela-del-puente-negro\/"]}]},{"@type":"ImageObject","inLanguage":"es","@id":"https:\/\/www.noticiasradioreflejos.com.ar\/2021\/villa-la-arcadia-turistas-reclaman-por-el-estado-de-la-pasarela-del-puente-negro\/#primaryimage","url":"https:\/\/www.noticiasradioreflejos.com.ar\/2021\/wp-content\/uploads\/2021\/10\/Puente-Negro.jpg","contentUrl":"https:\/\/www.noticiasradioreflejos.com.ar\/2021\/wp-content\/uploads\/2021\/10\/Puente-Negro.jpg","width":1200,"height":800},{"@type":"BreadcrumbList","@id":"https:\/\/www.noticiasradioreflejos.com.ar\/2021\/villa-la-arcadia-turistas-reclaman-por-el-estado-de-la-pasarela-del-puente-negro\/#breadcrumb","itemListElement":[{"@type":"ListItem","position":1,"name":"Portada","item":"https:\/\/www.noticiasradioreflejos.com.ar\/2021\/"},{"@type":"ListItem","position":2,"name":"Villa La Arcadia; Turistas reclaman por el estado de la pasarela del Puente Negro"}]},{"@type":"WebSite","@id":"https:\/\/www.noticiasradioreflejos.com.ar\/2021\/#website","url":"https:\/\/www.noticiasradioreflejos.com.ar\/2021\/","name":"Noticias Radio Reflejos","description":"Las noticias de mi comarca","potentialAction":[{"@type":"SearchAction","target":{"@type":"EntryPoint","urlTemplate":"https:\/\/www.noticiasradioreflejos.com.ar\/2021\/?s={search_term_string}"},"query-input":{"@type":"PropertyValueSpecification","valueRequired":true,"valueName":"search_term_string"}}],"inLanguage":"es"},{"@type":"Person","@id":"https:\/\/www.noticiasradioreflejos.com.ar\/2021\/#\/schema\/person\/ad82545263dcc5ec0996818884fd5fb1","name":"Arnaldo Botto","image":{"@type":"ImageObject","inLanguage":"es","@id":"https:\/\/www.noticiasradioreflejos.com.ar\/2021\/#\/schema\/person\/image\/","url":"https:\/\/secure.gravatar.com\/avatar\/55cb5e37c1efa326397366e6974cb338056df65cb50e7d64d1cf314e87504837?s=96&d=mm&r=g","contentUrl":"https:\/\/secure.gravatar.com\/avatar\/55cb5e37c1efa326397366e6974cb338056df65cb50e7d64d1cf314e87504837?s=96&d=mm&r=g","caption":"Arnaldo Botto"},"url":"https:\/\/www.noticiasradioreflejos.com.ar\/2021\/author\/arnaldo\/"}]}},"_links":{"self":[{"href":"https:\/\/www.noticiasradioreflejos.com.ar\/2021\/wp-json\/wp\/v2\/posts\/67678","targetHints":{"allow":["GET"]}}],"collection":[{"href":"https:\/\/www.noticiasradioreflejos.com.ar\/2021\/wp-json\/wp\/v2\/posts"}],"about":[{"href":"https:\/\/www.noticiasradioreflejos.com.ar\/2021\/wp-json\/wp\/v2\/types\/post"}],"author":[{"embeddable":true,"href":"https:\/\/www.noticiasradioreflejos.com.ar\/2021\/wp-json\/wp\/v2\/users\/3"}],"replies":[{"embeddable":true,"href":"https:\/\/www.noticiasradioreflejos.com.ar\/2021\/wp-json\/wp\/v2\/comments?post=67678"}],"version-history":[{"count":4,"href":"https:\/\/www.noticiasradioreflejos.com.ar\/2021\/wp-json\/wp\/v2\/posts\/67678\/revisions"}],"predecessor-version":[{"id":67683,"href":"https:\/\/www.noticiasradioreflejos.com.ar\/2021\/wp-json\/wp\/v2\/posts\/67678\/revisions\/67683"}],"wp:featuredmedia":[{"embeddable":true,"href":"https:\/\/www.noticiasradioreflejos.com.ar\/2021\/wp-json\/wp\/v2\/media\/63508"}],"wp:attachment":[{"href":"https:\/\/www.noticiasradioreflejos.com.ar\/2021\/wp-json\/wp\/v2\/media?parent=67678"}],"wp:term":[{"taxonomy":"category","embeddable":true,"href":"https:\/\/www.noticiasradioreflejos.com.ar\/2021\/wp-json\/wp\/v2\/categories?post=67678"},{"taxonomy":"post_tag","embeddable":true,"href":"https:\/\/www.noticiasradioreflejos.com.ar\/2021\/wp-json\/wp\/v2\/tags?post=67678"}],"curies":[{"name":"wp","href":"https:\/\/api.w.org\/{rel}","templated":true}]}}