{"id":67664,"date":"2022-02-01T11:09:02","date_gmt":"2022-02-01T11:09:02","guid":{"rendered":"http:\/\/www.noticiasradioreflejos.com.ar\/2021\/?p=67664"},"modified":"2022-02-01T11:09:02","modified_gmt":"2022-02-01T11:09:02","slug":"un-megarrayo-que-recorrio-uruguay-y-argentina-tiene-el-nuevo-record-mundial-de-duracion","status":"publish","type":"post","link":"https:\/\/www.noticiasradioreflejos.com.ar\/2021\/un-megarrayo-que-recorrio-uruguay-y-argentina-tiene-el-nuevo-record-mundial-de-duracion\/","title":{"rendered":"Un \u00abmegarrayo\u00bb, que recorri\u00f3 Uruguay y Argentina, tiene el nuevo r\u00e9cord mundial de duraci\u00f3n"},"content":{"rendered":"<div id=\"div_cuerpo\" class=\"content cable-content\">\n<p>Un \u00abmegarrayo\u00bb, que recorri\u00f3 Uruguay y Argentina en junio de 2020, fue validado con el nuevo r\u00e9cord mundial de duraci\u00f3n por la Organizaci\u00f3n Meteorol\u00f3gica Mundial (OMM), se inform\u00f3 hoy.<!--more--><\/p>\n<p>Asimismo, otro megarrayo super\u00f3 el r\u00e9cord de mayor extensi\u00f3n, registrado en abril de 2020 en el sur de Estados Unidos, inform\u00f3 la agencia Europa Press.<\/p>\n<p>El megarrayo certificado como de mayor duraci\u00f3n produjo su descarga de forma continuada durante 17,102 (+- 0,002 segundos) en el marco de una tormenta que se form\u00f3 sobre Uruguay y el norte de Argentina el 18 de junio de 2020.<\/p>\n<p>El anterior r\u00e9cord de mayor duraci\u00f3n de un megarrayo se hab\u00eda observado en el norte de Argentina el 4 de marzo de 2019, cuando su descarga se produjo de forma continuada durante 16,73 segundos, 0,37 segundos m\u00e1s breve que el nuevo r\u00e9cord.<\/p>\n<p>Respecto del de mayor extensi\u00f3n, cubri\u00f3 una distancia horizontal de unos 768 km. (+- un margen de 8 kil\u00f3metros) por el sur de Estados Unidos el 29 de abril de 2020.<\/p>\n<p>Ese registro equivale a la distancia entre las ciudades estadounidenses de Nueva York y Columbus (Ohio), o entre Londres y la ciudad alemana de Hamburgo.<\/p>\n<p>El nuevo valor de mayor distancia recorrida por un rayo supera en 60 kil\u00f3metros al r\u00e9cord anterior, que se produjo a lo largo de 709 (+- 8 kil\u00f3metros) a trav\u00e9s del sur de Brasil, el 31 de octubre de 2018.<\/p>\n<p>El Comit\u00e9 de la OMM encargado de los fen\u00f3menos meteorol\u00f3gicos y clim\u00e1ticos extremos lleva un registro oficial de estos a escala regional, hemisf\u00e9rica y mundial reconoci\u00f3 estos r\u00e9cord, agreg\u00f3 Europa Press.<\/p>\n<p>Los dos nuevos r\u00e9cords se establecieron en zonas conocidas por estos fen\u00f3menos en Am\u00e9rica del Norte y del Sur, a saber, las Grandes Llanuras en Am\u00e9rica del Norte y la Cuenca del Plata en Am\u00e9rica del Sur.<\/p>\n<p>\u00abLos rayos son un peligro importante y muchas personas mueren cada a\u00f1o. Estos nuevos registros ponen de manifiesto la grave preocupaci\u00f3n por la seguridad p\u00fablica asociada a las nubes electrificadas que producen rayos que pueden recorrer distancias considerables\u00bb, afirm\u00f3 el secretario general de la OMM, Petteri Taalas, seg\u00fan la agencia AFP.<\/p>\n<p>Los nuevos r\u00e9cords validados por la OMM, que mantiene el registro oficial de fen\u00f3menos extremos a nivel mundial, hemisf\u00e9rico y regional, se publicaron en el Bulletin of the American Meteorological Society.<\/p>\n<p>\u00abLas mediciones de fen\u00f3menos medioambientales extremos son una prueba viviente de toda la fuerza de la naturaleza, as\u00ed como de los avances cient\u00edficos que ahora nos permiten realizar esas evaluaciones. Es probable que existan fen\u00f3menos extremos a\u00fan mayores y que podamos observarlos a medida que evolucione la tecnolog\u00eda de detecci\u00f3n de rayos\u00bb, dijo por su parte el ponente de la OMM sobre registros mundiales de fen\u00f3menos meteorol\u00f3gicos y clim\u00e1ticos extremos, Randall Cerveny.<\/p>\n<p>\u00abEstas descargas extremadamente extensas y de larga duraci\u00f3n no fueron episodios aislados, sino que se produjeron en el marco de tormentas activas. Cada vez que se oyen truenos, es momento de buscar un lugar seguro para protegerse de los rayos\u00bb, se\u00f1al\u00f3 el especialista en rayos y miembro de dicho comit\u00e9 Ron Holle.<\/p>\n<p>Holle record\u00f3 que los \u00fanicos lugares donde los rayos no constituyen una amenaza son los edificios de envergadura que cuentan con redes de cableado y de tuber\u00edas, no estructuras como las instaladas en la playa ni tampoco las paradas de autob\u00fas.<\/p>\n<p>A\u00f1adi\u00f3 que otro de los lugares considerados seguros es el interior de los veh\u00edculos con techo met\u00e1lico completamente cerrado, no los buggies ni las motocicletas.<\/p>\n<p>Por ello, aconsej\u00f3 que si se dispone de datos fiables que indiquen la presencia de rayos en un radio de 10 kil\u00f3metros, deber\u00e1 buscarse refugio en un edificio o veh\u00edculo que brinde protecci\u00f3n frente a los rayos.<\/p>\n<p>\u00abA pesar de tener un gran impacto en nuestra vida cotidiana, los rayos son un fen\u00f3meno natural asombrosamente esquivo y complejo. En la actualidad, disponemos de excelentes mediciones de sus m\u00faltiples facetas, y ello nos permite descubrir nuevos y sorprendentes aspectos de su comportamiento. Ahora que contamos con un registro s\u00f3lido de esos rayos monstruosos, podemos empezar a entender c\u00f3mo se producen y estimar los desmesurados efectos que tienen\u00bb, destac\u00f3 a su vez el autor principal y miembro del comit\u00e9 de evaluaci\u00f3n del Grupo de Espacio y Teledetecci\u00f3n (ISR-2) del Laboratorio Nacional de Los \u00c1lamos (Estados Unidos), Michael Peterson.<\/p>\n<p>\u00abHay muchas cosas que todav\u00eda no sabemos acerca de estos monstruos, pero como cient\u00edfico que comienza su carrera, es un privilegio trabajar con mis colegas en la vanguardia de esta nueva y apasionante esfera de investigaci\u00f3n y ampliar nuestra comprensi\u00f3n sobre lo que los rayos son capaces de hacer\u00bb, concluy\u00f3.<\/p>\n<\/div>\n<p><!--more--><\/p>\n","protected":false},"excerpt":{"rendered":"<p>Un \u00abmegarrayo\u00bb, que recorri\u00f3 Uruguay y Argentina en junio de 2020, fue validado con el nuevo r\u00e9cord mundial de duraci\u00f3n por la Organizaci\u00f3n Meteorol\u00f3gica Mundial (OMM), se inform\u00f3 hoy.<\/p>\n","protected":false},"author":3,"featured_media":67665,"comment_status":"closed","ping_status":"closed","sticky":false,"template":"","format":"standard","meta":{"footnotes":""},"categories":[46,26],"tags":[],"class_list":["post-67664","post","type-post","status-publish","format-standard","has-post-thumbnail","hentry","category-ciencia-y-tecnologia","category-sociedad"],"yoast_head":"<!-- This site is optimized with the Yoast SEO plugin v25.9 - https:\/\/yoast.com\/wordpress\/plugins\/seo\/ -->\n<title>Un &quot;megarrayo&quot;, que recorri\u00f3 Uruguay y Argentina, tiene el nuevo r\u00e9cord mundial de duraci\u00f3n - Noticias Radio Reflejos<\/title>\n<meta name=\"robots\" content=\"index, follow, max-snippet:-1, max-image-preview:large, max-video-preview:-1\" \/>\n<link rel=\"canonical\" href=\"https:\/\/www.noticiasradioreflejos.com.ar\/2021\/un-megarrayo-que-recorrio-uruguay-y-argentina-tiene-el-nuevo-record-mundial-de-duracion\/\" \/>\n<meta property=\"og:locale\" content=\"es_ES\" \/>\n<meta property=\"og:type\" content=\"article\" \/>\n<meta property=\"og:title\" content=\"Un &quot;megarrayo&quot;, que recorri\u00f3 Uruguay y Argentina, tiene el nuevo r\u00e9cord mundial de duraci\u00f3n - Noticias Radio Reflejos\" \/>\n<meta property=\"og:description\" content=\"Un \u00abmegarrayo\u00bb, que recorri\u00f3 Uruguay y Argentina en junio de 2020, fue validado con el nuevo r\u00e9cord mundial de duraci\u00f3n por la Organizaci\u00f3n Meteorol\u00f3gica Mundial (OMM), se inform\u00f3 hoy.\" \/>\n<meta property=\"og:url\" content=\"https:\/\/www.noticiasradioreflejos.com.ar\/2021\/un-megarrayo-que-recorrio-uruguay-y-argentina-tiene-el-nuevo-record-mundial-de-duracion\/\" \/>\n<meta property=\"og:site_name\" content=\"Noticias Radio Reflejos\" \/>\n<meta property=\"article:published_time\" content=\"2022-02-01T11:09:02+00:00\" \/>\n<meta property=\"og:image\" content=\"https:\/\/www.noticiasradioreflejos.com.ar\/2021\/wp-content\/uploads\/2022\/02\/megarayo.jpg\" \/>\n\t<meta property=\"og:image:width\" content=\"900\" \/>\n\t<meta property=\"og:image:height\" content=\"600\" \/>\n\t<meta property=\"og:image:type\" content=\"image\/jpeg\" \/>\n<meta name=\"author\" content=\"Arnaldo Botto\" \/>\n<meta name=\"twitter:card\" content=\"summary_large_image\" \/>\n<script type=\"application\/ld+json\" class=\"yoast-schema-graph\">{\"@context\":\"https:\/\/schema.org\",\"@graph\":[{\"@type\":\"WebPage\",\"@id\":\"https:\/\/www.noticiasradioreflejos.com.ar\/2021\/un-megarrayo-que-recorrio-uruguay-y-argentina-tiene-el-nuevo-record-mundial-de-duracion\/\",\"url\":\"https:\/\/www.noticiasradioreflejos.com.ar\/2021\/un-megarrayo-que-recorrio-uruguay-y-argentina-tiene-el-nuevo-record-mundial-de-duracion\/\",\"name\":\"Un \\\"megarrayo\\\", que recorri\u00f3 Uruguay y Argentina, tiene el nuevo r\u00e9cord mundial de duraci\u00f3n - Noticias Radio Reflejos\",\"isPartOf\":{\"@id\":\"https:\/\/www.noticiasradioreflejos.com.ar\/2021\/#website\"},\"primaryImageOfPage\":{\"@id\":\"https:\/\/www.noticiasradioreflejos.com.ar\/2021\/un-megarrayo-que-recorrio-uruguay-y-argentina-tiene-el-nuevo-record-mundial-de-duracion\/#primaryimage\"},\"image\":{\"@id\":\"https:\/\/www.noticiasradioreflejos.com.ar\/2021\/un-megarrayo-que-recorrio-uruguay-y-argentina-tiene-el-nuevo-record-mundial-de-duracion\/#primaryimage\"},\"thumbnailUrl\":\"https:\/\/www.noticiasradioreflejos.com.ar\/2021\/wp-content\/uploads\/2022\/02\/megarayo.jpg\",\"datePublished\":\"2022-02-01T11:09:02+00:00\",\"author\":{\"@id\":\"https:\/\/www.noticiasradioreflejos.com.ar\/2021\/#\/schema\/person\/ad82545263dcc5ec0996818884fd5fb1\"},\"breadcrumb\":{\"@id\":\"https:\/\/www.noticiasradioreflejos.com.ar\/2021\/un-megarrayo-que-recorrio-uruguay-y-argentina-tiene-el-nuevo-record-mundial-de-duracion\/#breadcrumb\"},\"inLanguage\":\"es\",\"potentialAction\":[{\"@type\":\"ReadAction\",\"target\":[\"https:\/\/www.noticiasradioreflejos.com.ar\/2021\/un-megarrayo-que-recorrio-uruguay-y-argentina-tiene-el-nuevo-record-mundial-de-duracion\/\"]}]},{\"@type\":\"ImageObject\",\"inLanguage\":\"es\",\"@id\":\"https:\/\/www.noticiasradioreflejos.com.ar\/2021\/un-megarrayo-que-recorrio-uruguay-y-argentina-tiene-el-nuevo-record-mundial-de-duracion\/#primaryimage\",\"url\":\"https:\/\/www.noticiasradioreflejos.com.ar\/2021\/wp-content\/uploads\/2022\/02\/megarayo.jpg\",\"contentUrl\":\"https:\/\/www.noticiasradioreflejos.com.ar\/2021\/wp-content\/uploads\/2022\/02\/megarayo.jpg\",\"width\":900,\"height\":600},{\"@type\":\"BreadcrumbList\",\"@id\":\"https:\/\/www.noticiasradioreflejos.com.ar\/2021\/un-megarrayo-que-recorrio-uruguay-y-argentina-tiene-el-nuevo-record-mundial-de-duracion\/#breadcrumb\",\"itemListElement\":[{\"@type\":\"ListItem\",\"position\":1,\"name\":\"Portada\",\"item\":\"https:\/\/www.noticiasradioreflejos.com.ar\/2021\/\"},{\"@type\":\"ListItem\",\"position\":2,\"name\":\"Un \u00abmegarrayo\u00bb, que recorri\u00f3 Uruguay y Argentina, tiene el nuevo r\u00e9cord mundial de duraci\u00f3n\"}]},{\"@type\":\"WebSite\",\"@id\":\"https:\/\/www.noticiasradioreflejos.com.ar\/2021\/#website\",\"url\":\"https:\/\/www.noticiasradioreflejos.com.ar\/2021\/\",\"name\":\"Noticias Radio Reflejos\",\"description\":\"Las noticias de mi comarca\",\"potentialAction\":[{\"@type\":\"SearchAction\",\"target\":{\"@type\":\"EntryPoint\",\"urlTemplate\":\"https:\/\/www.noticiasradioreflejos.com.ar\/2021\/?s={search_term_string}\"},\"query-input\":{\"@type\":\"PropertyValueSpecification\",\"valueRequired\":true,\"valueName\":\"search_term_string\"}}],\"inLanguage\":\"es\"},{\"@type\":\"Person\",\"@id\":\"https:\/\/www.noticiasradioreflejos.com.ar\/2021\/#\/schema\/person\/ad82545263dcc5ec0996818884fd5fb1\",\"name\":\"Arnaldo Botto\",\"image\":{\"@type\":\"ImageObject\",\"inLanguage\":\"es\",\"@id\":\"https:\/\/www.noticiasradioreflejos.com.ar\/2021\/#\/schema\/person\/image\/\",\"url\":\"https:\/\/secure.gravatar.com\/avatar\/55cb5e37c1efa326397366e6974cb338056df65cb50e7d64d1cf314e87504837?s=96&d=mm&r=g\",\"contentUrl\":\"https:\/\/secure.gravatar.com\/avatar\/55cb5e37c1efa326397366e6974cb338056df65cb50e7d64d1cf314e87504837?s=96&d=mm&r=g\",\"caption\":\"Arnaldo Botto\"},\"url\":\"https:\/\/www.noticiasradioreflejos.com.ar\/2021\/author\/arnaldo\/\"}]}<\/script>\n<!-- \/ Yoast SEO plugin. -->","yoast_head_json":{"title":"Un \"megarrayo\", que recorri\u00f3 Uruguay y Argentina, tiene el nuevo r\u00e9cord mundial de duraci\u00f3n - Noticias Radio Reflejos","robots":{"index":"index","follow":"follow","max-snippet":"max-snippet:-1","max-image-preview":"max-image-preview:large","max-video-preview":"max-video-preview:-1"},"canonical":"https:\/\/www.noticiasradioreflejos.com.ar\/2021\/un-megarrayo-que-recorrio-uruguay-y-argentina-tiene-el-nuevo-record-mundial-de-duracion\/","og_locale":"es_ES","og_type":"article","og_title":"Un \"megarrayo\", que recorri\u00f3 Uruguay y Argentina, tiene el nuevo r\u00e9cord mundial de duraci\u00f3n - Noticias Radio Reflejos","og_description":"Un \u00abmegarrayo\u00bb, que recorri\u00f3 Uruguay y Argentina en junio de 2020, fue validado con el nuevo r\u00e9cord mundial de duraci\u00f3n por la Organizaci\u00f3n Meteorol\u00f3gica Mundial (OMM), se inform\u00f3 hoy.","og_url":"https:\/\/www.noticiasradioreflejos.com.ar\/2021\/un-megarrayo-que-recorrio-uruguay-y-argentina-tiene-el-nuevo-record-mundial-de-duracion\/","og_site_name":"Noticias Radio Reflejos","article_published_time":"2022-02-01T11:09:02+00:00","og_image":[{"width":900,"height":600,"url":"https:\/\/www.noticiasradioreflejos.com.ar\/2021\/wp-content\/uploads\/2022\/02\/megarayo.jpg","type":"image\/jpeg"}],"author":"Arnaldo Botto","twitter_card":"summary_large_image","schema":{"@context":"https:\/\/schema.org","@graph":[{"@type":"WebPage","@id":"https:\/\/www.noticiasradioreflejos.com.ar\/2021\/un-megarrayo-que-recorrio-uruguay-y-argentina-tiene-el-nuevo-record-mundial-de-duracion\/","url":"https:\/\/www.noticiasradioreflejos.com.ar\/2021\/un-megarrayo-que-recorrio-uruguay-y-argentina-tiene-el-nuevo-record-mundial-de-duracion\/","name":"Un \"megarrayo\", que recorri\u00f3 Uruguay y Argentina, tiene el nuevo r\u00e9cord mundial de duraci\u00f3n - Noticias Radio Reflejos","isPartOf":{"@id":"https:\/\/www.noticiasradioreflejos.com.ar\/2021\/#website"},"primaryImageOfPage":{"@id":"https:\/\/www.noticiasradioreflejos.com.ar\/2021\/un-megarrayo-que-recorrio-uruguay-y-argentina-tiene-el-nuevo-record-mundial-de-duracion\/#primaryimage"},"image":{"@id":"https:\/\/www.noticiasradioreflejos.com.ar\/2021\/un-megarrayo-que-recorrio-uruguay-y-argentina-tiene-el-nuevo-record-mundial-de-duracion\/#primaryimage"},"thumbnailUrl":"https:\/\/www.noticiasradioreflejos.com.ar\/2021\/wp-content\/uploads\/2022\/02\/megarayo.jpg","datePublished":"2022-02-01T11:09:02+00:00","author":{"@id":"https:\/\/www.noticiasradioreflejos.com.ar\/2021\/#\/schema\/person\/ad82545263dcc5ec0996818884fd5fb1"},"breadcrumb":{"@id":"https:\/\/www.noticiasradioreflejos.com.ar\/2021\/un-megarrayo-que-recorrio-uruguay-y-argentina-tiene-el-nuevo-record-mundial-de-duracion\/#breadcrumb"},"inLanguage":"es","potentialAction":[{"@type":"ReadAction","target":["https:\/\/www.noticiasradioreflejos.com.ar\/2021\/un-megarrayo-que-recorrio-uruguay-y-argentina-tiene-el-nuevo-record-mundial-de-duracion\/"]}]},{"@type":"ImageObject","inLanguage":"es","@id":"https:\/\/www.noticiasradioreflejos.com.ar\/2021\/un-megarrayo-que-recorrio-uruguay-y-argentina-tiene-el-nuevo-record-mundial-de-duracion\/#primaryimage","url":"https:\/\/www.noticiasradioreflejos.com.ar\/2021\/wp-content\/uploads\/2022\/02\/megarayo.jpg","contentUrl":"https:\/\/www.noticiasradioreflejos.com.ar\/2021\/wp-content\/uploads\/2022\/02\/megarayo.jpg","width":900,"height":600},{"@type":"BreadcrumbList","@id":"https:\/\/www.noticiasradioreflejos.com.ar\/2021\/un-megarrayo-que-recorrio-uruguay-y-argentina-tiene-el-nuevo-record-mundial-de-duracion\/#breadcrumb","itemListElement":[{"@type":"ListItem","position":1,"name":"Portada","item":"https:\/\/www.noticiasradioreflejos.com.ar\/2021\/"},{"@type":"ListItem","position":2,"name":"Un \u00abmegarrayo\u00bb, que recorri\u00f3 Uruguay y Argentina, tiene el nuevo r\u00e9cord mundial de duraci\u00f3n"}]},{"@type":"WebSite","@id":"https:\/\/www.noticiasradioreflejos.com.ar\/2021\/#website","url":"https:\/\/www.noticiasradioreflejos.com.ar\/2021\/","name":"Noticias Radio Reflejos","description":"Las noticias de mi comarca","potentialAction":[{"@type":"SearchAction","target":{"@type":"EntryPoint","urlTemplate":"https:\/\/www.noticiasradioreflejos.com.ar\/2021\/?s={search_term_string}"},"query-input":{"@type":"PropertyValueSpecification","valueRequired":true,"valueName":"search_term_string"}}],"inLanguage":"es"},{"@type":"Person","@id":"https:\/\/www.noticiasradioreflejos.com.ar\/2021\/#\/schema\/person\/ad82545263dcc5ec0996818884fd5fb1","name":"Arnaldo Botto","image":{"@type":"ImageObject","inLanguage":"es","@id":"https:\/\/www.noticiasradioreflejos.com.ar\/2021\/#\/schema\/person\/image\/","url":"https:\/\/secure.gravatar.com\/avatar\/55cb5e37c1efa326397366e6974cb338056df65cb50e7d64d1cf314e87504837?s=96&d=mm&r=g","contentUrl":"https:\/\/secure.gravatar.com\/avatar\/55cb5e37c1efa326397366e6974cb338056df65cb50e7d64d1cf314e87504837?s=96&d=mm&r=g","caption":"Arnaldo Botto"},"url":"https:\/\/www.noticiasradioreflejos.com.ar\/2021\/author\/arnaldo\/"}]}},"_links":{"self":[{"href":"https:\/\/www.noticiasradioreflejos.com.ar\/2021\/wp-json\/wp\/v2\/posts\/67664","targetHints":{"allow":["GET"]}}],"collection":[{"href":"https:\/\/www.noticiasradioreflejos.com.ar\/2021\/wp-json\/wp\/v2\/posts"}],"about":[{"href":"https:\/\/www.noticiasradioreflejos.com.ar\/2021\/wp-json\/wp\/v2\/types\/post"}],"author":[{"embeddable":true,"href":"https:\/\/www.noticiasradioreflejos.com.ar\/2021\/wp-json\/wp\/v2\/users\/3"}],"replies":[{"embeddable":true,"href":"https:\/\/www.noticiasradioreflejos.com.ar\/2021\/wp-json\/wp\/v2\/comments?post=67664"}],"version-history":[{"count":1,"href":"https:\/\/www.noticiasradioreflejos.com.ar\/2021\/wp-json\/wp\/v2\/posts\/67664\/revisions"}],"predecessor-version":[{"id":67666,"href":"https:\/\/www.noticiasradioreflejos.com.ar\/2021\/wp-json\/wp\/v2\/posts\/67664\/revisions\/67666"}],"wp:featuredmedia":[{"embeddable":true,"href":"https:\/\/www.noticiasradioreflejos.com.ar\/2021\/wp-json\/wp\/v2\/media\/67665"}],"wp:attachment":[{"href":"https:\/\/www.noticiasradioreflejos.com.ar\/2021\/wp-json\/wp\/v2\/media?parent=67664"}],"wp:term":[{"taxonomy":"category","embeddable":true,"href":"https:\/\/www.noticiasradioreflejos.com.ar\/2021\/wp-json\/wp\/v2\/categories?post=67664"},{"taxonomy":"post_tag","embeddable":true,"href":"https:\/\/www.noticiasradioreflejos.com.ar\/2021\/wp-json\/wp\/v2\/tags?post=67664"}],"curies":[{"name":"wp","href":"https:\/\/api.w.org\/{rel}","templated":true}]}}