{"id":67649,"date":"2022-01-31T22:50:21","date_gmt":"2022-01-31T22:50:21","guid":{"rendered":"http:\/\/www.noticiasradioreflejos.com.ar\/2021\/?p=67649"},"modified":"2022-01-31T23:10:53","modified_gmt":"2022-01-31T23:10:53","slug":"maximo-kirchner-renuncio-a-la-presidencia-del-bloque-de-diputados-del-frente-de-todos","status":"publish","type":"post","link":"https:\/\/www.noticiasradioreflejos.com.ar\/2021\/maximo-kirchner-renuncio-a-la-presidencia-del-bloque-de-diputados-del-frente-de-todos\/","title":{"rendered":"M\u00e1ximo Kirchner renunci\u00f3 a la presidencia del bloque de Diputados del Frente de Todos"},"content":{"rendered":"<p>El hasta hoy titular de la bancada oficialista explic\u00f3 que no comparte \u00abla estrategia utilizada\u00bb ni \u00ablos resultados obtenidos\u00bb en la negociaci\u00f3n entre el Gobierno Nacional con el Fondo Monetario Internacional (FMI).<!--more--><\/p>\n<div class=\"nd-buttons-container\"><\/div>\n<article class=\"article\">\n<div class=\"nd-body-article\">\n<div class=\"visual__image \"><img loading=\"lazy\" decoding=\"async\" src=\"https:\/\/www.infobae.com\/new-resizer\/xskfYo9147M4SHb7EyYbiZJjj7E=\/420x236\/filters:format(webp):quality(85)\/cloudfront-us-east-1.images.arcpublishing.com\/infobae\/LCRJL3HDURGKZLXSRBW3BOOA7I.jpg%20420w\" sizes=\"auto, (min-width: 800px) 50vw, 90vw\" srcset=\"https:\/\/www.infobae.com\/new-resizer\/xskfYo9147M4SHb7EyYbiZJjj7E=\/420x236\/filters:format(webp):quality(85)\/cloudfront-us-east-1.images.arcpublishing.com\/infobae\/LCRJL3HDURGKZLXSRBW3BOOA7I.jpg 420w,https:\/\/www.infobae.com\/new-resizer\/JXK8uDQSH92c_fTVeMs1l2xmYlo=\/768x432\/filters:format(webp):quality(85)\/cloudfront-us-east-1.images.arcpublishing.com\/infobae\/LCRJL3HDURGKZLXSRBW3BOOA7I.jpg 768w,https:\/\/www.infobae.com\/new-resizer\/XFegdqY58sszjUeKk38PZpwB3Zc=\/992x558\/filters:format(webp):quality(85)\/cloudfront-us-east-1.images.arcpublishing.com\/infobae\/LCRJL3HDURGKZLXSRBW3BOOA7I.jpg 992w,https:\/\/www.infobae.com\/new-resizer\/qLuxhMnklklr-sOp742UxnDjhcs=\/1200x675\/filters:format(webp):quality(85)\/cloudfront-us-east-1.images.arcpublishing.com\/infobae\/LCRJL3HDURGKZLXSRBW3BOOA7I.jpg 1200w,https:\/\/www.infobae.com\/new-resizer\/a-YmhFAo_De6oomGIvSvYHbebEU=\/1440x810\/filters:format(webp):quality(85)\/cloudfront-us-east-1.images.arcpublishing.com\/infobae\/LCRJL3HDURGKZLXSRBW3BOOA7I.jpg 1440w\" alt=\"M\u00e1ximo Kirchner\" width=\"1920\" height=\"1080\" \/>M\u00e1ximo Kirchner<\/div>\n<p class=\"paragraph\">En desacuerdo con la estrategia utilizada por el Gobierno para acordar con el Fondo Monetario Internacional la reestructuraci\u00f3n de la deuda contra\u00edda por el gobierno de Mauricio Macri,\u00a0<b>M\u00e1ximo Kirchner renunci\u00f3 a la presidencia del bloque del Frente de Todos en la C\u00e1mara de Diputados.\u00a0<\/b>De esta manera, explicit\u00f3 que<b>\u00a0el kirchnerismo duro no avala lo anunciado por Alberto Fern\u00e1ndez el \u00faltimo viernes.<\/b><\/p>\n<p class=\"paragraph\">\u201cHe tomado la decisi\u00f3n de no continuar a cargo de la presidencia del Bloque de Diputados del Frente de Todos.\u00a0<mark class=\"hl_yellow\">Esta decisi\u00f3n nace de no compartir la estrategia utilizada y mucho menos los resultados obtenidos en la negociaci\u00f3n con el Fondo Monetario Internacional (FMI), llevada adelante exclusivamente por el gabinete econ\u00f3mico y el grupo negociador que responde y cuenta con la absoluta confianza del Presidente de la Naci\u00f3n, a quien nunca dej\u00e9 de decirle mi visi\u00f3n para no llegar a este resultado\u201d<\/mark>, comenz\u00f3 el comunicado del diputado nacional.<\/p>\n<p class=\"paragraph\">A continuaci\u00f3n, aclaro que permanecer\u00e1 \u201cdentro del bloque para facilitar la tarea del Presidente y su entorno\u201d, aunque consider\u00f3 que \u201c<b>es mejor dar un paso al costado para que, de esa manera, \u00e9l pueda elegir a alguien que crea en este programa del Fondo Monetario Internacional<\/b>, no s\u00f3lo en lo inmediato sino tambi\u00e9n mirando m\u00e1s all\u00e1 del 10 de diciembre del 2023\u2033.<\/p>\n<p class=\"paragraph\">En el escrito, M\u00e1ximo Kirchner record\u00f3 que en 2018 \u201cMauricio Macri trajo de regreso a la Argentina al FMI\u201d, al que N\u00e9stor Kirchner hab\u00eda logrado \u201cdesterrar\u201d a trav\u00e9s de la\u00a0<b>cancelaci\u00f3n de una deuda de 9.800 millones de d\u00f3lares<\/b>. En esa misma direcci\u00f3n, opin\u00f3 que el organismo es el \u201cdetonante clave en cada crisis econ\u00f3mica desde la vuelta de la democracia\u201d.\u00a0<mark class=\"hl_yellow\">\u201cSab\u00edamos que este ser\u00eda el problema m\u00e1s grande para nuestro pa\u00eds. Sobre todo por la magnitud y excepcionalidad del pr\u00e9stamo que alcanzara los 57.000 millones de d\u00f3lares (casi 6 veces el monto cancelado en el a\u00f1o 2005) y del cual se desembolsaron 44.500 millones de d\u00f3lares en s\u00f3lo un a\u00f1o, perdonando adem\u00e1s, todos y cada uno de los incumplimientos del Gobierno de Macri y violando su propio Estatuto constitutivo. Macri ten\u00eda que ganar la elecci\u00f3n\u201d<\/mark>, afirm\u00f3 el ahora ex titular del bloque oficialista.<\/p>\n<div class=\"visual__image \"><img loading=\"lazy\" decoding=\"async\" src=\"https:\/\/www.infobae.com\/new-resizer\/hRg4BFhVoktz8ViWdLkvQxZg-w8=\/420x236\/filters:format(webp):quality(85)\/cloudfront-us-east-1.images.arcpublishing.com\/infobae\/NJRADJ63XZCXLDNA7JGGNZW2SM.jpg%20420w\" sizes=\"auto, (min-width: 800px) 50vw, 90vw\" srcset=\"https:\/\/www.infobae.com\/new-resizer\/hRg4BFhVoktz8ViWdLkvQxZg-w8=\/420x236\/filters:format(webp):quality(85)\/cloudfront-us-east-1.images.arcpublishing.com\/infobae\/NJRADJ63XZCXLDNA7JGGNZW2SM.jpg 420w,https:\/\/www.infobae.com\/new-resizer\/Pv9YnFvVwMKk6yCgxrBJQ3nw774=\/768x432\/filters:format(webp):quality(85)\/cloudfront-us-east-1.images.arcpublishing.com\/infobae\/NJRADJ63XZCXLDNA7JGGNZW2SM.jpg 768w,https:\/\/www.infobae.com\/new-resizer\/IEyqn-pZfX6kyn7-ucdhdJpvYS4=\/992x558\/filters:format(webp):quality(85)\/cloudfront-us-east-1.images.arcpublishing.com\/infobae\/NJRADJ63XZCXLDNA7JGGNZW2SM.jpg 992w,https:\/\/www.infobae.com\/new-resizer\/saX921dBNqKnFRMKNNVcW1mLfTk=\/1200x675\/filters:format(webp):quality(85)\/cloudfront-us-east-1.images.arcpublishing.com\/infobae\/NJRADJ63XZCXLDNA7JGGNZW2SM.jpg 1200w,https:\/\/www.infobae.com\/new-resizer\/vjcljlVUI69MWmAzRLSmOh7nwhs=\/1440x810\/filters:format(webp):quality(85)\/cloudfront-us-east-1.images.arcpublishing.com\/infobae\/NJRADJ63XZCXLDNA7JGGNZW2SM.jpg 1440w\" alt=\"&quot;Ser\u00eda m\u00e1s que incorrecto aferrarse a la Presidencia del Bloque cuando no se puede acompa\u00f1ar un proyecto de una centralidad tan decisiva en t\u00e9rminos del presente y los a\u00f1os que vendr\u00e1n&quot;, explic\u00f3 M\u00e1ximo Kirchner\" width=\"1280\" height=\"719\" \/>\u00abSer\u00eda m\u00e1s que incorrecto aferrarse a la Presidencia del Bloque cuando no se puede acompa\u00f1ar un proyecto de una centralidad tan decisiva en t\u00e9rminos del presente y los a\u00f1os que vendr\u00e1n\u00bb, explic\u00f3 M\u00e1ximo Kirchner<\/div>\n<p class=\"paragraph\">\u201cEl FMI demuestra que lo importante no son las razones ya que s\u00f3lo se trata de fuerza. Quiz\u00e1s su nombre debiera ser Fuerza Monetaria Internacional. Y como veo que siempre se interesan por los gastos, podr\u00edan ahorrar en economistas caros ya que para hacer lo que hacen s\u00f3lo basta con gente que sepa apretar prometiendo el infierno si no se hace lo que ellos quieren\u201d, continu\u00f3 M\u00e1ximo.<\/p>\n<p class=\"paragraph\">Y enseguida volvi\u00f3 a fundamentar su decisi\u00f3n: \u201cSer\u00eda m\u00e1s que incorrecto aferrarse a la Presidencia del Bloque\u00a0<b>cuando no se puede acompa\u00f1ar un proyecto de una centralidad tan decisiva en t\u00e9rminos del presente y los a\u00f1os que vendr\u00e1n<\/b>. Algunos se preguntaran qu\u00e9 opci\u00f3n ofrezco. En principio, llamar a las cosas por su nombre:\u00a0<b>no hablar de una dura negociaci\u00f3n cuando no lo fue y mucho menos hablar de \u2018beneficios\u2019<\/b>. La realidad es dura. Vi al presidente Kirchner quemar su vida en este tipo de situaciones\u201d.<\/p>\n<p class=\"paragraph\">Asimismo, asegur\u00f3 que \u201cning\u00fan Diputado ni Diputada de nuestro bloque recibi\u00f3 una instrucci\u00f3n para expresarse en contra de la imposici\u00f3n del Fondo\u201d, pero que tambi\u00e9n es cierto que \u201cno recibieron una instrucci\u00f3n para hacerlo en su favor\u201d.\u00a0<mark class=\"hl_yellow\">\u201cY es por ello mismo que decido liberar al Presidente para que no se sienta \u2018presionado\u2019, como tantas otras veces ha hecho trascender su entorno. \u00bfPresionar? No. Eso lo hace el Fondo Monetario Internacional\u201d<\/mark>, a\u00f1adi\u00f3.<\/p>\n<p class=\"paragraph\">Ya casi sobre el final del comunicado, M\u00e1ximo Kirchner prometi\u00f3 seguir trabajando como \u201chasta ahora\u201d, en una agenda que incluye leyes como Humedales, Producci\u00f3n de Cannabis Medicinal y C\u00e1\u00f1amo Industrial, Acceso a la Tierra, Envases, Fomento al Desarrollo agro-industrial Federal e Inclusivo y Promoci\u00f3n de la Industria Automotriz.<\/p>\n<p class=\"paragraph\">\u201cPor comprensi\u00f3n hist\u00f3rica, por mandato popular y por decisi\u00f3n pol\u00edtica, mi postura no busca se\u00f1alar a quienes acompa\u00f1an de manera cr\u00edtica o directamente festejan, como he le\u00eddo.\u00a0<mark class=\"hl_yellow\">Ojal\u00e1 todo salga en los pr\u00f3ximos a\u00f1os como el sistema pol\u00edtico, econ\u00f3mico y medi\u00e1tico argentino promete y mis palabras sean las de alguien que en base a la experiencia hist\u00f3rica solo se equivoc\u00f3 y no hizo otra cosa que dejar un lugar para seguir ayudando. No busco estar a la izquierda, ni mucho menos a la derecha de nadie, categor\u00edas que ya no alcanzan para explicar la realidad\u201d<\/mark>, concluy\u00f3 el diputado nacional.<\/p>\n<p><a title=\"Comunicado de M\u00e1ximo (1)\" href=\"https:\/\/www.flickr.com\/photos\/182279889@N02\/51854045622\/in\/dateposted-public\/\" data-flickr-embed=\"true\"><img loading=\"lazy\" decoding=\"async\" src=\"https:\/\/live.staticflickr.com\/65535\/51854045622_b2414f5811_c.jpg\" alt=\"Comunicado de M\u00e1ximo (1)\" width=\"614\" height=\"800\" \/><\/a><script async src=\"\/\/embedr.flickr.com\/assets\/client-code.js\" charset=\"utf-8\"><\/script><br \/>\n<a title=\"Comunicado de M\u00e1ximo (2)\" href=\"https:\/\/www.flickr.com\/photos\/182279889@N02\/51855334044\/in\/dateposted-public\/\" data-flickr-embed=\"true\"><img loading=\"lazy\" decoding=\"async\" src=\"https:\/\/live.staticflickr.com\/65535\/51855334044_c4ef2cf4a9_c.jpg\" alt=\"Comunicado de M\u00e1ximo (2)\" width=\"600\" height=\"800\" \/><\/a><script async src=\"\/\/embedr.flickr.com\/assets\/client-code.js\" charset=\"utf-8\"><\/script><\/p>\n<\/div>\n<p><strong>Fuente Infobae<\/strong><\/p>\n<\/article>\n","protected":false},"excerpt":{"rendered":"<p>El hasta hoy titular de la bancada oficialista explic\u00f3 que no comparte \u00abla estrategia utilizada\u00bb ni \u00ablos resultados obtenidos\u00bb en la negociaci\u00f3n entre el Gobierno Nacional con el Fondo Monetario Internacional (FMI).<\/p>\n","protected":false},"author":3,"featured_media":0,"comment_status":"closed","ping_status":"closed","sticky":false,"template":"","format":"standard","meta":{"footnotes":""},"categories":[24,26],"tags":[],"class_list":["post-67649","post","type-post","status-publish","format-standard","hentry","category-politica","category-sociedad"],"yoast_head":"<!-- This site is optimized with the Yoast SEO plugin v25.9 - https:\/\/yoast.com\/wordpress\/plugins\/seo\/ -->\n<title>M\u00e1ximo Kirchner renunci\u00f3 a la presidencia del bloque de Diputados del Frente de Todos - Noticias Radio Reflejos<\/title>\n<meta name=\"robots\" content=\"index, follow, max-snippet:-1, max-image-preview:large, max-video-preview:-1\" \/>\n<link rel=\"canonical\" href=\"https:\/\/www.noticiasradioreflejos.com.ar\/2021\/maximo-kirchner-renuncio-a-la-presidencia-del-bloque-de-diputados-del-frente-de-todos\/\" \/>\n<meta property=\"og:locale\" content=\"es_ES\" \/>\n<meta property=\"og:type\" content=\"article\" \/>\n<meta property=\"og:title\" content=\"M\u00e1ximo Kirchner renunci\u00f3 a la presidencia del bloque de Diputados del Frente de Todos - Noticias Radio Reflejos\" \/>\n<meta property=\"og:description\" content=\"El hasta hoy titular de la bancada oficialista explic\u00f3 que no comparte \u00abla estrategia utilizada\u00bb ni \u00ablos resultados obtenidos\u00bb en la negociaci\u00f3n entre el Gobierno Nacional con el Fondo Monetario Internacional (FMI).\" \/>\n<meta property=\"og:url\" content=\"https:\/\/www.noticiasradioreflejos.com.ar\/2021\/maximo-kirchner-renuncio-a-la-presidencia-del-bloque-de-diputados-del-frente-de-todos\/\" \/>\n<meta property=\"og:site_name\" content=\"Noticias Radio Reflejos\" \/>\n<meta property=\"article:published_time\" content=\"2022-01-31T22:50:21+00:00\" \/>\n<meta property=\"article:modified_time\" content=\"2022-01-31T23:10:53+00:00\" \/>\n<meta property=\"og:image\" content=\"https:\/\/www.infobae.com\/new-resizer\/xskfYo9147M4SHb7EyYbiZJjj7E=\/420x236\/filters:format(webp):quality(85)\/cloudfront-us-east-1.images.arcpublishing.com\/infobae\/LCRJL3HDURGKZLXSRBW3BOOA7I.jpg%20420w\" \/>\n<meta name=\"author\" content=\"Arnaldo Botto\" \/>\n<meta name=\"twitter:card\" content=\"summary_large_image\" \/>\n<script type=\"application\/ld+json\" class=\"yoast-schema-graph\">{\"@context\":\"https:\/\/schema.org\",\"@graph\":[{\"@type\":\"WebPage\",\"@id\":\"https:\/\/www.noticiasradioreflejos.com.ar\/2021\/maximo-kirchner-renuncio-a-la-presidencia-del-bloque-de-diputados-del-frente-de-todos\/\",\"url\":\"https:\/\/www.noticiasradioreflejos.com.ar\/2021\/maximo-kirchner-renuncio-a-la-presidencia-del-bloque-de-diputados-del-frente-de-todos\/\",\"name\":\"M\u00e1ximo Kirchner renunci\u00f3 a la presidencia del bloque de Diputados del Frente de Todos - Noticias Radio Reflejos\",\"isPartOf\":{\"@id\":\"https:\/\/www.noticiasradioreflejos.com.ar\/2021\/#website\"},\"primaryImageOfPage\":{\"@id\":\"https:\/\/www.noticiasradioreflejos.com.ar\/2021\/maximo-kirchner-renuncio-a-la-presidencia-del-bloque-de-diputados-del-frente-de-todos\/#primaryimage\"},\"image\":{\"@id\":\"https:\/\/www.noticiasradioreflejos.com.ar\/2021\/maximo-kirchner-renuncio-a-la-presidencia-del-bloque-de-diputados-del-frente-de-todos\/#primaryimage\"},\"thumbnailUrl\":\"https:\/\/www.infobae.com\/new-resizer\/xskfYo9147M4SHb7EyYbiZJjj7E=\/420x236\/filters:format(webp):quality(85)\/cloudfront-us-east-1.images.arcpublishing.com\/infobae\/LCRJL3HDURGKZLXSRBW3BOOA7I.jpg%20420w\",\"datePublished\":\"2022-01-31T22:50:21+00:00\",\"dateModified\":\"2022-01-31T23:10:53+00:00\",\"author\":{\"@id\":\"https:\/\/www.noticiasradioreflejos.com.ar\/2021\/#\/schema\/person\/ad82545263dcc5ec0996818884fd5fb1\"},\"breadcrumb\":{\"@id\":\"https:\/\/www.noticiasradioreflejos.com.ar\/2021\/maximo-kirchner-renuncio-a-la-presidencia-del-bloque-de-diputados-del-frente-de-todos\/#breadcrumb\"},\"inLanguage\":\"es\",\"potentialAction\":[{\"@type\":\"ReadAction\",\"target\":[\"https:\/\/www.noticiasradioreflejos.com.ar\/2021\/maximo-kirchner-renuncio-a-la-presidencia-del-bloque-de-diputados-del-frente-de-todos\/\"]}]},{\"@type\":\"ImageObject\",\"inLanguage\":\"es\",\"@id\":\"https:\/\/www.noticiasradioreflejos.com.ar\/2021\/maximo-kirchner-renuncio-a-la-presidencia-del-bloque-de-diputados-del-frente-de-todos\/#primaryimage\",\"url\":\"https:\/\/www.infobae.com\/new-resizer\/xskfYo9147M4SHb7EyYbiZJjj7E=\/420x236\/filters:format(webp):quality(85)\/cloudfront-us-east-1.images.arcpublishing.com\/infobae\/LCRJL3HDURGKZLXSRBW3BOOA7I.jpg%20420w\",\"contentUrl\":\"https:\/\/www.infobae.com\/new-resizer\/xskfYo9147M4SHb7EyYbiZJjj7E=\/420x236\/filters:format(webp):quality(85)\/cloudfront-us-east-1.images.arcpublishing.com\/infobae\/LCRJL3HDURGKZLXSRBW3BOOA7I.jpg%20420w\"},{\"@type\":\"BreadcrumbList\",\"@id\":\"https:\/\/www.noticiasradioreflejos.com.ar\/2021\/maximo-kirchner-renuncio-a-la-presidencia-del-bloque-de-diputados-del-frente-de-todos\/#breadcrumb\",\"itemListElement\":[{\"@type\":\"ListItem\",\"position\":1,\"name\":\"Portada\",\"item\":\"https:\/\/www.noticiasradioreflejos.com.ar\/2021\/\"},{\"@type\":\"ListItem\",\"position\":2,\"name\":\"M\u00e1ximo Kirchner renunci\u00f3 a la presidencia del bloque de Diputados del Frente de Todos\"}]},{\"@type\":\"WebSite\",\"@id\":\"https:\/\/www.noticiasradioreflejos.com.ar\/2021\/#website\",\"url\":\"https:\/\/www.noticiasradioreflejos.com.ar\/2021\/\",\"name\":\"Noticias Radio Reflejos\",\"description\":\"Las noticias de mi comarca\",\"potentialAction\":[{\"@type\":\"SearchAction\",\"target\":{\"@type\":\"EntryPoint\",\"urlTemplate\":\"https:\/\/www.noticiasradioreflejos.com.ar\/2021\/?s={search_term_string}\"},\"query-input\":{\"@type\":\"PropertyValueSpecification\",\"valueRequired\":true,\"valueName\":\"search_term_string\"}}],\"inLanguage\":\"es\"},{\"@type\":\"Person\",\"@id\":\"https:\/\/www.noticiasradioreflejos.com.ar\/2021\/#\/schema\/person\/ad82545263dcc5ec0996818884fd5fb1\",\"name\":\"Arnaldo Botto\",\"image\":{\"@type\":\"ImageObject\",\"inLanguage\":\"es\",\"@id\":\"https:\/\/www.noticiasradioreflejos.com.ar\/2021\/#\/schema\/person\/image\/\",\"url\":\"https:\/\/secure.gravatar.com\/avatar\/55cb5e37c1efa326397366e6974cb338056df65cb50e7d64d1cf314e87504837?s=96&d=mm&r=g\",\"contentUrl\":\"https:\/\/secure.gravatar.com\/avatar\/55cb5e37c1efa326397366e6974cb338056df65cb50e7d64d1cf314e87504837?s=96&d=mm&r=g\",\"caption\":\"Arnaldo Botto\"},\"url\":\"https:\/\/www.noticiasradioreflejos.com.ar\/2021\/author\/arnaldo\/\"}]}<\/script>\n<!-- \/ Yoast SEO plugin. -->","yoast_head_json":{"title":"M\u00e1ximo Kirchner renunci\u00f3 a la presidencia del bloque de Diputados del Frente de Todos - Noticias Radio Reflejos","robots":{"index":"index","follow":"follow","max-snippet":"max-snippet:-1","max-image-preview":"max-image-preview:large","max-video-preview":"max-video-preview:-1"},"canonical":"https:\/\/www.noticiasradioreflejos.com.ar\/2021\/maximo-kirchner-renuncio-a-la-presidencia-del-bloque-de-diputados-del-frente-de-todos\/","og_locale":"es_ES","og_type":"article","og_title":"M\u00e1ximo Kirchner renunci\u00f3 a la presidencia del bloque de Diputados del Frente de Todos - Noticias Radio Reflejos","og_description":"El hasta hoy titular de la bancada oficialista explic\u00f3 que no comparte \u00abla estrategia utilizada\u00bb ni \u00ablos resultados obtenidos\u00bb en la negociaci\u00f3n entre el Gobierno Nacional con el Fondo Monetario Internacional (FMI).","og_url":"https:\/\/www.noticiasradioreflejos.com.ar\/2021\/maximo-kirchner-renuncio-a-la-presidencia-del-bloque-de-diputados-del-frente-de-todos\/","og_site_name":"Noticias Radio Reflejos","article_published_time":"2022-01-31T22:50:21+00:00","article_modified_time":"2022-01-31T23:10:53+00:00","og_image":[{"url":"https:\/\/www.infobae.com\/new-resizer\/xskfYo9147M4SHb7EyYbiZJjj7E=\/420x236\/filters:format(webp):quality(85)\/cloudfront-us-east-1.images.arcpublishing.com\/infobae\/LCRJL3HDURGKZLXSRBW3BOOA7I.jpg%20420w","type":"","width":"","height":""}],"author":"Arnaldo Botto","twitter_card":"summary_large_image","schema":{"@context":"https:\/\/schema.org","@graph":[{"@type":"WebPage","@id":"https:\/\/www.noticiasradioreflejos.com.ar\/2021\/maximo-kirchner-renuncio-a-la-presidencia-del-bloque-de-diputados-del-frente-de-todos\/","url":"https:\/\/www.noticiasradioreflejos.com.ar\/2021\/maximo-kirchner-renuncio-a-la-presidencia-del-bloque-de-diputados-del-frente-de-todos\/","name":"M\u00e1ximo Kirchner renunci\u00f3 a la presidencia del bloque de Diputados del Frente de Todos - Noticias Radio Reflejos","isPartOf":{"@id":"https:\/\/www.noticiasradioreflejos.com.ar\/2021\/#website"},"primaryImageOfPage":{"@id":"https:\/\/www.noticiasradioreflejos.com.ar\/2021\/maximo-kirchner-renuncio-a-la-presidencia-del-bloque-de-diputados-del-frente-de-todos\/#primaryimage"},"image":{"@id":"https:\/\/www.noticiasradioreflejos.com.ar\/2021\/maximo-kirchner-renuncio-a-la-presidencia-del-bloque-de-diputados-del-frente-de-todos\/#primaryimage"},"thumbnailUrl":"https:\/\/www.infobae.com\/new-resizer\/xskfYo9147M4SHb7EyYbiZJjj7E=\/420x236\/filters:format(webp):quality(85)\/cloudfront-us-east-1.images.arcpublishing.com\/infobae\/LCRJL3HDURGKZLXSRBW3BOOA7I.jpg%20420w","datePublished":"2022-01-31T22:50:21+00:00","dateModified":"2022-01-31T23:10:53+00:00","author":{"@id":"https:\/\/www.noticiasradioreflejos.com.ar\/2021\/#\/schema\/person\/ad82545263dcc5ec0996818884fd5fb1"},"breadcrumb":{"@id":"https:\/\/www.noticiasradioreflejos.com.ar\/2021\/maximo-kirchner-renuncio-a-la-presidencia-del-bloque-de-diputados-del-frente-de-todos\/#breadcrumb"},"inLanguage":"es","potentialAction":[{"@type":"ReadAction","target":["https:\/\/www.noticiasradioreflejos.com.ar\/2021\/maximo-kirchner-renuncio-a-la-presidencia-del-bloque-de-diputados-del-frente-de-todos\/"]}]},{"@type":"ImageObject","inLanguage":"es","@id":"https:\/\/www.noticiasradioreflejos.com.ar\/2021\/maximo-kirchner-renuncio-a-la-presidencia-del-bloque-de-diputados-del-frente-de-todos\/#primaryimage","url":"https:\/\/www.infobae.com\/new-resizer\/xskfYo9147M4SHb7EyYbiZJjj7E=\/420x236\/filters:format(webp):quality(85)\/cloudfront-us-east-1.images.arcpublishing.com\/infobae\/LCRJL3HDURGKZLXSRBW3BOOA7I.jpg%20420w","contentUrl":"https:\/\/www.infobae.com\/new-resizer\/xskfYo9147M4SHb7EyYbiZJjj7E=\/420x236\/filters:format(webp):quality(85)\/cloudfront-us-east-1.images.arcpublishing.com\/infobae\/LCRJL3HDURGKZLXSRBW3BOOA7I.jpg%20420w"},{"@type":"BreadcrumbList","@id":"https:\/\/www.noticiasradioreflejos.com.ar\/2021\/maximo-kirchner-renuncio-a-la-presidencia-del-bloque-de-diputados-del-frente-de-todos\/#breadcrumb","itemListElement":[{"@type":"ListItem","position":1,"name":"Portada","item":"https:\/\/www.noticiasradioreflejos.com.ar\/2021\/"},{"@type":"ListItem","position":2,"name":"M\u00e1ximo Kirchner renunci\u00f3 a la presidencia del bloque de Diputados del Frente de Todos"}]},{"@type":"WebSite","@id":"https:\/\/www.noticiasradioreflejos.com.ar\/2021\/#website","url":"https:\/\/www.noticiasradioreflejos.com.ar\/2021\/","name":"Noticias Radio Reflejos","description":"Las noticias de mi comarca","potentialAction":[{"@type":"SearchAction","target":{"@type":"EntryPoint","urlTemplate":"https:\/\/www.noticiasradioreflejos.com.ar\/2021\/?s={search_term_string}"},"query-input":{"@type":"PropertyValueSpecification","valueRequired":true,"valueName":"search_term_string"}}],"inLanguage":"es"},{"@type":"Person","@id":"https:\/\/www.noticiasradioreflejos.com.ar\/2021\/#\/schema\/person\/ad82545263dcc5ec0996818884fd5fb1","name":"Arnaldo Botto","image":{"@type":"ImageObject","inLanguage":"es","@id":"https:\/\/www.noticiasradioreflejos.com.ar\/2021\/#\/schema\/person\/image\/","url":"https:\/\/secure.gravatar.com\/avatar\/55cb5e37c1efa326397366e6974cb338056df65cb50e7d64d1cf314e87504837?s=96&d=mm&r=g","contentUrl":"https:\/\/secure.gravatar.com\/avatar\/55cb5e37c1efa326397366e6974cb338056df65cb50e7d64d1cf314e87504837?s=96&d=mm&r=g","caption":"Arnaldo Botto"},"url":"https:\/\/www.noticiasradioreflejos.com.ar\/2021\/author\/arnaldo\/"}]}},"_links":{"self":[{"href":"https:\/\/www.noticiasradioreflejos.com.ar\/2021\/wp-json\/wp\/v2\/posts\/67649","targetHints":{"allow":["GET"]}}],"collection":[{"href":"https:\/\/www.noticiasradioreflejos.com.ar\/2021\/wp-json\/wp\/v2\/posts"}],"about":[{"href":"https:\/\/www.noticiasradioreflejos.com.ar\/2021\/wp-json\/wp\/v2\/types\/post"}],"author":[{"embeddable":true,"href":"https:\/\/www.noticiasradioreflejos.com.ar\/2021\/wp-json\/wp\/v2\/users\/3"}],"replies":[{"embeddable":true,"href":"https:\/\/www.noticiasradioreflejos.com.ar\/2021\/wp-json\/wp\/v2\/comments?post=67649"}],"version-history":[{"count":3,"href":"https:\/\/www.noticiasradioreflejos.com.ar\/2021\/wp-json\/wp\/v2\/posts\/67649\/revisions"}],"predecessor-version":[{"id":67658,"href":"https:\/\/www.noticiasradioreflejos.com.ar\/2021\/wp-json\/wp\/v2\/posts\/67649\/revisions\/67658"}],"wp:attachment":[{"href":"https:\/\/www.noticiasradioreflejos.com.ar\/2021\/wp-json\/wp\/v2\/media?parent=67649"}],"wp:term":[{"taxonomy":"category","embeddable":true,"href":"https:\/\/www.noticiasradioreflejos.com.ar\/2021\/wp-json\/wp\/v2\/categories?post=67649"},{"taxonomy":"post_tag","embeddable":true,"href":"https:\/\/www.noticiasradioreflejos.com.ar\/2021\/wp-json\/wp\/v2\/tags?post=67649"}],"curies":[{"name":"wp","href":"https:\/\/api.w.org\/{rel}","templated":true}]}}