{"id":67646,"date":"2022-01-31T22:46:32","date_gmt":"2022-01-31T22:46:32","guid":{"rendered":"http:\/\/www.noticiasradioreflejos.com.ar\/2021\/?p=67646"},"modified":"2022-01-31T22:46:32","modified_gmt":"2022-01-31T22:46:32","slug":"caba-les-quitaran-el-registro-de-conductor-a-quienes-den-positivo-en-el-test-de-alcoholemia","status":"publish","type":"post","link":"https:\/\/www.noticiasradioreflejos.com.ar\/2021\/caba-les-quitaran-el-registro-de-conductor-a-quienes-den-positivo-en-el-test-de-alcoholemia\/","title":{"rendered":"CABA: les quitar\u00e1n el registro de conductor a quienes den positivo en el test de alcoholemia"},"content":{"rendered":"<p>Este <b>martes 1\u00ba de febrero<\/b>\u00a0entrar\u00e1n en vigencia las<b>\u00a0nuevas penalidades\u00a0<\/b>para las personas que den<b>\u00a0positivo en un control de alcoholemia\u00a0<\/b>en la\u00a0<b>Ciudad de Buenos Aires<\/b>, de acuerdo a lo establecido en el Proyecto Integral de Convivencia Vial, aprobado en la Legislatura en diciembre 2021.<!--more--><\/p>\n<p>De esta forma, los conductores cuyo resultado sea positivo\u00a0<b>perder\u00e1n su licencia de conducir entre 2 meses y 2 a\u00f1os<\/b>, seg\u00fan el dosaje de alcohol detectado, y deber\u00e1n abonar\u00a0<b>multas que van desde los $7.950 a los $106.000<\/b>.<\/p>\n<div id=\"talkFireEvent\"><\/div>\n<p>En busca de reforzar la pol\u00edtica de seguridad vial, la puesta en marcha del Proyecto, que fue aprobado casi por unanimidad con 52 votos positivos,\u00a0<b>implicar\u00e1 modificaciones a varias normativas de la Ciudad, entre ellas el C\u00f3digo de Tr\u00e1nsito, el R\u00e9gimen de Faltas y el C\u00f3digo Contravencional.\u00a0<\/b><\/p>\n<p>Uno de los puntos principales de esta iniciativa recae sobre el consumo de alcohol, dado que, seg\u00fan las estad\u00edsticas del Gobierno porte\u00f1o,\u00a0<b>uno de cada cinco siniestros fatales est\u00e1 relacionados con esta falta.<\/b><\/p>\n<p>En la\u00a0<b>Ciudad de Buenos Aires el l\u00edmite m\u00e1ximo tolerado de alcohol en sangre es de 0,5 gr\/l<\/b>\u00a0para veh\u00edculos particulares, 0,2 gr\/l para motociclistas y 0,0 gr\/l para principiantes y conductores profesionales.<\/p>\n<p>Hasta ahora, si un conductor daba positivo al examen, se labraba un acta de contravenci\u00f3n y se reten\u00eda la licencia del conductor (se otorgaba una licencia provisoria por 3 d\u00edas corridos) y se remit\u00eda el veh\u00edculo a una playa de acarreo (no estaba permitido ceder el volante).<\/p>\n<p>Luego, el contraventor deb\u00eda presentarse en la Fiscal\u00eda dentro de los siguientes 5 d\u00edas h\u00e1biles para regularizar su situaci\u00f3n. Una vez que la persona se presentaba, ten\u00eda dos opciones, que quedaban a discreci\u00f3n del fiscal: 1) realizar una probation, que puede derivar en tareas comunitarias o una donaci\u00f3n, entre otras; o 2) el fiscal formula un requerimiento de elevaci\u00f3n a juicio.<\/p>\n<p><b>Desde este martes, quien supere el m\u00e1ximo establecido de alcohol en sangre ser\u00e1 inhabilitado por un m\u00ednimo de dos meses, dependiendo del dosaje arrojado:<\/b><\/p>\n<p>&#8211;\u00a0<b>Entre 0,5 y 1 gr\/l: Inhabilitaci\u00f3n de la licencia de 2 a 4 meses \/ Infracci\u00f3n de 150 ($7.950) 1000 UF ($53.000).<\/b><\/p>\n<p>&#8211;\u00a0<b>Desde 1 gr\/l en adelante: Inhabilitaci\u00f3n de la licencia de 4 meses a 2 a\u00f1os.\u00a0<\/b>El caso no podr\u00e1 ser dejado en suspenso \/\u00a0<b>Infracci\u00f3n de 300 ($15.900) a 2000 UF ($106.000) o 1 a 10 d\u00edas de arresto.<\/b><\/p>\n<p>&#8211; Se mantiene el<b>\u00a0acarreo de veh\u00edculo y se otorga un acta provisoria por 3 d\u00edas corridos<\/b>\u00a0(para que el conductor pueda ir a buscar su auto a la playa).<\/p>\n<p>&#8211; Solo en la primera falta\/contravenci\u00f3n, si el conductor inhabilitado aprueba un<b>\u00a0curso de educaci\u00f3n vial,\u00a0<\/b>el plazo de inhabilitaci\u00f3n podr\u00eda reducirse a la mitad.<\/p>\n<p>&#8211; N<b>o importa en qu\u00e9 jurisdicci\u00f3n el conductor tramit\u00f3 la licencia de conducir. Si comete la falta en territorio porte\u00f1o, igual se someter\u00e1 a las nuevas penalidades.<\/b><\/p>\n<p>Lucila Capelli, subsecretaria de Planificaci\u00f3n de la Movilidad de la Ciudad, afirm\u00f3: \u201cSi tom\u00e1s, no ten\u00e9s que manejar. Pod\u00e9s usar el transporte p\u00fablico o pedirle a otra persona que maneje, las opciones son muchas. El alcohol al volante es una falta lo suficientemente grave por sus consecuencias: una de cada cinco personas que pierden la vida en un siniestro vial en la Ciudad es por causa del alcohol. Cada muerte en la calle, cada v\u00edctima del tr\u00e1nsito es inaceptable y esta medida es para cuidarnos y mejorar la convivencia, en calles m\u00e1s seguras para compartir entre todos\u201d.<\/p>\n<h2>Taller de Seguridad Vial<\/h2>\n<p>El taller de seguridad vial para infractores y contraventores de alcoholemia tiene como objetivo que los participantes\u00a0<b>reflexionen sobre la importancia de promover conductas respetuosas y responsables en materia de tr\u00e1nsito para prevenir situaciones de riesgo y evitar v\u00edctimas.<\/b><\/p>\n<p>Con diferentes din\u00e1micas y actividades a cargo de instructores de la Gerencia de Educaci\u00f3n y Convivencia Vial se repasan entre otros temas: los elementos de seguridad vial de cada uno de los veh\u00edculos; los distintos criterios de seguridad de los peatones y la importancia de la se\u00f1alizaci\u00f3n de maniobras. Adem\u00e1s, se brinda informaci\u00f3n sobre velocidades, prioridades de paso, se\u00f1ales de tr\u00e1nsito, factores de riesgo y prevenci\u00f3n de incidentes de tr\u00e1nsito.<\/p>\n<p>El curso tiene una duraci\u00f3n de\u00a0<b>8 horas y se realiza en dos encuentros de 4 horas cada uno.\u00a0<\/b>Finalizado el taller se les entrega a los participantes una constancia de asistencia firmada por el\/la capacitador\/a y se env\u00eda un informe de cumplimiento a las diversas \u00e1reas de la justicia.<\/p>\n","protected":false},"excerpt":{"rendered":"<p>Este martes 1\u00ba de febrero\u00a0entrar\u00e1n en vigencia las\u00a0nuevas penalidades\u00a0para las personas que den\u00a0positivo en un control de alcoholemia\u00a0en la\u00a0Ciudad de Buenos Aires, de acuerdo a lo establecido en el Proyecto Integral de Convivencia Vial, aprobado en la Legislatura en diciembre 2021.<\/p>\n","protected":false},"author":3,"featured_media":0,"comment_status":"closed","ping_status":"closed","sticky":false,"template":"","format":"standard","meta":{"footnotes":""},"categories":[24,30,26],"tags":[],"class_list":["post-67646","post","type-post","status-publish","format-standard","hentry","category-politica","category-salud","category-sociedad"],"yoast_head":"<!-- This site is optimized with the Yoast SEO plugin v25.9 - https:\/\/yoast.com\/wordpress\/plugins\/seo\/ -->\n<title>CABA: les quitar\u00e1n el registro de conductor a quienes den positivo en el test de alcoholemia - Noticias Radio Reflejos<\/title>\n<meta name=\"robots\" content=\"index, follow, max-snippet:-1, max-image-preview:large, max-video-preview:-1\" \/>\n<link rel=\"canonical\" href=\"https:\/\/www.noticiasradioreflejos.com.ar\/2021\/caba-les-quitaran-el-registro-de-conductor-a-quienes-den-positivo-en-el-test-de-alcoholemia\/\" \/>\n<meta property=\"og:locale\" content=\"es_ES\" \/>\n<meta property=\"og:type\" content=\"article\" \/>\n<meta property=\"og:title\" content=\"CABA: les quitar\u00e1n el registro de conductor a quienes den positivo en el test de alcoholemia - Noticias Radio Reflejos\" \/>\n<meta property=\"og:description\" content=\"Este martes 1\u00ba de febrero\u00a0entrar\u00e1n en vigencia las\u00a0nuevas penalidades\u00a0para las personas que den\u00a0positivo en un control de alcoholemia\u00a0en la\u00a0Ciudad de Buenos Aires, de acuerdo a lo establecido en el Proyecto Integral de Convivencia Vial, aprobado en la Legislatura en diciembre 2021.\" \/>\n<meta property=\"og:url\" content=\"https:\/\/www.noticiasradioreflejos.com.ar\/2021\/caba-les-quitaran-el-registro-de-conductor-a-quienes-den-positivo-en-el-test-de-alcoholemia\/\" \/>\n<meta property=\"og:site_name\" content=\"Noticias Radio Reflejos\" \/>\n<meta property=\"article:published_time\" content=\"2022-01-31T22:46:32+00:00\" \/>\n<meta property=\"og:image\" content=\"https:\/\/www.noticiasradioreflejos.com.ar\/2021\/wp-content\/uploads\/2021\/07\/logosol300x200.png\" \/>\n\t<meta property=\"og:image:width\" content=\"300\" \/>\n\t<meta property=\"og:image:height\" content=\"200\" \/>\n\t<meta property=\"og:image:type\" content=\"image\/png\" \/>\n<meta name=\"author\" content=\"Arnaldo Botto\" \/>\n<meta name=\"twitter:card\" content=\"summary_large_image\" \/>\n<script type=\"application\/ld+json\" class=\"yoast-schema-graph\">{\"@context\":\"https:\/\/schema.org\",\"@graph\":[{\"@type\":\"WebPage\",\"@id\":\"https:\/\/www.noticiasradioreflejos.com.ar\/2021\/caba-les-quitaran-el-registro-de-conductor-a-quienes-den-positivo-en-el-test-de-alcoholemia\/\",\"url\":\"https:\/\/www.noticiasradioreflejos.com.ar\/2021\/caba-les-quitaran-el-registro-de-conductor-a-quienes-den-positivo-en-el-test-de-alcoholemia\/\",\"name\":\"CABA: les quitar\u00e1n el registro de conductor a quienes den positivo en el test de alcoholemia - Noticias Radio Reflejos\",\"isPartOf\":{\"@id\":\"https:\/\/www.noticiasradioreflejos.com.ar\/2021\/#website\"},\"datePublished\":\"2022-01-31T22:46:32+00:00\",\"author\":{\"@id\":\"https:\/\/www.noticiasradioreflejos.com.ar\/2021\/#\/schema\/person\/ad82545263dcc5ec0996818884fd5fb1\"},\"breadcrumb\":{\"@id\":\"https:\/\/www.noticiasradioreflejos.com.ar\/2021\/caba-les-quitaran-el-registro-de-conductor-a-quienes-den-positivo-en-el-test-de-alcoholemia\/#breadcrumb\"},\"inLanguage\":\"es\",\"potentialAction\":[{\"@type\":\"ReadAction\",\"target\":[\"https:\/\/www.noticiasradioreflejos.com.ar\/2021\/caba-les-quitaran-el-registro-de-conductor-a-quienes-den-positivo-en-el-test-de-alcoholemia\/\"]}]},{\"@type\":\"BreadcrumbList\",\"@id\":\"https:\/\/www.noticiasradioreflejos.com.ar\/2021\/caba-les-quitaran-el-registro-de-conductor-a-quienes-den-positivo-en-el-test-de-alcoholemia\/#breadcrumb\",\"itemListElement\":[{\"@type\":\"ListItem\",\"position\":1,\"name\":\"Portada\",\"item\":\"https:\/\/www.noticiasradioreflejos.com.ar\/2021\/\"},{\"@type\":\"ListItem\",\"position\":2,\"name\":\"CABA: les quitar\u00e1n el registro de conductor a quienes den positivo en el test de alcoholemia\"}]},{\"@type\":\"WebSite\",\"@id\":\"https:\/\/www.noticiasradioreflejos.com.ar\/2021\/#website\",\"url\":\"https:\/\/www.noticiasradioreflejos.com.ar\/2021\/\",\"name\":\"Noticias Radio Reflejos\",\"description\":\"Las noticias de mi comarca\",\"potentialAction\":[{\"@type\":\"SearchAction\",\"target\":{\"@type\":\"EntryPoint\",\"urlTemplate\":\"https:\/\/www.noticiasradioreflejos.com.ar\/2021\/?s={search_term_string}\"},\"query-input\":{\"@type\":\"PropertyValueSpecification\",\"valueRequired\":true,\"valueName\":\"search_term_string\"}}],\"inLanguage\":\"es\"},{\"@type\":\"Person\",\"@id\":\"https:\/\/www.noticiasradioreflejos.com.ar\/2021\/#\/schema\/person\/ad82545263dcc5ec0996818884fd5fb1\",\"name\":\"Arnaldo Botto\",\"image\":{\"@type\":\"ImageObject\",\"inLanguage\":\"es\",\"@id\":\"https:\/\/www.noticiasradioreflejos.com.ar\/2021\/#\/schema\/person\/image\/\",\"url\":\"https:\/\/secure.gravatar.com\/avatar\/55cb5e37c1efa326397366e6974cb338056df65cb50e7d64d1cf314e87504837?s=96&d=mm&r=g\",\"contentUrl\":\"https:\/\/secure.gravatar.com\/avatar\/55cb5e37c1efa326397366e6974cb338056df65cb50e7d64d1cf314e87504837?s=96&d=mm&r=g\",\"caption\":\"Arnaldo Botto\"},\"url\":\"https:\/\/www.noticiasradioreflejos.com.ar\/2021\/author\/arnaldo\/\"}]}<\/script>\n<!-- \/ Yoast SEO plugin. -->","yoast_head_json":{"title":"CABA: les quitar\u00e1n el registro de conductor a quienes den positivo en el test de alcoholemia - Noticias Radio Reflejos","robots":{"index":"index","follow":"follow","max-snippet":"max-snippet:-1","max-image-preview":"max-image-preview:large","max-video-preview":"max-video-preview:-1"},"canonical":"https:\/\/www.noticiasradioreflejos.com.ar\/2021\/caba-les-quitaran-el-registro-de-conductor-a-quienes-den-positivo-en-el-test-de-alcoholemia\/","og_locale":"es_ES","og_type":"article","og_title":"CABA: les quitar\u00e1n el registro de conductor a quienes den positivo en el test de alcoholemia - Noticias Radio Reflejos","og_description":"Este martes 1\u00ba de febrero\u00a0entrar\u00e1n en vigencia las\u00a0nuevas penalidades\u00a0para las personas que den\u00a0positivo en un control de alcoholemia\u00a0en la\u00a0Ciudad de Buenos Aires, de acuerdo a lo establecido en el Proyecto Integral de Convivencia Vial, aprobado en la Legislatura en diciembre 2021.","og_url":"https:\/\/www.noticiasradioreflejos.com.ar\/2021\/caba-les-quitaran-el-registro-de-conductor-a-quienes-den-positivo-en-el-test-de-alcoholemia\/","og_site_name":"Noticias Radio Reflejos","article_published_time":"2022-01-31T22:46:32+00:00","og_image":[{"width":300,"height":200,"url":"https:\/\/www.noticiasradioreflejos.com.ar\/2021\/wp-content\/uploads\/2021\/07\/logosol300x200.png","type":"image\/png"}],"author":"Arnaldo Botto","twitter_card":"summary_large_image","schema":{"@context":"https:\/\/schema.org","@graph":[{"@type":"WebPage","@id":"https:\/\/www.noticiasradioreflejos.com.ar\/2021\/caba-les-quitaran-el-registro-de-conductor-a-quienes-den-positivo-en-el-test-de-alcoholemia\/","url":"https:\/\/www.noticiasradioreflejos.com.ar\/2021\/caba-les-quitaran-el-registro-de-conductor-a-quienes-den-positivo-en-el-test-de-alcoholemia\/","name":"CABA: les quitar\u00e1n el registro de conductor a quienes den positivo en el test de alcoholemia - Noticias Radio Reflejos","isPartOf":{"@id":"https:\/\/www.noticiasradioreflejos.com.ar\/2021\/#website"},"datePublished":"2022-01-31T22:46:32+00:00","author":{"@id":"https:\/\/www.noticiasradioreflejos.com.ar\/2021\/#\/schema\/person\/ad82545263dcc5ec0996818884fd5fb1"},"breadcrumb":{"@id":"https:\/\/www.noticiasradioreflejos.com.ar\/2021\/caba-les-quitaran-el-registro-de-conductor-a-quienes-den-positivo-en-el-test-de-alcoholemia\/#breadcrumb"},"inLanguage":"es","potentialAction":[{"@type":"ReadAction","target":["https:\/\/www.noticiasradioreflejos.com.ar\/2021\/caba-les-quitaran-el-registro-de-conductor-a-quienes-den-positivo-en-el-test-de-alcoholemia\/"]}]},{"@type":"BreadcrumbList","@id":"https:\/\/www.noticiasradioreflejos.com.ar\/2021\/caba-les-quitaran-el-registro-de-conductor-a-quienes-den-positivo-en-el-test-de-alcoholemia\/#breadcrumb","itemListElement":[{"@type":"ListItem","position":1,"name":"Portada","item":"https:\/\/www.noticiasradioreflejos.com.ar\/2021\/"},{"@type":"ListItem","position":2,"name":"CABA: les quitar\u00e1n el registro de conductor a quienes den positivo en el test de alcoholemia"}]},{"@type":"WebSite","@id":"https:\/\/www.noticiasradioreflejos.com.ar\/2021\/#website","url":"https:\/\/www.noticiasradioreflejos.com.ar\/2021\/","name":"Noticias Radio Reflejos","description":"Las noticias de mi comarca","potentialAction":[{"@type":"SearchAction","target":{"@type":"EntryPoint","urlTemplate":"https:\/\/www.noticiasradioreflejos.com.ar\/2021\/?s={search_term_string}"},"query-input":{"@type":"PropertyValueSpecification","valueRequired":true,"valueName":"search_term_string"}}],"inLanguage":"es"},{"@type":"Person","@id":"https:\/\/www.noticiasradioreflejos.com.ar\/2021\/#\/schema\/person\/ad82545263dcc5ec0996818884fd5fb1","name":"Arnaldo Botto","image":{"@type":"ImageObject","inLanguage":"es","@id":"https:\/\/www.noticiasradioreflejos.com.ar\/2021\/#\/schema\/person\/image\/","url":"https:\/\/secure.gravatar.com\/avatar\/55cb5e37c1efa326397366e6974cb338056df65cb50e7d64d1cf314e87504837?s=96&d=mm&r=g","contentUrl":"https:\/\/secure.gravatar.com\/avatar\/55cb5e37c1efa326397366e6974cb338056df65cb50e7d64d1cf314e87504837?s=96&d=mm&r=g","caption":"Arnaldo Botto"},"url":"https:\/\/www.noticiasradioreflejos.com.ar\/2021\/author\/arnaldo\/"}]}},"_links":{"self":[{"href":"https:\/\/www.noticiasradioreflejos.com.ar\/2021\/wp-json\/wp\/v2\/posts\/67646","targetHints":{"allow":["GET"]}}],"collection":[{"href":"https:\/\/www.noticiasradioreflejos.com.ar\/2021\/wp-json\/wp\/v2\/posts"}],"about":[{"href":"https:\/\/www.noticiasradioreflejos.com.ar\/2021\/wp-json\/wp\/v2\/types\/post"}],"author":[{"embeddable":true,"href":"https:\/\/www.noticiasradioreflejos.com.ar\/2021\/wp-json\/wp\/v2\/users\/3"}],"replies":[{"embeddable":true,"href":"https:\/\/www.noticiasradioreflejos.com.ar\/2021\/wp-json\/wp\/v2\/comments?post=67646"}],"version-history":[{"count":1,"href":"https:\/\/www.noticiasradioreflejos.com.ar\/2021\/wp-json\/wp\/v2\/posts\/67646\/revisions"}],"predecessor-version":[{"id":67648,"href":"https:\/\/www.noticiasradioreflejos.com.ar\/2021\/wp-json\/wp\/v2\/posts\/67646\/revisions\/67648"}],"wp:attachment":[{"href":"https:\/\/www.noticiasradioreflejos.com.ar\/2021\/wp-json\/wp\/v2\/media?parent=67646"}],"wp:term":[{"taxonomy":"category","embeddable":true,"href":"https:\/\/www.noticiasradioreflejos.com.ar\/2021\/wp-json\/wp\/v2\/categories?post=67646"},{"taxonomy":"post_tag","embeddable":true,"href":"https:\/\/www.noticiasradioreflejos.com.ar\/2021\/wp-json\/wp\/v2\/tags?post=67646"}],"curies":[{"name":"wp","href":"https:\/\/api.w.org\/{rel}","templated":true}]}}