{"id":67644,"date":"2022-01-31T23:04:55","date_gmt":"2022-01-31T23:04:55","guid":{"rendered":"http:\/\/www.noticiasradioreflejos.com.ar\/2021\/?p=67644"},"modified":"2022-01-31T23:04:55","modified_gmt":"2022-01-31T23:04:55","slug":"las-cosas-mas-lindas-que-tiene-el-barrilete-es-el-encuentro-con-la-familia-ya-que-la-mayoria-de-los-ninos-necesitan-de-la-ayuda-de-un-adulto","status":"publish","type":"post","link":"https:\/\/www.noticiasradioreflejos.com.ar\/2021\/las-cosas-mas-lindas-que-tiene-el-barrilete-es-el-encuentro-con-la-familia-ya-que-la-mayoria-de-los-ninos-necesitan-de-la-ayuda-de-un-adulto\/","title":{"rendered":"\u00abLas cosas m\u00e1s lindas que tiene el barrilete es el encuentro con la familia, ya que la mayor\u00eda de los ni\u00f1os necesitan de la ayuda de un adulto\u00bb"},"content":{"rendered":"<p>En el d\u00eda mundial del barrilete, y durante nuestro programa Tiempo Educativo, entrevistamos a Juan, un apasionado de las cometas, desde muy peque\u00f1o comenz\u00f3 con este hobby y hoy en d\u00eda se dedica a fabricarlos. En esta nota, Juan nos comenta un poco de su infancia, c\u00f3mo lleg\u00f3 esta pasi\u00f3n a su vida, nos da algunos consejos sobre c\u00f3mo hacer un buen barrilete y nos cuenta c\u00f3mo es que su trabajo se hizo tan conocido.<!--more--><\/p>\n<p>\u00abTengo 61 a\u00f1os, vivo en la provincia de Mendoza, en el departamento de Rivadavia. Soy nacido y criado en Quilmes y me vine a trabajar a Mendoza en el a\u00f1o 79\/80\u00bb se present\u00f3 Juan al comenzar la nota. Agreg\u00f3 que \u00e9l, desde muy chico, tiene el hobby de los barriletes. \u00abMis hijas, que manejan las redes sociales, hace un par de a\u00f1os viralizaron la nota de los barriletes y me llamaron de todo el pa\u00eds, yo no lo pod\u00eda creer\u00bb inform\u00f3 c\u00f3mo es que su pasatiempo se volvi\u00f3 tan conocido.<\/p>\n<p><a data-flickr-embed=\"true\" href=\"https:\/\/www.flickr.com\/photos\/182279889@N02\/51855033156\/in\/dateposted-public\/\" title=\"Juan-crea-barriletes-2-768x460\"><img loading=\"lazy\" decoding=\"async\" src=\"https:\/\/live.staticflickr.com\/65535\/51855033156_5b89d2d8d0_c.jpg\" width=\"768\" height=\"460\" alt=\"Juan-crea-barriletes-2-768x460\"><\/a><script async src=\"\/\/embedr.flickr.com\/assets\/client-code.js\" charset=\"utf-8\"><\/script><\/p>\n<p>Juan, muy emocionado, comenta un poco de su infancia en un conventillo de Quilmes, donde comenz\u00f3 su pasi\u00f3n por el barrilete. \u00abMe pasaba horas en el Club a ver a este se\u00f1or c\u00f3mo hac\u00eda barriletes\u00bb se refiri\u00f3 a un fabricante de barriletes que trabajaba en el Club 11 Corazones.<\/p>\n<p>\u00abEl modelo\u00bb fue lo que respondi\u00f3 Juan cuando le preguntamos qu\u00e9 es lo que hay que tener en cuenta al momento de fabricar un buen barrilete. \u00abYo uso la ca\u00f1a com\u00fan, siempre lo hice as\u00ed, toda mi vida. Lo que m\u00e1s me gusta hacer son estrellas\u00bb. Agreg\u00f3 que se demora unas 2 horas para hacer cada barrilete.<\/p>\n<p>Le consultamos a Juan cu\u00e1les son las complicaciones que pueden llegar a tener los barriletes que no logran volar. \u00abEl barrilete puede tener dos problemas. O los tiros no son iguales, o puede tener mucha cola o poca cola\u00bb.<\/p>\n<p>Juan expresa que es incre\u00edble la cantidad de gente que se comunic\u00f3 con \u00e9l para que les fabrique un barrilete, a ra\u00edz de la viralizaci\u00f3n de una foto suya construyendo un barrilete, imagen que fue capturada por una de sus hijas. \u00abLa gente me ped\u00eda que haga dos barriletes, que ellos me lo pagaban por mercadopago y que yo se los regale a quien yo quiera\u00bb expres\u00f3 emocionado.<\/p>\n<p>El entrevistado menciona que una de las cosas m\u00e1s lindas que tiene el barrilete es el encuentro con la familia, ya que la mayor\u00eda de los ni\u00f1os necesitan de la ayuda de un adulto para poder remontarlo, situaci\u00f3n que obliga al encuentro entre ni\u00f1os y adultos.<\/p>\n<p>Nota completa a continuaci\u00f3n:<br \/>\n<iframe loading=\"lazy\" src=\"https:\/\/w.soundcloud.com\/player\/?url=https%3A\/\/api.soundcloud.com\/tracks\/1205803927&amp;color=%23ff5500&amp;auto_play=false&amp;hide_related=false&amp;show_comments=true&amp;show_user=true&amp;show_reposts=false&amp;show_teaser=true\" width=\"100%\" height=\"166\" frameborder=\"no\" scrolling=\"no\"><\/iframe><\/p>\n<div style=\"font-size: 10px; color: #cccccc; line-break: anywhere; word-break: normal; overflow: hidden; white-space: nowrap; text-overflow: ellipsis; font-family: Interstate,Lucida Grande,Lucida Sans Unicode,Lucida Sans,Garuda,Verdana,Tahoma,sans-serif; font-weight: 100;\"><a style=\"color: #cccccc; text-decoration: none;\" title=\"fmreflejos 103.7\" href=\"https:\/\/soundcloud.com\/fmreflejos-103-7\" target=\"_blank\" rel=\"noopener\">fmreflejos 103.7<\/a> \u00b7 <a style=\"color: #cccccc; text-decoration: none;\" title=\"03 - Nota Juan Alvarez Fabricante De Barriletes\" href=\"https:\/\/soundcloud.com\/fmreflejos-103-7\/03-nota-juan-alvarez-fabricante-de-barriletes\" target=\"_blank\" rel=\"noopener\">03 &#8211; Nota Juan Alvarez Fabricante De Barriletes<\/a><\/div>\n","protected":false},"excerpt":{"rendered":"<p>En el d\u00eda mundial del barrilete, y durante nuestro programa Tiempo Educativo, entrevistamos a Juan, un apasionado de las cometas, desde muy peque\u00f1o comenz\u00f3 con este hobby y hoy en d\u00eda se dedica a fabricarlos. En esta nota, Juan nos comenta un poco de su infancia, c\u00f3mo lleg\u00f3 esta pasi\u00f3n a su vida, nos da [&hellip;]<\/p>\n","protected":false},"author":3,"featured_media":0,"comment_status":"closed","ping_status":"closed","sticky":false,"template":"","format":"standard","meta":{"footnotes":""},"categories":[35,26],"tags":[48],"class_list":["post-67644","post","type-post","status-publish","format-standard","hentry","category-cultura","category-sociedad","tag-destacada"],"yoast_head":"<!-- This site is optimized with the Yoast SEO plugin v25.9 - https:\/\/yoast.com\/wordpress\/plugins\/seo\/ -->\n<title>&quot;Las cosas m\u00e1s lindas que tiene el barrilete es el encuentro con la familia, ya que la mayor\u00eda de los ni\u00f1os necesitan de la ayuda de un adulto&quot; - Noticias Radio Reflejos<\/title>\n<meta name=\"robots\" content=\"index, follow, max-snippet:-1, max-image-preview:large, max-video-preview:-1\" \/>\n<link rel=\"canonical\" href=\"https:\/\/www.noticiasradioreflejos.com.ar\/2021\/las-cosas-mas-lindas-que-tiene-el-barrilete-es-el-encuentro-con-la-familia-ya-que-la-mayoria-de-los-ninos-necesitan-de-la-ayuda-de-un-adulto\/\" \/>\n<meta property=\"og:locale\" content=\"es_ES\" \/>\n<meta property=\"og:type\" content=\"article\" \/>\n<meta property=\"og:title\" content=\"&quot;Las cosas m\u00e1s lindas que tiene el barrilete es el encuentro con la familia, ya que la mayor\u00eda de los ni\u00f1os necesitan de la ayuda de un adulto&quot; - Noticias Radio Reflejos\" \/>\n<meta property=\"og:description\" content=\"En el d\u00eda mundial del barrilete, y durante nuestro programa Tiempo Educativo, entrevistamos a Juan, un apasionado de las cometas, desde muy peque\u00f1o comenz\u00f3 con este hobby y hoy en d\u00eda se dedica a fabricarlos. En esta nota, Juan nos comenta un poco de su infancia, c\u00f3mo lleg\u00f3 esta pasi\u00f3n a su vida, nos da [&hellip;]\" \/>\n<meta property=\"og:url\" content=\"https:\/\/www.noticiasradioreflejos.com.ar\/2021\/las-cosas-mas-lindas-que-tiene-el-barrilete-es-el-encuentro-con-la-familia-ya-que-la-mayoria-de-los-ninos-necesitan-de-la-ayuda-de-un-adulto\/\" \/>\n<meta property=\"og:site_name\" content=\"Noticias Radio Reflejos\" \/>\n<meta property=\"article:published_time\" content=\"2022-01-31T23:04:55+00:00\" \/>\n<meta property=\"og:image\" content=\"https:\/\/live.staticflickr.com\/65535\/51855033156_5b89d2d8d0_c.jpg\" \/>\n<meta name=\"author\" content=\"Arnaldo Botto\" \/>\n<meta name=\"twitter:card\" content=\"summary_large_image\" \/>\n<script type=\"application\/ld+json\" class=\"yoast-schema-graph\">{\"@context\":\"https:\/\/schema.org\",\"@graph\":[{\"@type\":\"WebPage\",\"@id\":\"https:\/\/www.noticiasradioreflejos.com.ar\/2021\/las-cosas-mas-lindas-que-tiene-el-barrilete-es-el-encuentro-con-la-familia-ya-que-la-mayoria-de-los-ninos-necesitan-de-la-ayuda-de-un-adulto\/\",\"url\":\"https:\/\/www.noticiasradioreflejos.com.ar\/2021\/las-cosas-mas-lindas-que-tiene-el-barrilete-es-el-encuentro-con-la-familia-ya-que-la-mayoria-de-los-ninos-necesitan-de-la-ayuda-de-un-adulto\/\",\"name\":\"\\\"Las cosas m\u00e1s lindas que tiene el barrilete es el encuentro con la familia, ya que la mayor\u00eda de los ni\u00f1os necesitan de la ayuda de un adulto\\\" - Noticias Radio Reflejos\",\"isPartOf\":{\"@id\":\"https:\/\/www.noticiasradioreflejos.com.ar\/2021\/#website\"},\"primaryImageOfPage\":{\"@id\":\"https:\/\/www.noticiasradioreflejos.com.ar\/2021\/las-cosas-mas-lindas-que-tiene-el-barrilete-es-el-encuentro-con-la-familia-ya-que-la-mayoria-de-los-ninos-necesitan-de-la-ayuda-de-un-adulto\/#primaryimage\"},\"image\":{\"@id\":\"https:\/\/www.noticiasradioreflejos.com.ar\/2021\/las-cosas-mas-lindas-que-tiene-el-barrilete-es-el-encuentro-con-la-familia-ya-que-la-mayoria-de-los-ninos-necesitan-de-la-ayuda-de-un-adulto\/#primaryimage\"},\"thumbnailUrl\":\"https:\/\/live.staticflickr.com\/65535\/51855033156_5b89d2d8d0_c.jpg\",\"datePublished\":\"2022-01-31T23:04:55+00:00\",\"author\":{\"@id\":\"https:\/\/www.noticiasradioreflejos.com.ar\/2021\/#\/schema\/person\/ad82545263dcc5ec0996818884fd5fb1\"},\"breadcrumb\":{\"@id\":\"https:\/\/www.noticiasradioreflejos.com.ar\/2021\/las-cosas-mas-lindas-que-tiene-el-barrilete-es-el-encuentro-con-la-familia-ya-que-la-mayoria-de-los-ninos-necesitan-de-la-ayuda-de-un-adulto\/#breadcrumb\"},\"inLanguage\":\"es\",\"potentialAction\":[{\"@type\":\"ReadAction\",\"target\":[\"https:\/\/www.noticiasradioreflejos.com.ar\/2021\/las-cosas-mas-lindas-que-tiene-el-barrilete-es-el-encuentro-con-la-familia-ya-que-la-mayoria-de-los-ninos-necesitan-de-la-ayuda-de-un-adulto\/\"]}]},{\"@type\":\"ImageObject\",\"inLanguage\":\"es\",\"@id\":\"https:\/\/www.noticiasradioreflejos.com.ar\/2021\/las-cosas-mas-lindas-que-tiene-el-barrilete-es-el-encuentro-con-la-familia-ya-que-la-mayoria-de-los-ninos-necesitan-de-la-ayuda-de-un-adulto\/#primaryimage\",\"url\":\"https:\/\/live.staticflickr.com\/65535\/51855033156_5b89d2d8d0_c.jpg\",\"contentUrl\":\"https:\/\/live.staticflickr.com\/65535\/51855033156_5b89d2d8d0_c.jpg\"},{\"@type\":\"BreadcrumbList\",\"@id\":\"https:\/\/www.noticiasradioreflejos.com.ar\/2021\/las-cosas-mas-lindas-que-tiene-el-barrilete-es-el-encuentro-con-la-familia-ya-que-la-mayoria-de-los-ninos-necesitan-de-la-ayuda-de-un-adulto\/#breadcrumb\",\"itemListElement\":[{\"@type\":\"ListItem\",\"position\":1,\"name\":\"Portada\",\"item\":\"https:\/\/www.noticiasradioreflejos.com.ar\/2021\/\"},{\"@type\":\"ListItem\",\"position\":2,\"name\":\"\u00abLas cosas m\u00e1s lindas que tiene el barrilete es el encuentro con la familia, ya que la mayor\u00eda de los ni\u00f1os necesitan de la ayuda de un adulto\u00bb\"}]},{\"@type\":\"WebSite\",\"@id\":\"https:\/\/www.noticiasradioreflejos.com.ar\/2021\/#website\",\"url\":\"https:\/\/www.noticiasradioreflejos.com.ar\/2021\/\",\"name\":\"Noticias Radio Reflejos\",\"description\":\"Las noticias de mi comarca\",\"potentialAction\":[{\"@type\":\"SearchAction\",\"target\":{\"@type\":\"EntryPoint\",\"urlTemplate\":\"https:\/\/www.noticiasradioreflejos.com.ar\/2021\/?s={search_term_string}\"},\"query-input\":{\"@type\":\"PropertyValueSpecification\",\"valueRequired\":true,\"valueName\":\"search_term_string\"}}],\"inLanguage\":\"es\"},{\"@type\":\"Person\",\"@id\":\"https:\/\/www.noticiasradioreflejos.com.ar\/2021\/#\/schema\/person\/ad82545263dcc5ec0996818884fd5fb1\",\"name\":\"Arnaldo Botto\",\"image\":{\"@type\":\"ImageObject\",\"inLanguage\":\"es\",\"@id\":\"https:\/\/www.noticiasradioreflejos.com.ar\/2021\/#\/schema\/person\/image\/\",\"url\":\"https:\/\/secure.gravatar.com\/avatar\/55cb5e37c1efa326397366e6974cb338056df65cb50e7d64d1cf314e87504837?s=96&d=mm&r=g\",\"contentUrl\":\"https:\/\/secure.gravatar.com\/avatar\/55cb5e37c1efa326397366e6974cb338056df65cb50e7d64d1cf314e87504837?s=96&d=mm&r=g\",\"caption\":\"Arnaldo Botto\"},\"url\":\"https:\/\/www.noticiasradioreflejos.com.ar\/2021\/author\/arnaldo\/\"}]}<\/script>\n<!-- \/ Yoast SEO plugin. -->","yoast_head_json":{"title":"\"Las cosas m\u00e1s lindas que tiene el barrilete es el encuentro con la familia, ya que la mayor\u00eda de los ni\u00f1os necesitan de la ayuda de un adulto\" - Noticias Radio Reflejos","robots":{"index":"index","follow":"follow","max-snippet":"max-snippet:-1","max-image-preview":"max-image-preview:large","max-video-preview":"max-video-preview:-1"},"canonical":"https:\/\/www.noticiasradioreflejos.com.ar\/2021\/las-cosas-mas-lindas-que-tiene-el-barrilete-es-el-encuentro-con-la-familia-ya-que-la-mayoria-de-los-ninos-necesitan-de-la-ayuda-de-un-adulto\/","og_locale":"es_ES","og_type":"article","og_title":"\"Las cosas m\u00e1s lindas que tiene el barrilete es el encuentro con la familia, ya que la mayor\u00eda de los ni\u00f1os necesitan de la ayuda de un adulto\" - Noticias Radio Reflejos","og_description":"En el d\u00eda mundial del barrilete, y durante nuestro programa Tiempo Educativo, entrevistamos a Juan, un apasionado de las cometas, desde muy peque\u00f1o comenz\u00f3 con este hobby y hoy en d\u00eda se dedica a fabricarlos. En esta nota, Juan nos comenta un poco de su infancia, c\u00f3mo lleg\u00f3 esta pasi\u00f3n a su vida, nos da [&hellip;]","og_url":"https:\/\/www.noticiasradioreflejos.com.ar\/2021\/las-cosas-mas-lindas-que-tiene-el-barrilete-es-el-encuentro-con-la-familia-ya-que-la-mayoria-de-los-ninos-necesitan-de-la-ayuda-de-un-adulto\/","og_site_name":"Noticias Radio Reflejos","article_published_time":"2022-01-31T23:04:55+00:00","og_image":[{"url":"https:\/\/live.staticflickr.com\/65535\/51855033156_5b89d2d8d0_c.jpg","type":"","width":"","height":""}],"author":"Arnaldo Botto","twitter_card":"summary_large_image","schema":{"@context":"https:\/\/schema.org","@graph":[{"@type":"WebPage","@id":"https:\/\/www.noticiasradioreflejos.com.ar\/2021\/las-cosas-mas-lindas-que-tiene-el-barrilete-es-el-encuentro-con-la-familia-ya-que-la-mayoria-de-los-ninos-necesitan-de-la-ayuda-de-un-adulto\/","url":"https:\/\/www.noticiasradioreflejos.com.ar\/2021\/las-cosas-mas-lindas-que-tiene-el-barrilete-es-el-encuentro-con-la-familia-ya-que-la-mayoria-de-los-ninos-necesitan-de-la-ayuda-de-un-adulto\/","name":"\"Las cosas m\u00e1s lindas que tiene el barrilete es el encuentro con la familia, ya que la mayor\u00eda de los ni\u00f1os necesitan de la ayuda de un adulto\" - Noticias Radio Reflejos","isPartOf":{"@id":"https:\/\/www.noticiasradioreflejos.com.ar\/2021\/#website"},"primaryImageOfPage":{"@id":"https:\/\/www.noticiasradioreflejos.com.ar\/2021\/las-cosas-mas-lindas-que-tiene-el-barrilete-es-el-encuentro-con-la-familia-ya-que-la-mayoria-de-los-ninos-necesitan-de-la-ayuda-de-un-adulto\/#primaryimage"},"image":{"@id":"https:\/\/www.noticiasradioreflejos.com.ar\/2021\/las-cosas-mas-lindas-que-tiene-el-barrilete-es-el-encuentro-con-la-familia-ya-que-la-mayoria-de-los-ninos-necesitan-de-la-ayuda-de-un-adulto\/#primaryimage"},"thumbnailUrl":"https:\/\/live.staticflickr.com\/65535\/51855033156_5b89d2d8d0_c.jpg","datePublished":"2022-01-31T23:04:55+00:00","author":{"@id":"https:\/\/www.noticiasradioreflejos.com.ar\/2021\/#\/schema\/person\/ad82545263dcc5ec0996818884fd5fb1"},"breadcrumb":{"@id":"https:\/\/www.noticiasradioreflejos.com.ar\/2021\/las-cosas-mas-lindas-que-tiene-el-barrilete-es-el-encuentro-con-la-familia-ya-que-la-mayoria-de-los-ninos-necesitan-de-la-ayuda-de-un-adulto\/#breadcrumb"},"inLanguage":"es","potentialAction":[{"@type":"ReadAction","target":["https:\/\/www.noticiasradioreflejos.com.ar\/2021\/las-cosas-mas-lindas-que-tiene-el-barrilete-es-el-encuentro-con-la-familia-ya-que-la-mayoria-de-los-ninos-necesitan-de-la-ayuda-de-un-adulto\/"]}]},{"@type":"ImageObject","inLanguage":"es","@id":"https:\/\/www.noticiasradioreflejos.com.ar\/2021\/las-cosas-mas-lindas-que-tiene-el-barrilete-es-el-encuentro-con-la-familia-ya-que-la-mayoria-de-los-ninos-necesitan-de-la-ayuda-de-un-adulto\/#primaryimage","url":"https:\/\/live.staticflickr.com\/65535\/51855033156_5b89d2d8d0_c.jpg","contentUrl":"https:\/\/live.staticflickr.com\/65535\/51855033156_5b89d2d8d0_c.jpg"},{"@type":"BreadcrumbList","@id":"https:\/\/www.noticiasradioreflejos.com.ar\/2021\/las-cosas-mas-lindas-que-tiene-el-barrilete-es-el-encuentro-con-la-familia-ya-que-la-mayoria-de-los-ninos-necesitan-de-la-ayuda-de-un-adulto\/#breadcrumb","itemListElement":[{"@type":"ListItem","position":1,"name":"Portada","item":"https:\/\/www.noticiasradioreflejos.com.ar\/2021\/"},{"@type":"ListItem","position":2,"name":"\u00abLas cosas m\u00e1s lindas que tiene el barrilete es el encuentro con la familia, ya que la mayor\u00eda de los ni\u00f1os necesitan de la ayuda de un adulto\u00bb"}]},{"@type":"WebSite","@id":"https:\/\/www.noticiasradioreflejos.com.ar\/2021\/#website","url":"https:\/\/www.noticiasradioreflejos.com.ar\/2021\/","name":"Noticias Radio Reflejos","description":"Las noticias de mi comarca","potentialAction":[{"@type":"SearchAction","target":{"@type":"EntryPoint","urlTemplate":"https:\/\/www.noticiasradioreflejos.com.ar\/2021\/?s={search_term_string}"},"query-input":{"@type":"PropertyValueSpecification","valueRequired":true,"valueName":"search_term_string"}}],"inLanguage":"es"},{"@type":"Person","@id":"https:\/\/www.noticiasradioreflejos.com.ar\/2021\/#\/schema\/person\/ad82545263dcc5ec0996818884fd5fb1","name":"Arnaldo Botto","image":{"@type":"ImageObject","inLanguage":"es","@id":"https:\/\/www.noticiasradioreflejos.com.ar\/2021\/#\/schema\/person\/image\/","url":"https:\/\/secure.gravatar.com\/avatar\/55cb5e37c1efa326397366e6974cb338056df65cb50e7d64d1cf314e87504837?s=96&d=mm&r=g","contentUrl":"https:\/\/secure.gravatar.com\/avatar\/55cb5e37c1efa326397366e6974cb338056df65cb50e7d64d1cf314e87504837?s=96&d=mm&r=g","caption":"Arnaldo Botto"},"url":"https:\/\/www.noticiasradioreflejos.com.ar\/2021\/author\/arnaldo\/"}]}},"_links":{"self":[{"href":"https:\/\/www.noticiasradioreflejos.com.ar\/2021\/wp-json\/wp\/v2\/posts\/67644","targetHints":{"allow":["GET"]}}],"collection":[{"href":"https:\/\/www.noticiasradioreflejos.com.ar\/2021\/wp-json\/wp\/v2\/posts"}],"about":[{"href":"https:\/\/www.noticiasradioreflejos.com.ar\/2021\/wp-json\/wp\/v2\/types\/post"}],"author":[{"embeddable":true,"href":"https:\/\/www.noticiasradioreflejos.com.ar\/2021\/wp-json\/wp\/v2\/users\/3"}],"replies":[{"embeddable":true,"href":"https:\/\/www.noticiasradioreflejos.com.ar\/2021\/wp-json\/wp\/v2\/comments?post=67644"}],"version-history":[{"count":2,"href":"https:\/\/www.noticiasradioreflejos.com.ar\/2021\/wp-json\/wp\/v2\/posts\/67644\/revisions"}],"predecessor-version":[{"id":67657,"href":"https:\/\/www.noticiasradioreflejos.com.ar\/2021\/wp-json\/wp\/v2\/posts\/67644\/revisions\/67657"}],"wp:attachment":[{"href":"https:\/\/www.noticiasradioreflejos.com.ar\/2021\/wp-json\/wp\/v2\/media?parent=67644"}],"wp:term":[{"taxonomy":"category","embeddable":true,"href":"https:\/\/www.noticiasradioreflejos.com.ar\/2021\/wp-json\/wp\/v2\/categories?post=67644"},{"taxonomy":"post_tag","embeddable":true,"href":"https:\/\/www.noticiasradioreflejos.com.ar\/2021\/wp-json\/wp\/v2\/tags?post=67644"}],"curies":[{"name":"wp","href":"https:\/\/api.w.org\/{rel}","templated":true}]}}