{"id":67642,"date":"2022-01-31T23:02:58","date_gmt":"2022-01-31T23:02:58","guid":{"rendered":"http:\/\/www.noticiasradioreflejos.com.ar\/2021\/?p=67642"},"modified":"2022-01-31T23:03:29","modified_gmt":"2022-01-31T23:03:29","slug":"informe-del-consejo-escolar-ahora-lo-que-tenemos-son-las-obras-ya-terminadas-y-otras-a-punto-de-terminar","status":"publish","type":"post","link":"https:\/\/www.noticiasradioreflejos.com.ar\/2021\/informe-del-consejo-escolar-ahora-lo-que-tenemos-son-las-obras-ya-terminadas-y-otras-a-punto-de-terminar\/","title":{"rendered":"Informe del Consejo Escolar: \u00abAhora lo que tenemos son las obras ya terminadas y otras a punto de terminar"},"content":{"rendered":"<p>Esta ma\u00f1ana entrevistamos al Consejero Escolar de Tornquist, quien da detalles de las obras ejecutadas en los establecimientos educativos del distrito durante el mes de enero del corriente a\u00f1o.<!--more--><\/p>\n<p>\u00abSe aprovechan estos meses de diciembre, enero y un poquito de febrero, que los alumnos todav\u00eda no est\u00e1n en el aula, para poder hacer esas obras grandes de infraestructura que reclaman los establecimientos educativos. Durante el mes de enero, se han hecho varias obras, algunas se han terminado y otras se est\u00e1n por finalizar\u00bb inform\u00f3 Fabian al comenzar la nota.<\/p>\n<p>Entre las obras m\u00e1s destacadas que se est\u00e1n realizando este a\u00f1o, se encuentra la construcci\u00f3n del SUM de la Escuela Media 2. Fabian explic\u00f3 que todav\u00eda falta un tiempo para finalizarla, que la obra se encuentra en la primera etapa. Agreg\u00f3 que se est\u00e1 trabajando bastante bien para que la obra se est\u00e9 realizando en tiempo y forma.<\/p>\n<p>\u00abLos chicos se van a encontrar con el piso nuevo a la entrada a la escuela\u00bb se refiri\u00f3 a la obra que se est\u00e1 realizando en la escuela N\u00b0 6. El Concejero Escolar explic\u00f3 que el nuevo piso se trata de uno de \u00abalta circulaci\u00f3n\u00bb.<\/p>\n<p><img loading=\"lazy\" decoding=\"async\" class=\"aligncenter size-full wp-image-67620\" src=\"http:\/\/www.noticiasradioreflejos.com.ar\/2021\/wp-content\/uploads\/2022\/01\/Consejo-Escolar.png\" alt=\"\" width=\"667\" height=\"372\" \/><\/p>\n<p>Con respecto al jard\u00edn de Sierra de la Ventana, mencion\u00f3 que tuvo obras menores. \u00abEn este informe que nosotros subimos, solo hacemos referencia a las grandes obras que se hicieron o se est\u00e1n haciendo\u00bb.<\/p>\n<p>En la escuela N\u00b0 4 de Saldungaray, se hicieron colocaciones de nuevas grifer\u00edas en los ba\u00f1os adem\u00e1s de la pared divisoria y la pintura de las mismas.<\/p>\n<p>Una de las obras m\u00e1s solicitadas es la de la Escuela de Ense\u00f1anza Secundaria. \u00abSe pudo concretar el pedido de licitaci\u00f3n para ya empezar con la obra lo antes posible. Es una obra muy pedida por la comunidad\u00bb expres\u00f3 Fabian.<\/p>\n<p>En lo que resta para retomar las clases presenciales, Fabian explica que reciben diversos fondos que son repartidos en orden de prioridades, lo que es evaluado por el Consejo Escolar junto con el municipio. \u00abAhora lo que tenemos son las obras ya terminadas y otras a punto de terminar. Y despu\u00e9s, de acuerdo a la necesidad de cada escuela, los directivos nos van informando qu\u00e9 es lo que necesitan, y nosotros los mi\u00e9rcoles a las 8 de la ma\u00f1ana hacemos la sesi\u00f3n ordinaria donde le damos prioridad a las obras de acuerdo al fondo que vamos teniendo\u00bb.<\/p>\n<p>El consejero escolar menciona que \u00absiempre hay cosas para hacer, que quiz\u00e1s son obras menores, pero que los chicos ya pueden ir a la escuela\u00bb.<\/p>\n<p>Se realiz\u00f3 tambi\u00e9n la ampliaci\u00f3n del Jard\u00edn de Infantes de Villa Ventana, la cual estar\u00e1 lista para el comienzo del ciclo lectivo. \u00abSon lugares que est\u00e1n creciendo mucho y que necesitan la construcci\u00f3n de nuevas aulas\u00bb expres\u00f3 Fabian.<\/p>\n<p>Tambi\u00e9n Fabian inform\u00f3 que se han recibido fondos para invertir en ropa de cama y art\u00edculos de cama, como colchones, frazadas, acolchados y dem\u00e1s para los dos establecimientos educativos que brindan el servicio de residencias.<\/p>\n<p>Sobre el final de la nota, Fabian vuelve a invitar a la comunidad a presentarse en Sarmiento 98 los d\u00edas mi\u00e9rcoles a las 8 de la ma\u00f1ana para participar de las sesiones extraordinarias del Consejo Escolar.<\/p>\n<p>Nota completa a continuaci\u00f3n:<br \/>\n<iframe loading=\"lazy\" src=\"https:\/\/w.soundcloud.com\/player\/?url=https%3A\/\/api.soundcloud.com\/tracks\/1207126786&amp;color=%23ff5500&amp;auto_play=false&amp;hide_related=false&amp;show_comments=true&amp;show_user=true&amp;show_reposts=false&amp;show_teaser=true\" width=\"100%\" height=\"166\" frameborder=\"no\" scrolling=\"no\"><\/iframe><\/p>\n<div style=\"font-size: 10px; color: #cccccc; line-break: anywhere; word-break: normal; overflow: hidden; white-space: nowrap; text-overflow: ellipsis; font-family: Interstate,Lucida Grande,Lucida Sans Unicode,Lucida Sans,Garuda,Verdana,Tahoma,sans-serif; font-weight: 100;\"><a style=\"color: #cccccc; text-decoration: none;\" title=\"fmreflejos 103.7\" href=\"https:\/\/soundcloud.com\/fmreflejos-103-7\" target=\"_blank\" rel=\"noopener\">fmreflejos 103.7<\/a> \u00b7 <a style=\"color: #cccccc; text-decoration: none;\" title=\"Fabian Camilletti\" href=\"https:\/\/soundcloud.com\/fmreflejos-103-7\/fabian-camilletti\" target=\"_blank\" rel=\"noopener\">Fabian Camilletti<\/a><\/div>\n","protected":false},"excerpt":{"rendered":"<p>Esta ma\u00f1ana entrevistamos al Consejero Escolar de Tornquist, quien da detalles de las obras ejecutadas en los establecimientos educativos del distrito durante el mes de enero del corriente a\u00f1o.<\/p>\n","protected":false},"author":3,"featured_media":0,"comment_status":"closed","ping_status":"closed","sticky":false,"template":"","format":"standard","meta":{"footnotes":""},"categories":[34,24],"tags":[48],"class_list":["post-67642","post","type-post","status-publish","format-standard","hentry","category-educacion","category-politica","tag-destacada"],"yoast_head":"<!-- This site is optimized with the Yoast SEO plugin v25.9 - https:\/\/yoast.com\/wordpress\/plugins\/seo\/ -->\n<title>Informe del Consejo Escolar: &quot;Ahora lo que tenemos son las obras ya terminadas y otras a punto de terminar - Noticias Radio Reflejos<\/title>\n<meta name=\"robots\" content=\"index, follow, max-snippet:-1, max-image-preview:large, max-video-preview:-1\" \/>\n<link rel=\"canonical\" href=\"https:\/\/www.noticiasradioreflejos.com.ar\/2021\/informe-del-consejo-escolar-ahora-lo-que-tenemos-son-las-obras-ya-terminadas-y-otras-a-punto-de-terminar\/\" \/>\n<meta property=\"og:locale\" content=\"es_ES\" \/>\n<meta property=\"og:type\" content=\"article\" \/>\n<meta property=\"og:title\" content=\"Informe del Consejo Escolar: &quot;Ahora lo que tenemos son las obras ya terminadas y otras a punto de terminar - Noticias Radio Reflejos\" \/>\n<meta property=\"og:description\" content=\"Esta ma\u00f1ana entrevistamos al Consejero Escolar de Tornquist, quien da detalles de las obras ejecutadas en los establecimientos educativos del distrito durante el mes de enero del corriente a\u00f1o.\" \/>\n<meta property=\"og:url\" content=\"https:\/\/www.noticiasradioreflejos.com.ar\/2021\/informe-del-consejo-escolar-ahora-lo-que-tenemos-son-las-obras-ya-terminadas-y-otras-a-punto-de-terminar\/\" \/>\n<meta property=\"og:site_name\" content=\"Noticias Radio Reflejos\" \/>\n<meta property=\"article:published_time\" content=\"2022-01-31T23:02:58+00:00\" \/>\n<meta property=\"article:modified_time\" content=\"2022-01-31T23:03:29+00:00\" \/>\n<meta property=\"og:image\" content=\"http:\/\/www.noticiasradioreflejos.com.ar\/2021\/wp-content\/uploads\/2022\/01\/Consejo-Escolar.png\" \/>\n<meta name=\"author\" content=\"Arnaldo Botto\" \/>\n<meta name=\"twitter:card\" content=\"summary_large_image\" \/>\n<script type=\"application\/ld+json\" class=\"yoast-schema-graph\">{\"@context\":\"https:\/\/schema.org\",\"@graph\":[{\"@type\":\"WebPage\",\"@id\":\"https:\/\/www.noticiasradioreflejos.com.ar\/2021\/informe-del-consejo-escolar-ahora-lo-que-tenemos-son-las-obras-ya-terminadas-y-otras-a-punto-de-terminar\/\",\"url\":\"https:\/\/www.noticiasradioreflejos.com.ar\/2021\/informe-del-consejo-escolar-ahora-lo-que-tenemos-son-las-obras-ya-terminadas-y-otras-a-punto-de-terminar\/\",\"name\":\"Informe del Consejo Escolar: \\\"Ahora lo que tenemos son las obras ya terminadas y otras a punto de terminar - Noticias Radio Reflejos\",\"isPartOf\":{\"@id\":\"https:\/\/www.noticiasradioreflejos.com.ar\/2021\/#website\"},\"primaryImageOfPage\":{\"@id\":\"https:\/\/www.noticiasradioreflejos.com.ar\/2021\/informe-del-consejo-escolar-ahora-lo-que-tenemos-son-las-obras-ya-terminadas-y-otras-a-punto-de-terminar\/#primaryimage\"},\"image\":{\"@id\":\"https:\/\/www.noticiasradioreflejos.com.ar\/2021\/informe-del-consejo-escolar-ahora-lo-que-tenemos-son-las-obras-ya-terminadas-y-otras-a-punto-de-terminar\/#primaryimage\"},\"thumbnailUrl\":\"http:\/\/www.noticiasradioreflejos.com.ar\/2021\/wp-content\/uploads\/2022\/01\/Consejo-Escolar.png\",\"datePublished\":\"2022-01-31T23:02:58+00:00\",\"dateModified\":\"2022-01-31T23:03:29+00:00\",\"author\":{\"@id\":\"https:\/\/www.noticiasradioreflejos.com.ar\/2021\/#\/schema\/person\/ad82545263dcc5ec0996818884fd5fb1\"},\"breadcrumb\":{\"@id\":\"https:\/\/www.noticiasradioreflejos.com.ar\/2021\/informe-del-consejo-escolar-ahora-lo-que-tenemos-son-las-obras-ya-terminadas-y-otras-a-punto-de-terminar\/#breadcrumb\"},\"inLanguage\":\"es\",\"potentialAction\":[{\"@type\":\"ReadAction\",\"target\":[\"https:\/\/www.noticiasradioreflejos.com.ar\/2021\/informe-del-consejo-escolar-ahora-lo-que-tenemos-son-las-obras-ya-terminadas-y-otras-a-punto-de-terminar\/\"]}]},{\"@type\":\"ImageObject\",\"inLanguage\":\"es\",\"@id\":\"https:\/\/www.noticiasradioreflejos.com.ar\/2021\/informe-del-consejo-escolar-ahora-lo-que-tenemos-son-las-obras-ya-terminadas-y-otras-a-punto-de-terminar\/#primaryimage\",\"url\":\"\",\"contentUrl\":\"\"},{\"@type\":\"BreadcrumbList\",\"@id\":\"https:\/\/www.noticiasradioreflejos.com.ar\/2021\/informe-del-consejo-escolar-ahora-lo-que-tenemos-son-las-obras-ya-terminadas-y-otras-a-punto-de-terminar\/#breadcrumb\",\"itemListElement\":[{\"@type\":\"ListItem\",\"position\":1,\"name\":\"Portada\",\"item\":\"https:\/\/www.noticiasradioreflejos.com.ar\/2021\/\"},{\"@type\":\"ListItem\",\"position\":2,\"name\":\"Informe del Consejo Escolar: \u00abAhora lo que tenemos son las obras ya terminadas y otras a punto de terminar\"}]},{\"@type\":\"WebSite\",\"@id\":\"https:\/\/www.noticiasradioreflejos.com.ar\/2021\/#website\",\"url\":\"https:\/\/www.noticiasradioreflejos.com.ar\/2021\/\",\"name\":\"Noticias Radio Reflejos\",\"description\":\"Las noticias de mi comarca\",\"potentialAction\":[{\"@type\":\"SearchAction\",\"target\":{\"@type\":\"EntryPoint\",\"urlTemplate\":\"https:\/\/www.noticiasradioreflejos.com.ar\/2021\/?s={search_term_string}\"},\"query-input\":{\"@type\":\"PropertyValueSpecification\",\"valueRequired\":true,\"valueName\":\"search_term_string\"}}],\"inLanguage\":\"es\"},{\"@type\":\"Person\",\"@id\":\"https:\/\/www.noticiasradioreflejos.com.ar\/2021\/#\/schema\/person\/ad82545263dcc5ec0996818884fd5fb1\",\"name\":\"Arnaldo Botto\",\"image\":{\"@type\":\"ImageObject\",\"inLanguage\":\"es\",\"@id\":\"https:\/\/www.noticiasradioreflejos.com.ar\/2021\/#\/schema\/person\/image\/\",\"url\":\"https:\/\/secure.gravatar.com\/avatar\/55cb5e37c1efa326397366e6974cb338056df65cb50e7d64d1cf314e87504837?s=96&d=mm&r=g\",\"contentUrl\":\"https:\/\/secure.gravatar.com\/avatar\/55cb5e37c1efa326397366e6974cb338056df65cb50e7d64d1cf314e87504837?s=96&d=mm&r=g\",\"caption\":\"Arnaldo Botto\"},\"url\":\"https:\/\/www.noticiasradioreflejos.com.ar\/2021\/author\/arnaldo\/\"}]}<\/script>\n<!-- \/ Yoast SEO plugin. -->","yoast_head_json":{"title":"Informe del Consejo Escolar: \"Ahora lo que tenemos son las obras ya terminadas y otras a punto de terminar - Noticias Radio Reflejos","robots":{"index":"index","follow":"follow","max-snippet":"max-snippet:-1","max-image-preview":"max-image-preview:large","max-video-preview":"max-video-preview:-1"},"canonical":"https:\/\/www.noticiasradioreflejos.com.ar\/2021\/informe-del-consejo-escolar-ahora-lo-que-tenemos-son-las-obras-ya-terminadas-y-otras-a-punto-de-terminar\/","og_locale":"es_ES","og_type":"article","og_title":"Informe del Consejo Escolar: \"Ahora lo que tenemos son las obras ya terminadas y otras a punto de terminar - Noticias Radio Reflejos","og_description":"Esta ma\u00f1ana entrevistamos al Consejero Escolar de Tornquist, quien da detalles de las obras ejecutadas en los establecimientos educativos del distrito durante el mes de enero del corriente a\u00f1o.","og_url":"https:\/\/www.noticiasradioreflejos.com.ar\/2021\/informe-del-consejo-escolar-ahora-lo-que-tenemos-son-las-obras-ya-terminadas-y-otras-a-punto-de-terminar\/","og_site_name":"Noticias Radio Reflejos","article_published_time":"2022-01-31T23:02:58+00:00","article_modified_time":"2022-01-31T23:03:29+00:00","og_image":[{"url":"http:\/\/www.noticiasradioreflejos.com.ar\/2021\/wp-content\/uploads\/2022\/01\/Consejo-Escolar.png","type":"","width":"","height":""}],"author":"Arnaldo Botto","twitter_card":"summary_large_image","schema":{"@context":"https:\/\/schema.org","@graph":[{"@type":"WebPage","@id":"https:\/\/www.noticiasradioreflejos.com.ar\/2021\/informe-del-consejo-escolar-ahora-lo-que-tenemos-son-las-obras-ya-terminadas-y-otras-a-punto-de-terminar\/","url":"https:\/\/www.noticiasradioreflejos.com.ar\/2021\/informe-del-consejo-escolar-ahora-lo-que-tenemos-son-las-obras-ya-terminadas-y-otras-a-punto-de-terminar\/","name":"Informe del Consejo Escolar: \"Ahora lo que tenemos son las obras ya terminadas y otras a punto de terminar - Noticias Radio Reflejos","isPartOf":{"@id":"https:\/\/www.noticiasradioreflejos.com.ar\/2021\/#website"},"primaryImageOfPage":{"@id":"https:\/\/www.noticiasradioreflejos.com.ar\/2021\/informe-del-consejo-escolar-ahora-lo-que-tenemos-son-las-obras-ya-terminadas-y-otras-a-punto-de-terminar\/#primaryimage"},"image":{"@id":"https:\/\/www.noticiasradioreflejos.com.ar\/2021\/informe-del-consejo-escolar-ahora-lo-que-tenemos-son-las-obras-ya-terminadas-y-otras-a-punto-de-terminar\/#primaryimage"},"thumbnailUrl":"http:\/\/www.noticiasradioreflejos.com.ar\/2021\/wp-content\/uploads\/2022\/01\/Consejo-Escolar.png","datePublished":"2022-01-31T23:02:58+00:00","dateModified":"2022-01-31T23:03:29+00:00","author":{"@id":"https:\/\/www.noticiasradioreflejos.com.ar\/2021\/#\/schema\/person\/ad82545263dcc5ec0996818884fd5fb1"},"breadcrumb":{"@id":"https:\/\/www.noticiasradioreflejos.com.ar\/2021\/informe-del-consejo-escolar-ahora-lo-que-tenemos-son-las-obras-ya-terminadas-y-otras-a-punto-de-terminar\/#breadcrumb"},"inLanguage":"es","potentialAction":[{"@type":"ReadAction","target":["https:\/\/www.noticiasradioreflejos.com.ar\/2021\/informe-del-consejo-escolar-ahora-lo-que-tenemos-son-las-obras-ya-terminadas-y-otras-a-punto-de-terminar\/"]}]},{"@type":"ImageObject","inLanguage":"es","@id":"https:\/\/www.noticiasradioreflejos.com.ar\/2021\/informe-del-consejo-escolar-ahora-lo-que-tenemos-son-las-obras-ya-terminadas-y-otras-a-punto-de-terminar\/#primaryimage","url":"","contentUrl":""},{"@type":"BreadcrumbList","@id":"https:\/\/www.noticiasradioreflejos.com.ar\/2021\/informe-del-consejo-escolar-ahora-lo-que-tenemos-son-las-obras-ya-terminadas-y-otras-a-punto-de-terminar\/#breadcrumb","itemListElement":[{"@type":"ListItem","position":1,"name":"Portada","item":"https:\/\/www.noticiasradioreflejos.com.ar\/2021\/"},{"@type":"ListItem","position":2,"name":"Informe del Consejo Escolar: \u00abAhora lo que tenemos son las obras ya terminadas y otras a punto de terminar"}]},{"@type":"WebSite","@id":"https:\/\/www.noticiasradioreflejos.com.ar\/2021\/#website","url":"https:\/\/www.noticiasradioreflejos.com.ar\/2021\/","name":"Noticias Radio Reflejos","description":"Las noticias de mi comarca","potentialAction":[{"@type":"SearchAction","target":{"@type":"EntryPoint","urlTemplate":"https:\/\/www.noticiasradioreflejos.com.ar\/2021\/?s={search_term_string}"},"query-input":{"@type":"PropertyValueSpecification","valueRequired":true,"valueName":"search_term_string"}}],"inLanguage":"es"},{"@type":"Person","@id":"https:\/\/www.noticiasradioreflejos.com.ar\/2021\/#\/schema\/person\/ad82545263dcc5ec0996818884fd5fb1","name":"Arnaldo Botto","image":{"@type":"ImageObject","inLanguage":"es","@id":"https:\/\/www.noticiasradioreflejos.com.ar\/2021\/#\/schema\/person\/image\/","url":"https:\/\/secure.gravatar.com\/avatar\/55cb5e37c1efa326397366e6974cb338056df65cb50e7d64d1cf314e87504837?s=96&d=mm&r=g","contentUrl":"https:\/\/secure.gravatar.com\/avatar\/55cb5e37c1efa326397366e6974cb338056df65cb50e7d64d1cf314e87504837?s=96&d=mm&r=g","caption":"Arnaldo Botto"},"url":"https:\/\/www.noticiasradioreflejos.com.ar\/2021\/author\/arnaldo\/"}]}},"_links":{"self":[{"href":"https:\/\/www.noticiasradioreflejos.com.ar\/2021\/wp-json\/wp\/v2\/posts\/67642","targetHints":{"allow":["GET"]}}],"collection":[{"href":"https:\/\/www.noticiasradioreflejos.com.ar\/2021\/wp-json\/wp\/v2\/posts"}],"about":[{"href":"https:\/\/www.noticiasradioreflejos.com.ar\/2021\/wp-json\/wp\/v2\/types\/post"}],"author":[{"embeddable":true,"href":"https:\/\/www.noticiasradioreflejos.com.ar\/2021\/wp-json\/wp\/v2\/users\/3"}],"replies":[{"embeddable":true,"href":"https:\/\/www.noticiasradioreflejos.com.ar\/2021\/wp-json\/wp\/v2\/comments?post=67642"}],"version-history":[{"count":3,"href":"https:\/\/www.noticiasradioreflejos.com.ar\/2021\/wp-json\/wp\/v2\/posts\/67642\/revisions"}],"predecessor-version":[{"id":67656,"href":"https:\/\/www.noticiasradioreflejos.com.ar\/2021\/wp-json\/wp\/v2\/posts\/67642\/revisions\/67656"}],"wp:attachment":[{"href":"https:\/\/www.noticiasradioreflejos.com.ar\/2021\/wp-json\/wp\/v2\/media?parent=67642"}],"wp:term":[{"taxonomy":"category","embeddable":true,"href":"https:\/\/www.noticiasradioreflejos.com.ar\/2021\/wp-json\/wp\/v2\/categories?post=67642"},{"taxonomy":"post_tag","embeddable":true,"href":"https:\/\/www.noticiasradioreflejos.com.ar\/2021\/wp-json\/wp\/v2\/tags?post=67642"}],"curies":[{"name":"wp","href":"https:\/\/api.w.org\/{rel}","templated":true}]}}