{"id":67635,"date":"2022-01-31T17:34:03","date_gmt":"2022-01-31T17:34:03","guid":{"rendered":"http:\/\/www.noticiasradioreflejos.com.ar\/2021\/?p=67635"},"modified":"2022-01-31T17:34:03","modified_gmt":"2022-01-31T17:34:03","slug":"familias-de-tres-arroyos-recibieron-creditos-casa-propia-para-construccion","status":"publish","type":"post","link":"https:\/\/www.noticiasradioreflejos.com.ar\/2021\/familias-de-tres-arroyos-recibieron-creditos-casa-propia-para-construccion\/","title":{"rendered":"Familias de Tres Arroyos recibieron Cr\u00e9ditos Casa Propia para construcci\u00f3n"},"content":{"rendered":"<p>El Ministerio de Desarrollo Territorial y H\u00e1bitat de la Naci\u00f3n que conduce\u00a0<strong>Jorge Ferraresi<\/strong>\u00a0entreg\u00f3 este lunes Cr\u00e9ditos Casa Propia destinados a la construcci\u00f3n de viviendas a familias adjudicatarias del partido bonaerense de Tres Arroyos.<!--more--><\/p>\n<p>El secretario de H\u00e1bitat,\u00a0<strong>Santiago Maggiotti<\/strong>, encabez\u00f3 el acto en donde se otorgaron una serie de estos cr\u00e9ditos con financiaci\u00f3n a tasa cero, acompa\u00f1ado del presidente del Concejo Deliberante local,\u00a0<strong>Mart\u00edn Garate<\/strong>, y del ex diputado provincial\u00a0<strong>Pablo Garate<\/strong>.<\/p>\n<p>Sobre el compromiso del Gobierno Nacional con la pol\u00edtica habitacional,\u00a0<b>Maggiotti<\/b>\u00a0destac<wbr \/>\u00f3:\u00a0<em>\u201cLo que el presidente Alberto Fern\u00e1ndez nos ha pedido es que hagamos pol\u00edticas p\u00fablicas que le mejoren la calidad de vida a los argentinos y las argentinas y que no se la complique. El Casa Propia es un cr\u00e9dito que no lo regula el sector financiero ni el privado, sino que es una pol\u00edtica p\u00fablica del Estado\u201d<\/em>.<\/p>\n<p>Estos cr\u00e9ditos permiten la construcci\u00f3n de viviendas de hasta 60 metros cuadrados en lote propio o de un familiar cercano y tienen la particularidad que comienzan a pagarse una vez que la obra est\u00e9 finalizada.<\/p>\n<p>Adem\u00e1s, las cuotas se ajustan a la f\u00f3rmula Casa Propia: modalidad de actualizaci\u00f3n que tiene en cuenta el menor indicador entre el Coeficiente de Variaci\u00f3n Salarial (CVS) que publica el INDEC y el promedio de la inflaci\u00f3n del mismo per\u00edodo, lo que brinda m\u00e1s previsibilidad econ\u00f3mica a las familias beneficiadas.<\/p>\n<p>Link a la nota:\u00a0<a id=\"m_5901954310274862354LPlnkOWALinkPreview\" href=\"https:\/\/www.argentina.gob.ar\/noticias\/familias-de-tres-arroyos-recibieron-creditos-casa-propia-para-construccion\" target=\"_blank\" rel=\"noopener\" data-saferedirecturl=\"https:\/\/www.google.com\/url?q=https:\/\/www.argentina.gob.ar\/noticias\/familias-de-tres-arroyos-recibieron-creditos-casa-propia-para-construccion&amp;source=gmail&amp;ust=1643736405799000&amp;usg=AOvVaw0RxhUAz1w4IxMPjULYNXRo\">https:\/\/www.argentina.<wbr \/>gob.ar\/noticias\/familias-de-<wbr \/>tres-arroyos-recibieron-<wbr \/>creditos-casa-propia-para-<wbr \/>construccion<\/a><\/p>\n","protected":false},"excerpt":{"rendered":"<p>El Ministerio de Desarrollo Territorial y H\u00e1bitat de la Naci\u00f3n que conduce\u00a0Jorge Ferraresi\u00a0entreg\u00f3 este lunes Cr\u00e9ditos Casa Propia destinados a la construcci\u00f3n de viviendas a familias adjudicatarias del partido bonaerense de Tres Arroyos.<\/p>\n","protected":false},"author":3,"featured_media":0,"comment_status":"closed","ping_status":"closed","sticky":false,"template":"","format":"standard","meta":{"footnotes":""},"categories":[24],"tags":[],"class_list":["post-67635","post","type-post","status-publish","format-standard","hentry","category-politica"],"yoast_head":"<!-- This site is optimized with the Yoast SEO plugin v25.9 - https:\/\/yoast.com\/wordpress\/plugins\/seo\/ -->\n<title>Familias de Tres Arroyos recibieron Cr\u00e9ditos Casa Propia para construcci\u00f3n - Noticias Radio Reflejos<\/title>\n<meta name=\"robots\" content=\"index, follow, max-snippet:-1, max-image-preview:large, max-video-preview:-1\" \/>\n<link rel=\"canonical\" href=\"https:\/\/www.noticiasradioreflejos.com.ar\/2021\/familias-de-tres-arroyos-recibieron-creditos-casa-propia-para-construccion\/\" \/>\n<meta property=\"og:locale\" content=\"es_ES\" \/>\n<meta property=\"og:type\" content=\"article\" \/>\n<meta property=\"og:title\" content=\"Familias de Tres Arroyos recibieron Cr\u00e9ditos Casa Propia para construcci\u00f3n - Noticias Radio Reflejos\" \/>\n<meta property=\"og:description\" content=\"El Ministerio de Desarrollo Territorial y H\u00e1bitat de la Naci\u00f3n que conduce\u00a0Jorge Ferraresi\u00a0entreg\u00f3 este lunes Cr\u00e9ditos Casa Propia destinados a la construcci\u00f3n de viviendas a familias adjudicatarias del partido bonaerense de Tres Arroyos.\" \/>\n<meta property=\"og:url\" content=\"https:\/\/www.noticiasradioreflejos.com.ar\/2021\/familias-de-tres-arroyos-recibieron-creditos-casa-propia-para-construccion\/\" \/>\n<meta property=\"og:site_name\" content=\"Noticias Radio Reflejos\" \/>\n<meta property=\"article:published_time\" content=\"2022-01-31T17:34:03+00:00\" \/>\n<meta property=\"og:image\" content=\"https:\/\/www.noticiasradioreflejos.com.ar\/2021\/wp-content\/uploads\/2021\/07\/logosol300x200.png\" \/>\n\t<meta property=\"og:image:width\" content=\"300\" \/>\n\t<meta property=\"og:image:height\" content=\"200\" \/>\n\t<meta property=\"og:image:type\" content=\"image\/png\" \/>\n<meta name=\"author\" content=\"Arnaldo Botto\" \/>\n<meta name=\"twitter:card\" content=\"summary_large_image\" \/>\n<script type=\"application\/ld+json\" class=\"yoast-schema-graph\">{\"@context\":\"https:\/\/schema.org\",\"@graph\":[{\"@type\":\"WebPage\",\"@id\":\"https:\/\/www.noticiasradioreflejos.com.ar\/2021\/familias-de-tres-arroyos-recibieron-creditos-casa-propia-para-construccion\/\",\"url\":\"https:\/\/www.noticiasradioreflejos.com.ar\/2021\/familias-de-tres-arroyos-recibieron-creditos-casa-propia-para-construccion\/\",\"name\":\"Familias de Tres Arroyos recibieron Cr\u00e9ditos Casa Propia para construcci\u00f3n - Noticias Radio Reflejos\",\"isPartOf\":{\"@id\":\"https:\/\/www.noticiasradioreflejos.com.ar\/2021\/#website\"},\"datePublished\":\"2022-01-31T17:34:03+00:00\",\"author\":{\"@id\":\"https:\/\/www.noticiasradioreflejos.com.ar\/2021\/#\/schema\/person\/ad82545263dcc5ec0996818884fd5fb1\"},\"breadcrumb\":{\"@id\":\"https:\/\/www.noticiasradioreflejos.com.ar\/2021\/familias-de-tres-arroyos-recibieron-creditos-casa-propia-para-construccion\/#breadcrumb\"},\"inLanguage\":\"es\",\"potentialAction\":[{\"@type\":\"ReadAction\",\"target\":[\"https:\/\/www.noticiasradioreflejos.com.ar\/2021\/familias-de-tres-arroyos-recibieron-creditos-casa-propia-para-construccion\/\"]}]},{\"@type\":\"BreadcrumbList\",\"@id\":\"https:\/\/www.noticiasradioreflejos.com.ar\/2021\/familias-de-tres-arroyos-recibieron-creditos-casa-propia-para-construccion\/#breadcrumb\",\"itemListElement\":[{\"@type\":\"ListItem\",\"position\":1,\"name\":\"Portada\",\"item\":\"https:\/\/www.noticiasradioreflejos.com.ar\/2021\/\"},{\"@type\":\"ListItem\",\"position\":2,\"name\":\"Familias de Tres Arroyos recibieron Cr\u00e9ditos Casa Propia para construcci\u00f3n\"}]},{\"@type\":\"WebSite\",\"@id\":\"https:\/\/www.noticiasradioreflejos.com.ar\/2021\/#website\",\"url\":\"https:\/\/www.noticiasradioreflejos.com.ar\/2021\/\",\"name\":\"Noticias Radio Reflejos\",\"description\":\"Las noticias de mi comarca\",\"potentialAction\":[{\"@type\":\"SearchAction\",\"target\":{\"@type\":\"EntryPoint\",\"urlTemplate\":\"https:\/\/www.noticiasradioreflejos.com.ar\/2021\/?s={search_term_string}\"},\"query-input\":{\"@type\":\"PropertyValueSpecification\",\"valueRequired\":true,\"valueName\":\"search_term_string\"}}],\"inLanguage\":\"es\"},{\"@type\":\"Person\",\"@id\":\"https:\/\/www.noticiasradioreflejos.com.ar\/2021\/#\/schema\/person\/ad82545263dcc5ec0996818884fd5fb1\",\"name\":\"Arnaldo Botto\",\"image\":{\"@type\":\"ImageObject\",\"inLanguage\":\"es\",\"@id\":\"https:\/\/www.noticiasradioreflejos.com.ar\/2021\/#\/schema\/person\/image\/\",\"url\":\"https:\/\/secure.gravatar.com\/avatar\/55cb5e37c1efa326397366e6974cb338056df65cb50e7d64d1cf314e87504837?s=96&d=mm&r=g\",\"contentUrl\":\"https:\/\/secure.gravatar.com\/avatar\/55cb5e37c1efa326397366e6974cb338056df65cb50e7d64d1cf314e87504837?s=96&d=mm&r=g\",\"caption\":\"Arnaldo Botto\"},\"url\":\"https:\/\/www.noticiasradioreflejos.com.ar\/2021\/author\/arnaldo\/\"}]}<\/script>\n<!-- \/ Yoast SEO plugin. -->","yoast_head_json":{"title":"Familias de Tres Arroyos recibieron Cr\u00e9ditos Casa Propia para construcci\u00f3n - Noticias Radio Reflejos","robots":{"index":"index","follow":"follow","max-snippet":"max-snippet:-1","max-image-preview":"max-image-preview:large","max-video-preview":"max-video-preview:-1"},"canonical":"https:\/\/www.noticiasradioreflejos.com.ar\/2021\/familias-de-tres-arroyos-recibieron-creditos-casa-propia-para-construccion\/","og_locale":"es_ES","og_type":"article","og_title":"Familias de Tres Arroyos recibieron Cr\u00e9ditos Casa Propia para construcci\u00f3n - Noticias Radio Reflejos","og_description":"El Ministerio de Desarrollo Territorial y H\u00e1bitat de la Naci\u00f3n que conduce\u00a0Jorge Ferraresi\u00a0entreg\u00f3 este lunes Cr\u00e9ditos Casa Propia destinados a la construcci\u00f3n de viviendas a familias adjudicatarias del partido bonaerense de Tres Arroyos.","og_url":"https:\/\/www.noticiasradioreflejos.com.ar\/2021\/familias-de-tres-arroyos-recibieron-creditos-casa-propia-para-construccion\/","og_site_name":"Noticias Radio Reflejos","article_published_time":"2022-01-31T17:34:03+00:00","og_image":[{"width":300,"height":200,"url":"https:\/\/www.noticiasradioreflejos.com.ar\/2021\/wp-content\/uploads\/2021\/07\/logosol300x200.png","type":"image\/png"}],"author":"Arnaldo Botto","twitter_card":"summary_large_image","schema":{"@context":"https:\/\/schema.org","@graph":[{"@type":"WebPage","@id":"https:\/\/www.noticiasradioreflejos.com.ar\/2021\/familias-de-tres-arroyos-recibieron-creditos-casa-propia-para-construccion\/","url":"https:\/\/www.noticiasradioreflejos.com.ar\/2021\/familias-de-tres-arroyos-recibieron-creditos-casa-propia-para-construccion\/","name":"Familias de Tres Arroyos recibieron Cr\u00e9ditos Casa Propia para construcci\u00f3n - Noticias Radio Reflejos","isPartOf":{"@id":"https:\/\/www.noticiasradioreflejos.com.ar\/2021\/#website"},"datePublished":"2022-01-31T17:34:03+00:00","author":{"@id":"https:\/\/www.noticiasradioreflejos.com.ar\/2021\/#\/schema\/person\/ad82545263dcc5ec0996818884fd5fb1"},"breadcrumb":{"@id":"https:\/\/www.noticiasradioreflejos.com.ar\/2021\/familias-de-tres-arroyos-recibieron-creditos-casa-propia-para-construccion\/#breadcrumb"},"inLanguage":"es","potentialAction":[{"@type":"ReadAction","target":["https:\/\/www.noticiasradioreflejos.com.ar\/2021\/familias-de-tres-arroyos-recibieron-creditos-casa-propia-para-construccion\/"]}]},{"@type":"BreadcrumbList","@id":"https:\/\/www.noticiasradioreflejos.com.ar\/2021\/familias-de-tres-arroyos-recibieron-creditos-casa-propia-para-construccion\/#breadcrumb","itemListElement":[{"@type":"ListItem","position":1,"name":"Portada","item":"https:\/\/www.noticiasradioreflejos.com.ar\/2021\/"},{"@type":"ListItem","position":2,"name":"Familias de Tres Arroyos recibieron Cr\u00e9ditos Casa Propia para construcci\u00f3n"}]},{"@type":"WebSite","@id":"https:\/\/www.noticiasradioreflejos.com.ar\/2021\/#website","url":"https:\/\/www.noticiasradioreflejos.com.ar\/2021\/","name":"Noticias Radio Reflejos","description":"Las noticias de mi comarca","potentialAction":[{"@type":"SearchAction","target":{"@type":"EntryPoint","urlTemplate":"https:\/\/www.noticiasradioreflejos.com.ar\/2021\/?s={search_term_string}"},"query-input":{"@type":"PropertyValueSpecification","valueRequired":true,"valueName":"search_term_string"}}],"inLanguage":"es"},{"@type":"Person","@id":"https:\/\/www.noticiasradioreflejos.com.ar\/2021\/#\/schema\/person\/ad82545263dcc5ec0996818884fd5fb1","name":"Arnaldo Botto","image":{"@type":"ImageObject","inLanguage":"es","@id":"https:\/\/www.noticiasradioreflejos.com.ar\/2021\/#\/schema\/person\/image\/","url":"https:\/\/secure.gravatar.com\/avatar\/55cb5e37c1efa326397366e6974cb338056df65cb50e7d64d1cf314e87504837?s=96&d=mm&r=g","contentUrl":"https:\/\/secure.gravatar.com\/avatar\/55cb5e37c1efa326397366e6974cb338056df65cb50e7d64d1cf314e87504837?s=96&d=mm&r=g","caption":"Arnaldo Botto"},"url":"https:\/\/www.noticiasradioreflejos.com.ar\/2021\/author\/arnaldo\/"}]}},"_links":{"self":[{"href":"https:\/\/www.noticiasradioreflejos.com.ar\/2021\/wp-json\/wp\/v2\/posts\/67635","targetHints":{"allow":["GET"]}}],"collection":[{"href":"https:\/\/www.noticiasradioreflejos.com.ar\/2021\/wp-json\/wp\/v2\/posts"}],"about":[{"href":"https:\/\/www.noticiasradioreflejos.com.ar\/2021\/wp-json\/wp\/v2\/types\/post"}],"author":[{"embeddable":true,"href":"https:\/\/www.noticiasradioreflejos.com.ar\/2021\/wp-json\/wp\/v2\/users\/3"}],"replies":[{"embeddable":true,"href":"https:\/\/www.noticiasradioreflejos.com.ar\/2021\/wp-json\/wp\/v2\/comments?post=67635"}],"version-history":[{"count":1,"href":"https:\/\/www.noticiasradioreflejos.com.ar\/2021\/wp-json\/wp\/v2\/posts\/67635\/revisions"}],"predecessor-version":[{"id":67637,"href":"https:\/\/www.noticiasradioreflejos.com.ar\/2021\/wp-json\/wp\/v2\/posts\/67635\/revisions\/67637"}],"wp:attachment":[{"href":"https:\/\/www.noticiasradioreflejos.com.ar\/2021\/wp-json\/wp\/v2\/media?parent=67635"}],"wp:term":[{"taxonomy":"category","embeddable":true,"href":"https:\/\/www.noticiasradioreflejos.com.ar\/2021\/wp-json\/wp\/v2\/categories?post=67635"},{"taxonomy":"post_tag","embeddable":true,"href":"https:\/\/www.noticiasradioreflejos.com.ar\/2021\/wp-json\/wp\/v2\/tags?post=67635"}],"curies":[{"name":"wp","href":"https:\/\/api.w.org\/{rel}","templated":true}]}}