{"id":67615,"date":"2022-01-31T11:19:13","date_gmt":"2022-01-31T11:19:13","guid":{"rendered":"http:\/\/www.noticiasradioreflejos.com.ar\/2021\/?p=67615"},"modified":"2022-01-31T11:19:13","modified_gmt":"2022-01-31T11:19:13","slug":"denuncia-del-gobierno-bonaerense-por-carnets-de-vacunacion-apocrifos","status":"publish","type":"post","link":"https:\/\/www.noticiasradioreflejos.com.ar\/2021\/denuncia-del-gobierno-bonaerense-por-carnets-de-vacunacion-apocrifos\/","title":{"rendered":"Denuncia del Gobierno bonaerense por carnets de vacunaci\u00f3n ap\u00f3crifos."},"content":{"rendered":"<div class=\"wrapper-header\">\n<div class=\"container-xl\">\n<div class=\"row\">\n<div class=\"col-12\">\n<div class=\"head-content mb-4\">\n<div class=\"my-3\">\n<div class=\"social mt-3\">Los hechos denunciados por el Ministerio de Salud estar\u00edan encuadrados en los delitos de falsificaci\u00f3n de documento p\u00fablico y violaci\u00f3n de las medidas sanitarias establecidas para contener la propagaci\u00f3n de la pandemia.<\/div>\n<\/div>\n<\/div>\n<\/div>\n<\/div>\n<\/div>\n<\/div>\n<p><!--more--><\/p>\n<div class=\"wrapper-editable-content\">\n<div>\n<div class=\"wrapper-editable-content\">\n<div>\n<div class=\"container-md\">\n<div class=\"row\">\n<div class=\"col-md-12 speak\">\n<div class=\"paragraph\">\n<figure class=\"mb-3\"><img decoding=\"async\" src=\"https:\/\/www.telam.com.ar\/thumbs\/bluesteel\/advf\/imagenes\/2021\/12\/61c1ee094a9e5_900.jpg\" alt=\"El hecho fue puesto en conocimiento de las autoridades de la cartera sanitaria bonaerense por parte de empleados de una grfica de la ciudad de La Plata\" width=\"100%\" height=\"100%\" \/><\/p>\n<div class=\"media-icons\"><\/div><figcaption>El hecho fue puesto en conocimiento de las autoridades de la cartera sanitaria bonaerense por parte de empleados de una gr\u00e1fica de la ciudad de La Plata.<\/figcaption><\/figure>\n<p>El Ministerio de Salud de la provincia de Buenos Aires realiz\u00f3 una denuncia penal tras haber tomado conocimiento de un pedido de impresi\u00f3n de carnet de vacunaci\u00f3n ilegal, se inform\u00f3 oficialmente.<\/p>\n<p><strong>El hecho fue puesto en conocimiento de las autoridades de la cartera sanitaria bonaerense por parte de empleados de una gr\u00e1fica de la ciudad de La Plata<\/strong>\u00a0y, con esa informaci\u00f3n, la Direcci\u00f3n Provincial de Asuntos Legales de la Subsecretar\u00eda T\u00e9cnica, Administrativa y Legal el viernes pasado hizo la denuncia.<\/p>\n<p>Los hechos denunciados estar\u00edan encuadrados en los delitos de falsificaci\u00f3n de documento p\u00fablico y violaci\u00f3n de las medidas sanitarias establecidas para contener la propagaci\u00f3n de la pandemia, y tendr\u00edan como objetivo eludir los controles dispuestos y acreditar de manera ilegal el pase sanitario.<\/p>\n<p><strong>El pase libre con vacuna contra el coronavirus rige en todo el territorio provincial desde el 21 de diciembr<\/strong>e, y tiene como objetivo acreditar el esquema de vacunaci\u00f3n para ingresar a actividades deportivas, tur\u00edsticas y recreativas en espacios cerrados o participar en eventos en espacios cerrados o abiertos de m\u00e1s de mil personas.<\/div>\n<\/div>\n<\/div>\n<\/div>\n<\/div>\n<\/div>\n<\/div>\n<\/div>\n","protected":false},"excerpt":{"rendered":"<p>Los hechos denunciados por el Ministerio de Salud estar\u00edan encuadrados en los delitos de falsificaci\u00f3n de documento p\u00fablico y violaci\u00f3n de las medidas sanitarias establecidas para contener la propagaci\u00f3n de la pandemia.<\/p>\n","protected":false},"author":3,"featured_media":0,"comment_status":"closed","ping_status":"closed","sticky":false,"template":"","format":"standard","meta":{"footnotes":""},"categories":[29],"tags":[],"class_list":["post-67615","post","type-post","status-publish","format-standard","hentry","category-policiales"],"yoast_head":"<!-- This site is optimized with the Yoast SEO plugin v25.9 - https:\/\/yoast.com\/wordpress\/plugins\/seo\/ -->\n<title>Denuncia del Gobierno bonaerense por carnets de vacunaci\u00f3n ap\u00f3crifos. - Noticias Radio Reflejos<\/title>\n<meta name=\"robots\" content=\"index, follow, max-snippet:-1, max-image-preview:large, max-video-preview:-1\" \/>\n<link rel=\"canonical\" href=\"https:\/\/www.noticiasradioreflejos.com.ar\/2021\/denuncia-del-gobierno-bonaerense-por-carnets-de-vacunacion-apocrifos\/\" \/>\n<meta property=\"og:locale\" content=\"es_ES\" \/>\n<meta property=\"og:type\" content=\"article\" \/>\n<meta property=\"og:title\" content=\"Denuncia del Gobierno bonaerense por carnets de vacunaci\u00f3n ap\u00f3crifos. - Noticias Radio Reflejos\" \/>\n<meta property=\"og:description\" content=\"Los hechos denunciados por el Ministerio de Salud estar\u00edan encuadrados en los delitos de falsificaci\u00f3n de documento p\u00fablico y violaci\u00f3n de las medidas sanitarias establecidas para contener la propagaci\u00f3n de la pandemia.\" \/>\n<meta property=\"og:url\" content=\"https:\/\/www.noticiasradioreflejos.com.ar\/2021\/denuncia-del-gobierno-bonaerense-por-carnets-de-vacunacion-apocrifos\/\" \/>\n<meta property=\"og:site_name\" content=\"Noticias Radio Reflejos\" \/>\n<meta property=\"article:published_time\" content=\"2022-01-31T11:19:13+00:00\" \/>\n<meta property=\"og:image\" content=\"https:\/\/www.telam.com.ar\/thumbs\/bluesteel\/advf\/imagenes\/2021\/12\/61c1ee094a9e5_900.jpg\" \/>\n<meta name=\"author\" content=\"Arnaldo Botto\" \/>\n<meta name=\"twitter:card\" content=\"summary_large_image\" \/>\n<script type=\"application\/ld+json\" class=\"yoast-schema-graph\">{\"@context\":\"https:\/\/schema.org\",\"@graph\":[{\"@type\":\"WebPage\",\"@id\":\"https:\/\/www.noticiasradioreflejos.com.ar\/2021\/denuncia-del-gobierno-bonaerense-por-carnets-de-vacunacion-apocrifos\/\",\"url\":\"https:\/\/www.noticiasradioreflejos.com.ar\/2021\/denuncia-del-gobierno-bonaerense-por-carnets-de-vacunacion-apocrifos\/\",\"name\":\"Denuncia del Gobierno bonaerense por carnets de vacunaci\u00f3n ap\u00f3crifos. - Noticias Radio Reflejos\",\"isPartOf\":{\"@id\":\"https:\/\/www.noticiasradioreflejos.com.ar\/2021\/#website\"},\"primaryImageOfPage\":{\"@id\":\"https:\/\/www.noticiasradioreflejos.com.ar\/2021\/denuncia-del-gobierno-bonaerense-por-carnets-de-vacunacion-apocrifos\/#primaryimage\"},\"image\":{\"@id\":\"https:\/\/www.noticiasradioreflejos.com.ar\/2021\/denuncia-del-gobierno-bonaerense-por-carnets-de-vacunacion-apocrifos\/#primaryimage\"},\"thumbnailUrl\":\"https:\/\/www.telam.com.ar\/thumbs\/bluesteel\/advf\/imagenes\/2021\/12\/61c1ee094a9e5_900.jpg\",\"datePublished\":\"2022-01-31T11:19:13+00:00\",\"author\":{\"@id\":\"https:\/\/www.noticiasradioreflejos.com.ar\/2021\/#\/schema\/person\/ad82545263dcc5ec0996818884fd5fb1\"},\"breadcrumb\":{\"@id\":\"https:\/\/www.noticiasradioreflejos.com.ar\/2021\/denuncia-del-gobierno-bonaerense-por-carnets-de-vacunacion-apocrifos\/#breadcrumb\"},\"inLanguage\":\"es\",\"potentialAction\":[{\"@type\":\"ReadAction\",\"target\":[\"https:\/\/www.noticiasradioreflejos.com.ar\/2021\/denuncia-del-gobierno-bonaerense-por-carnets-de-vacunacion-apocrifos\/\"]}]},{\"@type\":\"ImageObject\",\"inLanguage\":\"es\",\"@id\":\"https:\/\/www.noticiasradioreflejos.com.ar\/2021\/denuncia-del-gobierno-bonaerense-por-carnets-de-vacunacion-apocrifos\/#primaryimage\",\"url\":\"https:\/\/www.telam.com.ar\/thumbs\/bluesteel\/advf\/imagenes\/2021\/12\/61c1ee094a9e5_900.jpg\",\"contentUrl\":\"https:\/\/www.telam.com.ar\/thumbs\/bluesteel\/advf\/imagenes\/2021\/12\/61c1ee094a9e5_900.jpg\"},{\"@type\":\"BreadcrumbList\",\"@id\":\"https:\/\/www.noticiasradioreflejos.com.ar\/2021\/denuncia-del-gobierno-bonaerense-por-carnets-de-vacunacion-apocrifos\/#breadcrumb\",\"itemListElement\":[{\"@type\":\"ListItem\",\"position\":1,\"name\":\"Portada\",\"item\":\"https:\/\/www.noticiasradioreflejos.com.ar\/2021\/\"},{\"@type\":\"ListItem\",\"position\":2,\"name\":\"Denuncia del Gobierno bonaerense por carnets de vacunaci\u00f3n ap\u00f3crifos.\"}]},{\"@type\":\"WebSite\",\"@id\":\"https:\/\/www.noticiasradioreflejos.com.ar\/2021\/#website\",\"url\":\"https:\/\/www.noticiasradioreflejos.com.ar\/2021\/\",\"name\":\"Noticias Radio Reflejos\",\"description\":\"Las noticias de mi comarca\",\"potentialAction\":[{\"@type\":\"SearchAction\",\"target\":{\"@type\":\"EntryPoint\",\"urlTemplate\":\"https:\/\/www.noticiasradioreflejos.com.ar\/2021\/?s={search_term_string}\"},\"query-input\":{\"@type\":\"PropertyValueSpecification\",\"valueRequired\":true,\"valueName\":\"search_term_string\"}}],\"inLanguage\":\"es\"},{\"@type\":\"Person\",\"@id\":\"https:\/\/www.noticiasradioreflejos.com.ar\/2021\/#\/schema\/person\/ad82545263dcc5ec0996818884fd5fb1\",\"name\":\"Arnaldo Botto\",\"image\":{\"@type\":\"ImageObject\",\"inLanguage\":\"es\",\"@id\":\"https:\/\/www.noticiasradioreflejos.com.ar\/2021\/#\/schema\/person\/image\/\",\"url\":\"https:\/\/secure.gravatar.com\/avatar\/55cb5e37c1efa326397366e6974cb338056df65cb50e7d64d1cf314e87504837?s=96&d=mm&r=g\",\"contentUrl\":\"https:\/\/secure.gravatar.com\/avatar\/55cb5e37c1efa326397366e6974cb338056df65cb50e7d64d1cf314e87504837?s=96&d=mm&r=g\",\"caption\":\"Arnaldo Botto\"},\"url\":\"https:\/\/www.noticiasradioreflejos.com.ar\/2021\/author\/arnaldo\/\"}]}<\/script>\n<!-- \/ Yoast SEO plugin. -->","yoast_head_json":{"title":"Denuncia del Gobierno bonaerense por carnets de vacunaci\u00f3n ap\u00f3crifos. - Noticias Radio Reflejos","robots":{"index":"index","follow":"follow","max-snippet":"max-snippet:-1","max-image-preview":"max-image-preview:large","max-video-preview":"max-video-preview:-1"},"canonical":"https:\/\/www.noticiasradioreflejos.com.ar\/2021\/denuncia-del-gobierno-bonaerense-por-carnets-de-vacunacion-apocrifos\/","og_locale":"es_ES","og_type":"article","og_title":"Denuncia del Gobierno bonaerense por carnets de vacunaci\u00f3n ap\u00f3crifos. - Noticias Radio Reflejos","og_description":"Los hechos denunciados por el Ministerio de Salud estar\u00edan encuadrados en los delitos de falsificaci\u00f3n de documento p\u00fablico y violaci\u00f3n de las medidas sanitarias establecidas para contener la propagaci\u00f3n de la pandemia.","og_url":"https:\/\/www.noticiasradioreflejos.com.ar\/2021\/denuncia-del-gobierno-bonaerense-por-carnets-de-vacunacion-apocrifos\/","og_site_name":"Noticias Radio Reflejos","article_published_time":"2022-01-31T11:19:13+00:00","og_image":[{"url":"https:\/\/www.telam.com.ar\/thumbs\/bluesteel\/advf\/imagenes\/2021\/12\/61c1ee094a9e5_900.jpg","type":"","width":"","height":""}],"author":"Arnaldo Botto","twitter_card":"summary_large_image","schema":{"@context":"https:\/\/schema.org","@graph":[{"@type":"WebPage","@id":"https:\/\/www.noticiasradioreflejos.com.ar\/2021\/denuncia-del-gobierno-bonaerense-por-carnets-de-vacunacion-apocrifos\/","url":"https:\/\/www.noticiasradioreflejos.com.ar\/2021\/denuncia-del-gobierno-bonaerense-por-carnets-de-vacunacion-apocrifos\/","name":"Denuncia del Gobierno bonaerense por carnets de vacunaci\u00f3n ap\u00f3crifos. - Noticias Radio Reflejos","isPartOf":{"@id":"https:\/\/www.noticiasradioreflejos.com.ar\/2021\/#website"},"primaryImageOfPage":{"@id":"https:\/\/www.noticiasradioreflejos.com.ar\/2021\/denuncia-del-gobierno-bonaerense-por-carnets-de-vacunacion-apocrifos\/#primaryimage"},"image":{"@id":"https:\/\/www.noticiasradioreflejos.com.ar\/2021\/denuncia-del-gobierno-bonaerense-por-carnets-de-vacunacion-apocrifos\/#primaryimage"},"thumbnailUrl":"https:\/\/www.telam.com.ar\/thumbs\/bluesteel\/advf\/imagenes\/2021\/12\/61c1ee094a9e5_900.jpg","datePublished":"2022-01-31T11:19:13+00:00","author":{"@id":"https:\/\/www.noticiasradioreflejos.com.ar\/2021\/#\/schema\/person\/ad82545263dcc5ec0996818884fd5fb1"},"breadcrumb":{"@id":"https:\/\/www.noticiasradioreflejos.com.ar\/2021\/denuncia-del-gobierno-bonaerense-por-carnets-de-vacunacion-apocrifos\/#breadcrumb"},"inLanguage":"es","potentialAction":[{"@type":"ReadAction","target":["https:\/\/www.noticiasradioreflejos.com.ar\/2021\/denuncia-del-gobierno-bonaerense-por-carnets-de-vacunacion-apocrifos\/"]}]},{"@type":"ImageObject","inLanguage":"es","@id":"https:\/\/www.noticiasradioreflejos.com.ar\/2021\/denuncia-del-gobierno-bonaerense-por-carnets-de-vacunacion-apocrifos\/#primaryimage","url":"https:\/\/www.telam.com.ar\/thumbs\/bluesteel\/advf\/imagenes\/2021\/12\/61c1ee094a9e5_900.jpg","contentUrl":"https:\/\/www.telam.com.ar\/thumbs\/bluesteel\/advf\/imagenes\/2021\/12\/61c1ee094a9e5_900.jpg"},{"@type":"BreadcrumbList","@id":"https:\/\/www.noticiasradioreflejos.com.ar\/2021\/denuncia-del-gobierno-bonaerense-por-carnets-de-vacunacion-apocrifos\/#breadcrumb","itemListElement":[{"@type":"ListItem","position":1,"name":"Portada","item":"https:\/\/www.noticiasradioreflejos.com.ar\/2021\/"},{"@type":"ListItem","position":2,"name":"Denuncia del Gobierno bonaerense por carnets de vacunaci\u00f3n ap\u00f3crifos."}]},{"@type":"WebSite","@id":"https:\/\/www.noticiasradioreflejos.com.ar\/2021\/#website","url":"https:\/\/www.noticiasradioreflejos.com.ar\/2021\/","name":"Noticias Radio Reflejos","description":"Las noticias de mi comarca","potentialAction":[{"@type":"SearchAction","target":{"@type":"EntryPoint","urlTemplate":"https:\/\/www.noticiasradioreflejos.com.ar\/2021\/?s={search_term_string}"},"query-input":{"@type":"PropertyValueSpecification","valueRequired":true,"valueName":"search_term_string"}}],"inLanguage":"es"},{"@type":"Person","@id":"https:\/\/www.noticiasradioreflejos.com.ar\/2021\/#\/schema\/person\/ad82545263dcc5ec0996818884fd5fb1","name":"Arnaldo Botto","image":{"@type":"ImageObject","inLanguage":"es","@id":"https:\/\/www.noticiasradioreflejos.com.ar\/2021\/#\/schema\/person\/image\/","url":"https:\/\/secure.gravatar.com\/avatar\/55cb5e37c1efa326397366e6974cb338056df65cb50e7d64d1cf314e87504837?s=96&d=mm&r=g","contentUrl":"https:\/\/secure.gravatar.com\/avatar\/55cb5e37c1efa326397366e6974cb338056df65cb50e7d64d1cf314e87504837?s=96&d=mm&r=g","caption":"Arnaldo Botto"},"url":"https:\/\/www.noticiasradioreflejos.com.ar\/2021\/author\/arnaldo\/"}]}},"_links":{"self":[{"href":"https:\/\/www.noticiasradioreflejos.com.ar\/2021\/wp-json\/wp\/v2\/posts\/67615","targetHints":{"allow":["GET"]}}],"collection":[{"href":"https:\/\/www.noticiasradioreflejos.com.ar\/2021\/wp-json\/wp\/v2\/posts"}],"about":[{"href":"https:\/\/www.noticiasradioreflejos.com.ar\/2021\/wp-json\/wp\/v2\/types\/post"}],"author":[{"embeddable":true,"href":"https:\/\/www.noticiasradioreflejos.com.ar\/2021\/wp-json\/wp\/v2\/users\/3"}],"replies":[{"embeddable":true,"href":"https:\/\/www.noticiasradioreflejos.com.ar\/2021\/wp-json\/wp\/v2\/comments?post=67615"}],"version-history":[{"count":2,"href":"https:\/\/www.noticiasradioreflejos.com.ar\/2021\/wp-json\/wp\/v2\/posts\/67615\/revisions"}],"predecessor-version":[{"id":67618,"href":"https:\/\/www.noticiasradioreflejos.com.ar\/2021\/wp-json\/wp\/v2\/posts\/67615\/revisions\/67618"}],"wp:attachment":[{"href":"https:\/\/www.noticiasradioreflejos.com.ar\/2021\/wp-json\/wp\/v2\/media?parent=67615"}],"wp:term":[{"taxonomy":"category","embeddable":true,"href":"https:\/\/www.noticiasradioreflejos.com.ar\/2021\/wp-json\/wp\/v2\/categories?post=67615"},{"taxonomy":"post_tag","embeddable":true,"href":"https:\/\/www.noticiasradioreflejos.com.ar\/2021\/wp-json\/wp\/v2\/tags?post=67615"}],"curies":[{"name":"wp","href":"https:\/\/api.w.org\/{rel}","templated":true}]}}