{"id":67612,"date":"2022-01-31T11:09:04","date_gmt":"2022-01-31T11:09:04","guid":{"rendered":"http:\/\/www.noticiasradioreflejos.com.ar\/2021\/?p=67612"},"modified":"2022-01-31T11:09:04","modified_gmt":"2022-01-31T11:09:04","slug":"buscan-crear-nuevos-parques-nacionales-en-cordoba-y-rio-negro-para-preservar-la-biodiversidad","status":"publish","type":"post","link":"https:\/\/www.noticiasradioreflejos.com.ar\/2021\/buscan-crear-nuevos-parques-nacionales-en-cordoba-y-rio-negro-para-preservar-la-biodiversidad\/","title":{"rendered":"Buscan crear nuevos parques nacionales en C\u00f3rdoba y R\u00edo Negro \u00abpara preservar la biodiversidad\u00bb"},"content":{"rendered":"<p>La iniciativa que tratar\u00e1 el Congreso abarca la creaci\u00f3n de los parques y reserva nacional de Ansenuza y Ba\u00f1ados del R\u00edo Dulce, en la provincia de C\u00f3rdoba, y de Islote Lobos, en R\u00edo Negro.<\/p>\n<div>\n<div class=\"wrapper-editable-content\">\n<div>\n<div class=\"container-md\">\n<div class=\"row\">\n<div class=\"col-md-12 speak\">\n<div class=\"paragraph\">\n<figure class=\"mb-3\"><img decoding=\"async\" src=\"https:\/\/www.telam.com.ar\/thumbs\/bluesteel\/advf\/imagenes\/2022\/01\/61f46527a70d6_900.jpg\" alt=\"El rea que quieren convertir en parque en Ro Negro \" width=\"100%\" height=\"100%\" \/><\/p>\n<div class=\"media-icons\"><\/div><figcaption>El \u00e1rea que quieren convertir en parque en R\u00edo Negro.<\/figcaption><\/figure>\n<p>La creaci\u00f3n de nuevas \u00e1reas protegidas busca \u00abel cuidado y la preservaci\u00f3n de una important\u00edsima cantidad de biodiversidad y colonias reproductivas de distintos animales\u00bb, dijo Lautaro Erratch\u00fa, presidente de la Administraci\u00f3n de Parques Nacionales (APN), previo al tratamiento de los<strong>\u00a0proyectos de ley de creaci\u00f3n de los parques y reserva nacional de Ansenuza y Ba\u00f1ados del R\u00edo Dulce, en la provincia de C\u00f3rdoba, y de Islote Lobos, en R\u00edo Negro,<\/strong>\u00a0en las sesiones extraordinarias del Congreso de la Naci\u00f3n.<\/p>\n<p><strong>\u00abEstamos trabajando para ampliar el Sistema Nacional de \u00c1reas Protegidas (Snamp)\u00bb<\/strong>, agreg\u00f3 Erratch\u00fa a T\u00e9lam sobre estas propuestas.<\/p>\n<figure class=\"mb-3\"><img decoding=\"async\" src=\"https:\/\/www.telam.com.ar\/thumbs\/bluesteel\/advf\/imagenes\/2022\/01\/61f465278c481_900.jpg\" alt=\"Otra imagen del rea que quieren proteger en Ro Negro \" width=\"100%\" height=\"100%\" \/><\/p>\n<div class=\"media-icons\"><\/div><figcaption>Otra imagen del \u00e1rea que quieren proteger en R\u00edo Negro.<\/figcaption><\/figure>\n<p>De aprobarse la iniciativa, R\u00edo Negro, que ya cuenta con el Parque Nacional Nahuel Huapi, tendr\u00e1 su segundo Parque Nacional \u00abintegrado por un sector terrestre, marino y un conjunto de islas\u00bb, explic\u00f3 el presidente de la Administraci\u00f3n de Parques Nacionales, y agreg\u00f3 que, adem\u00e1s, en la parte terrestre \u00abhay presencia de restos arqueol\u00f3gicos\u00bb.<\/p>\n<p>El sitio donde se asentar\u00eda el parque y reserva nacional Islote Lobos se encuentra sobre el golfo de San Mat\u00edas, en la costa atl\u00e1ntica de la provincia de R\u00edo Negro, a 50 kil\u00f3metros de la localidad de Sierra Grande, al norte de balneario Playas Doradas, departamento de San Antonio, y posee una superficie aproximada de 19.079 hect\u00e1reas.<\/p>\n<blockquote class=\"\"><p>\u00abEstamos trabajando para ampliar el Sistema Nacional de \u00c1reas Protegidas.\u00bb<cite class=\"author\">\u00a0Lautaro Erratch\u00fa<\/cite><\/p><\/blockquote>\n<p>En 1977 fue designado como Reserva Provincial con el objetivo brindar una adecuada protecci\u00f3n a una colonia de lobos marinos de un pelo y a los sitios de nidificaci\u00f3n de aves ubicadas en los Islotes de P\u00e1jaros.<\/p>\n<figure class=\"mb-3\"><img decoding=\"async\" src=\"https:\/\/www.telam.com.ar\/thumbs\/bluesteel\/advf\/imagenes\/2022\/01\/61f46360ee1f3_900.jpg\" alt=\"El futuro parque de Crdoba \" width=\"100%\" height=\"100%\" \/><\/p>\n<div class=\"media-icons\"><\/div><figcaption>El futuro parque de C\u00f3rdoba.<\/figcaption><\/figure>\n<p>Este proyecto, detall\u00f3 Erratch\u00fa, ya tiene media sanci\u00f3n en el Senado, quien destac\u00f3 que \u00abfue presentado por todos los senadores de R\u00edo Negro\u00bb.<\/p>\n<p>Cuando\u00a0<strong>se aprob\u00f3 en la C\u00e1mara Alta con 48 votos positivos y ning\u00fan negativo ni abstenciones<\/strong>, en octubre del a\u00f1o pasado, el ministro de Ambiente y Desarrollo Sostenible, Juan Cabandi\u00e9 lo celebr\u00f3 al destacar que \u00abtener m\u00e1s \u00e1reas para proteger el ambiente fue uno de los objetivos que nos propusimos al iniciar la gesti\u00f3n, y esta media sanci\u00f3n nos ayuda a cumplir este anhelo\u00bb<\/p>\n<p>El sitio cuenta con la presencia de una colonia reproductiva de ping\u00fcinos de Magallanes, de lobos de un pelo y de la ballena franca austral.<\/p>\n<figure class=\"mb-3\"><img decoding=\"async\" src=\"https:\/\/www.telam.com.ar\/thumbs\/bluesteel\/advf\/imagenes\/2021\/12\/61c4f83401455_900.jpg\" alt=\"Los flamencos en Ansenuza\" width=\"100%\" height=\"100%\" \/><\/p>\n<div class=\"media-icons\"><\/div><figcaption>Los flamencos en Ansenuza<\/figcaption><\/figure>\n<p>El proyecto prev\u00e9 que la Intendencia del futuro parque se radique en la ciudad de Sierra Grande y la creaci\u00f3n de un segundo centro de informes en la localidad de Playas Doradas.<\/p>\n<p>Por otro lado, la propuesta de<strong>\u00a0Ansenuza y Ba\u00f1ados del R\u00edo Dulce, ubicada en la laguna de Mar Chiquita,\u00a0<\/strong>tambi\u00e9n llamada Mar de Ansenuza, al noroeste de la provincia de C\u00f3rdoba, constituye la\u00a0<strong>superficie lacustre m\u00e1s grande de Argentina<\/strong>, el mayor lago salado de Sudam\u00e9rica y el quinto a nivel mundial, cuenta con una superficie de 661.416 hect\u00e1reas.<\/p>\n<p><strong>\u00abEl objetivo que se busca es el de proteger la laguna de Mar Chiquita\u00bb<\/strong>, explic\u00f3 Erratch\u00fa y agreg\u00f3 que \u00abser\u00eda un Parque Nacional muy grande, pasar\u00eda a ser el tercero m\u00e1s grande del pa\u00eds\u00bb.<\/p>\n<figure class=\"mb-3\"><img decoding=\"async\" src=\"https:\/\/www.telam.com.ar\/thumbs\/bluesteel\/advf\/imagenes\/2022\/01\/61f4650f196bc_900.jpg\" alt=\"Otro ejemplar caracterstico en Ro Negro \" width=\"100%\" height=\"100%\" \/><\/p>\n<div class=\"media-icons\"><\/div><figcaption>Otro ejemplar caracter\u00edstico en R\u00edo Negro.<\/figcaption><\/figure>\n<p>La creaci\u00f3n de este parque fue anunciada en mayo del a\u00f1o pasado por el ministro Cabandi\u00e9, y el proyecto fue presentado por la diputada nacional Brenda Austin (UCR-C\u00f3rdoba) en septiembre, luego de que la provincia aprobara la cesi\u00f3n al Estado Nacional de esas tierras.<\/p>\n<p>La laguna de Mar Chiquita o Mar de Ansenuza y los ba\u00f1ados de R\u00edo Dulce conforman un humedal de gran tama\u00f1o y forman parte de la lista de Sitios Ramsar, donde se agrupan aquellos humedales considerados importantes a nivel internacional dentro del marco de la Convenci\u00f3n sobre los Humedales.<\/p>\n<p>La laguna endorreica, cuyo nivel se reduce solo por evaporaci\u00f3n, cuenta con el aporte de tres afluentes: el r\u00edo Primero o Suqu\u00eda, el r\u00edo Segundo o Xanaes y el r\u00edo Dulce.<\/p>\n<figure class=\"mb-3\"><img decoding=\"async\" src=\"https:\/\/www.telam.com.ar\/thumbs\/bluesteel\/advf\/imagenes\/2022\/01\/61f464efdb031_900.jpg\" alt=\"Con esta imagen Di Caprio pidi proteccin para las riquezas naturales de la Patagonia argentina \" width=\"100%\" height=\"100%\" \/><\/p>\n<div class=\"media-icons\"><\/div><figcaption>Con esta imagen Di Caprio pidi\u00f3 protecci\u00f3n para las riquezas naturales de la Patagonia argentina.<\/figcaption><\/figure>\n<p>La zona cuenta con el 66% de todas las especies de aves migratorias y playeras registradas en nuestro pa\u00eds, concentra casi el 36% de la avifauna total del pa\u00eds (380 especies registradas) y el 84% de las 447 especies de aves citadas para la provincia de C\u00f3rdoba.<\/p>\n<p>Adem\u00e1s, cuenta con la\u00a0<strong>presencia de las tres especies de flamencos existentes en Sudam\u00e9rica:<\/strong>\u00a0el flamenco austral, la especie m\u00e1s abundante y la que llega a concentrar m\u00e1s de la mitad de la poblaci\u00f3n global de esta especie, el flamenco andino o parina grande y la parina chica o flamenco de James.<\/p>\n<p>Tambi\u00e9n alberga poblaciones de cisne blanco, de cuello negro, pato criollo, esp\u00e1tula rosada, cuervillos de ca\u00f1ada y chaj\u00e1es.<\/p>\n<p>Registra alrededor de 32 mam\u00edferos, 16 anfibios, 37 reptiles, 50 peces y un n\u00famero no precisado de insectos.<\/p>\n<figure class=\"mb-3\"><img decoding=\"async\" src=\"https:\/\/www.telam.com.ar\/thumbs\/bluesteel\/advf\/imagenes\/2022\/01\/61f4650f24d54_900.jpg\" alt=\"La fauna caracterstica de Ro Negro \" width=\"100%\" height=\"100%\" \/><\/p>\n<div class=\"media-icons\"><\/div><figcaption>La fauna caracter\u00edstica de R\u00edo Negro.<\/figcaption><\/figure>\n<h2 class=\"\">Las repercusiones<\/h2>\n<p>Una de las organizaciones que celebra este avance es la\u00a0<strong>ONG Aves Argentinas,<\/strong>\u00a0cuyo director, Hern\u00e1n Casa\u00f1as, declar\u00f3 que es \u00abun ecosistema \u00fanico\u00bb que \u00abqueremos conservar a perpetuidad\u00bb.<\/p>\n<p>\u00abLos parques son amortiguadores del cambio clim\u00e1tico, conservar y restaurar los ambientes naturales es la mejor manera\u00bb, explic\u00f3 Casa\u00f1as cuando T\u00e9lam recorri\u00f3 el lugar en marzo de 2021.<\/p>\n<p>La creaci\u00f3n del parque en Ansenuza tambi\u00e9n recibi\u00f3 el respaldo del\u00a0<strong>actor y ambientalista Leonardo DiCaprio<\/strong>, quien en diciembre pasado public\u00f3 en sus redes sociales un pedido dirigido al Congreso de la Naci\u00f3n Argentina para que apruebe el proyecto.<\/p>\n<figure class=\"mb-3\"><img decoding=\"async\" src=\"https:\/\/www.telam.com.ar\/thumbs\/bluesteel\/advf\/imagenes\/2022\/01\/61f6d3ceabb43_900.jpg\" alt=\"Isla de los Lobos \" width=\"100%\" height=\"100%\" \/><\/p>\n<div class=\"media-icons\"><\/div><figcaption>Isla de los Lobos.<\/figcaption><\/figure>\n<p>Adem\u00e1s, se tratar\u00e1 la creaci\u00f3n del \u00c1rea Marina Protegida Bent\u00f3nica \u00abAgujero Azul\u00bb, de 148 mil kil\u00f3metros cuadrados, ubicada en la zona del Oc\u00e9ano Atl\u00e1ntico, en la porci\u00f3n de plataforma continental bajo jurisdicci\u00f3n argentina del Atl\u00e1ntico Sur, donde fue hallado el submarino ARA San Juan.<\/p>\n<p>Erratch\u00fa detall\u00f3 que lo que se va a proteger no es la columna de agua, sino el lecho marino.<\/p>\n<p><strong>\u00abLa idea es proteger el lugar de la pesca de arrastre, que es una modalidad que se emplea en la zona\u00bb,<\/strong>\u00a0explic\u00f3.<\/p>\n<p>Por \u00faltimo, Erratch\u00fa expres\u00f3 que la APN se encuentra trabajando en la presentaci\u00f3n de distintos proyectos para la ampliaci\u00f3n del Parque Nacional Aconquija, en la provincia de Tucum\u00e1n; la creaci\u00f3n del Parque Nacional Selva Montiel, Entre R\u00edos; la ampliaci\u00f3n del Parque Nacional Islas de Santa Fe, ubicado en el Delta e Islas del Paran\u00e1, y la creaci\u00f3n del Parque Nacional El Caldenal, en la provincia de La Pampa.<\/p>\n<figure class=\"mb-3\"><img decoding=\"async\" src=\"https:\/\/www.telam.com.ar\/thumbs\/bluesteel\/advf\/imagenes\/2022\/01\/61f6d3cebdd54_900.jpg\" alt=\"Las caractersticas de Ansenuza \" width=\"100%\" height=\"100%\" \/><\/p>\n<div class=\"media-icons\"><\/div><figcaption>Las caracter\u00edsticas de Ansenuza.<\/figcaption><\/figure>\n<\/div>\n<\/div>\n<\/div>\n<\/div>\n<\/div>\n<\/div>\n<\/div>\n","protected":false},"excerpt":{"rendered":"<p>La iniciativa que tratar\u00e1 el Congreso abarca la creaci\u00f3n de los parques y reserva nacional de Ansenuza y Ba\u00f1ados del R\u00edo Dulce, en la provincia de C\u00f3rdoba, y de Islote Lobos, en R\u00edo Negro. El \u00e1rea que quieren convertir en parque en R\u00edo Negro. La creaci\u00f3n de nuevas \u00e1reas protegidas busca \u00abel cuidado y la [&hellip;]<\/p>\n","protected":false},"author":3,"featured_media":0,"comment_status":"closed","ping_status":"closed","sticky":false,"template":"","format":"standard","meta":{"footnotes":""},"categories":[46,26,33],"tags":[],"class_list":["post-67612","post","type-post","status-publish","format-standard","hentry","category-ciencia-y-tecnologia","category-sociedad","category-turismo"],"yoast_head":"<!-- This site is optimized with the Yoast SEO plugin v25.9 - https:\/\/yoast.com\/wordpress\/plugins\/seo\/ -->\n<title>Buscan crear nuevos parques nacionales en C\u00f3rdoba y R\u00edo Negro &quot;para preservar la biodiversidad&quot; - Noticias Radio Reflejos<\/title>\n<meta name=\"robots\" content=\"index, follow, max-snippet:-1, max-image-preview:large, max-video-preview:-1\" \/>\n<link rel=\"canonical\" href=\"https:\/\/www.noticiasradioreflejos.com.ar\/2021\/buscan-crear-nuevos-parques-nacionales-en-cordoba-y-rio-negro-para-preservar-la-biodiversidad\/\" \/>\n<meta property=\"og:locale\" content=\"es_ES\" \/>\n<meta property=\"og:type\" content=\"article\" \/>\n<meta property=\"og:title\" content=\"Buscan crear nuevos parques nacionales en C\u00f3rdoba y R\u00edo Negro &quot;para preservar la biodiversidad&quot; - Noticias Radio Reflejos\" \/>\n<meta property=\"og:description\" content=\"La iniciativa que tratar\u00e1 el Congreso abarca la creaci\u00f3n de los parques y reserva nacional de Ansenuza y Ba\u00f1ados del R\u00edo Dulce, en la provincia de C\u00f3rdoba, y de Islote Lobos, en R\u00edo Negro. El \u00e1rea que quieren convertir en parque en R\u00edo Negro. La creaci\u00f3n de nuevas \u00e1reas protegidas busca \u00abel cuidado y la [&hellip;]\" \/>\n<meta property=\"og:url\" content=\"https:\/\/www.noticiasradioreflejos.com.ar\/2021\/buscan-crear-nuevos-parques-nacionales-en-cordoba-y-rio-negro-para-preservar-la-biodiversidad\/\" \/>\n<meta property=\"og:site_name\" content=\"Noticias Radio Reflejos\" \/>\n<meta property=\"article:published_time\" content=\"2022-01-31T11:09:04+00:00\" \/>\n<meta property=\"og:image\" content=\"https:\/\/www.telam.com.ar\/thumbs\/bluesteel\/advf\/imagenes\/2022\/01\/61f46527a70d6_900.jpg\" \/>\n<meta name=\"author\" content=\"Arnaldo Botto\" \/>\n<meta name=\"twitter:card\" content=\"summary_large_image\" \/>\n<script type=\"application\/ld+json\" class=\"yoast-schema-graph\">{\"@context\":\"https:\/\/schema.org\",\"@graph\":[{\"@type\":\"WebPage\",\"@id\":\"https:\/\/www.noticiasradioreflejos.com.ar\/2021\/buscan-crear-nuevos-parques-nacionales-en-cordoba-y-rio-negro-para-preservar-la-biodiversidad\/\",\"url\":\"https:\/\/www.noticiasradioreflejos.com.ar\/2021\/buscan-crear-nuevos-parques-nacionales-en-cordoba-y-rio-negro-para-preservar-la-biodiversidad\/\",\"name\":\"Buscan crear nuevos parques nacionales en C\u00f3rdoba y R\u00edo Negro \\\"para preservar la biodiversidad\\\" - Noticias Radio Reflejos\",\"isPartOf\":{\"@id\":\"https:\/\/www.noticiasradioreflejos.com.ar\/2021\/#website\"},\"primaryImageOfPage\":{\"@id\":\"https:\/\/www.noticiasradioreflejos.com.ar\/2021\/buscan-crear-nuevos-parques-nacionales-en-cordoba-y-rio-negro-para-preservar-la-biodiversidad\/#primaryimage\"},\"image\":{\"@id\":\"https:\/\/www.noticiasradioreflejos.com.ar\/2021\/buscan-crear-nuevos-parques-nacionales-en-cordoba-y-rio-negro-para-preservar-la-biodiversidad\/#primaryimage\"},\"thumbnailUrl\":\"https:\/\/www.telam.com.ar\/thumbs\/bluesteel\/advf\/imagenes\/2022\/01\/61f46527a70d6_900.jpg\",\"datePublished\":\"2022-01-31T11:09:04+00:00\",\"author\":{\"@id\":\"https:\/\/www.noticiasradioreflejos.com.ar\/2021\/#\/schema\/person\/ad82545263dcc5ec0996818884fd5fb1\"},\"breadcrumb\":{\"@id\":\"https:\/\/www.noticiasradioreflejos.com.ar\/2021\/buscan-crear-nuevos-parques-nacionales-en-cordoba-y-rio-negro-para-preservar-la-biodiversidad\/#breadcrumb\"},\"inLanguage\":\"es\",\"potentialAction\":[{\"@type\":\"ReadAction\",\"target\":[\"https:\/\/www.noticiasradioreflejos.com.ar\/2021\/buscan-crear-nuevos-parques-nacionales-en-cordoba-y-rio-negro-para-preservar-la-biodiversidad\/\"]}]},{\"@type\":\"ImageObject\",\"inLanguage\":\"es\",\"@id\":\"https:\/\/www.noticiasradioreflejos.com.ar\/2021\/buscan-crear-nuevos-parques-nacionales-en-cordoba-y-rio-negro-para-preservar-la-biodiversidad\/#primaryimage\",\"url\":\"https:\/\/www.telam.com.ar\/thumbs\/bluesteel\/advf\/imagenes\/2022\/01\/61f46527a70d6_900.jpg\",\"contentUrl\":\"https:\/\/www.telam.com.ar\/thumbs\/bluesteel\/advf\/imagenes\/2022\/01\/61f46527a70d6_900.jpg\"},{\"@type\":\"BreadcrumbList\",\"@id\":\"https:\/\/www.noticiasradioreflejos.com.ar\/2021\/buscan-crear-nuevos-parques-nacionales-en-cordoba-y-rio-negro-para-preservar-la-biodiversidad\/#breadcrumb\",\"itemListElement\":[{\"@type\":\"ListItem\",\"position\":1,\"name\":\"Portada\",\"item\":\"https:\/\/www.noticiasradioreflejos.com.ar\/2021\/\"},{\"@type\":\"ListItem\",\"position\":2,\"name\":\"Buscan crear nuevos parques nacionales en C\u00f3rdoba y R\u00edo Negro \u00abpara preservar la biodiversidad\u00bb\"}]},{\"@type\":\"WebSite\",\"@id\":\"https:\/\/www.noticiasradioreflejos.com.ar\/2021\/#website\",\"url\":\"https:\/\/www.noticiasradioreflejos.com.ar\/2021\/\",\"name\":\"Noticias Radio Reflejos\",\"description\":\"Las noticias de mi comarca\",\"potentialAction\":[{\"@type\":\"SearchAction\",\"target\":{\"@type\":\"EntryPoint\",\"urlTemplate\":\"https:\/\/www.noticiasradioreflejos.com.ar\/2021\/?s={search_term_string}\"},\"query-input\":{\"@type\":\"PropertyValueSpecification\",\"valueRequired\":true,\"valueName\":\"search_term_string\"}}],\"inLanguage\":\"es\"},{\"@type\":\"Person\",\"@id\":\"https:\/\/www.noticiasradioreflejos.com.ar\/2021\/#\/schema\/person\/ad82545263dcc5ec0996818884fd5fb1\",\"name\":\"Arnaldo Botto\",\"image\":{\"@type\":\"ImageObject\",\"inLanguage\":\"es\",\"@id\":\"https:\/\/www.noticiasradioreflejos.com.ar\/2021\/#\/schema\/person\/image\/\",\"url\":\"https:\/\/secure.gravatar.com\/avatar\/55cb5e37c1efa326397366e6974cb338056df65cb50e7d64d1cf314e87504837?s=96&d=mm&r=g\",\"contentUrl\":\"https:\/\/secure.gravatar.com\/avatar\/55cb5e37c1efa326397366e6974cb338056df65cb50e7d64d1cf314e87504837?s=96&d=mm&r=g\",\"caption\":\"Arnaldo Botto\"},\"url\":\"https:\/\/www.noticiasradioreflejos.com.ar\/2021\/author\/arnaldo\/\"}]}<\/script>\n<!-- \/ Yoast SEO plugin. -->","yoast_head_json":{"title":"Buscan crear nuevos parques nacionales en C\u00f3rdoba y R\u00edo Negro \"para preservar la biodiversidad\" - Noticias Radio Reflejos","robots":{"index":"index","follow":"follow","max-snippet":"max-snippet:-1","max-image-preview":"max-image-preview:large","max-video-preview":"max-video-preview:-1"},"canonical":"https:\/\/www.noticiasradioreflejos.com.ar\/2021\/buscan-crear-nuevos-parques-nacionales-en-cordoba-y-rio-negro-para-preservar-la-biodiversidad\/","og_locale":"es_ES","og_type":"article","og_title":"Buscan crear nuevos parques nacionales en C\u00f3rdoba y R\u00edo Negro \"para preservar la biodiversidad\" - Noticias Radio Reflejos","og_description":"La iniciativa que tratar\u00e1 el Congreso abarca la creaci\u00f3n de los parques y reserva nacional de Ansenuza y Ba\u00f1ados del R\u00edo Dulce, en la provincia de C\u00f3rdoba, y de Islote Lobos, en R\u00edo Negro. El \u00e1rea que quieren convertir en parque en R\u00edo Negro. La creaci\u00f3n de nuevas \u00e1reas protegidas busca \u00abel cuidado y la [&hellip;]","og_url":"https:\/\/www.noticiasradioreflejos.com.ar\/2021\/buscan-crear-nuevos-parques-nacionales-en-cordoba-y-rio-negro-para-preservar-la-biodiversidad\/","og_site_name":"Noticias Radio Reflejos","article_published_time":"2022-01-31T11:09:04+00:00","og_image":[{"url":"https:\/\/www.telam.com.ar\/thumbs\/bluesteel\/advf\/imagenes\/2022\/01\/61f46527a70d6_900.jpg","type":"","width":"","height":""}],"author":"Arnaldo Botto","twitter_card":"summary_large_image","schema":{"@context":"https:\/\/schema.org","@graph":[{"@type":"WebPage","@id":"https:\/\/www.noticiasradioreflejos.com.ar\/2021\/buscan-crear-nuevos-parques-nacionales-en-cordoba-y-rio-negro-para-preservar-la-biodiversidad\/","url":"https:\/\/www.noticiasradioreflejos.com.ar\/2021\/buscan-crear-nuevos-parques-nacionales-en-cordoba-y-rio-negro-para-preservar-la-biodiversidad\/","name":"Buscan crear nuevos parques nacionales en C\u00f3rdoba y R\u00edo Negro \"para preservar la biodiversidad\" - Noticias Radio Reflejos","isPartOf":{"@id":"https:\/\/www.noticiasradioreflejos.com.ar\/2021\/#website"},"primaryImageOfPage":{"@id":"https:\/\/www.noticiasradioreflejos.com.ar\/2021\/buscan-crear-nuevos-parques-nacionales-en-cordoba-y-rio-negro-para-preservar-la-biodiversidad\/#primaryimage"},"image":{"@id":"https:\/\/www.noticiasradioreflejos.com.ar\/2021\/buscan-crear-nuevos-parques-nacionales-en-cordoba-y-rio-negro-para-preservar-la-biodiversidad\/#primaryimage"},"thumbnailUrl":"https:\/\/www.telam.com.ar\/thumbs\/bluesteel\/advf\/imagenes\/2022\/01\/61f46527a70d6_900.jpg","datePublished":"2022-01-31T11:09:04+00:00","author":{"@id":"https:\/\/www.noticiasradioreflejos.com.ar\/2021\/#\/schema\/person\/ad82545263dcc5ec0996818884fd5fb1"},"breadcrumb":{"@id":"https:\/\/www.noticiasradioreflejos.com.ar\/2021\/buscan-crear-nuevos-parques-nacionales-en-cordoba-y-rio-negro-para-preservar-la-biodiversidad\/#breadcrumb"},"inLanguage":"es","potentialAction":[{"@type":"ReadAction","target":["https:\/\/www.noticiasradioreflejos.com.ar\/2021\/buscan-crear-nuevos-parques-nacionales-en-cordoba-y-rio-negro-para-preservar-la-biodiversidad\/"]}]},{"@type":"ImageObject","inLanguage":"es","@id":"https:\/\/www.noticiasradioreflejos.com.ar\/2021\/buscan-crear-nuevos-parques-nacionales-en-cordoba-y-rio-negro-para-preservar-la-biodiversidad\/#primaryimage","url":"https:\/\/www.telam.com.ar\/thumbs\/bluesteel\/advf\/imagenes\/2022\/01\/61f46527a70d6_900.jpg","contentUrl":"https:\/\/www.telam.com.ar\/thumbs\/bluesteel\/advf\/imagenes\/2022\/01\/61f46527a70d6_900.jpg"},{"@type":"BreadcrumbList","@id":"https:\/\/www.noticiasradioreflejos.com.ar\/2021\/buscan-crear-nuevos-parques-nacionales-en-cordoba-y-rio-negro-para-preservar-la-biodiversidad\/#breadcrumb","itemListElement":[{"@type":"ListItem","position":1,"name":"Portada","item":"https:\/\/www.noticiasradioreflejos.com.ar\/2021\/"},{"@type":"ListItem","position":2,"name":"Buscan crear nuevos parques nacionales en C\u00f3rdoba y R\u00edo Negro \u00abpara preservar la biodiversidad\u00bb"}]},{"@type":"WebSite","@id":"https:\/\/www.noticiasradioreflejos.com.ar\/2021\/#website","url":"https:\/\/www.noticiasradioreflejos.com.ar\/2021\/","name":"Noticias Radio Reflejos","description":"Las noticias de mi comarca","potentialAction":[{"@type":"SearchAction","target":{"@type":"EntryPoint","urlTemplate":"https:\/\/www.noticiasradioreflejos.com.ar\/2021\/?s={search_term_string}"},"query-input":{"@type":"PropertyValueSpecification","valueRequired":true,"valueName":"search_term_string"}}],"inLanguage":"es"},{"@type":"Person","@id":"https:\/\/www.noticiasradioreflejos.com.ar\/2021\/#\/schema\/person\/ad82545263dcc5ec0996818884fd5fb1","name":"Arnaldo Botto","image":{"@type":"ImageObject","inLanguage":"es","@id":"https:\/\/www.noticiasradioreflejos.com.ar\/2021\/#\/schema\/person\/image\/","url":"https:\/\/secure.gravatar.com\/avatar\/55cb5e37c1efa326397366e6974cb338056df65cb50e7d64d1cf314e87504837?s=96&d=mm&r=g","contentUrl":"https:\/\/secure.gravatar.com\/avatar\/55cb5e37c1efa326397366e6974cb338056df65cb50e7d64d1cf314e87504837?s=96&d=mm&r=g","caption":"Arnaldo Botto"},"url":"https:\/\/www.noticiasradioreflejos.com.ar\/2021\/author\/arnaldo\/"}]}},"_links":{"self":[{"href":"https:\/\/www.noticiasradioreflejos.com.ar\/2021\/wp-json\/wp\/v2\/posts\/67612","targetHints":{"allow":["GET"]}}],"collection":[{"href":"https:\/\/www.noticiasradioreflejos.com.ar\/2021\/wp-json\/wp\/v2\/posts"}],"about":[{"href":"https:\/\/www.noticiasradioreflejos.com.ar\/2021\/wp-json\/wp\/v2\/types\/post"}],"author":[{"embeddable":true,"href":"https:\/\/www.noticiasradioreflejos.com.ar\/2021\/wp-json\/wp\/v2\/users\/3"}],"replies":[{"embeddable":true,"href":"https:\/\/www.noticiasradioreflejos.com.ar\/2021\/wp-json\/wp\/v2\/comments?post=67612"}],"version-history":[{"count":1,"href":"https:\/\/www.noticiasradioreflejos.com.ar\/2021\/wp-json\/wp\/v2\/posts\/67612\/revisions"}],"predecessor-version":[{"id":67614,"href":"https:\/\/www.noticiasradioreflejos.com.ar\/2021\/wp-json\/wp\/v2\/posts\/67612\/revisions\/67614"}],"wp:attachment":[{"href":"https:\/\/www.noticiasradioreflejos.com.ar\/2021\/wp-json\/wp\/v2\/media?parent=67612"}],"wp:term":[{"taxonomy":"category","embeddable":true,"href":"https:\/\/www.noticiasradioreflejos.com.ar\/2021\/wp-json\/wp\/v2\/categories?post=67612"},{"taxonomy":"post_tag","embeddable":true,"href":"https:\/\/www.noticiasradioreflejos.com.ar\/2021\/wp-json\/wp\/v2\/tags?post=67612"}],"curies":[{"name":"wp","href":"https:\/\/api.w.org\/{rel}","templated":true}]}}